{"id":255499,"date":"2025-04-18T23:50:00","date_gmt":"2025-04-19T02:50:00","guid":{"rendered":"https:\/\/www.gaveanews.com\/?p=255499"},"modified":"2025-04-18T20:23:51","modified_gmt":"2025-04-18T23:23:51","slug":"gre-nal-inter-pode-ter-reforcos-para-o-classico","status":"publish","type":"post","link":"https:\/\/www.gaveanews.com\/index.php\/2025\/04\/18\/gre-nal-inter-pode-ter-reforcos-para-o-classico\/","title":{"rendered":"Gre-Nal: Inter pode ter refor\u00e7os para o cl\u00e1ssico"},"content":{"rendered":"\n<h2 class=\"wp-block-heading\" id=\"h-classico-acontece-neste-fim-de-semana\">Cl\u00e1ssico acontece neste fim de semana <\/h2>\n\n\n\n<p>O Internacional disputa o Gre-Nal 447 neste s\u00e1bado (19) na Arena, \u00e0s 21h (hor\u00e1rio de Bras\u00edlia), em jogo v\u00e1lido pela quinta rodada do Campeonato Brasileiro. Para o cl\u00e1ssico, o t\u00e9cnico Roger Machado dever\u00e1 ter a volta de alguns atletas que estavam entregues ao departamento m\u00e9dico. <\/p>\n\n\n\n<p>Os refor\u00e7os s\u00e3o no setor defensivo e ofensivo. Victor Gabriel e Juninho j\u00e1 treinam com o grupo, mas ficaram de fora da partida da \u00faltima quarta-feira contra o Palmeiras por precau\u00e7\u00e3o. A expectativa \u00e9 que estejam totalmente recuperados e \u00e0 disposi\u00e7\u00e3o para brigar por uma vaga ao lado de Vit\u00e3o no cl\u00e1ssico.<\/p>\n\n\n\n<p>J\u00e1 o atacante Wesley foi desfalque de \u00faltima hora na rodada passada por conta de um desconforto muscular na coxa esquerda. O jogador vem sendo avaliado todos os dias para saber se realmente poder\u00e1 estar \u00e0 disposi\u00e7\u00e3o de Roger Machado no s\u00e1bado. Por outro lado, Carbonero est\u00e1 fora do Gre-Nal. <\/p>\n\n\n\n<p>&#8220;Acho que tanto Victor quanto Juninho estar\u00e3o \u00e0 disposi\u00e7\u00e3o. Se quisesse precipitar um retorno de ambos, poderia para esse jogo (com Palmeiras), mas com 100% de seguran\u00e7a, para o cl\u00e1ssico estariam \u00e0 disposi\u00e7\u00e3o&#8221;, revelou o treinador do Colorado. <\/p>\n\n\n\n<p>&#8220;Wesley foi um desconforto, mas como teve um epis\u00f3dio, acho que ano passado, jogou com desconforto, transformou em les\u00e3o, a inseguran\u00e7a do atleta de acabar ficando mais tempo fora, foi retirado. Vamos ver a cl\u00ednica dele e posteriormente para o cl\u00e1ssico&#8221;, acrescentou Roger Machado.<\/p>\n\n\n\n<p>O elenco do Internacional n\u00e3o teve muito tempo para se preparar para o cl\u00e1ssico e os treinamentos aconteceram na quinta e nesta sexta-feira no CT Parque Gigante. A tend\u00eancia \u00e9 de que Roger Machado defina o time titular no \u00faltimo treino da equipe.<\/p>\n\n\n\n<p>Gr\u00eamio e Internacional se enfrentam em mais um Gre-Nal neste s\u00e1bado (19) na Arena, \u00e0s 21h (hor\u00e1rio de Bras\u00edlia), em jogo da quinta rodada do Campeonato Brasileiro. O cl\u00e1ssico ter\u00e1 transmiss\u00e3o do sportv e do premiere para todo o Brasil.  <\/p>\n","protected":false},"excerpt":{"rendered":"<p>Cl\u00e1ssico acontece neste fim de semana O Internacional disputa o Gre-Nal 447 neste s\u00e1bado (19) na Arena, \u00e0s 21h (hor\u00e1rio de Bras\u00edlia), em jogo v\u00e1lido pela quinta rodada do Campeonato Brasileiro. Para o cl\u00e1ssico, o t\u00e9cnico Roger Machado dever\u00e1 ter a volta de alguns atletas que estavam entregues ao departamento m\u00e9dico. Os refor\u00e7os s\u00e3o no [&hellip;]<\/p>\n","protected":false},"author":21,"featured_media":181543,"comment_status":"open","ping_status":"closed","sticky":false,"template":"","format":"standard","meta":{"footnotes":""},"categories":[147,148],"tags":[],"class_list":["post-255499","post","type-post","status-publish","format-standard","has-post-thumbnail","hentry","category-gremio","category-internacional"],"yoast_head":"<!-- This site is optimized with the Yoast SEO Premium plugin v24.2 (Yoast SEO v26.9) - https:\/\/yoast.com\/product\/yoast-seo-premium-wordpress\/ -->\n<title>Gre-Nal: Inter pode ter refor\u00e7os para o cl\u00e1ssico<\/title>\n<meta name=\"robots\" content=\"index, follow, max-snippet:-1, max-image-preview:large, max-video-preview:-1\" \/>\n<link rel=\"canonical\" href=\"https:\/\/www.gaveanews.com\/index.php\/2025\/04\/18\/gre-nal-inter-pode-ter-reforcos-para-o-classico\/\" \/>\n<meta property=\"og:locale\" content=\"pt_BR\" \/>\n<meta property=\"og:type\" content=\"article\" \/>\n<meta property=\"og:title\" content=\"Gre-Nal: Inter pode ter refor\u00e7os para o cl\u00e1ssico\" \/>\n<meta property=\"og:description\" content=\"Cl\u00e1ssico acontece neste fim de semana O Internacional disputa o Gre-Nal 447 neste s\u00e1bado (19) na Arena, \u00e0s 21h (hor\u00e1rio de Bras\u00edlia), em jogo v\u00e1lido pela quinta rodada do Campeonato Brasileiro. Para o cl\u00e1ssico, o t\u00e9cnico Roger Machado dever\u00e1 ter a volta de alguns atletas que estavam entregues ao departamento m\u00e9dico. Os refor\u00e7os s\u00e3o no [&hellip;]\" \/>\n<meta property=\"og:url\" content=\"https:\/\/www.gaveanews.com\/index.php\/2025\/04\/18\/gre-nal-inter-pode-ter-reforcos-para-o-classico\/\" \/>\n<meta property=\"og:site_name\" content=\"G\u00e1vea News\" \/>\n<meta property=\"article:publisher\" content=\"https:\/\/facebook.com\/gaveaNews\/\" \/>\n<meta property=\"article:published_time\" content=\"2025-04-19T02:50:00+00:00\" \/>\n<meta property=\"og:image\" content=\"https:\/\/www.gaveanews.com\/wp-content\/uploads\/Elenco-do-Internacional-em-2024.webp\" \/>\n\t<meta property=\"og:image:width\" content=\"1120\" \/>\n\t<meta property=\"og:image:height\" content=\"747\" \/>\n\t<meta property=\"og:image:type\" content=\"image\/webp\" \/>\n<meta name=\"author\" content=\"Andr\u00e9 Serra\" \/>\n<meta name=\"twitter:card\" content=\"summary_large_image\" \/>\n<meta name=\"twitter:label1\" content=\"Escrito por\" \/>\n\t<meta name=\"twitter:data1\" content=\"Andr\u00e9 Serra\" \/>\n\t<meta name=\"twitter:label2\" content=\"Est. tempo de leitura\" \/>\n\t<meta name=\"twitter:data2\" content=\"2 minutos\" \/>\n<script type=\"application\/ld+json\" class=\"yoast-schema-graph\">{\"@context\":\"https:\/\/schema.org\",\"@graph\":[{\"@type\":\"NewsArticle\",\"@id\":\"https:\/\/www.gaveanews.com\/index.php\/2025\/04\/18\/gre-nal-inter-pode-ter-reforcos-para-o-classico\/#article\",\"isPartOf\":{\"@id\":\"https:\/\/www.gaveanews.com\/index.php\/2025\/04\/18\/gre-nal-inter-pode-ter-reforcos-para-o-classico\/\"},\"author\":{\"name\":\"Andr\u00e9 Serra\",\"@id\":\"https:\/\/www.gaveanews.com\/#\/schema\/person\/0277a79a1289c451c281ec0411d84f0c\"},\"headline\":\"Gre-Nal: Inter pode ter refor\u00e7os para o cl\u00e1ssico\",\"datePublished\":\"2025-04-19T02:50:00+00:00\",\"mainEntityOfPage\":{\"@id\":\"https:\/\/www.gaveanews.com\/index.php\/2025\/04\/18\/gre-nal-inter-pode-ter-reforcos-para-o-classico\/\"},\"wordCount\":353,\"commentCount\":0,\"image\":{\"@id\":\"https:\/\/www.gaveanews.com\/index.php\/2025\/04\/18\/gre-nal-inter-pode-ter-reforcos-para-o-classico\/#primaryimage\"},\"thumbnailUrl\":\"https:\/\/www.gaveanews.com\/wp-content\/uploads\/Elenco-do-Internacional-em-2024.webp\",\"articleSection\":[\"Gr\u00eamio\",\"Internacional\"],\"inLanguage\":\"pt-BR\",\"potentialAction\":[{\"@type\":\"CommentAction\",\"name\":\"Comment\",\"target\":[\"https:\/\/www.gaveanews.com\/index.php\/2025\/04\/18\/gre-nal-inter-pode-ter-reforcos-para-o-classico\/#respond\"]}],\"copyrightYear\":\"2025\",\"copyrightHolder\":{\"@id\":\"https:\/\/www.gaveanews.com\/#organization\"}},{\"@type\":\"WebPage\",\"@id\":\"https:\/\/www.gaveanews.com\/index.php\/2025\/04\/18\/gre-nal-inter-pode-ter-reforcos-para-o-classico\/\",\"url\":\"https:\/\/www.gaveanews.com\/index.php\/2025\/04\/18\/gre-nal-inter-pode-ter-reforcos-para-o-classico\/\",\"name\":\"Gre-Nal: Inter pode ter refor\u00e7os para o cl\u00e1ssico\",\"isPartOf\":{\"@id\":\"https:\/\/www.gaveanews.com\/#website\"},\"primaryImageOfPage\":{\"@id\":\"https:\/\/www.gaveanews.com\/index.php\/2025\/04\/18\/gre-nal-inter-pode-ter-reforcos-para-o-classico\/#primaryimage\"},\"image\":{\"@id\":\"https:\/\/www.gaveanews.com\/index.php\/2025\/04\/18\/gre-nal-inter-pode-ter-reforcos-para-o-classico\/#primaryimage\"},\"thumbnailUrl\":\"https:\/\/www.gaveanews.com\/wp-content\/uploads\/Elenco-do-Internacional-em-2024.webp\",\"datePublished\":\"2025-04-19T02:50:00+00:00\",\"author\":{\"@id\":\"https:\/\/www.gaveanews.com\/#\/schema\/person\/0277a79a1289c451c281ec0411d84f0c\"},\"breadcrumb\":{\"@id\":\"https:\/\/www.gaveanews.com\/index.php\/2025\/04\/18\/gre-nal-inter-pode-ter-reforcos-para-o-classico\/#breadcrumb\"},\"inLanguage\":\"pt-BR\",\"potentialAction\":[{\"@type\":\"ReadAction\",\"target\":[\"https:\/\/www.gaveanews.com\/index.php\/2025\/04\/18\/gre-nal-inter-pode-ter-reforcos-para-o-classico\/\"]}]},{\"@type\":\"ImageObject\",\"inLanguage\":\"pt-BR\",\"@id\":\"https:\/\/www.gaveanews.com\/index.php\/2025\/04\/18\/gre-nal-inter-pode-ter-reforcos-para-o-classico\/#primaryimage\",\"url\":\"https:\/\/www.gaveanews.com\/wp-content\/uploads\/Elenco-do-Internacional-em-2024.webp\",\"contentUrl\":\"https:\/\/www.gaveanews.com\/wp-content\/uploads\/Elenco-do-Internacional-em-2024.webp\",\"width\":1120,\"height\":747,\"caption\":\"Elenco do Internacional em 2024 (Foto: Reprodu\u00e7\u00e3o\/R Duarte)\"},{\"@type\":\"BreadcrumbList\",\"@id\":\"https:\/\/www.gaveanews.com\/index.php\/2025\/04\/18\/gre-nal-inter-pode-ter-reforcos-para-o-classico\/#breadcrumb\",\"itemListElement\":[{\"@type\":\"ListItem\",\"position\":1,\"name\":\"Home\",\"item\":\"https:\/\/www.gaveanews.com\/\"},{\"@type\":\"ListItem\",\"position\":2,\"name\":\"Gre-Nal: Inter pode ter refor\u00e7os para o cl\u00e1ssico\"}]},{\"@type\":\"WebSite\",\"@id\":\"https:\/\/www.gaveanews.com\/#website\",\"url\":\"https:\/\/www.gaveanews.com\/\",\"name\":\"G\u00e1vea News\",\"description\":\"Veja todas as not\u00edcias sobre o Flamengo: Contrata\u00e7\u00f5es, categorias de base, resultados das partidas, tabela de classifica\u00e7\u00e3o, pr\u00f3ximos jogos!\",\"potentialAction\":[{\"@type\":\"SearchAction\",\"target\":{\"@type\":\"EntryPoint\",\"urlTemplate\":\"https:\/\/www.gaveanews.com\/?s={search_term_string}\"},\"query-input\":{\"@type\":\"PropertyValueSpecification\",\"valueRequired\":true,\"valueName\":\"search_term_string\"}}],\"inLanguage\":\"pt-BR\"},{\"@type\":\"Person\",\"@id\":\"https:\/\/www.gaveanews.com\/#\/schema\/person\/0277a79a1289c451c281ec0411d84f0c\",\"name\":\"Andr\u00e9 Serra\",\"image\":{\"@type\":\"ImageObject\",\"inLanguage\":\"pt-BR\",\"@id\":\"https:\/\/www.gaveanews.com\/#\/schema\/person\/image\/\",\"url\":\"https:\/\/secure.gravatar.com\/avatar\/d7231369fe48db93292b3e88eb2162dbd9a34a47a8437d9ef3bcaca2a86a83d7?s=96&d=mm&r=g\",\"contentUrl\":\"https:\/\/secure.gravatar.com\/avatar\/d7231369fe48db93292b3e88eb2162dbd9a34a47a8437d9ef3bcaca2a86a83d7?s=96&d=mm&r=g\",\"caption\":\"Andr\u00e9 Serra\"}}]}<\/script>\n<!-- \/ Yoast SEO Premium plugin. -->","yoast_head_json":{"title":"Gre-Nal: Inter pode ter refor\u00e7os para o cl\u00e1ssico","robots":{"index":"index","follow":"follow","max-snippet":"max-snippet:-1","max-image-preview":"max-image-preview:large","max-video-preview":"max-video-preview:-1"},"canonical":"https:\/\/www.gaveanews.com\/index.php\/2025\/04\/18\/gre-nal-inter-pode-ter-reforcos-para-o-classico\/","og_locale":"pt_BR","og_type":"article","og_title":"Gre-Nal: Inter pode ter refor\u00e7os para o cl\u00e1ssico","og_description":"Cl\u00e1ssico acontece neste fim de semana O Internacional disputa o Gre-Nal 447 neste s\u00e1bado (19) na Arena, \u00e0s 21h (hor\u00e1rio de Bras\u00edlia), em jogo v\u00e1lido pela quinta rodada do Campeonato Brasileiro. Para o cl\u00e1ssico, o t\u00e9cnico Roger Machado dever\u00e1 ter a volta de alguns atletas que estavam entregues ao departamento m\u00e9dico. Os refor\u00e7os s\u00e3o no [&hellip;]","og_url":"https:\/\/www.gaveanews.com\/index.php\/2025\/04\/18\/gre-nal-inter-pode-ter-reforcos-para-o-classico\/","og_site_name":"G\u00e1vea News","article_publisher":"https:\/\/facebook.com\/gaveaNews\/","article_published_time":"2025-04-19T02:50:00+00:00","og_image":[{"width":1120,"height":747,"url":"https:\/\/www.gaveanews.com\/wp-content\/uploads\/Elenco-do-Internacional-em-2024.webp","type":"image\/webp"}],"author":"Andr\u00e9 Serra","twitter_card":"summary_large_image","twitter_misc":{"Escrito por":"Andr\u00e9 Serra","Est. tempo de leitura":"2 minutos"},"schema":{"@context":"https:\/\/schema.org","@graph":[{"@type":"NewsArticle","@id":"https:\/\/www.gaveanews.com\/index.php\/2025\/04\/18\/gre-nal-inter-pode-ter-reforcos-para-o-classico\/#article","isPartOf":{"@id":"https:\/\/www.gaveanews.com\/index.php\/2025\/04\/18\/gre-nal-inter-pode-ter-reforcos-para-o-classico\/"},"author":{"name":"Andr\u00e9 Serra","@id":"https:\/\/www.gaveanews.com\/#\/schema\/person\/0277a79a1289c451c281ec0411d84f0c"},"headline":"Gre-Nal: Inter pode ter refor\u00e7os para o cl\u00e1ssico","datePublished":"2025-04-19T02:50:00+00:00","mainEntityOfPage":{"@id":"https:\/\/www.gaveanews.com\/index.php\/2025\/04\/18\/gre-nal-inter-pode-ter-reforcos-para-o-classico\/"},"wordCount":353,"commentCount":0,"image":{"@id":"https:\/\/www.gaveanews.com\/index.php\/2025\/04\/18\/gre-nal-inter-pode-ter-reforcos-para-o-classico\/#primaryimage"},"thumbnailUrl":"https:\/\/www.gaveanews.com\/wp-content\/uploads\/Elenco-do-Internacional-em-2024.webp","articleSection":["Gr\u00eamio","Internacional"],"inLanguage":"pt-BR","potentialAction":[{"@type":"CommentAction","name":"Comment","target":["https:\/\/www.gaveanews.com\/index.php\/2025\/04\/18\/gre-nal-inter-pode-ter-reforcos-para-o-classico\/#respond"]}],"copyrightYear":"2025","copyrightHolder":{"@id":"https:\/\/www.gaveanews.com\/#organization"}},{"@type":"WebPage","@id":"https:\/\/www.gaveanews.com\/index.php\/2025\/04\/18\/gre-nal-inter-pode-ter-reforcos-para-o-classico\/","url":"https:\/\/www.gaveanews.com\/index.php\/2025\/04\/18\/gre-nal-inter-pode-ter-reforcos-para-o-classico\/","name":"Gre-Nal: Inter pode ter refor\u00e7os para o cl\u00e1ssico","isPartOf":{"@id":"https:\/\/www.gaveanews.com\/#website"},"primaryImageOfPage":{"@id":"https:\/\/www.gaveanews.com\/index.php\/2025\/04\/18\/gre-nal-inter-pode-ter-reforcos-para-o-classico\/#primaryimage"},"image":{"@id":"https:\/\/www.gaveanews.com\/index.php\/2025\/04\/18\/gre-nal-inter-pode-ter-reforcos-para-o-classico\/#primaryimage"},"thumbnailUrl":"https:\/\/www.gaveanews.com\/wp-content\/uploads\/Elenco-do-Internacional-em-2024.webp","datePublished":"2025-04-19T02:50:00+00:00","author":{"@id":"https:\/\/www.gaveanews.com\/#\/schema\/person\/0277a79a1289c451c281ec0411d84f0c"},"breadcrumb":{"@id":"https:\/\/www.gaveanews.com\/index.php\/2025\/04\/18\/gre-nal-inter-pode-ter-reforcos-para-o-classico\/#breadcrumb"},"inLanguage":"pt-BR","potentialAction":[{"@type":"ReadAction","target":["https:\/\/www.gaveanews.com\/index.php\/2025\/04\/18\/gre-nal-inter-pode-ter-reforcos-para-o-classico\/"]}]},{"@type":"ImageObject","inLanguage":"pt-BR","@id":"https:\/\/www.gaveanews.com\/index.php\/2025\/04\/18\/gre-nal-inter-pode-ter-reforcos-para-o-classico\/#primaryimage","url":"https:\/\/www.gaveanews.com\/wp-content\/uploads\/Elenco-do-Internacional-em-2024.webp","contentUrl":"https:\/\/www.gaveanews.com\/wp-content\/uploads\/Elenco-do-Internacional-em-2024.webp","width":1120,"height":747,"caption":"Elenco do Internacional em 2024 (Foto: Reprodu\u00e7\u00e3o\/R Duarte)"},{"@type":"BreadcrumbList","@id":"https:\/\/www.gaveanews.com\/index.php\/2025\/04\/18\/gre-nal-inter-pode-ter-reforcos-para-o-classico\/#breadcrumb","itemListElement":[{"@type":"ListItem","position":1,"name":"Home","item":"https:\/\/www.gaveanews.com\/"},{"@type":"ListItem","position":2,"name":"Gre-Nal: Inter pode ter refor\u00e7os para o cl\u00e1ssico"}]},{"@type":"WebSite","@id":"https:\/\/www.gaveanews.com\/#website","url":"https:\/\/www.gaveanews.com\/","name":"G\u00e1vea News","description":"Veja todas as not\u00edcias sobre o Flamengo: Contrata\u00e7\u00f5es, categorias de base, resultados das partidas, tabela de classifica\u00e7\u00e3o, pr\u00f3ximos jogos!","potentialAction":[{"@type":"SearchAction","target":{"@type":"EntryPoint","urlTemplate":"https:\/\/www.gaveanews.com\/?s={search_term_string}"},"query-input":{"@type":"PropertyValueSpecification","valueRequired":true,"valueName":"search_term_string"}}],"inLanguage":"pt-BR"},{"@type":"Person","@id":"https:\/\/www.gaveanews.com\/#\/schema\/person\/0277a79a1289c451c281ec0411d84f0c","name":"Andr\u00e9 Serra","image":{"@type":"ImageObject","inLanguage":"pt-BR","@id":"https:\/\/www.gaveanews.com\/#\/schema\/person\/image\/","url":"https:\/\/secure.gravatar.com\/avatar\/d7231369fe48db93292b3e88eb2162dbd9a34a47a8437d9ef3bcaca2a86a83d7?s=96&d=mm&r=g","contentUrl":"https:\/\/secure.gravatar.com\/avatar\/d7231369fe48db93292b3e88eb2162dbd9a34a47a8437d9ef3bcaca2a86a83d7?s=96&d=mm&r=g","caption":"Andr\u00e9 Serra"}}]}},"_links":{"self":[{"href":"https:\/\/www.gaveanews.com\/index.php\/wp-json\/wp\/v2\/posts\/255499","targetHints":{"allow":["GET"]}}],"collection":[{"href":"https:\/\/www.gaveanews.com\/index.php\/wp-json\/wp\/v2\/posts"}],"about":[{"href":"https:\/\/www.gaveanews.com\/index.php\/wp-json\/wp\/v2\/types\/post"}],"author":[{"embeddable":true,"href":"https:\/\/www.gaveanews.com\/index.php\/wp-json\/wp\/v2\/users\/21"}],"replies":[{"embeddable":true,"href":"https:\/\/www.gaveanews.com\/index.php\/wp-json\/wp\/v2\/comments?post=255499"}],"version-history":[{"count":1,"href":"https:\/\/www.gaveanews.com\/index.php\/wp-json\/wp\/v2\/posts\/255499\/revisions"}],"predecessor-version":[{"id":255500,"href":"https:\/\/www.gaveanews.com\/index.php\/wp-json\/wp\/v2\/posts\/255499\/revisions\/255500"}],"wp:featuredmedia":[{"embeddable":true,"href":"https:\/\/www.gaveanews.com\/index.php\/wp-json\/wp\/v2\/media\/181543"}],"wp:attachment":[{"href":"https:\/\/www.gaveanews.com\/index.php\/wp-json\/wp\/v2\/media?parent=255499"}],"wp:term":[{"taxonomy":"category","embeddable":true,"href":"https:\/\/www.gaveanews.com\/index.php\/wp-json\/wp\/v2\/categories?post=255499"},{"taxonomy":"post_tag","embeddable":true,"href":"https:\/\/www.gaveanews.com\/index.php\/wp-json\/wp\/v2\/tags?post=255499"}],"curies":[{"name":"wp","href":"https:\/\/api.w.org\/{rel}","templated":true}]}}