{"id":255503,"date":"2025-04-19T11:30:00","date_gmt":"2025-04-19T14:30:00","guid":{"rendered":"https:\/\/www.gaveanews.com\/?p=255503"},"modified":"2025-04-19T11:27:21","modified_gmt":"2025-04-19T14:27:21","slug":"a-declaracao-de-rafael-sobis-sobre-deyverson-eu-odeio","status":"publish","type":"post","link":"https:\/\/www.gaveanews.com\/index.php\/2025\/04\/19\/a-declaracao-de-rafael-sobis-sobre-deyverson-eu-odeio\/","title":{"rendered":"A declara\u00e7\u00e3o de Rafael Sobis sobre Deyverson: \u2018eu odeio\u2026\u2019"},"content":{"rendered":"\n<p>Rafael Sobis, conhecido por suas passagens marcantes por clubes como Internacional, Fluminense e Cruzeiro, voltou a chamar aten\u00e7\u00e3o nessa sexta-feira (18), ao fazer duras cr\u00edticas ao comportamento do centroavante Deyverson, atualmente no Fortaleza. Durante entrevista ao canal 4DTV no YouTube, o ex-atacante avaliou de maneira contundente o estilo do advers\u00e1rio, ressaltando sua discord\u00e2ncia quanto \u00e0 forma como o jogador se comporta dentro e fora de campo.<\/p>\n\n\n\n<p>Sobis, que atuou pelo Cruzeiro em duas passagens \u2014 de 2016 a 2018 e depois entre 2020 e 2021 \u2014, n\u00e3o economizou nas palavras ao se referir ao ex-atacante do Atl\u00e9tico. \u201cEu odeio esse tipo de jogador, n\u00e3o gosto. Eu n\u00e3o gostaria de jogar junto com um perfil desse, ele \u00e9 fanfarr\u00e3o\u201d, afirmou. <\/p>\n\n\n\n<p>Apesar disso, ele ponderou que, pessoalmente, Deyverson \u201c\u00e9 uma boa pessoa\u201d, mas fez quest\u00e3o de frisar: \u201cele s\u00f3 faz mal para ele mesmo\u201d.<\/p>\n\n\n\n<p>Ainda conforme o ex-jogador, o comportamento irreverente de Deyverson pode ser malvisto pelos pr\u00f3prios colegas de elenco. \u201cTenho certeza que os companheiros n\u00e3o gostam, porque come\u00e7a a aparecer muito e vira meme. Mas uma coisa \u00e9 virar meme pelo lado bom, outra \u00e9 o pessoal te zoar nas redes e voc\u00ea achar legal e seguir nisso\u201d, completou.<\/p>\n\n\n\n<blockquote class=\"twitter-tweet\" data-media-max-width=\"560\"><p lang=\"pt\" dir=\"ltr\">Rafael Sobis, no programa &quot;4D TV&quot;, sobre Deyverson: \u2018\u00c9 um fanfarr\u00e3o\u2019<br><br>\u201cEu odeio esse tipo de jogador, n\u00e3o gosto. Eu n\u00e3o gostaria de jogar junto com um perfil desse, ele \u00e9 fanfarr\u00e3o. Ele \u00e9 uma boa pessoa, s\u00f3 faz mal para ele.&quot;<br><br>\ud83d\udcfd\ufe0f: <a href=\"https:\/\/twitter.com\/QuatroDTV?ref_src=twsrc%5Etfw\">@QuatroDTV<\/a> <a href=\"https:\/\/t.co\/882QFwEbZL\">pic.twitter.com\/882QFwEbZL<\/a><\/p>&mdash; LIBERTA DEPRE (@liberta___depre) <a href=\"https:\/\/twitter.com\/liberta___depre\/status\/1913419140443840798?ref_src=twsrc%5Etfw\">April 19, 2025<\/a><\/blockquote> <script async src=\"https:\/\/platform.twitter.com\/widgets.js\" charset=\"utf-8\"><\/script>\n\n\n\n<p>As declara\u00e7\u00f5es surgem em um momento delicado para Deyverson, que vive uma fase de adapta\u00e7\u00e3o ao novo clube. Contratado pelo Fortaleza no final de mar\u00e7o, ap\u00f3s passagem pelo Atl\u00e9tico entre 2024 e 2025, o centroavante ainda n\u00e3o balan\u00e7ou as redes em cinco jogos disputados com a camisa do Le\u00e3o do Pici. Ali\u00e1s, seu in\u00edcio de trajet\u00f3ria na equipe cearense j\u00e1 foi marcado por um epis\u00f3dio inusitado.<\/p>\n\n\n\n<p>No \u00faltimo s\u00e1bado (13), em partida v\u00e1lida pela terceira rodada do Campeonato Brasileiro contra o Internacional, Deyverson protagonizou uma cena curiosa no Castel\u00e3o. Ap\u00f3s um belo gol de bicicleta marcado por Mois\u00e9s, o atacante correu para comemorar e, ao abra\u00e7\u00e1-lo de maneira efusiva, acabou lesionando o companheiro, que foi substitu\u00eddo em seguida. <\/p>\n\n\n\n<p>Ainda que tenha elogiado a qualidade t\u00e9cnica de Deyverson \u2014 \u201cele \u00e9 um baita jogador, joga muita bola\u201d \u2014 Sobis lamentou o que considera desperd\u00edcio de talento. \u201cMas se perde\u201d, resumiu. A cr\u00edtica parece ter ecoado entre os torcedores do Fortaleza, que, recentemente, cobraram o atacante no aeroporto da capital cearense, ap\u00f3s a derrota para o Vit\u00f3ria por 2 a 1, na rodada anterior do Brasileir\u00e3o.<\/p>\n\n\n\n<p><\/p>\n","protected":false},"excerpt":{"rendered":"<p>Rafael Sobis, conhecido por suas passagens marcantes por clubes como Internacional, Fluminense e Cruzeiro, voltou a chamar aten\u00e7\u00e3o nessa sexta-feira (18), ao fazer duras cr\u00edticas ao comportamento do centroavante Deyverson, atualmente no Fortaleza. Durante entrevista ao canal 4DTV no YouTube, o ex-atacante avaliou de maneira contundente o estilo do advers\u00e1rio, ressaltando sua discord\u00e2ncia quanto \u00e0 [&hellip;]<\/p>\n","protected":false},"author":30,"featured_media":253469,"comment_status":"open","ping_status":"closed","sticky":false,"template":"","format":"standard","meta":{"footnotes":""},"categories":[478,146],"tags":[],"class_list":["post-255503","post","type-post","status-publish","format-standard","has-post-thumbnail","hentry","category-brasil","category-fortaleza"],"yoast_head":"<!-- This site is optimized with the Yoast SEO Premium plugin v24.2 (Yoast SEO v26.9) - https:\/\/yoast.com\/product\/yoast-seo-premium-wordpress\/ -->\n<title>A declara\u00e7\u00e3o de Rafael Sobis sobre Deyverson: \u2018eu odeio\u2026\u2019<\/title>\n<meta name=\"robots\" content=\"index, follow, max-snippet:-1, max-image-preview:large, max-video-preview:-1\" \/>\n<link rel=\"canonical\" href=\"https:\/\/www.gaveanews.com\/index.php\/2025\/04\/19\/a-declaracao-de-rafael-sobis-sobre-deyverson-eu-odeio\/\" \/>\n<meta property=\"og:locale\" content=\"pt_BR\" \/>\n<meta property=\"og:type\" content=\"article\" \/>\n<meta property=\"og:title\" content=\"A declara\u00e7\u00e3o de Rafael Sobis sobre Deyverson: \u2018eu odeio\u2026\u2019\" \/>\n<meta property=\"og:description\" content=\"Rafael Sobis, conhecido por suas passagens marcantes por clubes como Internacional, Fluminense e Cruzeiro, voltou a chamar aten\u00e7\u00e3o nessa sexta-feira (18), ao fazer duras cr\u00edticas ao comportamento do centroavante Deyverson, atualmente no Fortaleza. Durante entrevista ao canal 4DTV no YouTube, o ex-atacante avaliou de maneira contundente o estilo do advers\u00e1rio, ressaltando sua discord\u00e2ncia quanto \u00e0 [&hellip;]\" \/>\n<meta property=\"og:url\" content=\"https:\/\/www.gaveanews.com\/index.php\/2025\/04\/19\/a-declaracao-de-rafael-sobis-sobre-deyverson-eu-odeio\/\" \/>\n<meta property=\"og:site_name\" content=\"G\u00e1vea News\" \/>\n<meta property=\"article:publisher\" content=\"https:\/\/facebook.com\/gaveaNews\/\" \/>\n<meta property=\"article:published_time\" content=\"2025-04-19T14:30:00+00:00\" \/>\n<meta property=\"og:image\" content=\"https:\/\/www.gaveanews.com\/wp-content\/uploads\/Deyverson-pelo-Fortaleza-1.webp\" \/>\n\t<meta property=\"og:image:width\" content=\"547\" \/>\n\t<meta property=\"og:image:height\" content=\"412\" \/>\n\t<meta property=\"og:image:type\" content=\"image\/jpeg\" \/>\n<meta name=\"author\" content=\"Ana Teixeira\" \/>\n<meta name=\"twitter:card\" content=\"summary_large_image\" \/>\n<meta name=\"twitter:label1\" content=\"Escrito por\" \/>\n\t<meta name=\"twitter:data1\" content=\"Ana Teixeira\" \/>\n\t<meta name=\"twitter:label2\" content=\"Est. tempo de leitura\" \/>\n\t<meta name=\"twitter:data2\" content=\"3 minutos\" \/>\n<script type=\"application\/ld+json\" class=\"yoast-schema-graph\">{\"@context\":\"https:\/\/schema.org\",\"@graph\":[{\"@type\":\"NewsArticle\",\"@id\":\"https:\/\/www.gaveanews.com\/index.php\/2025\/04\/19\/a-declaracao-de-rafael-sobis-sobre-deyverson-eu-odeio\/#article\",\"isPartOf\":{\"@id\":\"https:\/\/www.gaveanews.com\/index.php\/2025\/04\/19\/a-declaracao-de-rafael-sobis-sobre-deyverson-eu-odeio\/\"},\"author\":{\"name\":\"Ana Teixeira\",\"@id\":\"https:\/\/www.gaveanews.com\/#\/schema\/person\/3b19f7288b0ce20372991275e4f2e6c2\"},\"headline\":\"A declara\u00e7\u00e3o de Rafael Sobis sobre Deyverson: \u2018eu odeio\u2026\u2019\",\"datePublished\":\"2025-04-19T14:30:00+00:00\",\"mainEntityOfPage\":{\"@id\":\"https:\/\/www.gaveanews.com\/index.php\/2025\/04\/19\/a-declaracao-de-rafael-sobis-sobre-deyverson-eu-odeio\/\"},\"wordCount\":468,\"commentCount\":0,\"image\":{\"@id\":\"https:\/\/www.gaveanews.com\/index.php\/2025\/04\/19\/a-declaracao-de-rafael-sobis-sobre-deyverson-eu-odeio\/#primaryimage\"},\"thumbnailUrl\":\"https:\/\/www.gaveanews.com\/wp-content\/uploads\/Deyverson-pelo-Fortaleza-1.webp\",\"articleSection\":[\"Brasil\",\"Fortaleza\"],\"inLanguage\":\"pt-BR\",\"potentialAction\":[{\"@type\":\"CommentAction\",\"name\":\"Comment\",\"target\":[\"https:\/\/www.gaveanews.com\/index.php\/2025\/04\/19\/a-declaracao-de-rafael-sobis-sobre-deyverson-eu-odeio\/#respond\"]}],\"copyrightYear\":\"2025\",\"copyrightHolder\":{\"@id\":\"https:\/\/www.gaveanews.com\/#organization\"}},{\"@type\":\"WebPage\",\"@id\":\"https:\/\/www.gaveanews.com\/index.php\/2025\/04\/19\/a-declaracao-de-rafael-sobis-sobre-deyverson-eu-odeio\/\",\"url\":\"https:\/\/www.gaveanews.com\/index.php\/2025\/04\/19\/a-declaracao-de-rafael-sobis-sobre-deyverson-eu-odeio\/\",\"name\":\"A declara\u00e7\u00e3o de Rafael Sobis sobre Deyverson: \u2018eu odeio\u2026\u2019\",\"isPartOf\":{\"@id\":\"https:\/\/www.gaveanews.com\/#website\"},\"primaryImageOfPage\":{\"@id\":\"https:\/\/www.gaveanews.com\/index.php\/2025\/04\/19\/a-declaracao-de-rafael-sobis-sobre-deyverson-eu-odeio\/#primaryimage\"},\"image\":{\"@id\":\"https:\/\/www.gaveanews.com\/index.php\/2025\/04\/19\/a-declaracao-de-rafael-sobis-sobre-deyverson-eu-odeio\/#primaryimage\"},\"thumbnailUrl\":\"https:\/\/www.gaveanews.com\/wp-content\/uploads\/Deyverson-pelo-Fortaleza-1.webp\",\"datePublished\":\"2025-04-19T14:30:00+00:00\",\"author\":{\"@id\":\"https:\/\/www.gaveanews.com\/#\/schema\/person\/3b19f7288b0ce20372991275e4f2e6c2\"},\"breadcrumb\":{\"@id\":\"https:\/\/www.gaveanews.com\/index.php\/2025\/04\/19\/a-declaracao-de-rafael-sobis-sobre-deyverson-eu-odeio\/#breadcrumb\"},\"inLanguage\":\"pt-BR\",\"potentialAction\":[{\"@type\":\"ReadAction\",\"target\":[\"https:\/\/www.gaveanews.com\/index.php\/2025\/04\/19\/a-declaracao-de-rafael-sobis-sobre-deyverson-eu-odeio\/\"]}]},{\"@type\":\"ImageObject\",\"inLanguage\":\"pt-BR\",\"@id\":\"https:\/\/www.gaveanews.com\/index.php\/2025\/04\/19\/a-declaracao-de-rafael-sobis-sobre-deyverson-eu-odeio\/#primaryimage\",\"url\":\"https:\/\/www.gaveanews.com\/wp-content\/uploads\/Deyverson-pelo-Fortaleza-1.webp\",\"contentUrl\":\"https:\/\/www.gaveanews.com\/wp-content\/uploads\/Deyverson-pelo-Fortaleza-1.webp\",\"width\":547,\"height\":412,\"caption\":\"Deyverson pelo Fortaleza (Foto: Mateus Lotif\/FEC)\"},{\"@type\":\"BreadcrumbList\",\"@id\":\"https:\/\/www.gaveanews.com\/index.php\/2025\/04\/19\/a-declaracao-de-rafael-sobis-sobre-deyverson-eu-odeio\/#breadcrumb\",\"itemListElement\":[{\"@type\":\"ListItem\",\"position\":1,\"name\":\"Home\",\"item\":\"https:\/\/www.gaveanews.com\/\"},{\"@type\":\"ListItem\",\"position\":2,\"name\":\"A declara\u00e7\u00e3o de Rafael Sobis sobre Deyverson: \u2018eu odeio\u2026\u2019\"}]},{\"@type\":\"WebSite\",\"@id\":\"https:\/\/www.gaveanews.com\/#website\",\"url\":\"https:\/\/www.gaveanews.com\/\",\"name\":\"G\u00e1vea News\",\"description\":\"Veja todas as not\u00edcias sobre o Flamengo: Contrata\u00e7\u00f5es, categorias de base, resultados das partidas, tabela de classifica\u00e7\u00e3o, pr\u00f3ximos jogos!\",\"potentialAction\":[{\"@type\":\"SearchAction\",\"target\":{\"@type\":\"EntryPoint\",\"urlTemplate\":\"https:\/\/www.gaveanews.com\/?s={search_term_string}\"},\"query-input\":{\"@type\":\"PropertyValueSpecification\",\"valueRequired\":true,\"valueName\":\"search_term_string\"}}],\"inLanguage\":\"pt-BR\"},{\"@type\":\"Person\",\"@id\":\"https:\/\/www.gaveanews.com\/#\/schema\/person\/3b19f7288b0ce20372991275e4f2e6c2\",\"name\":\"Ana Teixeira\",\"image\":{\"@type\":\"ImageObject\",\"inLanguage\":\"pt-BR\",\"@id\":\"https:\/\/www.gaveanews.com\/#\/schema\/person\/image\/\",\"url\":\"https:\/\/secure.gravatar.com\/avatar\/0a73f5a5258f3fed37fc2fa641892f3f7a4748456d4d4792f9bc550e6c19e06c?s=96&d=mm&r=g\",\"contentUrl\":\"https:\/\/secure.gravatar.com\/avatar\/0a73f5a5258f3fed37fc2fa641892f3f7a4748456d4d4792f9bc550e6c19e06c?s=96&d=mm&r=g\",\"caption\":\"Ana Teixeira\"}}]}<\/script>\n<!-- \/ Yoast SEO Premium plugin. -->","yoast_head_json":{"title":"A declara\u00e7\u00e3o de Rafael Sobis sobre Deyverson: \u2018eu odeio\u2026\u2019","robots":{"index":"index","follow":"follow","max-snippet":"max-snippet:-1","max-image-preview":"max-image-preview:large","max-video-preview":"max-video-preview:-1"},"canonical":"https:\/\/www.gaveanews.com\/index.php\/2025\/04\/19\/a-declaracao-de-rafael-sobis-sobre-deyverson-eu-odeio\/","og_locale":"pt_BR","og_type":"article","og_title":"A declara\u00e7\u00e3o de Rafael Sobis sobre Deyverson: \u2018eu odeio\u2026\u2019","og_description":"Rafael Sobis, conhecido por suas passagens marcantes por clubes como Internacional, Fluminense e Cruzeiro, voltou a chamar aten\u00e7\u00e3o nessa sexta-feira (18), ao fazer duras cr\u00edticas ao comportamento do centroavante Deyverson, atualmente no Fortaleza. Durante entrevista ao canal 4DTV no YouTube, o ex-atacante avaliou de maneira contundente o estilo do advers\u00e1rio, ressaltando sua discord\u00e2ncia quanto \u00e0 [&hellip;]","og_url":"https:\/\/www.gaveanews.com\/index.php\/2025\/04\/19\/a-declaracao-de-rafael-sobis-sobre-deyverson-eu-odeio\/","og_site_name":"G\u00e1vea News","article_publisher":"https:\/\/facebook.com\/gaveaNews\/","article_published_time":"2025-04-19T14:30:00+00:00","og_image":[{"width":547,"height":412,"url":"https:\/\/www.gaveanews.com\/wp-content\/uploads\/Deyverson-pelo-Fortaleza-1.webp","type":"image\/jpeg"}],"author":"Ana Teixeira","twitter_card":"summary_large_image","twitter_misc":{"Escrito por":"Ana Teixeira","Est. tempo de leitura":"3 minutos"},"schema":{"@context":"https:\/\/schema.org","@graph":[{"@type":"NewsArticle","@id":"https:\/\/www.gaveanews.com\/index.php\/2025\/04\/19\/a-declaracao-de-rafael-sobis-sobre-deyverson-eu-odeio\/#article","isPartOf":{"@id":"https:\/\/www.gaveanews.com\/index.php\/2025\/04\/19\/a-declaracao-de-rafael-sobis-sobre-deyverson-eu-odeio\/"},"author":{"name":"Ana Teixeira","@id":"https:\/\/www.gaveanews.com\/#\/schema\/person\/3b19f7288b0ce20372991275e4f2e6c2"},"headline":"A declara\u00e7\u00e3o de Rafael Sobis sobre Deyverson: \u2018eu odeio\u2026\u2019","datePublished":"2025-04-19T14:30:00+00:00","mainEntityOfPage":{"@id":"https:\/\/www.gaveanews.com\/index.php\/2025\/04\/19\/a-declaracao-de-rafael-sobis-sobre-deyverson-eu-odeio\/"},"wordCount":468,"commentCount":0,"image":{"@id":"https:\/\/www.gaveanews.com\/index.php\/2025\/04\/19\/a-declaracao-de-rafael-sobis-sobre-deyverson-eu-odeio\/#primaryimage"},"thumbnailUrl":"https:\/\/www.gaveanews.com\/wp-content\/uploads\/Deyverson-pelo-Fortaleza-1.webp","articleSection":["Brasil","Fortaleza"],"inLanguage":"pt-BR","potentialAction":[{"@type":"CommentAction","name":"Comment","target":["https:\/\/www.gaveanews.com\/index.php\/2025\/04\/19\/a-declaracao-de-rafael-sobis-sobre-deyverson-eu-odeio\/#respond"]}],"copyrightYear":"2025","copyrightHolder":{"@id":"https:\/\/www.gaveanews.com\/#organization"}},{"@type":"WebPage","@id":"https:\/\/www.gaveanews.com\/index.php\/2025\/04\/19\/a-declaracao-de-rafael-sobis-sobre-deyverson-eu-odeio\/","url":"https:\/\/www.gaveanews.com\/index.php\/2025\/04\/19\/a-declaracao-de-rafael-sobis-sobre-deyverson-eu-odeio\/","name":"A declara\u00e7\u00e3o de Rafael Sobis sobre Deyverson: \u2018eu odeio\u2026\u2019","isPartOf":{"@id":"https:\/\/www.gaveanews.com\/#website"},"primaryImageOfPage":{"@id":"https:\/\/www.gaveanews.com\/index.php\/2025\/04\/19\/a-declaracao-de-rafael-sobis-sobre-deyverson-eu-odeio\/#primaryimage"},"image":{"@id":"https:\/\/www.gaveanews.com\/index.php\/2025\/04\/19\/a-declaracao-de-rafael-sobis-sobre-deyverson-eu-odeio\/#primaryimage"},"thumbnailUrl":"https:\/\/www.gaveanews.com\/wp-content\/uploads\/Deyverson-pelo-Fortaleza-1.webp","datePublished":"2025-04-19T14:30:00+00:00","author":{"@id":"https:\/\/www.gaveanews.com\/#\/schema\/person\/3b19f7288b0ce20372991275e4f2e6c2"},"breadcrumb":{"@id":"https:\/\/www.gaveanews.com\/index.php\/2025\/04\/19\/a-declaracao-de-rafael-sobis-sobre-deyverson-eu-odeio\/#breadcrumb"},"inLanguage":"pt-BR","potentialAction":[{"@type":"ReadAction","target":["https:\/\/www.gaveanews.com\/index.php\/2025\/04\/19\/a-declaracao-de-rafael-sobis-sobre-deyverson-eu-odeio\/"]}]},{"@type":"ImageObject","inLanguage":"pt-BR","@id":"https:\/\/www.gaveanews.com\/index.php\/2025\/04\/19\/a-declaracao-de-rafael-sobis-sobre-deyverson-eu-odeio\/#primaryimage","url":"https:\/\/www.gaveanews.com\/wp-content\/uploads\/Deyverson-pelo-Fortaleza-1.webp","contentUrl":"https:\/\/www.gaveanews.com\/wp-content\/uploads\/Deyverson-pelo-Fortaleza-1.webp","width":547,"height":412,"caption":"Deyverson pelo Fortaleza (Foto: Mateus Lotif\/FEC)"},{"@type":"BreadcrumbList","@id":"https:\/\/www.gaveanews.com\/index.php\/2025\/04\/19\/a-declaracao-de-rafael-sobis-sobre-deyverson-eu-odeio\/#breadcrumb","itemListElement":[{"@type":"ListItem","position":1,"name":"Home","item":"https:\/\/www.gaveanews.com\/"},{"@type":"ListItem","position":2,"name":"A declara\u00e7\u00e3o de Rafael Sobis sobre Deyverson: \u2018eu odeio\u2026\u2019"}]},{"@type":"WebSite","@id":"https:\/\/www.gaveanews.com\/#website","url":"https:\/\/www.gaveanews.com\/","name":"G\u00e1vea News","description":"Veja todas as not\u00edcias sobre o Flamengo: Contrata\u00e7\u00f5es, categorias de base, resultados das partidas, tabela de classifica\u00e7\u00e3o, pr\u00f3ximos jogos!","potentialAction":[{"@type":"SearchAction","target":{"@type":"EntryPoint","urlTemplate":"https:\/\/www.gaveanews.com\/?s={search_term_string}"},"query-input":{"@type":"PropertyValueSpecification","valueRequired":true,"valueName":"search_term_string"}}],"inLanguage":"pt-BR"},{"@type":"Person","@id":"https:\/\/www.gaveanews.com\/#\/schema\/person\/3b19f7288b0ce20372991275e4f2e6c2","name":"Ana Teixeira","image":{"@type":"ImageObject","inLanguage":"pt-BR","@id":"https:\/\/www.gaveanews.com\/#\/schema\/person\/image\/","url":"https:\/\/secure.gravatar.com\/avatar\/0a73f5a5258f3fed37fc2fa641892f3f7a4748456d4d4792f9bc550e6c19e06c?s=96&d=mm&r=g","contentUrl":"https:\/\/secure.gravatar.com\/avatar\/0a73f5a5258f3fed37fc2fa641892f3f7a4748456d4d4792f9bc550e6c19e06c?s=96&d=mm&r=g","caption":"Ana Teixeira"}}]}},"_links":{"self":[{"href":"https:\/\/www.gaveanews.com\/index.php\/wp-json\/wp\/v2\/posts\/255503","targetHints":{"allow":["GET"]}}],"collection":[{"href":"https:\/\/www.gaveanews.com\/index.php\/wp-json\/wp\/v2\/posts"}],"about":[{"href":"https:\/\/www.gaveanews.com\/index.php\/wp-json\/wp\/v2\/types\/post"}],"author":[{"embeddable":true,"href":"https:\/\/www.gaveanews.com\/index.php\/wp-json\/wp\/v2\/users\/30"}],"replies":[{"embeddable":true,"href":"https:\/\/www.gaveanews.com\/index.php\/wp-json\/wp\/v2\/comments?post=255503"}],"version-history":[{"count":1,"href":"https:\/\/www.gaveanews.com\/index.php\/wp-json\/wp\/v2\/posts\/255503\/revisions"}],"predecessor-version":[{"id":255507,"href":"https:\/\/www.gaveanews.com\/index.php\/wp-json\/wp\/v2\/posts\/255503\/revisions\/255507"}],"wp:featuredmedia":[{"embeddable":true,"href":"https:\/\/www.gaveanews.com\/index.php\/wp-json\/wp\/v2\/media\/253469"}],"wp:attachment":[{"href":"https:\/\/www.gaveanews.com\/index.php\/wp-json\/wp\/v2\/media?parent=255503"}],"wp:term":[{"taxonomy":"category","embeddable":true,"href":"https:\/\/www.gaveanews.com\/index.php\/wp-json\/wp\/v2\/categories?post=255503"},{"taxonomy":"post_tag","embeddable":true,"href":"https:\/\/www.gaveanews.com\/index.php\/wp-json\/wp\/v2\/tags?post=255503"}],"curies":[{"name":"wp","href":"https:\/\/api.w.org\/{rel}","templated":true}]}}