{"id":255504,"date":"2025-04-19T11:35:00","date_gmt":"2025-04-19T14:35:00","guid":{"rendered":"https:\/\/www.gaveanews.com\/?p=255504"},"modified":"2025-04-19T11:35:16","modified_gmt":"2025-04-19T14:35:16","slug":"neymar-busca-ajuda-apos-nova-lesao-no-santos","status":"publish","type":"post","link":"https:\/\/www.gaveanews.com\/index.php\/2025\/04\/19\/neymar-busca-ajuda-apos-nova-lesao-no-santos\/","title":{"rendered":"Neymar busca ajuda ap\u00f3s nova les\u00e3o no Santos"},"content":{"rendered":"\n<p>Neymar e Bruna Biancardi abriram as portas da resid\u00eancia onde vivem, em Santos, para realizar um almo\u00e7o especial de P\u00e1scoa \u2014 marcado por um clima intimista e de renova\u00e7\u00e3o espiritual. O encontro, realizado justamente na Sexta-feira Santa, foi prestigiado por familiares e amigos, e ganhou destaque ao contar com um momento de ora\u00e7\u00e3o conduzido por um pastor, que dedicou palavras de f\u00e9 e b\u00ean\u00e7\u00e3os ao jogador.<\/p>\n\n\n\n<p>O evento ocorreu em meio ao processo de recupera\u00e7\u00e3o de Neymar, que voltou a lidar com uma nova les\u00e3o. O problema no m\u00fasculo semimembranoso, distinto ao do \u00faltimo tratamento, o tirou novamente de embate \u2014 ainda por tempo indeterminado \u2014 seguintes do calend\u00e1rio. <\/p>\n\n\n\n<p>O atleta vai seguir o trabalho de fortalecimento muscular no CT Rei Pel\u00e9 e ser\u00e1 reavaliado periodicamente para acompanhamento e novas defini\u00e7\u00f5es do tratamento. De acordo com o clube, &#8220;\u00e9 sabido de que essas intercorr\u00eancias poderiam ocorrer, devido ao tempo de inatividade&#8221;. <\/p>\n\n\n\n<h2 class=\"wp-block-heading\" id=\"h-almoco-de-pascoa\">Almo\u00e7o de p\u00e1scoa<\/h2>\n\n\n\n<p>Ali\u00e1s, enquanto Neymar se dedica \u00e0 recupera\u00e7\u00e3o, Bruna Biancardi tem utilizado suas redes sociais para compartilhar registros da vida familiar, principalmente durante a gesta\u00e7\u00e3o do segundo filho do casal. No encontro pascal, ela vestiu um look rosa que evidenciava a gravidez e encantou os torcedores ao divulgar imagens da celebra\u00e7\u00e3o, marcada por uma decora\u00e7\u00e3o l\u00fadica, com temas t\u00edpicos da data crist\u00e3. <\/p>\n\n\n\n<p>\u201cAlmo\u00e7o de P\u00e1scoa por aqui hoje\u201d, escreveu na legenda de uma das postagens.<\/p>\n\n\n\n<p>Na entrada da casa, os convidados foram recepcionados por um coelho de pel\u00facia de tamanho grande, posicionado ao lado de uma cesta cheia de ovos de chocolate. As mesas foram cuidadosamente organizadas, com espa\u00e7os distintos para adultos e crian\u00e7as, todas adornadas com elementos que remetiam \u00e0 P\u00e1scoa. Entre os destaques da confraterniza\u00e7\u00e3o, esteve a pequena Mavie, filha do casal, que apareceu sorridente em registros divulgados, usando um macac\u00e3o verde estampado com ovos e coelhinhos.<\/p>\n\n\n\n<figure class=\"wp-block-image size-full\"><img loading=\"lazy\" decoding=\"async\" width=\"1107\" height=\"721\" src=\"https:\/\/www.gaveanews.com\/wp-content\/uploads\/image-83.webp\" alt=\"\" class=\"wp-image-255508\"\/><figcaption class=\"wp-element-caption\">Neymar recebe pastor em sua casa ap\u00f3s nova les\u00e3o &#8211; Foto: Reprodu\u00e7\u00e3o<\/figcaption><\/figure>\n\n\n\n<h2 class=\"wp-block-heading\" id=\"h-momento-de-fe\">Momento de f\u00e9<\/h2>\n\n\n\n<p>O momento de ora\u00e7\u00e3o foi um dos pontos altos do almo\u00e7o. Em v\u00eddeo publicado nas redes, Neymar aparece de cabe\u00e7a baixa, em sil\u00eancio, enquanto o pastor dirige palavras de f\u00e9 ao jogador. A cerim\u00f4nia, embora simples, demonstrou um gesto de acolhimento espiritual diante dos desafios recentes enfrentados pelo atleta. Assim sendo, o ato ganhou repercuss\u00e3o entre os torcedores, que reagiram com mensagens de apoio e desejos de pronta recupera\u00e7\u00e3o.<\/p>\n\n\n\n<p><\/p>\n","protected":false},"excerpt":{"rendered":"<p>Neymar e Bruna Biancardi abriram as portas da resid\u00eancia onde vivem, em Santos, para realizar um almo\u00e7o especial de P\u00e1scoa \u2014 marcado por um clima intimista e de renova\u00e7\u00e3o espiritual. O encontro, realizado justamente na Sexta-feira Santa, foi prestigiado por familiares e amigos, e ganhou destaque ao contar com um momento de ora\u00e7\u00e3o conduzido por [&hellip;]<\/p>\n","protected":false},"author":30,"featured_media":254859,"comment_status":"open","ping_status":"closed","sticky":false,"template":"","format":"standard","meta":{"footnotes":""},"categories":[478,81,139],"tags":[],"class_list":["post-255504","post","type-post","status-publish","format-standard","has-post-thumbnail","hentry","category-brasil","category-celebridades","category-santos"],"yoast_head":"<!-- This site is optimized with the Yoast SEO Premium plugin v24.2 (Yoast SEO v26.9) - https:\/\/yoast.com\/product\/yoast-seo-premium-wordpress\/ -->\n<title>Neymar busca ajuda ap\u00f3s nova les\u00e3o no Santos<\/title>\n<meta name=\"robots\" content=\"index, follow, max-snippet:-1, max-image-preview:large, max-video-preview:-1\" \/>\n<link rel=\"canonical\" href=\"https:\/\/www.gaveanews.com\/index.php\/2025\/04\/19\/neymar-busca-ajuda-apos-nova-lesao-no-santos\/\" \/>\n<meta property=\"og:locale\" content=\"pt_BR\" \/>\n<meta property=\"og:type\" content=\"article\" \/>\n<meta property=\"og:title\" content=\"Neymar busca ajuda ap\u00f3s nova les\u00e3o no Santos\" \/>\n<meta property=\"og:description\" content=\"Neymar e Bruna Biancardi abriram as portas da resid\u00eancia onde vivem, em Santos, para realizar um almo\u00e7o especial de P\u00e1scoa \u2014 marcado por um clima intimista e de renova\u00e7\u00e3o espiritual. O encontro, realizado justamente na Sexta-feira Santa, foi prestigiado por familiares e amigos, e ganhou destaque ao contar com um momento de ora\u00e7\u00e3o conduzido por [&hellip;]\" \/>\n<meta property=\"og:url\" content=\"https:\/\/www.gaveanews.com\/index.php\/2025\/04\/19\/neymar-busca-ajuda-apos-nova-lesao-no-santos\/\" \/>\n<meta property=\"og:site_name\" content=\"G\u00e1vea News\" \/>\n<meta property=\"article:publisher\" content=\"https:\/\/facebook.com\/gaveaNews\/\" \/>\n<meta property=\"article:published_time\" content=\"2025-04-19T14:35:00+00:00\" \/>\n<meta property=\"article:modified_time\" content=\"2025-04-19T14:35:16+00:00\" \/>\n<meta property=\"og:image\" content=\"http:\/\/www.gaveanews.com\/wp-content\/uploads\/Neymar-junto-com-a-delegacao-do-Santos-na-Vila-Belmiro.webp\" \/>\n\t<meta property=\"og:image:width\" content=\"1200\" \/>\n\t<meta property=\"og:image:height\" content=\"800\" \/>\n\t<meta property=\"og:image:type\" content=\"image\/png\" \/>\n<meta name=\"author\" content=\"Ana Teixeira\" \/>\n<meta name=\"twitter:card\" content=\"summary_large_image\" \/>\n<meta name=\"twitter:label1\" content=\"Escrito por\" \/>\n\t<meta name=\"twitter:data1\" content=\"Ana Teixeira\" \/>\n\t<meta name=\"twitter:label2\" content=\"Est. tempo de leitura\" \/>\n\t<meta name=\"twitter:data2\" content=\"3 minutos\" \/>\n<script type=\"application\/ld+json\" class=\"yoast-schema-graph\">{\"@context\":\"https:\/\/schema.org\",\"@graph\":[{\"@type\":\"NewsArticle\",\"@id\":\"https:\/\/www.gaveanews.com\/index.php\/2025\/04\/19\/neymar-busca-ajuda-apos-nova-lesao-no-santos\/#article\",\"isPartOf\":{\"@id\":\"https:\/\/www.gaveanews.com\/index.php\/2025\/04\/19\/neymar-busca-ajuda-apos-nova-lesao-no-santos\/\"},\"author\":{\"name\":\"Ana Teixeira\",\"@id\":\"https:\/\/www.gaveanews.com\/#\/schema\/person\/3b19f7288b0ce20372991275e4f2e6c2\"},\"headline\":\"Neymar busca ajuda ap\u00f3s nova les\u00e3o no Santos\",\"datePublished\":\"2025-04-19T14:35:00+00:00\",\"dateModified\":\"2025-04-19T14:35:16+00:00\",\"mainEntityOfPage\":{\"@id\":\"https:\/\/www.gaveanews.com\/index.php\/2025\/04\/19\/neymar-busca-ajuda-apos-nova-lesao-no-santos\/\"},\"wordCount\":431,\"commentCount\":0,\"image\":{\"@id\":\"https:\/\/www.gaveanews.com\/index.php\/2025\/04\/19\/neymar-busca-ajuda-apos-nova-lesao-no-santos\/#primaryimage\"},\"thumbnailUrl\":\"https:\/\/www.gaveanews.com\/wp-content\/uploads\/Neymar-junto-com-a-delegacao-do-Santos-na-Vila-Belmiro.webp\",\"articleSection\":[\"Brasil\",\"Celebridades\",\"Santos\"],\"inLanguage\":\"pt-BR\",\"potentialAction\":[{\"@type\":\"CommentAction\",\"name\":\"Comment\",\"target\":[\"https:\/\/www.gaveanews.com\/index.php\/2025\/04\/19\/neymar-busca-ajuda-apos-nova-lesao-no-santos\/#respond\"]}],\"copyrightYear\":\"2025\",\"copyrightHolder\":{\"@id\":\"https:\/\/www.gaveanews.com\/#organization\"}},{\"@type\":\"WebPage\",\"@id\":\"https:\/\/www.gaveanews.com\/index.php\/2025\/04\/19\/neymar-busca-ajuda-apos-nova-lesao-no-santos\/\",\"url\":\"https:\/\/www.gaveanews.com\/index.php\/2025\/04\/19\/neymar-busca-ajuda-apos-nova-lesao-no-santos\/\",\"name\":\"Neymar busca ajuda ap\u00f3s nova les\u00e3o no Santos\",\"isPartOf\":{\"@id\":\"https:\/\/www.gaveanews.com\/#website\"},\"primaryImageOfPage\":{\"@id\":\"https:\/\/www.gaveanews.com\/index.php\/2025\/04\/19\/neymar-busca-ajuda-apos-nova-lesao-no-santos\/#primaryimage\"},\"image\":{\"@id\":\"https:\/\/www.gaveanews.com\/index.php\/2025\/04\/19\/neymar-busca-ajuda-apos-nova-lesao-no-santos\/#primaryimage\"},\"thumbnailUrl\":\"https:\/\/www.gaveanews.com\/wp-content\/uploads\/Neymar-junto-com-a-delegacao-do-Santos-na-Vila-Belmiro.webp\",\"datePublished\":\"2025-04-19T14:35:00+00:00\",\"dateModified\":\"2025-04-19T14:35:16+00:00\",\"author\":{\"@id\":\"https:\/\/www.gaveanews.com\/#\/schema\/person\/3b19f7288b0ce20372991275e4f2e6c2\"},\"breadcrumb\":{\"@id\":\"https:\/\/www.gaveanews.com\/index.php\/2025\/04\/19\/neymar-busca-ajuda-apos-nova-lesao-no-santos\/#breadcrumb\"},\"inLanguage\":\"pt-BR\",\"potentialAction\":[{\"@type\":\"ReadAction\",\"target\":[\"https:\/\/www.gaveanews.com\/index.php\/2025\/04\/19\/neymar-busca-ajuda-apos-nova-lesao-no-santos\/\"]}]},{\"@type\":\"ImageObject\",\"inLanguage\":\"pt-BR\",\"@id\":\"https:\/\/www.gaveanews.com\/index.php\/2025\/04\/19\/neymar-busca-ajuda-apos-nova-lesao-no-santos\/#primaryimage\",\"url\":\"https:\/\/www.gaveanews.com\/wp-content\/uploads\/Neymar-junto-com-a-delegacao-do-Santos-na-Vila-Belmiro.webp\",\"contentUrl\":\"https:\/\/www.gaveanews.com\/wp-content\/uploads\/Neymar-junto-com-a-delegacao-do-Santos-na-Vila-Belmiro.webp\",\"width\":1200,\"height\":800,\"caption\":\"Neymar chegando com a delega\u00e7\u00e3o do Santos na Vila Belmiro - Fotos: Raul Baretta\/ Santos FC.\"},{\"@type\":\"BreadcrumbList\",\"@id\":\"https:\/\/www.gaveanews.com\/index.php\/2025\/04\/19\/neymar-busca-ajuda-apos-nova-lesao-no-santos\/#breadcrumb\",\"itemListElement\":[{\"@type\":\"ListItem\",\"position\":1,\"name\":\"Home\",\"item\":\"https:\/\/www.gaveanews.com\/\"},{\"@type\":\"ListItem\",\"position\":2,\"name\":\"Neymar busca ajuda ap\u00f3s nova les\u00e3o no Santos\"}]},{\"@type\":\"WebSite\",\"@id\":\"https:\/\/www.gaveanews.com\/#website\",\"url\":\"https:\/\/www.gaveanews.com\/\",\"name\":\"G\u00e1vea News\",\"description\":\"Veja todas as not\u00edcias sobre o Flamengo: Contrata\u00e7\u00f5es, categorias de base, resultados das partidas, tabela de classifica\u00e7\u00e3o, pr\u00f3ximos jogos!\",\"potentialAction\":[{\"@type\":\"SearchAction\",\"target\":{\"@type\":\"EntryPoint\",\"urlTemplate\":\"https:\/\/www.gaveanews.com\/?s={search_term_string}\"},\"query-input\":{\"@type\":\"PropertyValueSpecification\",\"valueRequired\":true,\"valueName\":\"search_term_string\"}}],\"inLanguage\":\"pt-BR\"},{\"@type\":\"Person\",\"@id\":\"https:\/\/www.gaveanews.com\/#\/schema\/person\/3b19f7288b0ce20372991275e4f2e6c2\",\"name\":\"Ana Teixeira\",\"image\":{\"@type\":\"ImageObject\",\"inLanguage\":\"pt-BR\",\"@id\":\"https:\/\/www.gaveanews.com\/#\/schema\/person\/image\/\",\"url\":\"https:\/\/secure.gravatar.com\/avatar\/0a73f5a5258f3fed37fc2fa641892f3f7a4748456d4d4792f9bc550e6c19e06c?s=96&d=mm&r=g\",\"contentUrl\":\"https:\/\/secure.gravatar.com\/avatar\/0a73f5a5258f3fed37fc2fa641892f3f7a4748456d4d4792f9bc550e6c19e06c?s=96&d=mm&r=g\",\"caption\":\"Ana Teixeira\"}}]}<\/script>\n<!-- \/ Yoast SEO Premium plugin. -->","yoast_head_json":{"title":"Neymar busca ajuda ap\u00f3s nova les\u00e3o no Santos","robots":{"index":"index","follow":"follow","max-snippet":"max-snippet:-1","max-image-preview":"max-image-preview:large","max-video-preview":"max-video-preview:-1"},"canonical":"https:\/\/www.gaveanews.com\/index.php\/2025\/04\/19\/neymar-busca-ajuda-apos-nova-lesao-no-santos\/","og_locale":"pt_BR","og_type":"article","og_title":"Neymar busca ajuda ap\u00f3s nova les\u00e3o no Santos","og_description":"Neymar e Bruna Biancardi abriram as portas da resid\u00eancia onde vivem, em Santos, para realizar um almo\u00e7o especial de P\u00e1scoa \u2014 marcado por um clima intimista e de renova\u00e7\u00e3o espiritual. O encontro, realizado justamente na Sexta-feira Santa, foi prestigiado por familiares e amigos, e ganhou destaque ao contar com um momento de ora\u00e7\u00e3o conduzido por [&hellip;]","og_url":"https:\/\/www.gaveanews.com\/index.php\/2025\/04\/19\/neymar-busca-ajuda-apos-nova-lesao-no-santos\/","og_site_name":"G\u00e1vea News","article_publisher":"https:\/\/facebook.com\/gaveaNews\/","article_published_time":"2025-04-19T14:35:00+00:00","article_modified_time":"2025-04-19T14:35:16+00:00","og_image":[{"width":1200,"height":800,"url":"http:\/\/www.gaveanews.com\/wp-content\/uploads\/Neymar-junto-com-a-delegacao-do-Santos-na-Vila-Belmiro.webp","type":"image\/png"}],"author":"Ana Teixeira","twitter_card":"summary_large_image","twitter_misc":{"Escrito por":"Ana Teixeira","Est. tempo de leitura":"3 minutos"},"schema":{"@context":"https:\/\/schema.org","@graph":[{"@type":"NewsArticle","@id":"https:\/\/www.gaveanews.com\/index.php\/2025\/04\/19\/neymar-busca-ajuda-apos-nova-lesao-no-santos\/#article","isPartOf":{"@id":"https:\/\/www.gaveanews.com\/index.php\/2025\/04\/19\/neymar-busca-ajuda-apos-nova-lesao-no-santos\/"},"author":{"name":"Ana Teixeira","@id":"https:\/\/www.gaveanews.com\/#\/schema\/person\/3b19f7288b0ce20372991275e4f2e6c2"},"headline":"Neymar busca ajuda ap\u00f3s nova les\u00e3o no Santos","datePublished":"2025-04-19T14:35:00+00:00","dateModified":"2025-04-19T14:35:16+00:00","mainEntityOfPage":{"@id":"https:\/\/www.gaveanews.com\/index.php\/2025\/04\/19\/neymar-busca-ajuda-apos-nova-lesao-no-santos\/"},"wordCount":431,"commentCount":0,"image":{"@id":"https:\/\/www.gaveanews.com\/index.php\/2025\/04\/19\/neymar-busca-ajuda-apos-nova-lesao-no-santos\/#primaryimage"},"thumbnailUrl":"https:\/\/www.gaveanews.com\/wp-content\/uploads\/Neymar-junto-com-a-delegacao-do-Santos-na-Vila-Belmiro.webp","articleSection":["Brasil","Celebridades","Santos"],"inLanguage":"pt-BR","potentialAction":[{"@type":"CommentAction","name":"Comment","target":["https:\/\/www.gaveanews.com\/index.php\/2025\/04\/19\/neymar-busca-ajuda-apos-nova-lesao-no-santos\/#respond"]}],"copyrightYear":"2025","copyrightHolder":{"@id":"https:\/\/www.gaveanews.com\/#organization"}},{"@type":"WebPage","@id":"https:\/\/www.gaveanews.com\/index.php\/2025\/04\/19\/neymar-busca-ajuda-apos-nova-lesao-no-santos\/","url":"https:\/\/www.gaveanews.com\/index.php\/2025\/04\/19\/neymar-busca-ajuda-apos-nova-lesao-no-santos\/","name":"Neymar busca ajuda ap\u00f3s nova les\u00e3o no Santos","isPartOf":{"@id":"https:\/\/www.gaveanews.com\/#website"},"primaryImageOfPage":{"@id":"https:\/\/www.gaveanews.com\/index.php\/2025\/04\/19\/neymar-busca-ajuda-apos-nova-lesao-no-santos\/#primaryimage"},"image":{"@id":"https:\/\/www.gaveanews.com\/index.php\/2025\/04\/19\/neymar-busca-ajuda-apos-nova-lesao-no-santos\/#primaryimage"},"thumbnailUrl":"https:\/\/www.gaveanews.com\/wp-content\/uploads\/Neymar-junto-com-a-delegacao-do-Santos-na-Vila-Belmiro.webp","datePublished":"2025-04-19T14:35:00+00:00","dateModified":"2025-04-19T14:35:16+00:00","author":{"@id":"https:\/\/www.gaveanews.com\/#\/schema\/person\/3b19f7288b0ce20372991275e4f2e6c2"},"breadcrumb":{"@id":"https:\/\/www.gaveanews.com\/index.php\/2025\/04\/19\/neymar-busca-ajuda-apos-nova-lesao-no-santos\/#breadcrumb"},"inLanguage":"pt-BR","potentialAction":[{"@type":"ReadAction","target":["https:\/\/www.gaveanews.com\/index.php\/2025\/04\/19\/neymar-busca-ajuda-apos-nova-lesao-no-santos\/"]}]},{"@type":"ImageObject","inLanguage":"pt-BR","@id":"https:\/\/www.gaveanews.com\/index.php\/2025\/04\/19\/neymar-busca-ajuda-apos-nova-lesao-no-santos\/#primaryimage","url":"https:\/\/www.gaveanews.com\/wp-content\/uploads\/Neymar-junto-com-a-delegacao-do-Santos-na-Vila-Belmiro.webp","contentUrl":"https:\/\/www.gaveanews.com\/wp-content\/uploads\/Neymar-junto-com-a-delegacao-do-Santos-na-Vila-Belmiro.webp","width":1200,"height":800,"caption":"Neymar chegando com a delega\u00e7\u00e3o do Santos na Vila Belmiro - Fotos: Raul Baretta\/ Santos FC."},{"@type":"BreadcrumbList","@id":"https:\/\/www.gaveanews.com\/index.php\/2025\/04\/19\/neymar-busca-ajuda-apos-nova-lesao-no-santos\/#breadcrumb","itemListElement":[{"@type":"ListItem","position":1,"name":"Home","item":"https:\/\/www.gaveanews.com\/"},{"@type":"ListItem","position":2,"name":"Neymar busca ajuda ap\u00f3s nova les\u00e3o no Santos"}]},{"@type":"WebSite","@id":"https:\/\/www.gaveanews.com\/#website","url":"https:\/\/www.gaveanews.com\/","name":"G\u00e1vea News","description":"Veja todas as not\u00edcias sobre o Flamengo: Contrata\u00e7\u00f5es, categorias de base, resultados das partidas, tabela de classifica\u00e7\u00e3o, pr\u00f3ximos jogos!","potentialAction":[{"@type":"SearchAction","target":{"@type":"EntryPoint","urlTemplate":"https:\/\/www.gaveanews.com\/?s={search_term_string}"},"query-input":{"@type":"PropertyValueSpecification","valueRequired":true,"valueName":"search_term_string"}}],"inLanguage":"pt-BR"},{"@type":"Person","@id":"https:\/\/www.gaveanews.com\/#\/schema\/person\/3b19f7288b0ce20372991275e4f2e6c2","name":"Ana Teixeira","image":{"@type":"ImageObject","inLanguage":"pt-BR","@id":"https:\/\/www.gaveanews.com\/#\/schema\/person\/image\/","url":"https:\/\/secure.gravatar.com\/avatar\/0a73f5a5258f3fed37fc2fa641892f3f7a4748456d4d4792f9bc550e6c19e06c?s=96&d=mm&r=g","contentUrl":"https:\/\/secure.gravatar.com\/avatar\/0a73f5a5258f3fed37fc2fa641892f3f7a4748456d4d4792f9bc550e6c19e06c?s=96&d=mm&r=g","caption":"Ana Teixeira"}}]}},"_links":{"self":[{"href":"https:\/\/www.gaveanews.com\/index.php\/wp-json\/wp\/v2\/posts\/255504","targetHints":{"allow":["GET"]}}],"collection":[{"href":"https:\/\/www.gaveanews.com\/index.php\/wp-json\/wp\/v2\/posts"}],"about":[{"href":"https:\/\/www.gaveanews.com\/index.php\/wp-json\/wp\/v2\/types\/post"}],"author":[{"embeddable":true,"href":"https:\/\/www.gaveanews.com\/index.php\/wp-json\/wp\/v2\/users\/30"}],"replies":[{"embeddable":true,"href":"https:\/\/www.gaveanews.com\/index.php\/wp-json\/wp\/v2\/comments?post=255504"}],"version-history":[{"count":1,"href":"https:\/\/www.gaveanews.com\/index.php\/wp-json\/wp\/v2\/posts\/255504\/revisions"}],"predecessor-version":[{"id":255509,"href":"https:\/\/www.gaveanews.com\/index.php\/wp-json\/wp\/v2\/posts\/255504\/revisions\/255509"}],"wp:featuredmedia":[{"embeddable":true,"href":"https:\/\/www.gaveanews.com\/index.php\/wp-json\/wp\/v2\/media\/254859"}],"wp:attachment":[{"href":"https:\/\/www.gaveanews.com\/index.php\/wp-json\/wp\/v2\/media?parent=255504"}],"wp:term":[{"taxonomy":"category","embeddable":true,"href":"https:\/\/www.gaveanews.com\/index.php\/wp-json\/wp\/v2\/categories?post=255504"},{"taxonomy":"post_tag","embeddable":true,"href":"https:\/\/www.gaveanews.com\/index.php\/wp-json\/wp\/v2\/tags?post=255504"}],"curies":[{"name":"wp","href":"https:\/\/api.w.org\/{rel}","templated":true}]}}