{"id":255505,"date":"2025-04-19T11:25:00","date_gmt":"2025-04-19T14:25:00","guid":{"rendered":"https:\/\/www.gaveanews.com\/?p=255505"},"modified":"2025-04-19T11:23:30","modified_gmt":"2025-04-19T14:23:30","slug":"jogador-do-corinthians-e-internado","status":"publish","type":"post","link":"https:\/\/www.gaveanews.com\/index.php\/2025\/04\/19\/jogador-do-corinthians-e-internado\/","title":{"rendered":"Jogador do Corinthians \u00e9 internado"},"content":{"rendered":"\n<p>O Corinthians enfrentar\u00e1 o Sport neste s\u00e1bado (19), \u00e0s 16h, pela quinta rodada do Campeonato Brasileiro, com um desfalque importante: Talles Magno. O atacante est\u00e1 internado no hospital Vila Nova Star, em S\u00e3o Paulo, ap\u00f3s apresentar um quadro de pneumonia.<\/p>\n\n\n\n<p>O jogador de 22 anos come\u00e7ou a sentir os primeiros sintomas ao longo da semana e, mesmo assim, entrou em campo diante do Fluminense na \u00faltima quarta-feira (16), atuando por cerca de 25 minutos com febre de 38,8\u00b0C. Conforme informa\u00e7\u00f5es divulgadas, ele j\u00e1 apresentava sinais de resfriado durante os treinamentos que antecederam a partida.<\/p>\n\n\n\n<p>A fim de garantir um monitoramento mais preciso, Talles foi encaminhado para a Unidade de Terapia Intensiva (UTI). Ainda que o ambiente pare\u00e7a indicar gravidade, a interna\u00e7\u00e3o na UTI tem, nesse caso, car\u00e1ter precaucional. Conforme a assessoria do atleta, o quadro cl\u00ednico atual \u00e9 est\u00e1vel. <\/p>\n\n\n\n<p>\u201cEle est\u00e1 se alimentando bem e evoluindo, mas segue em observa\u00e7\u00e3o\u201d, afirmou o comunicado.<\/p>\n\n\n\n<p>A aus\u00eancia de Talles chega em um momento delicado para o Corinthians. Afinal, al\u00e9m da mudan\u00e7a emergencial no comando t\u00e9cnico, com a sa\u00edda de Ram\u00f3n D\u00edaz \u2014 que se despediu do elenco na sexta-feira (18) \u2014, o time ainda acumula problemas f\u00edsicos e suspens\u00f5es no elenco principal.<\/p>\n\n\n\n<p>O t\u00e9cnico Orlando Ribeiro, respons\u00e1vel por comandar a equipe interinamente enquanto a diretoria n\u00e3o anuncia o novo treinador, ter\u00e1 de lidar com diversas aus\u00eancias. Al\u00e9m de Talles, seguem fora por quest\u00f5es m\u00e9dicas: Hugo Souza, em recupera\u00e7\u00e3o de les\u00e3o na coxa direita; Igor Coronado, com trauma no ombro; e Rodrigo Garro, submetido a uma tendoplastia patelar no joelho direito. Matheuzinho e Jos\u00e9 Mart\u00ednez tamb\u00e9m s\u00e3o baixas confirmadas, ambos suspensos por ac\u00famulo de cart\u00f5es amarelos.<\/p>\n\n\n\n<p>Mesmo com o bom desempenho de Talles ao longo da temporada \u2014 o atacante \u00e9 o vice-artilheiro do time, com cinco gols \u2014, ele vinha sendo reserva nas escolhas de Ram\u00f3n D\u00edaz, que priorizava a presen\u00e7a de \u00c1ngel Romero ao lado de Garro, Memphis e Yuri Alberto. Para o jogo diante do Sport, \u00e9 prov\u00e1vel que Romero volte a atuar com Yuri e outro atleta a ser definido, conforme as escolhas de Orlando Ribeiro.<\/p>\n\n\n\n<p><\/p>\n","protected":false},"excerpt":{"rendered":"<p>O Corinthians enfrentar\u00e1 o Sport neste s\u00e1bado (19), \u00e0s 16h, pela quinta rodada do Campeonato Brasileiro, com um desfalque importante: Talles Magno. O atacante est\u00e1 internado no hospital Vila Nova Star, em S\u00e3o Paulo, ap\u00f3s apresentar um quadro de pneumonia. O jogador de 22 anos come\u00e7ou a sentir os primeiros sintomas ao longo da semana [&hellip;]<\/p>\n","protected":false},"author":30,"featured_media":154473,"comment_status":"open","ping_status":"closed","sticky":false,"template":"","format":"standard","meta":{"footnotes":""},"categories":[133,141],"tags":[],"class_list":["post-255505","post","type-post","status-publish","format-standard","has-post-thumbnail","hentry","category-brasileirao","category-corinthians"],"yoast_head":"<!-- This site is optimized with the Yoast SEO Premium plugin v24.2 (Yoast SEO v26.9) - https:\/\/yoast.com\/product\/yoast-seo-premium-wordpress\/ -->\n<title>Jogador do Corinthians \u00e9 internado<\/title>\n<meta name=\"robots\" content=\"index, follow, max-snippet:-1, max-image-preview:large, max-video-preview:-1\" \/>\n<link rel=\"canonical\" href=\"https:\/\/www.gaveanews.com\/index.php\/2025\/04\/19\/jogador-do-corinthians-e-internado\/\" \/>\n<meta property=\"og:locale\" content=\"pt_BR\" \/>\n<meta property=\"og:type\" content=\"article\" \/>\n<meta property=\"og:title\" content=\"Jogador do Corinthians \u00e9 internado\" \/>\n<meta property=\"og:description\" content=\"O Corinthians enfrentar\u00e1 o Sport neste s\u00e1bado (19), \u00e0s 16h, pela quinta rodada do Campeonato Brasileiro, com um desfalque importante: Talles Magno. O atacante est\u00e1 internado no hospital Vila Nova Star, em S\u00e3o Paulo, ap\u00f3s apresentar um quadro de pneumonia. O jogador de 22 anos come\u00e7ou a sentir os primeiros sintomas ao longo da semana [&hellip;]\" \/>\n<meta property=\"og:url\" content=\"https:\/\/www.gaveanews.com\/index.php\/2025\/04\/19\/jogador-do-corinthians-e-internado\/\" \/>\n<meta property=\"og:site_name\" content=\"G\u00e1vea News\" \/>\n<meta property=\"article:publisher\" content=\"https:\/\/facebook.com\/gaveaNews\/\" \/>\n<meta property=\"article:published_time\" content=\"2025-04-19T14:25:00+00:00\" \/>\n<meta property=\"og:image\" content=\"https:\/\/www.gaveanews.com\/wp-content\/uploads\/Escudo-do-Corinthians-na-Neo-Quimica-Arena.webp\" \/>\n\t<meta property=\"og:image:width\" content=\"1440\" \/>\n\t<meta property=\"og:image:height\" content=\"959\" \/>\n\t<meta property=\"og:image:type\" content=\"image\/jpeg\" \/>\n<meta name=\"author\" content=\"Ana Teixeira\" \/>\n<meta name=\"twitter:card\" content=\"summary_large_image\" \/>\n<meta name=\"twitter:label1\" content=\"Escrito por\" \/>\n\t<meta name=\"twitter:data1\" content=\"Ana Teixeira\" \/>\n\t<meta name=\"twitter:label2\" content=\"Est. tempo de leitura\" \/>\n\t<meta name=\"twitter:data2\" content=\"3 minutos\" \/>\n<script type=\"application\/ld+json\" class=\"yoast-schema-graph\">{\"@context\":\"https:\/\/schema.org\",\"@graph\":[{\"@type\":\"NewsArticle\",\"@id\":\"https:\/\/www.gaveanews.com\/index.php\/2025\/04\/19\/jogador-do-corinthians-e-internado\/#article\",\"isPartOf\":{\"@id\":\"https:\/\/www.gaveanews.com\/index.php\/2025\/04\/19\/jogador-do-corinthians-e-internado\/\"},\"author\":{\"name\":\"Ana Teixeira\",\"@id\":\"https:\/\/www.gaveanews.com\/#\/schema\/person\/3b19f7288b0ce20372991275e4f2e6c2\"},\"headline\":\"Jogador do Corinthians \u00e9 internado\",\"datePublished\":\"2025-04-19T14:25:00+00:00\",\"mainEntityOfPage\":{\"@id\":\"https:\/\/www.gaveanews.com\/index.php\/2025\/04\/19\/jogador-do-corinthians-e-internado\/\"},\"wordCount\":377,\"commentCount\":0,\"image\":{\"@id\":\"https:\/\/www.gaveanews.com\/index.php\/2025\/04\/19\/jogador-do-corinthians-e-internado\/#primaryimage\"},\"thumbnailUrl\":\"https:\/\/www.gaveanews.com\/wp-content\/uploads\/Escudo-do-Corinthians-na-Neo-Quimica-Arena.webp\",\"articleSection\":[\"Brasileir\u00e3o\",\"Corinthians\"],\"inLanguage\":\"pt-BR\",\"potentialAction\":[{\"@type\":\"CommentAction\",\"name\":\"Comment\",\"target\":[\"https:\/\/www.gaveanews.com\/index.php\/2025\/04\/19\/jogador-do-corinthians-e-internado\/#respond\"]}],\"copyrightYear\":\"2025\",\"copyrightHolder\":{\"@id\":\"https:\/\/www.gaveanews.com\/#organization\"}},{\"@type\":\"WebPage\",\"@id\":\"https:\/\/www.gaveanews.com\/index.php\/2025\/04\/19\/jogador-do-corinthians-e-internado\/\",\"url\":\"https:\/\/www.gaveanews.com\/index.php\/2025\/04\/19\/jogador-do-corinthians-e-internado\/\",\"name\":\"Jogador do Corinthians \u00e9 internado\",\"isPartOf\":{\"@id\":\"https:\/\/www.gaveanews.com\/#website\"},\"primaryImageOfPage\":{\"@id\":\"https:\/\/www.gaveanews.com\/index.php\/2025\/04\/19\/jogador-do-corinthians-e-internado\/#primaryimage\"},\"image\":{\"@id\":\"https:\/\/www.gaveanews.com\/index.php\/2025\/04\/19\/jogador-do-corinthians-e-internado\/#primaryimage\"},\"thumbnailUrl\":\"https:\/\/www.gaveanews.com\/wp-content\/uploads\/Escudo-do-Corinthians-na-Neo-Quimica-Arena.webp\",\"datePublished\":\"2025-04-19T14:25:00+00:00\",\"author\":{\"@id\":\"https:\/\/www.gaveanews.com\/#\/schema\/person\/3b19f7288b0ce20372991275e4f2e6c2\"},\"breadcrumb\":{\"@id\":\"https:\/\/www.gaveanews.com\/index.php\/2025\/04\/19\/jogador-do-corinthians-e-internado\/#breadcrumb\"},\"inLanguage\":\"pt-BR\",\"potentialAction\":[{\"@type\":\"ReadAction\",\"target\":[\"https:\/\/www.gaveanews.com\/index.php\/2025\/04\/19\/jogador-do-corinthians-e-internado\/\"]}]},{\"@type\":\"ImageObject\",\"inLanguage\":\"pt-BR\",\"@id\":\"https:\/\/www.gaveanews.com\/index.php\/2025\/04\/19\/jogador-do-corinthians-e-internado\/#primaryimage\",\"url\":\"https:\/\/www.gaveanews.com\/wp-content\/uploads\/Escudo-do-Corinthians-na-Neo-Quimica-Arena.webp\",\"contentUrl\":\"https:\/\/www.gaveanews.com\/wp-content\/uploads\/Escudo-do-Corinthians-na-Neo-Quimica-Arena.webp\",\"width\":1440,\"height\":959,\"caption\":\"Escudo do Corinthians na N\u00e9o Qu\u00edmica Arena (Foto Reprodu\u00e7\u00e3o\/Instagram)\"},{\"@type\":\"BreadcrumbList\",\"@id\":\"https:\/\/www.gaveanews.com\/index.php\/2025\/04\/19\/jogador-do-corinthians-e-internado\/#breadcrumb\",\"itemListElement\":[{\"@type\":\"ListItem\",\"position\":1,\"name\":\"Home\",\"item\":\"https:\/\/www.gaveanews.com\/\"},{\"@type\":\"ListItem\",\"position\":2,\"name\":\"Jogador do Corinthians \u00e9 internado\"}]},{\"@type\":\"WebSite\",\"@id\":\"https:\/\/www.gaveanews.com\/#website\",\"url\":\"https:\/\/www.gaveanews.com\/\",\"name\":\"G\u00e1vea News\",\"description\":\"Veja todas as not\u00edcias sobre o Flamengo: Contrata\u00e7\u00f5es, categorias de base, resultados das partidas, tabela de classifica\u00e7\u00e3o, pr\u00f3ximos jogos!\",\"potentialAction\":[{\"@type\":\"SearchAction\",\"target\":{\"@type\":\"EntryPoint\",\"urlTemplate\":\"https:\/\/www.gaveanews.com\/?s={search_term_string}\"},\"query-input\":{\"@type\":\"PropertyValueSpecification\",\"valueRequired\":true,\"valueName\":\"search_term_string\"}}],\"inLanguage\":\"pt-BR\"},{\"@type\":\"Person\",\"@id\":\"https:\/\/www.gaveanews.com\/#\/schema\/person\/3b19f7288b0ce20372991275e4f2e6c2\",\"name\":\"Ana Teixeira\",\"image\":{\"@type\":\"ImageObject\",\"inLanguage\":\"pt-BR\",\"@id\":\"https:\/\/www.gaveanews.com\/#\/schema\/person\/image\/\",\"url\":\"https:\/\/secure.gravatar.com\/avatar\/0a73f5a5258f3fed37fc2fa641892f3f7a4748456d4d4792f9bc550e6c19e06c?s=96&d=mm&r=g\",\"contentUrl\":\"https:\/\/secure.gravatar.com\/avatar\/0a73f5a5258f3fed37fc2fa641892f3f7a4748456d4d4792f9bc550e6c19e06c?s=96&d=mm&r=g\",\"caption\":\"Ana Teixeira\"}}]}<\/script>\n<!-- \/ Yoast SEO Premium plugin. -->","yoast_head_json":{"title":"Jogador do Corinthians \u00e9 internado","robots":{"index":"index","follow":"follow","max-snippet":"max-snippet:-1","max-image-preview":"max-image-preview:large","max-video-preview":"max-video-preview:-1"},"canonical":"https:\/\/www.gaveanews.com\/index.php\/2025\/04\/19\/jogador-do-corinthians-e-internado\/","og_locale":"pt_BR","og_type":"article","og_title":"Jogador do Corinthians \u00e9 internado","og_description":"O Corinthians enfrentar\u00e1 o Sport neste s\u00e1bado (19), \u00e0s 16h, pela quinta rodada do Campeonato Brasileiro, com um desfalque importante: Talles Magno. O atacante est\u00e1 internado no hospital Vila Nova Star, em S\u00e3o Paulo, ap\u00f3s apresentar um quadro de pneumonia. O jogador de 22 anos come\u00e7ou a sentir os primeiros sintomas ao longo da semana [&hellip;]","og_url":"https:\/\/www.gaveanews.com\/index.php\/2025\/04\/19\/jogador-do-corinthians-e-internado\/","og_site_name":"G\u00e1vea News","article_publisher":"https:\/\/facebook.com\/gaveaNews\/","article_published_time":"2025-04-19T14:25:00+00:00","og_image":[{"width":1440,"height":959,"url":"https:\/\/www.gaveanews.com\/wp-content\/uploads\/Escudo-do-Corinthians-na-Neo-Quimica-Arena.webp","type":"image\/jpeg"}],"author":"Ana Teixeira","twitter_card":"summary_large_image","twitter_misc":{"Escrito por":"Ana Teixeira","Est. tempo de leitura":"3 minutos"},"schema":{"@context":"https:\/\/schema.org","@graph":[{"@type":"NewsArticle","@id":"https:\/\/www.gaveanews.com\/index.php\/2025\/04\/19\/jogador-do-corinthians-e-internado\/#article","isPartOf":{"@id":"https:\/\/www.gaveanews.com\/index.php\/2025\/04\/19\/jogador-do-corinthians-e-internado\/"},"author":{"name":"Ana Teixeira","@id":"https:\/\/www.gaveanews.com\/#\/schema\/person\/3b19f7288b0ce20372991275e4f2e6c2"},"headline":"Jogador do Corinthians \u00e9 internado","datePublished":"2025-04-19T14:25:00+00:00","mainEntityOfPage":{"@id":"https:\/\/www.gaveanews.com\/index.php\/2025\/04\/19\/jogador-do-corinthians-e-internado\/"},"wordCount":377,"commentCount":0,"image":{"@id":"https:\/\/www.gaveanews.com\/index.php\/2025\/04\/19\/jogador-do-corinthians-e-internado\/#primaryimage"},"thumbnailUrl":"https:\/\/www.gaveanews.com\/wp-content\/uploads\/Escudo-do-Corinthians-na-Neo-Quimica-Arena.webp","articleSection":["Brasileir\u00e3o","Corinthians"],"inLanguage":"pt-BR","potentialAction":[{"@type":"CommentAction","name":"Comment","target":["https:\/\/www.gaveanews.com\/index.php\/2025\/04\/19\/jogador-do-corinthians-e-internado\/#respond"]}],"copyrightYear":"2025","copyrightHolder":{"@id":"https:\/\/www.gaveanews.com\/#organization"}},{"@type":"WebPage","@id":"https:\/\/www.gaveanews.com\/index.php\/2025\/04\/19\/jogador-do-corinthians-e-internado\/","url":"https:\/\/www.gaveanews.com\/index.php\/2025\/04\/19\/jogador-do-corinthians-e-internado\/","name":"Jogador do Corinthians \u00e9 internado","isPartOf":{"@id":"https:\/\/www.gaveanews.com\/#website"},"primaryImageOfPage":{"@id":"https:\/\/www.gaveanews.com\/index.php\/2025\/04\/19\/jogador-do-corinthians-e-internado\/#primaryimage"},"image":{"@id":"https:\/\/www.gaveanews.com\/index.php\/2025\/04\/19\/jogador-do-corinthians-e-internado\/#primaryimage"},"thumbnailUrl":"https:\/\/www.gaveanews.com\/wp-content\/uploads\/Escudo-do-Corinthians-na-Neo-Quimica-Arena.webp","datePublished":"2025-04-19T14:25:00+00:00","author":{"@id":"https:\/\/www.gaveanews.com\/#\/schema\/person\/3b19f7288b0ce20372991275e4f2e6c2"},"breadcrumb":{"@id":"https:\/\/www.gaveanews.com\/index.php\/2025\/04\/19\/jogador-do-corinthians-e-internado\/#breadcrumb"},"inLanguage":"pt-BR","potentialAction":[{"@type":"ReadAction","target":["https:\/\/www.gaveanews.com\/index.php\/2025\/04\/19\/jogador-do-corinthians-e-internado\/"]}]},{"@type":"ImageObject","inLanguage":"pt-BR","@id":"https:\/\/www.gaveanews.com\/index.php\/2025\/04\/19\/jogador-do-corinthians-e-internado\/#primaryimage","url":"https:\/\/www.gaveanews.com\/wp-content\/uploads\/Escudo-do-Corinthians-na-Neo-Quimica-Arena.webp","contentUrl":"https:\/\/www.gaveanews.com\/wp-content\/uploads\/Escudo-do-Corinthians-na-Neo-Quimica-Arena.webp","width":1440,"height":959,"caption":"Escudo do Corinthians na N\u00e9o Qu\u00edmica Arena (Foto Reprodu\u00e7\u00e3o\/Instagram)"},{"@type":"BreadcrumbList","@id":"https:\/\/www.gaveanews.com\/index.php\/2025\/04\/19\/jogador-do-corinthians-e-internado\/#breadcrumb","itemListElement":[{"@type":"ListItem","position":1,"name":"Home","item":"https:\/\/www.gaveanews.com\/"},{"@type":"ListItem","position":2,"name":"Jogador do Corinthians \u00e9 internado"}]},{"@type":"WebSite","@id":"https:\/\/www.gaveanews.com\/#website","url":"https:\/\/www.gaveanews.com\/","name":"G\u00e1vea News","description":"Veja todas as not\u00edcias sobre o Flamengo: Contrata\u00e7\u00f5es, categorias de base, resultados das partidas, tabela de classifica\u00e7\u00e3o, pr\u00f3ximos jogos!","potentialAction":[{"@type":"SearchAction","target":{"@type":"EntryPoint","urlTemplate":"https:\/\/www.gaveanews.com\/?s={search_term_string}"},"query-input":{"@type":"PropertyValueSpecification","valueRequired":true,"valueName":"search_term_string"}}],"inLanguage":"pt-BR"},{"@type":"Person","@id":"https:\/\/www.gaveanews.com\/#\/schema\/person\/3b19f7288b0ce20372991275e4f2e6c2","name":"Ana Teixeira","image":{"@type":"ImageObject","inLanguage":"pt-BR","@id":"https:\/\/www.gaveanews.com\/#\/schema\/person\/image\/","url":"https:\/\/secure.gravatar.com\/avatar\/0a73f5a5258f3fed37fc2fa641892f3f7a4748456d4d4792f9bc550e6c19e06c?s=96&d=mm&r=g","contentUrl":"https:\/\/secure.gravatar.com\/avatar\/0a73f5a5258f3fed37fc2fa641892f3f7a4748456d4d4792f9bc550e6c19e06c?s=96&d=mm&r=g","caption":"Ana Teixeira"}}]}},"_links":{"self":[{"href":"https:\/\/www.gaveanews.com\/index.php\/wp-json\/wp\/v2\/posts\/255505","targetHints":{"allow":["GET"]}}],"collection":[{"href":"https:\/\/www.gaveanews.com\/index.php\/wp-json\/wp\/v2\/posts"}],"about":[{"href":"https:\/\/www.gaveanews.com\/index.php\/wp-json\/wp\/v2\/types\/post"}],"author":[{"embeddable":true,"href":"https:\/\/www.gaveanews.com\/index.php\/wp-json\/wp\/v2\/users\/30"}],"replies":[{"embeddable":true,"href":"https:\/\/www.gaveanews.com\/index.php\/wp-json\/wp\/v2\/comments?post=255505"}],"version-history":[{"count":1,"href":"https:\/\/www.gaveanews.com\/index.php\/wp-json\/wp\/v2\/posts\/255505\/revisions"}],"predecessor-version":[{"id":255506,"href":"https:\/\/www.gaveanews.com\/index.php\/wp-json\/wp\/v2\/posts\/255505\/revisions\/255506"}],"wp:featuredmedia":[{"embeddable":true,"href":"https:\/\/www.gaveanews.com\/index.php\/wp-json\/wp\/v2\/media\/154473"}],"wp:attachment":[{"href":"https:\/\/www.gaveanews.com\/index.php\/wp-json\/wp\/v2\/media?parent=255505"}],"wp:term":[{"taxonomy":"category","embeddable":true,"href":"https:\/\/www.gaveanews.com\/index.php\/wp-json\/wp\/v2\/categories?post=255505"},{"taxonomy":"post_tag","embeddable":true,"href":"https:\/\/www.gaveanews.com\/index.php\/wp-json\/wp\/v2\/tags?post=255505"}],"curies":[{"name":"wp","href":"https:\/\/api.w.org\/{rel}","templated":true}]}}