{"id":255511,"date":"2025-04-19T11:45:00","date_gmt":"2025-04-19T14:45:00","guid":{"rendered":"https:\/\/www.gaveanews.com\/?p=255511"},"modified":"2025-04-19T11:43:47","modified_gmt":"2025-04-19T14:43:47","slug":"corinthians-se-blinda-e-planeja-data-para-anunciar-novo-tecnico","status":"publish","type":"post","link":"https:\/\/www.gaveanews.com\/index.php\/2025\/04\/19\/corinthians-se-blinda-e-planeja-data-para-anunciar-novo-tecnico\/","title":{"rendered":"Corinthians se blinda e planeja data para anunciar novo t\u00e9cnico"},"content":{"rendered":"\n<p>O Corinthians vive dias de movimenta\u00e7\u00e3o intensa no CT Joaquim Grava, sobretudo nos bastidores, com o objetivo claro de definir, ainda nesta semana, o substituto de Ram\u00f3n D\u00edaz. A sa\u00edda do t\u00e9cnico argentino desencadeou uma s\u00e9rie de a\u00e7\u00f5es coordenadas entre a diretoria alvinegra, com foco total na pr\u00f3xima partida da equipe na Copa Sul-Americana, marcada para quinta-feira (25), contra o Racing (URU), fora de casa, \u00e0s 21 horas.<\/p>\n\n\n\n<h3 class=\"wp-block-heading\" id=\"h-estrategia-reservada-e-blindagem-interna\">Estrat\u00e9gia reservada e blindagem interna<\/h3>\n\n\n\n<p>O executivo de futebol Fabinho Soldado assumiu prec\u00edpuamente a responsabilidade pelas negocia\u00e7\u00f5es, optando por uma postura extremamente discreta. Conforme revelado, Soldado se isolou no centro de treinamentos, evitando inclusive o contato com membros internos do pr\u00f3prio clube. <\/p>\n\n\n\n<p>Tal decis\u00e3o foi motivada pelo desconforto gerado ap\u00f3s um contato indevido entre algu\u00e9m pr\u00f3ximo ao presidente Augusto Melo e o t\u00e9cnico Dorival J\u00fanior, antes mesmo de a sa\u00edda de Ram\u00f3n D\u00edaz ser oficializada.<\/p>\n\n\n\n<p>Ainda assim, a comunica\u00e7\u00e3o entre Soldado e Augusto Melo permanece ativa. Mesmo fora de S\u00e3o Paulo desde quinta-feira (17) por conta de um feriado em fam\u00edlia, o presidente tem tratado diretamente do tema por telefone, com retorno previsto para s\u00e1bado (19), a tempo de acompanhar a partida contra o Sport pela S\u00e9rie A do Campeonato Brasileiro.<\/p>\n\n\n\n<h2 class=\"wp-block-heading\" id=\"h-dorival-junior-plano-a-mas-nao-unico\">Dorival J\u00fanior: plano A, mas n\u00e3o \u00fanico<\/h2>\n\n\n\n<p>Dorival J\u00fanior, ex-Flamengo e Sele\u00e7\u00e3o Brasileira, \u00e9, conforme fontes internas, o nome preferido do presidente Augusto Melo. Entretanto, o clube n\u00e3o trata o treinador como \u00fanica possibilidade. A repercuss\u00e3o negativa entre torcedores, assim que o nome de Dorival ganhou for\u00e7a na imprensa, obrigou a diretoria a adotar uma abordagem mais cautelosa.<\/p>\n\n\n\n<p>\u201cQueremos algu\u00e9m grande no mercado\u201d, afirmou uma fonte ligada \u00e0 alta c\u00fapula corintiana. O objetivo \u00e9 buscar op\u00e7\u00f5es de maior impacto antes de retomar a conversa com Dorival. Esse novo perfil de an\u00e1lise inclui t\u00e9cnicos renomados, dispon\u00edveis ou que possam ser persuadidos a assumir o clube em meio \u00e0 temporada.<\/p>\n\n\n\n<h2 class=\"wp-block-heading\" id=\"h-pressao-do-calendario-e-prazo-interno\">Press\u00e3o do calend\u00e1rio e prazo interno<\/h2>\n\n\n\n<p>A urg\u00eancia \u00e9 clara. Internamente, a diretoria trabalha com a meta de anunciar o novo comandante at\u00e9 a pr\u00f3xima semana. A inten\u00e7\u00e3o, ali\u00e1s, \u00e9 que o novo t\u00e9cnico esteja j\u00e1 no banco de reservas na quinta-feira, a fim de conduzir o time na tentativa de recupera\u00e7\u00e3o no Grupo C da Sul-Americana.<\/p>\n\n\n\n<p>Enquanto isso, a equipe segue sob comando interino de Orlando Ribeiro, t\u00e9cnico do sub-20. Ele assumir\u00e1 o elenco principal no confronto com o Sport, neste s\u00e1bado (19), na Neo Qu\u00edmica Arena, enfrentando tamb\u00e9m o desafio de lidar com desfalques e um ambiente de instabilidade.<\/p>\n\n\n\n<h2 class=\"wp-block-heading\" id=\"h-clima-de-cobranca-e-expectativas-da-torcida\">Clima de cobran\u00e7a e expectativas da torcida<\/h2>\n\n\n\n<p>A recente sequ\u00eancia de maus resultados, que culminou na demiss\u00e3o de Ram\u00f3n D\u00edaz, elevou a press\u00e3o sobre a diretoria e o elenco. Nesse cen\u00e1rio, a torcida se mant\u00e9m atenta aos pr\u00f3ximos passos da gest\u00e3o, cobrando decis\u00f5es eficazes e transparentes. A escolha do novo treinador \u00e9 vista como ponto crucial para definir os rumos do Corinthians nas competi\u00e7\u00f5es que disputa em 2025.<\/p>\n\n\n\n<p><\/p>\n","protected":false},"excerpt":{"rendered":"<p>O Corinthians vive dias de movimenta\u00e7\u00e3o intensa no CT Joaquim Grava, sobretudo nos bastidores, com o objetivo claro de definir, ainda nesta semana, o substituto de Ram\u00f3n D\u00edaz. A sa\u00edda do t\u00e9cnico argentino desencadeou uma s\u00e9rie de a\u00e7\u00f5es coordenadas entre a diretoria alvinegra, com foco total na pr\u00f3xima partida da equipe na Copa Sul-Americana, marcada [&hellip;]<\/p>\n","protected":false},"author":30,"featured_media":154473,"comment_status":"open","ping_status":"closed","sticky":false,"template":"","format":"standard","meta":{"footnotes":""},"categories":[141],"tags":[],"class_list":["post-255511","post","type-post","status-publish","format-standard","has-post-thumbnail","hentry","category-corinthians"],"yoast_head":"<!-- This site is optimized with the Yoast SEO Premium plugin v24.2 (Yoast SEO v26.9) - https:\/\/yoast.com\/product\/yoast-seo-premium-wordpress\/ -->\n<title>Corinthians se blinda e planeja data para anunciar novo t\u00e9cnico<\/title>\n<meta name=\"robots\" content=\"index, follow, max-snippet:-1, max-image-preview:large, max-video-preview:-1\" \/>\n<link rel=\"canonical\" href=\"https:\/\/www.gaveanews.com\/index.php\/2025\/04\/19\/corinthians-se-blinda-e-planeja-data-para-anunciar-novo-tecnico\/\" \/>\n<meta property=\"og:locale\" content=\"pt_BR\" \/>\n<meta property=\"og:type\" content=\"article\" \/>\n<meta property=\"og:title\" content=\"Corinthians se blinda e planeja data para anunciar novo t\u00e9cnico\" \/>\n<meta property=\"og:description\" content=\"O Corinthians vive dias de movimenta\u00e7\u00e3o intensa no CT Joaquim Grava, sobretudo nos bastidores, com o objetivo claro de definir, ainda nesta semana, o substituto de Ram\u00f3n D\u00edaz. A sa\u00edda do t\u00e9cnico argentino desencadeou uma s\u00e9rie de a\u00e7\u00f5es coordenadas entre a diretoria alvinegra, com foco total na pr\u00f3xima partida da equipe na Copa Sul-Americana, marcada [&hellip;]\" \/>\n<meta property=\"og:url\" content=\"https:\/\/www.gaveanews.com\/index.php\/2025\/04\/19\/corinthians-se-blinda-e-planeja-data-para-anunciar-novo-tecnico\/\" \/>\n<meta property=\"og:site_name\" content=\"G\u00e1vea News\" \/>\n<meta property=\"article:publisher\" content=\"https:\/\/facebook.com\/gaveaNews\/\" \/>\n<meta property=\"article:published_time\" content=\"2025-04-19T14:45:00+00:00\" \/>\n<meta property=\"og:image\" content=\"https:\/\/www.gaveanews.com\/wp-content\/uploads\/Escudo-do-Corinthians-na-Neo-Quimica-Arena.webp\" \/>\n\t<meta property=\"og:image:width\" content=\"1440\" \/>\n\t<meta property=\"og:image:height\" content=\"959\" \/>\n\t<meta property=\"og:image:type\" content=\"image\/jpeg\" \/>\n<meta name=\"author\" content=\"Ana Teixeira\" \/>\n<meta name=\"twitter:card\" content=\"summary_large_image\" \/>\n<meta name=\"twitter:label1\" content=\"Escrito por\" \/>\n\t<meta name=\"twitter:data1\" content=\"Ana Teixeira\" \/>\n\t<meta name=\"twitter:label2\" content=\"Est. tempo de leitura\" \/>\n\t<meta name=\"twitter:data2\" content=\"3 minutos\" \/>\n<script type=\"application\/ld+json\" class=\"yoast-schema-graph\">{\"@context\":\"https:\/\/schema.org\",\"@graph\":[{\"@type\":\"NewsArticle\",\"@id\":\"https:\/\/www.gaveanews.com\/index.php\/2025\/04\/19\/corinthians-se-blinda-e-planeja-data-para-anunciar-novo-tecnico\/#article\",\"isPartOf\":{\"@id\":\"https:\/\/www.gaveanews.com\/index.php\/2025\/04\/19\/corinthians-se-blinda-e-planeja-data-para-anunciar-novo-tecnico\/\"},\"author\":{\"name\":\"Ana Teixeira\",\"@id\":\"https:\/\/www.gaveanews.com\/#\/schema\/person\/3b19f7288b0ce20372991275e4f2e6c2\"},\"headline\":\"Corinthians se blinda e planeja data para anunciar novo t\u00e9cnico\",\"datePublished\":\"2025-04-19T14:45:00+00:00\",\"mainEntityOfPage\":{\"@id\":\"https:\/\/www.gaveanews.com\/index.php\/2025\/04\/19\/corinthians-se-blinda-e-planeja-data-para-anunciar-novo-tecnico\/\"},\"wordCount\":537,\"commentCount\":0,\"image\":{\"@id\":\"https:\/\/www.gaveanews.com\/index.php\/2025\/04\/19\/corinthians-se-blinda-e-planeja-data-para-anunciar-novo-tecnico\/#primaryimage\"},\"thumbnailUrl\":\"https:\/\/www.gaveanews.com\/wp-content\/uploads\/Escudo-do-Corinthians-na-Neo-Quimica-Arena.webp\",\"articleSection\":[\"Corinthians\"],\"inLanguage\":\"pt-BR\",\"potentialAction\":[{\"@type\":\"CommentAction\",\"name\":\"Comment\",\"target\":[\"https:\/\/www.gaveanews.com\/index.php\/2025\/04\/19\/corinthians-se-blinda-e-planeja-data-para-anunciar-novo-tecnico\/#respond\"]}],\"copyrightYear\":\"2025\",\"copyrightHolder\":{\"@id\":\"https:\/\/www.gaveanews.com\/#organization\"}},{\"@type\":\"WebPage\",\"@id\":\"https:\/\/www.gaveanews.com\/index.php\/2025\/04\/19\/corinthians-se-blinda-e-planeja-data-para-anunciar-novo-tecnico\/\",\"url\":\"https:\/\/www.gaveanews.com\/index.php\/2025\/04\/19\/corinthians-se-blinda-e-planeja-data-para-anunciar-novo-tecnico\/\",\"name\":\"Corinthians se blinda e planeja data para anunciar novo t\u00e9cnico\",\"isPartOf\":{\"@id\":\"https:\/\/www.gaveanews.com\/#website\"},\"primaryImageOfPage\":{\"@id\":\"https:\/\/www.gaveanews.com\/index.php\/2025\/04\/19\/corinthians-se-blinda-e-planeja-data-para-anunciar-novo-tecnico\/#primaryimage\"},\"image\":{\"@id\":\"https:\/\/www.gaveanews.com\/index.php\/2025\/04\/19\/corinthians-se-blinda-e-planeja-data-para-anunciar-novo-tecnico\/#primaryimage\"},\"thumbnailUrl\":\"https:\/\/www.gaveanews.com\/wp-content\/uploads\/Escudo-do-Corinthians-na-Neo-Quimica-Arena.webp\",\"datePublished\":\"2025-04-19T14:45:00+00:00\",\"author\":{\"@id\":\"https:\/\/www.gaveanews.com\/#\/schema\/person\/3b19f7288b0ce20372991275e4f2e6c2\"},\"breadcrumb\":{\"@id\":\"https:\/\/www.gaveanews.com\/index.php\/2025\/04\/19\/corinthians-se-blinda-e-planeja-data-para-anunciar-novo-tecnico\/#breadcrumb\"},\"inLanguage\":\"pt-BR\",\"potentialAction\":[{\"@type\":\"ReadAction\",\"target\":[\"https:\/\/www.gaveanews.com\/index.php\/2025\/04\/19\/corinthians-se-blinda-e-planeja-data-para-anunciar-novo-tecnico\/\"]}]},{\"@type\":\"ImageObject\",\"inLanguage\":\"pt-BR\",\"@id\":\"https:\/\/www.gaveanews.com\/index.php\/2025\/04\/19\/corinthians-se-blinda-e-planeja-data-para-anunciar-novo-tecnico\/#primaryimage\",\"url\":\"https:\/\/www.gaveanews.com\/wp-content\/uploads\/Escudo-do-Corinthians-na-Neo-Quimica-Arena.webp\",\"contentUrl\":\"https:\/\/www.gaveanews.com\/wp-content\/uploads\/Escudo-do-Corinthians-na-Neo-Quimica-Arena.webp\",\"width\":1440,\"height\":959,\"caption\":\"Escudo do Corinthians na N\u00e9o Qu\u00edmica Arena (Foto Reprodu\u00e7\u00e3o\/Instagram)\"},{\"@type\":\"BreadcrumbList\",\"@id\":\"https:\/\/www.gaveanews.com\/index.php\/2025\/04\/19\/corinthians-se-blinda-e-planeja-data-para-anunciar-novo-tecnico\/#breadcrumb\",\"itemListElement\":[{\"@type\":\"ListItem\",\"position\":1,\"name\":\"Home\",\"item\":\"https:\/\/www.gaveanews.com\/\"},{\"@type\":\"ListItem\",\"position\":2,\"name\":\"Corinthians se blinda e planeja data para anunciar novo t\u00e9cnico\"}]},{\"@type\":\"WebSite\",\"@id\":\"https:\/\/www.gaveanews.com\/#website\",\"url\":\"https:\/\/www.gaveanews.com\/\",\"name\":\"G\u00e1vea News\",\"description\":\"Veja todas as not\u00edcias sobre o Flamengo: Contrata\u00e7\u00f5es, categorias de base, resultados das partidas, tabela de classifica\u00e7\u00e3o, pr\u00f3ximos jogos!\",\"potentialAction\":[{\"@type\":\"SearchAction\",\"target\":{\"@type\":\"EntryPoint\",\"urlTemplate\":\"https:\/\/www.gaveanews.com\/?s={search_term_string}\"},\"query-input\":{\"@type\":\"PropertyValueSpecification\",\"valueRequired\":true,\"valueName\":\"search_term_string\"}}],\"inLanguage\":\"pt-BR\"},{\"@type\":\"Person\",\"@id\":\"https:\/\/www.gaveanews.com\/#\/schema\/person\/3b19f7288b0ce20372991275e4f2e6c2\",\"name\":\"Ana Teixeira\",\"image\":{\"@type\":\"ImageObject\",\"inLanguage\":\"pt-BR\",\"@id\":\"https:\/\/www.gaveanews.com\/#\/schema\/person\/image\/\",\"url\":\"https:\/\/secure.gravatar.com\/avatar\/0a73f5a5258f3fed37fc2fa641892f3f7a4748456d4d4792f9bc550e6c19e06c?s=96&d=mm&r=g\",\"contentUrl\":\"https:\/\/secure.gravatar.com\/avatar\/0a73f5a5258f3fed37fc2fa641892f3f7a4748456d4d4792f9bc550e6c19e06c?s=96&d=mm&r=g\",\"caption\":\"Ana Teixeira\"}}]}<\/script>\n<!-- \/ Yoast SEO Premium plugin. -->","yoast_head_json":{"title":"Corinthians se blinda e planeja data para anunciar novo t\u00e9cnico","robots":{"index":"index","follow":"follow","max-snippet":"max-snippet:-1","max-image-preview":"max-image-preview:large","max-video-preview":"max-video-preview:-1"},"canonical":"https:\/\/www.gaveanews.com\/index.php\/2025\/04\/19\/corinthians-se-blinda-e-planeja-data-para-anunciar-novo-tecnico\/","og_locale":"pt_BR","og_type":"article","og_title":"Corinthians se blinda e planeja data para anunciar novo t\u00e9cnico","og_description":"O Corinthians vive dias de movimenta\u00e7\u00e3o intensa no CT Joaquim Grava, sobretudo nos bastidores, com o objetivo claro de definir, ainda nesta semana, o substituto de Ram\u00f3n D\u00edaz. A sa\u00edda do t\u00e9cnico argentino desencadeou uma s\u00e9rie de a\u00e7\u00f5es coordenadas entre a diretoria alvinegra, com foco total na pr\u00f3xima partida da equipe na Copa Sul-Americana, marcada [&hellip;]","og_url":"https:\/\/www.gaveanews.com\/index.php\/2025\/04\/19\/corinthians-se-blinda-e-planeja-data-para-anunciar-novo-tecnico\/","og_site_name":"G\u00e1vea News","article_publisher":"https:\/\/facebook.com\/gaveaNews\/","article_published_time":"2025-04-19T14:45:00+00:00","og_image":[{"width":1440,"height":959,"url":"https:\/\/www.gaveanews.com\/wp-content\/uploads\/Escudo-do-Corinthians-na-Neo-Quimica-Arena.webp","type":"image\/jpeg"}],"author":"Ana Teixeira","twitter_card":"summary_large_image","twitter_misc":{"Escrito por":"Ana Teixeira","Est. tempo de leitura":"3 minutos"},"schema":{"@context":"https:\/\/schema.org","@graph":[{"@type":"NewsArticle","@id":"https:\/\/www.gaveanews.com\/index.php\/2025\/04\/19\/corinthians-se-blinda-e-planeja-data-para-anunciar-novo-tecnico\/#article","isPartOf":{"@id":"https:\/\/www.gaveanews.com\/index.php\/2025\/04\/19\/corinthians-se-blinda-e-planeja-data-para-anunciar-novo-tecnico\/"},"author":{"name":"Ana Teixeira","@id":"https:\/\/www.gaveanews.com\/#\/schema\/person\/3b19f7288b0ce20372991275e4f2e6c2"},"headline":"Corinthians se blinda e planeja data para anunciar novo t\u00e9cnico","datePublished":"2025-04-19T14:45:00+00:00","mainEntityOfPage":{"@id":"https:\/\/www.gaveanews.com\/index.php\/2025\/04\/19\/corinthians-se-blinda-e-planeja-data-para-anunciar-novo-tecnico\/"},"wordCount":537,"commentCount":0,"image":{"@id":"https:\/\/www.gaveanews.com\/index.php\/2025\/04\/19\/corinthians-se-blinda-e-planeja-data-para-anunciar-novo-tecnico\/#primaryimage"},"thumbnailUrl":"https:\/\/www.gaveanews.com\/wp-content\/uploads\/Escudo-do-Corinthians-na-Neo-Quimica-Arena.webp","articleSection":["Corinthians"],"inLanguage":"pt-BR","potentialAction":[{"@type":"CommentAction","name":"Comment","target":["https:\/\/www.gaveanews.com\/index.php\/2025\/04\/19\/corinthians-se-blinda-e-planeja-data-para-anunciar-novo-tecnico\/#respond"]}],"copyrightYear":"2025","copyrightHolder":{"@id":"https:\/\/www.gaveanews.com\/#organization"}},{"@type":"WebPage","@id":"https:\/\/www.gaveanews.com\/index.php\/2025\/04\/19\/corinthians-se-blinda-e-planeja-data-para-anunciar-novo-tecnico\/","url":"https:\/\/www.gaveanews.com\/index.php\/2025\/04\/19\/corinthians-se-blinda-e-planeja-data-para-anunciar-novo-tecnico\/","name":"Corinthians se blinda e planeja data para anunciar novo t\u00e9cnico","isPartOf":{"@id":"https:\/\/www.gaveanews.com\/#website"},"primaryImageOfPage":{"@id":"https:\/\/www.gaveanews.com\/index.php\/2025\/04\/19\/corinthians-se-blinda-e-planeja-data-para-anunciar-novo-tecnico\/#primaryimage"},"image":{"@id":"https:\/\/www.gaveanews.com\/index.php\/2025\/04\/19\/corinthians-se-blinda-e-planeja-data-para-anunciar-novo-tecnico\/#primaryimage"},"thumbnailUrl":"https:\/\/www.gaveanews.com\/wp-content\/uploads\/Escudo-do-Corinthians-na-Neo-Quimica-Arena.webp","datePublished":"2025-04-19T14:45:00+00:00","author":{"@id":"https:\/\/www.gaveanews.com\/#\/schema\/person\/3b19f7288b0ce20372991275e4f2e6c2"},"breadcrumb":{"@id":"https:\/\/www.gaveanews.com\/index.php\/2025\/04\/19\/corinthians-se-blinda-e-planeja-data-para-anunciar-novo-tecnico\/#breadcrumb"},"inLanguage":"pt-BR","potentialAction":[{"@type":"ReadAction","target":["https:\/\/www.gaveanews.com\/index.php\/2025\/04\/19\/corinthians-se-blinda-e-planeja-data-para-anunciar-novo-tecnico\/"]}]},{"@type":"ImageObject","inLanguage":"pt-BR","@id":"https:\/\/www.gaveanews.com\/index.php\/2025\/04\/19\/corinthians-se-blinda-e-planeja-data-para-anunciar-novo-tecnico\/#primaryimage","url":"https:\/\/www.gaveanews.com\/wp-content\/uploads\/Escudo-do-Corinthians-na-Neo-Quimica-Arena.webp","contentUrl":"https:\/\/www.gaveanews.com\/wp-content\/uploads\/Escudo-do-Corinthians-na-Neo-Quimica-Arena.webp","width":1440,"height":959,"caption":"Escudo do Corinthians na N\u00e9o Qu\u00edmica Arena (Foto Reprodu\u00e7\u00e3o\/Instagram)"},{"@type":"BreadcrumbList","@id":"https:\/\/www.gaveanews.com\/index.php\/2025\/04\/19\/corinthians-se-blinda-e-planeja-data-para-anunciar-novo-tecnico\/#breadcrumb","itemListElement":[{"@type":"ListItem","position":1,"name":"Home","item":"https:\/\/www.gaveanews.com\/"},{"@type":"ListItem","position":2,"name":"Corinthians se blinda e planeja data para anunciar novo t\u00e9cnico"}]},{"@type":"WebSite","@id":"https:\/\/www.gaveanews.com\/#website","url":"https:\/\/www.gaveanews.com\/","name":"G\u00e1vea News","description":"Veja todas as not\u00edcias sobre o Flamengo: Contrata\u00e7\u00f5es, categorias de base, resultados das partidas, tabela de classifica\u00e7\u00e3o, pr\u00f3ximos jogos!","potentialAction":[{"@type":"SearchAction","target":{"@type":"EntryPoint","urlTemplate":"https:\/\/www.gaveanews.com\/?s={search_term_string}"},"query-input":{"@type":"PropertyValueSpecification","valueRequired":true,"valueName":"search_term_string"}}],"inLanguage":"pt-BR"},{"@type":"Person","@id":"https:\/\/www.gaveanews.com\/#\/schema\/person\/3b19f7288b0ce20372991275e4f2e6c2","name":"Ana Teixeira","image":{"@type":"ImageObject","inLanguage":"pt-BR","@id":"https:\/\/www.gaveanews.com\/#\/schema\/person\/image\/","url":"https:\/\/secure.gravatar.com\/avatar\/0a73f5a5258f3fed37fc2fa641892f3f7a4748456d4d4792f9bc550e6c19e06c?s=96&d=mm&r=g","contentUrl":"https:\/\/secure.gravatar.com\/avatar\/0a73f5a5258f3fed37fc2fa641892f3f7a4748456d4d4792f9bc550e6c19e06c?s=96&d=mm&r=g","caption":"Ana Teixeira"}}]}},"_links":{"self":[{"href":"https:\/\/www.gaveanews.com\/index.php\/wp-json\/wp\/v2\/posts\/255511","targetHints":{"allow":["GET"]}}],"collection":[{"href":"https:\/\/www.gaveanews.com\/index.php\/wp-json\/wp\/v2\/posts"}],"about":[{"href":"https:\/\/www.gaveanews.com\/index.php\/wp-json\/wp\/v2\/types\/post"}],"author":[{"embeddable":true,"href":"https:\/\/www.gaveanews.com\/index.php\/wp-json\/wp\/v2\/users\/30"}],"replies":[{"embeddable":true,"href":"https:\/\/www.gaveanews.com\/index.php\/wp-json\/wp\/v2\/comments?post=255511"}],"version-history":[{"count":1,"href":"https:\/\/www.gaveanews.com\/index.php\/wp-json\/wp\/v2\/posts\/255511\/revisions"}],"predecessor-version":[{"id":255514,"href":"https:\/\/www.gaveanews.com\/index.php\/wp-json\/wp\/v2\/posts\/255511\/revisions\/255514"}],"wp:featuredmedia":[{"embeddable":true,"href":"https:\/\/www.gaveanews.com\/index.php\/wp-json\/wp\/v2\/media\/154473"}],"wp:attachment":[{"href":"https:\/\/www.gaveanews.com\/index.php\/wp-json\/wp\/v2\/media?parent=255511"}],"wp:term":[{"taxonomy":"category","embeddable":true,"href":"https:\/\/www.gaveanews.com\/index.php\/wp-json\/wp\/v2\/categories?post=255511"},{"taxonomy":"post_tag","embeddable":true,"href":"https:\/\/www.gaveanews.com\/index.php\/wp-json\/wp\/v2\/tags?post=255511"}],"curies":[{"name":"wp","href":"https:\/\/api.w.org\/{rel}","templated":true}]}}