{"id":255518,"date":"2025-04-19T11:55:00","date_gmt":"2025-04-19T14:55:00","guid":{"rendered":"https:\/\/www.gaveanews.com\/?p=255518"},"modified":"2025-04-19T11:56:33","modified_gmt":"2025-04-19T14:56:33","slug":"palmeiras-tenta-encerrar-jejum-de-quase-seis-anos","status":"publish","type":"post","link":"https:\/\/www.gaveanews.com\/index.php\/2025\/04\/19\/palmeiras-tenta-encerrar-jejum-de-quase-seis-anos\/","title":{"rendered":"Palmeiras tenta encerrar jejum de quase seis anos"},"content":{"rendered":"\n<p>O Palmeiras volta a campo neste domingo (20), \u00e0s 18h30, para encarar o Fortaleza, no Castel\u00e3o, pela quinta rodada do Campeonato Brasileiro. Al\u00e9m da briga pela lideran\u00e7a da competi\u00e7\u00e3o, a partida carrega um peso hist\u00f3rico importante para o time paulista: o objetivo de encerrar um inc\u00f4modo jejum de vit\u00f3rias como visitante diante da equipe cearense.<\/p>\n\n\n\n<p>Desde a \u00faltima vit\u00f3ria em solo fortalezense, registrada em setembro de 2019 \u2014 um triunfo por 1 a 0 com gol de Willian \u2014, o Verd\u00e3o n\u00e3o conseguiu mais vencer o Le\u00e3o do Pici fora de casa. De l\u00e1 para c\u00e1, foram seis confrontos no Castel\u00e3o, sendo quatro derrotas e dois empates. <\/p>\n\n\n\n<p>\u201c\u00c9 sempre dif\u00edcil jogar l\u00e1 em Fortaleza, \u00e9 um campo dif\u00edcil. O clima tamb\u00e9m \u00e9 bastante complexo, ent\u00e3o temos que focar em trabalhar, recuperar o corpo que est\u00e1 cansado e fazer um grande jogo\u201d, comentou o zagueiro Gustavo G\u00f3mez, um dos remanescentes daquele \u00faltimo triunfo.<\/p>\n\n\n\n<p>Ali\u00e1s, do elenco que entrou em campo na ocasi\u00e3o sob o comando de Mano Menezes, apenas quatro jogadores seguem no clube: Weverton, Marcos Rocha, Gustavo G\u00f3mez e Raphael Veiga. O time daquela vit\u00f3ria foi composto por <strong>Weverton; Marcos Rocha, Gustavo G\u00f3mez, Vitor Hugo e Diogo Barbosa; Felipe Melo, Bruno Henrique e Gustavo Scarpa; Z\u00e9 Rafael (Lucas Lima), Willian (Carlos Eduardo) e Luiz Adriano (Deyverson).<\/strong><\/p>\n\n\n\n<h2 class=\"wp-block-heading\" id=\"h-campanha-solida-fora-de-casa-da-confianca\">Campanha s\u00f3lida fora de casa d\u00e1 confian\u00e7a<\/h2>\n\n\n\n<p>Apesar do tabu, o Palmeiras chega ao confronto embalado por uma sequ\u00eancia de cinco vit\u00f3rias consecutivas e uma invencibilidade de 14 jogos como visitante em 2025 \u2014 com 11 vit\u00f3rias e tr\u00eas empates. A s\u00e9rie inclui duelos pelo Campeonato Paulista, Copa Libertadores e Campeonato Brasileiro, com destaque para a vit\u00f3ria contra o Internacional, na \u00faltima quarta-feira.<\/p>\n\n\n\n<p>Esse desempenho refor\u00e7a a confian\u00e7a da equipe comandada por Abel Ferreira, que atualmente soma dez pontos na tabela, mesma pontua\u00e7\u00e3o do Flamengo, l\u00edder do torneio, mas com vantagem no saldo de gols. Portanto, uma vit\u00f3ria pode colocar o Verd\u00e3o na ponta da classifica\u00e7\u00e3o, caso o rival carioca tropece na rodada.<\/p>\n\n\n\n<h2 class=\"wp-block-heading\" id=\"h-retrospecto-desfavoravel-no-castelao\">Retrospecto desfavor\u00e1vel no Castel\u00e3o<\/h2>\n\n\n\n<p>O hist\u00f3rico do confronto no Castel\u00e3o refor\u00e7a o desafio que o Palmeiras ter\u00e1 pela frente. Ao todo, as duas equipes se enfrentaram 13 vezes com o Fortaleza como mandante, e o Verd\u00e3o venceu apenas duas: na Ta\u00e7a Brasil de 1960 e no Brasileir\u00e3o de 2019. Al\u00e9m disso, s\u00e3o cinco vit\u00f3rias do time cearense e seis empates.<\/p>\n\n\n\n<p>No \u00faltimo encontro entre os clubes na capital cearense, v\u00e1lido pela S\u00e9rie A de 2024, o Fortaleza imp\u00f4s um sonoro 3 a 0 sobre os paulistas. Lucero (duas vezes) e Bruno Pacheco marcaram os gols da vit\u00f3ria que encerrou uma sequ\u00eancia de cinco vit\u00f3rias consecutivas do Verd\u00e3o sobre o advers\u00e1rio em confrontos gerais.<\/p>\n\n\n\n<h2 class=\"wp-block-heading\" id=\"h-olho-na-tabela-e-no-planejamento\">Olho na tabela e no planejamento<\/h2>\n\n\n\n<p>Al\u00e9m do cl\u00e1ssico regional diante do Fortaleza, o Palmeiras ainda tem outro compromisso como visitante na pr\u00f3xima semana: enfrenta o Bol\u00edvar, na Bol\u00edvia, pela fase de grupos da Conmebol Libertadores. Assim sendo, o duelo no Castel\u00e3o tamb\u00e9m faz parte de uma sequ\u00eancia fora de casa que exigir\u00e1 aten\u00e7\u00e3o ao desgaste f\u00edsico e ao rod\u00edzio do elenco.<\/p>\n\n\n\n<p><\/p>\n","protected":false},"excerpt":{"rendered":"<p>O Palmeiras volta a campo neste domingo (20), \u00e0s 18h30, para encarar o Fortaleza, no Castel\u00e3o, pela quinta rodada do Campeonato Brasileiro. Al\u00e9m da briga pela lideran\u00e7a da competi\u00e7\u00e3o, a partida carrega um peso hist\u00f3rico importante para o time paulista: o objetivo de encerrar um inc\u00f4modo jejum de vit\u00f3rias como visitante diante da equipe cearense. [&hellip;]<\/p>\n","protected":false},"author":30,"featured_media":158317,"comment_status":"open","ping_status":"closed","sticky":false,"template":"","format":"standard","meta":{"footnotes":""},"categories":[133,146,150],"tags":[],"class_list":["post-255518","post","type-post","status-publish","format-standard","has-post-thumbnail","hentry","category-brasileirao","category-fortaleza","category-palmeiras"],"yoast_head":"<!-- This site is optimized with the Yoast SEO Premium plugin v24.2 (Yoast SEO v26.9) - https:\/\/yoast.com\/product\/yoast-seo-premium-wordpress\/ -->\n<title>Palmeiras tenta encerrar jejum de quase seis anos<\/title>\n<meta name=\"robots\" content=\"index, follow, max-snippet:-1, max-image-preview:large, max-video-preview:-1\" \/>\n<link rel=\"canonical\" href=\"https:\/\/www.gaveanews.com\/index.php\/2025\/04\/19\/palmeiras-tenta-encerrar-jejum-de-quase-seis-anos\/\" \/>\n<meta property=\"og:locale\" content=\"pt_BR\" \/>\n<meta property=\"og:type\" content=\"article\" \/>\n<meta property=\"og:title\" content=\"Palmeiras tenta encerrar jejum de quase seis anos\" \/>\n<meta property=\"og:description\" content=\"O Palmeiras volta a campo neste domingo (20), \u00e0s 18h30, para encarar o Fortaleza, no Castel\u00e3o, pela quinta rodada do Campeonato Brasileiro. Al\u00e9m da briga pela lideran\u00e7a da competi\u00e7\u00e3o, a partida carrega um peso hist\u00f3rico importante para o time paulista: o objetivo de encerrar um inc\u00f4modo jejum de vit\u00f3rias como visitante diante da equipe cearense. [&hellip;]\" \/>\n<meta property=\"og:url\" content=\"https:\/\/www.gaveanews.com\/index.php\/2025\/04\/19\/palmeiras-tenta-encerrar-jejum-de-quase-seis-anos\/\" \/>\n<meta property=\"og:site_name\" content=\"G\u00e1vea News\" \/>\n<meta property=\"article:publisher\" content=\"https:\/\/facebook.com\/gaveaNews\/\" \/>\n<meta property=\"article:published_time\" content=\"2025-04-19T14:55:00+00:00\" \/>\n<meta property=\"article:modified_time\" content=\"2025-04-19T14:56:33+00:00\" \/>\n<meta property=\"og:image\" content=\"http:\/\/www.gaveanews.com\/wp-content\/uploads\/Jogadores-do-Palmeiras-reunidos-durante-partida-da-Copa-do-Brasil-2024.webp\" \/>\n\t<meta property=\"og:image:width\" content=\"1187\" \/>\n\t<meta property=\"og:image:height\" content=\"792\" \/>\n\t<meta property=\"og:image:type\" content=\"image\/webp\" \/>\n<meta name=\"author\" content=\"Ana Teixeira\" \/>\n<meta name=\"twitter:card\" content=\"summary_large_image\" \/>\n<meta name=\"twitter:label1\" content=\"Escrito por\" \/>\n\t<meta name=\"twitter:data1\" content=\"Ana Teixeira\" \/>\n\t<meta name=\"twitter:label2\" content=\"Est. tempo de leitura\" \/>\n\t<meta name=\"twitter:data2\" content=\"3 minutos\" \/>\n<script type=\"application\/ld+json\" class=\"yoast-schema-graph\">{\"@context\":\"https:\/\/schema.org\",\"@graph\":[{\"@type\":\"NewsArticle\",\"@id\":\"https:\/\/www.gaveanews.com\/index.php\/2025\/04\/19\/palmeiras-tenta-encerrar-jejum-de-quase-seis-anos\/#article\",\"isPartOf\":{\"@id\":\"https:\/\/www.gaveanews.com\/index.php\/2025\/04\/19\/palmeiras-tenta-encerrar-jejum-de-quase-seis-anos\/\"},\"author\":{\"name\":\"Ana Teixeira\",\"@id\":\"https:\/\/www.gaveanews.com\/#\/schema\/person\/3b19f7288b0ce20372991275e4f2e6c2\"},\"headline\":\"Palmeiras tenta encerrar jejum de quase seis anos\",\"datePublished\":\"2025-04-19T14:55:00+00:00\",\"dateModified\":\"2025-04-19T14:56:33+00:00\",\"mainEntityOfPage\":{\"@id\":\"https:\/\/www.gaveanews.com\/index.php\/2025\/04\/19\/palmeiras-tenta-encerrar-jejum-de-quase-seis-anos\/\"},\"wordCount\":560,\"commentCount\":0,\"image\":{\"@id\":\"https:\/\/www.gaveanews.com\/index.php\/2025\/04\/19\/palmeiras-tenta-encerrar-jejum-de-quase-seis-anos\/#primaryimage\"},\"thumbnailUrl\":\"https:\/\/www.gaveanews.com\/wp-content\/uploads\/Jogadores-do-Palmeiras-reunidos-durante-partida-da-Copa-do-Brasil-2024.webp\",\"articleSection\":[\"Brasileir\u00e3o\",\"Fortaleza\",\"Palmeiras\"],\"inLanguage\":\"pt-BR\",\"potentialAction\":[{\"@type\":\"CommentAction\",\"name\":\"Comment\",\"target\":[\"https:\/\/www.gaveanews.com\/index.php\/2025\/04\/19\/palmeiras-tenta-encerrar-jejum-de-quase-seis-anos\/#respond\"]}],\"copyrightYear\":\"2025\",\"copyrightHolder\":{\"@id\":\"https:\/\/www.gaveanews.com\/#organization\"}},{\"@type\":\"WebPage\",\"@id\":\"https:\/\/www.gaveanews.com\/index.php\/2025\/04\/19\/palmeiras-tenta-encerrar-jejum-de-quase-seis-anos\/\",\"url\":\"https:\/\/www.gaveanews.com\/index.php\/2025\/04\/19\/palmeiras-tenta-encerrar-jejum-de-quase-seis-anos\/\",\"name\":\"Palmeiras tenta encerrar jejum de quase seis anos\",\"isPartOf\":{\"@id\":\"https:\/\/www.gaveanews.com\/#website\"},\"primaryImageOfPage\":{\"@id\":\"https:\/\/www.gaveanews.com\/index.php\/2025\/04\/19\/palmeiras-tenta-encerrar-jejum-de-quase-seis-anos\/#primaryimage\"},\"image\":{\"@id\":\"https:\/\/www.gaveanews.com\/index.php\/2025\/04\/19\/palmeiras-tenta-encerrar-jejum-de-quase-seis-anos\/#primaryimage\"},\"thumbnailUrl\":\"https:\/\/www.gaveanews.com\/wp-content\/uploads\/Jogadores-do-Palmeiras-reunidos-durante-partida-da-Copa-do-Brasil-2024.webp\",\"datePublished\":\"2025-04-19T14:55:00+00:00\",\"dateModified\":\"2025-04-19T14:56:33+00:00\",\"author\":{\"@id\":\"https:\/\/www.gaveanews.com\/#\/schema\/person\/3b19f7288b0ce20372991275e4f2e6c2\"},\"breadcrumb\":{\"@id\":\"https:\/\/www.gaveanews.com\/index.php\/2025\/04\/19\/palmeiras-tenta-encerrar-jejum-de-quase-seis-anos\/#breadcrumb\"},\"inLanguage\":\"pt-BR\",\"potentialAction\":[{\"@type\":\"ReadAction\",\"target\":[\"https:\/\/www.gaveanews.com\/index.php\/2025\/04\/19\/palmeiras-tenta-encerrar-jejum-de-quase-seis-anos\/\"]}]},{\"@type\":\"ImageObject\",\"inLanguage\":\"pt-BR\",\"@id\":\"https:\/\/www.gaveanews.com\/index.php\/2025\/04\/19\/palmeiras-tenta-encerrar-jejum-de-quase-seis-anos\/#primaryimage\",\"url\":\"https:\/\/www.gaveanews.com\/wp-content\/uploads\/Jogadores-do-Palmeiras-reunidos-durante-partida-da-Copa-do-Brasil-2024.webp\",\"contentUrl\":\"https:\/\/www.gaveanews.com\/wp-content\/uploads\/Jogadores-do-Palmeiras-reunidos-durante-partida-da-Copa-do-Brasil-2024.webp\",\"width\":1187,\"height\":792,\"caption\":\"Jogadores do Palmeiras reunidos durante partida da Copa do Brasil 2024 (Foto: Reprodu\u00e7\u00e3o\/Palmeiras)\"},{\"@type\":\"BreadcrumbList\",\"@id\":\"https:\/\/www.gaveanews.com\/index.php\/2025\/04\/19\/palmeiras-tenta-encerrar-jejum-de-quase-seis-anos\/#breadcrumb\",\"itemListElement\":[{\"@type\":\"ListItem\",\"position\":1,\"name\":\"Home\",\"item\":\"https:\/\/www.gaveanews.com\/\"},{\"@type\":\"ListItem\",\"position\":2,\"name\":\"Palmeiras tenta encerrar jejum de quase seis anos\"}]},{\"@type\":\"WebSite\",\"@id\":\"https:\/\/www.gaveanews.com\/#website\",\"url\":\"https:\/\/www.gaveanews.com\/\",\"name\":\"G\u00e1vea News\",\"description\":\"Veja todas as not\u00edcias sobre o Flamengo: Contrata\u00e7\u00f5es, categorias de base, resultados das partidas, tabela de classifica\u00e7\u00e3o, pr\u00f3ximos jogos!\",\"potentialAction\":[{\"@type\":\"SearchAction\",\"target\":{\"@type\":\"EntryPoint\",\"urlTemplate\":\"https:\/\/www.gaveanews.com\/?s={search_term_string}\"},\"query-input\":{\"@type\":\"PropertyValueSpecification\",\"valueRequired\":true,\"valueName\":\"search_term_string\"}}],\"inLanguage\":\"pt-BR\"},{\"@type\":\"Person\",\"@id\":\"https:\/\/www.gaveanews.com\/#\/schema\/person\/3b19f7288b0ce20372991275e4f2e6c2\",\"name\":\"Ana Teixeira\",\"image\":{\"@type\":\"ImageObject\",\"inLanguage\":\"pt-BR\",\"@id\":\"https:\/\/www.gaveanews.com\/#\/schema\/person\/image\/\",\"url\":\"https:\/\/secure.gravatar.com\/avatar\/0a73f5a5258f3fed37fc2fa641892f3f7a4748456d4d4792f9bc550e6c19e06c?s=96&d=mm&r=g\",\"contentUrl\":\"https:\/\/secure.gravatar.com\/avatar\/0a73f5a5258f3fed37fc2fa641892f3f7a4748456d4d4792f9bc550e6c19e06c?s=96&d=mm&r=g\",\"caption\":\"Ana Teixeira\"}}]}<\/script>\n<!-- \/ Yoast SEO Premium plugin. -->","yoast_head_json":{"title":"Palmeiras tenta encerrar jejum de quase seis anos","robots":{"index":"index","follow":"follow","max-snippet":"max-snippet:-1","max-image-preview":"max-image-preview:large","max-video-preview":"max-video-preview:-1"},"canonical":"https:\/\/www.gaveanews.com\/index.php\/2025\/04\/19\/palmeiras-tenta-encerrar-jejum-de-quase-seis-anos\/","og_locale":"pt_BR","og_type":"article","og_title":"Palmeiras tenta encerrar jejum de quase seis anos","og_description":"O Palmeiras volta a campo neste domingo (20), \u00e0s 18h30, para encarar o Fortaleza, no Castel\u00e3o, pela quinta rodada do Campeonato Brasileiro. Al\u00e9m da briga pela lideran\u00e7a da competi\u00e7\u00e3o, a partida carrega um peso hist\u00f3rico importante para o time paulista: o objetivo de encerrar um inc\u00f4modo jejum de vit\u00f3rias como visitante diante da equipe cearense. [&hellip;]","og_url":"https:\/\/www.gaveanews.com\/index.php\/2025\/04\/19\/palmeiras-tenta-encerrar-jejum-de-quase-seis-anos\/","og_site_name":"G\u00e1vea News","article_publisher":"https:\/\/facebook.com\/gaveaNews\/","article_published_time":"2025-04-19T14:55:00+00:00","article_modified_time":"2025-04-19T14:56:33+00:00","og_image":[{"width":1187,"height":792,"url":"http:\/\/www.gaveanews.com\/wp-content\/uploads\/Jogadores-do-Palmeiras-reunidos-durante-partida-da-Copa-do-Brasil-2024.webp","type":"image\/webp"}],"author":"Ana Teixeira","twitter_card":"summary_large_image","twitter_misc":{"Escrito por":"Ana Teixeira","Est. tempo de leitura":"3 minutos"},"schema":{"@context":"https:\/\/schema.org","@graph":[{"@type":"NewsArticle","@id":"https:\/\/www.gaveanews.com\/index.php\/2025\/04\/19\/palmeiras-tenta-encerrar-jejum-de-quase-seis-anos\/#article","isPartOf":{"@id":"https:\/\/www.gaveanews.com\/index.php\/2025\/04\/19\/palmeiras-tenta-encerrar-jejum-de-quase-seis-anos\/"},"author":{"name":"Ana Teixeira","@id":"https:\/\/www.gaveanews.com\/#\/schema\/person\/3b19f7288b0ce20372991275e4f2e6c2"},"headline":"Palmeiras tenta encerrar jejum de quase seis anos","datePublished":"2025-04-19T14:55:00+00:00","dateModified":"2025-04-19T14:56:33+00:00","mainEntityOfPage":{"@id":"https:\/\/www.gaveanews.com\/index.php\/2025\/04\/19\/palmeiras-tenta-encerrar-jejum-de-quase-seis-anos\/"},"wordCount":560,"commentCount":0,"image":{"@id":"https:\/\/www.gaveanews.com\/index.php\/2025\/04\/19\/palmeiras-tenta-encerrar-jejum-de-quase-seis-anos\/#primaryimage"},"thumbnailUrl":"https:\/\/www.gaveanews.com\/wp-content\/uploads\/Jogadores-do-Palmeiras-reunidos-durante-partida-da-Copa-do-Brasil-2024.webp","articleSection":["Brasileir\u00e3o","Fortaleza","Palmeiras"],"inLanguage":"pt-BR","potentialAction":[{"@type":"CommentAction","name":"Comment","target":["https:\/\/www.gaveanews.com\/index.php\/2025\/04\/19\/palmeiras-tenta-encerrar-jejum-de-quase-seis-anos\/#respond"]}],"copyrightYear":"2025","copyrightHolder":{"@id":"https:\/\/www.gaveanews.com\/#organization"}},{"@type":"WebPage","@id":"https:\/\/www.gaveanews.com\/index.php\/2025\/04\/19\/palmeiras-tenta-encerrar-jejum-de-quase-seis-anos\/","url":"https:\/\/www.gaveanews.com\/index.php\/2025\/04\/19\/palmeiras-tenta-encerrar-jejum-de-quase-seis-anos\/","name":"Palmeiras tenta encerrar jejum de quase seis anos","isPartOf":{"@id":"https:\/\/www.gaveanews.com\/#website"},"primaryImageOfPage":{"@id":"https:\/\/www.gaveanews.com\/index.php\/2025\/04\/19\/palmeiras-tenta-encerrar-jejum-de-quase-seis-anos\/#primaryimage"},"image":{"@id":"https:\/\/www.gaveanews.com\/index.php\/2025\/04\/19\/palmeiras-tenta-encerrar-jejum-de-quase-seis-anos\/#primaryimage"},"thumbnailUrl":"https:\/\/www.gaveanews.com\/wp-content\/uploads\/Jogadores-do-Palmeiras-reunidos-durante-partida-da-Copa-do-Brasil-2024.webp","datePublished":"2025-04-19T14:55:00+00:00","dateModified":"2025-04-19T14:56:33+00:00","author":{"@id":"https:\/\/www.gaveanews.com\/#\/schema\/person\/3b19f7288b0ce20372991275e4f2e6c2"},"breadcrumb":{"@id":"https:\/\/www.gaveanews.com\/index.php\/2025\/04\/19\/palmeiras-tenta-encerrar-jejum-de-quase-seis-anos\/#breadcrumb"},"inLanguage":"pt-BR","potentialAction":[{"@type":"ReadAction","target":["https:\/\/www.gaveanews.com\/index.php\/2025\/04\/19\/palmeiras-tenta-encerrar-jejum-de-quase-seis-anos\/"]}]},{"@type":"ImageObject","inLanguage":"pt-BR","@id":"https:\/\/www.gaveanews.com\/index.php\/2025\/04\/19\/palmeiras-tenta-encerrar-jejum-de-quase-seis-anos\/#primaryimage","url":"https:\/\/www.gaveanews.com\/wp-content\/uploads\/Jogadores-do-Palmeiras-reunidos-durante-partida-da-Copa-do-Brasil-2024.webp","contentUrl":"https:\/\/www.gaveanews.com\/wp-content\/uploads\/Jogadores-do-Palmeiras-reunidos-durante-partida-da-Copa-do-Brasil-2024.webp","width":1187,"height":792,"caption":"Jogadores do Palmeiras reunidos durante partida da Copa do Brasil 2024 (Foto: Reprodu\u00e7\u00e3o\/Palmeiras)"},{"@type":"BreadcrumbList","@id":"https:\/\/www.gaveanews.com\/index.php\/2025\/04\/19\/palmeiras-tenta-encerrar-jejum-de-quase-seis-anos\/#breadcrumb","itemListElement":[{"@type":"ListItem","position":1,"name":"Home","item":"https:\/\/www.gaveanews.com\/"},{"@type":"ListItem","position":2,"name":"Palmeiras tenta encerrar jejum de quase seis anos"}]},{"@type":"WebSite","@id":"https:\/\/www.gaveanews.com\/#website","url":"https:\/\/www.gaveanews.com\/","name":"G\u00e1vea News","description":"Veja todas as not\u00edcias sobre o Flamengo: Contrata\u00e7\u00f5es, categorias de base, resultados das partidas, tabela de classifica\u00e7\u00e3o, pr\u00f3ximos jogos!","potentialAction":[{"@type":"SearchAction","target":{"@type":"EntryPoint","urlTemplate":"https:\/\/www.gaveanews.com\/?s={search_term_string}"},"query-input":{"@type":"PropertyValueSpecification","valueRequired":true,"valueName":"search_term_string"}}],"inLanguage":"pt-BR"},{"@type":"Person","@id":"https:\/\/www.gaveanews.com\/#\/schema\/person\/3b19f7288b0ce20372991275e4f2e6c2","name":"Ana Teixeira","image":{"@type":"ImageObject","inLanguage":"pt-BR","@id":"https:\/\/www.gaveanews.com\/#\/schema\/person\/image\/","url":"https:\/\/secure.gravatar.com\/avatar\/0a73f5a5258f3fed37fc2fa641892f3f7a4748456d4d4792f9bc550e6c19e06c?s=96&d=mm&r=g","contentUrl":"https:\/\/secure.gravatar.com\/avatar\/0a73f5a5258f3fed37fc2fa641892f3f7a4748456d4d4792f9bc550e6c19e06c?s=96&d=mm&r=g","caption":"Ana Teixeira"}}]}},"_links":{"self":[{"href":"https:\/\/www.gaveanews.com\/index.php\/wp-json\/wp\/v2\/posts\/255518","targetHints":{"allow":["GET"]}}],"collection":[{"href":"https:\/\/www.gaveanews.com\/index.php\/wp-json\/wp\/v2\/posts"}],"about":[{"href":"https:\/\/www.gaveanews.com\/index.php\/wp-json\/wp\/v2\/types\/post"}],"author":[{"embeddable":true,"href":"https:\/\/www.gaveanews.com\/index.php\/wp-json\/wp\/v2\/users\/30"}],"replies":[{"embeddable":true,"href":"https:\/\/www.gaveanews.com\/index.php\/wp-json\/wp\/v2\/comments?post=255518"}],"version-history":[{"count":1,"href":"https:\/\/www.gaveanews.com\/index.php\/wp-json\/wp\/v2\/posts\/255518\/revisions"}],"predecessor-version":[{"id":255521,"href":"https:\/\/www.gaveanews.com\/index.php\/wp-json\/wp\/v2\/posts\/255518\/revisions\/255521"}],"wp:featuredmedia":[{"embeddable":true,"href":"https:\/\/www.gaveanews.com\/index.php\/wp-json\/wp\/v2\/media\/158317"}],"wp:attachment":[{"href":"https:\/\/www.gaveanews.com\/index.php\/wp-json\/wp\/v2\/media?parent=255518"}],"wp:term":[{"taxonomy":"category","embeddable":true,"href":"https:\/\/www.gaveanews.com\/index.php\/wp-json\/wp\/v2\/categories?post=255518"},{"taxonomy":"post_tag","embeddable":true,"href":"https:\/\/www.gaveanews.com\/index.php\/wp-json\/wp\/v2\/tags?post=255518"}],"curies":[{"name":"wp","href":"https:\/\/api.w.org\/{rel}","templated":true}]}}