{"id":255520,"date":"2025-04-19T12:05:00","date_gmt":"2025-04-19T15:05:00","guid":{"rendered":"https:\/\/www.gaveanews.com\/?p=255520"},"modified":"2025-04-19T11:56:31","modified_gmt":"2025-04-19T14:56:31","slug":"depois-de-brilhar-no-botafogo-jogador-reafirma-status-no-atletico-mg","status":"publish","type":"post","link":"https:\/\/www.gaveanews.com\/index.php\/2025\/04\/19\/depois-de-brilhar-no-botafogo-jogador-reafirma-status-no-atletico-mg\/","title":{"rendered":"Depois de brilhar no Botafogo, jogador reafirma status no Atl\u00e9tico-MG"},"content":{"rendered":"\n<p>Principal refor\u00e7o do Atl\u00e9tico-MG para a temporada de 2025, J\u00fanior Santos ainda n\u00e3o conseguiu corresponder ao status de estrela com o qual desembarcou em Belo Horizonte. Artilheiro da Libertadores no ano passado e pe\u00e7a-chave na campanha vitoriosa do Botafogo, o atacante chegou ao Galo com grande expectativa, mas tem enfrentado obst\u00e1culos dentro e fora de campo.<\/p>\n\n\n\n<p>A negocia\u00e7\u00e3o que trouxe o jogador para o futebol mineiro foi marcada por insist\u00eancia. A primeira investida do Atl\u00e9tico-MG girou em torno de 7 milh\u00f5es de d\u00f3lares \u2014 cerca de R$ 42 milh\u00f5es na cota\u00e7\u00e3o da \u00e9poca \u2014, mas o Botafogo recusou. <\/p>\n\n\n\n<p>O desejo do propriet\u00e1rio da SAF alvinegra, John Textor, era manter o atleta. Contudo, o Atl\u00e9tico elevou a proposta para 8 milh\u00f5es de euros (R$ 48 milh\u00f5es), incluindo contrato de tr\u00eas anos. O desejo do pr\u00f3prio J\u00fanior Santos pela transfer\u00eancia acabou sendo determinante.<\/p>\n\n\n\n<p>Antes mesmo da oficializa\u00e7\u00e3o do acerto, o diretor de futebol Victor Bagy j\u00e1 sinalizava uma chegada de impacto. \u201cTemos, sim, um nome importante em negocia\u00e7\u00e3o. Se se confirmar, acredito que vai realmente dar essa tranquilidade ao torcedor\u201d, declarou, criando expectativa em torno do novo contratado.<\/p>\n\n\n\n<p>No entanto, a trajet\u00f3ria de J\u00fanior Santos no Galo come\u00e7ou com dificuldades. Ele estreou vindo do banco no cl\u00e1ssico contra o Am\u00e9rica-MG, v\u00e1lido pela primeira fase do Campeonato Mineiro. Em seguida, teve nova entrada durante o duelo com o Villa Nova-MG. Ganhou chance como titular posteriormente, mas foi expulso e acabou ficando fora do cl\u00e1ssico contra o Cruzeiro. <\/p>\n\n\n\n<p>A primeira les\u00e3o surgiu pouco depois. Durante um treino, o atacante sofreu uma contus\u00e3o no tend\u00e3o e ficou afastado por mais de um m\u00eas. Ap\u00f3s recupera\u00e7\u00e3o, retornou na vit\u00f3ria sobre o Itabirito, desperdi\u00e7ando chances de marcar. Voltou a campo na estreia do Campeonato Brasileiro, contra o Gr\u00eamio, e tamb\u00e9m participou da partida diante do S\u00e3o Paulo. <\/p>\n\n\n\n<p>Ali\u00e1s, J\u00fanior Santos ainda n\u00e3o balan\u00e7ou as redes pelo Atl\u00e9tico-MG. Ao todo, j\u00e1 s\u00e3o sete partidas disputadas sem gols marcados. O atacante, que se destacou no Botafogo com 20 gols e quatro assist\u00eancias em 50 jogos \u2014 contribuindo diretamente para os t\u00edtulos do Campeonato Brasileiro e da Conmebol Libertadores \u2014, ainda n\u00e3o conseguiu repetir o mesmo desempenho no clube mineiro.<\/p>\n\n\n\n<p>Atualmente, o jogador est\u00e1 afastado em fun\u00e7\u00e3o de mais uma les\u00e3o muscular. Assim sendo, n\u00e3o estar\u00e1 em campo no reencontro entre Atl\u00e9tico-MG e Botafogo, que se enfrentam neste domingo (20), em um duelo que remete \u00e0 final da \u00faltima Libertadores.<\/p>\n\n\n\n<p>Conforme o tempo passa, aumenta a cobran\u00e7a por resultados concretos. &#8220;A diretoria tem que se explicar&#8221;, declarou a torcedora Carol Leandro, conhecida por ser uma das vozes mais influentes da torcida atleticana. Afinal, o investimento elevado por um jogador de destaque naturalmente gera expectativa.<\/p>\n\n\n\n<p><\/p>\n","protected":false},"excerpt":{"rendered":"<p>Principal refor\u00e7o do Atl\u00e9tico-MG para a temporada de 2025, J\u00fanior Santos ainda n\u00e3o conseguiu corresponder ao status de estrela com o qual desembarcou em Belo Horizonte. Artilheiro da Libertadores no ano passado e pe\u00e7a-chave na campanha vitoriosa do Botafogo, o atacante chegou ao Galo com grande expectativa, mas tem enfrentado obst\u00e1culos dentro e fora de [&hellip;]<\/p>\n","protected":false},"author":30,"featured_media":157061,"comment_status":"open","ping_status":"closed","sticky":false,"template":"","format":"standard","meta":{"footnotes":""},"categories":[136],"tags":[],"class_list":["post-255520","post","type-post","status-publish","format-standard","has-post-thumbnail","hentry","category-atletico-mg"],"yoast_head":"<!-- This site is optimized with the Yoast SEO Premium plugin v24.2 (Yoast SEO v26.9) - https:\/\/yoast.com\/product\/yoast-seo-premium-wordpress\/ -->\n<title>Depois de brilhar no Botafogo, jogador reafirma status no Atl\u00e9tico-MG<\/title>\n<meta name=\"robots\" content=\"index, follow, max-snippet:-1, max-image-preview:large, max-video-preview:-1\" \/>\n<link rel=\"canonical\" href=\"https:\/\/www.gaveanews.com\/index.php\/2025\/04\/19\/depois-de-brilhar-no-botafogo-jogador-reafirma-status-no-atletico-mg\/\" \/>\n<meta property=\"og:locale\" content=\"pt_BR\" \/>\n<meta property=\"og:type\" content=\"article\" \/>\n<meta property=\"og:title\" content=\"Depois de brilhar no Botafogo, jogador reafirma status no Atl\u00e9tico-MG\" \/>\n<meta property=\"og:description\" content=\"Principal refor\u00e7o do Atl\u00e9tico-MG para a temporada de 2025, J\u00fanior Santos ainda n\u00e3o conseguiu corresponder ao status de estrela com o qual desembarcou em Belo Horizonte. Artilheiro da Libertadores no ano passado e pe\u00e7a-chave na campanha vitoriosa do Botafogo, o atacante chegou ao Galo com grande expectativa, mas tem enfrentado obst\u00e1culos dentro e fora de [&hellip;]\" \/>\n<meta property=\"og:url\" content=\"https:\/\/www.gaveanews.com\/index.php\/2025\/04\/19\/depois-de-brilhar-no-botafogo-jogador-reafirma-status-no-atletico-mg\/\" \/>\n<meta property=\"og:site_name\" content=\"G\u00e1vea News\" \/>\n<meta property=\"article:publisher\" content=\"https:\/\/facebook.com\/gaveaNews\/\" \/>\n<meta property=\"article:published_time\" content=\"2025-04-19T15:05:00+00:00\" \/>\n<meta property=\"og:image\" content=\"https:\/\/www.gaveanews.com\/wp-content\/uploads\/Camisa-do-Atletico-MG.webp\" \/>\n\t<meta property=\"og:image:width\" content=\"1080\" \/>\n\t<meta property=\"og:image:height\" content=\"720\" \/>\n\t<meta property=\"og:image:type\" content=\"image\/webp\" \/>\n<meta name=\"author\" content=\"Ana Teixeira\" \/>\n<meta name=\"twitter:card\" content=\"summary_large_image\" \/>\n<meta name=\"twitter:label1\" content=\"Escrito por\" \/>\n\t<meta name=\"twitter:data1\" content=\"Ana Teixeira\" \/>\n\t<meta name=\"twitter:label2\" content=\"Est. tempo de leitura\" \/>\n\t<meta name=\"twitter:data2\" content=\"3 minutos\" \/>\n<script type=\"application\/ld+json\" class=\"yoast-schema-graph\">{\"@context\":\"https:\/\/schema.org\",\"@graph\":[{\"@type\":\"NewsArticle\",\"@id\":\"https:\/\/www.gaveanews.com\/index.php\/2025\/04\/19\/depois-de-brilhar-no-botafogo-jogador-reafirma-status-no-atletico-mg\/#article\",\"isPartOf\":{\"@id\":\"https:\/\/www.gaveanews.com\/index.php\/2025\/04\/19\/depois-de-brilhar-no-botafogo-jogador-reafirma-status-no-atletico-mg\/\"},\"author\":{\"name\":\"Ana Teixeira\",\"@id\":\"https:\/\/www.gaveanews.com\/#\/schema\/person\/3b19f7288b0ce20372991275e4f2e6c2\"},\"headline\":\"Depois de brilhar no Botafogo, jogador reafirma status no Atl\u00e9tico-MG\",\"datePublished\":\"2025-04-19T15:05:00+00:00\",\"mainEntityOfPage\":{\"@id\":\"https:\/\/www.gaveanews.com\/index.php\/2025\/04\/19\/depois-de-brilhar-no-botafogo-jogador-reafirma-status-no-atletico-mg\/\"},\"wordCount\":497,\"commentCount\":0,\"image\":{\"@id\":\"https:\/\/www.gaveanews.com\/index.php\/2025\/04\/19\/depois-de-brilhar-no-botafogo-jogador-reafirma-status-no-atletico-mg\/#primaryimage\"},\"thumbnailUrl\":\"https:\/\/www.gaveanews.com\/wp-content\/uploads\/Camisa-do-Atletico-MG.webp\",\"articleSection\":[\"Atl\u00e9tico-MG\"],\"inLanguage\":\"pt-BR\",\"potentialAction\":[{\"@type\":\"CommentAction\",\"name\":\"Comment\",\"target\":[\"https:\/\/www.gaveanews.com\/index.php\/2025\/04\/19\/depois-de-brilhar-no-botafogo-jogador-reafirma-status-no-atletico-mg\/#respond\"]}],\"copyrightYear\":\"2025\",\"copyrightHolder\":{\"@id\":\"https:\/\/www.gaveanews.com\/#organization\"}},{\"@type\":\"WebPage\",\"@id\":\"https:\/\/www.gaveanews.com\/index.php\/2025\/04\/19\/depois-de-brilhar-no-botafogo-jogador-reafirma-status-no-atletico-mg\/\",\"url\":\"https:\/\/www.gaveanews.com\/index.php\/2025\/04\/19\/depois-de-brilhar-no-botafogo-jogador-reafirma-status-no-atletico-mg\/\",\"name\":\"Depois de brilhar no Botafogo, jogador reafirma status no Atl\u00e9tico-MG\",\"isPartOf\":{\"@id\":\"https:\/\/www.gaveanews.com\/#website\"},\"primaryImageOfPage\":{\"@id\":\"https:\/\/www.gaveanews.com\/index.php\/2025\/04\/19\/depois-de-brilhar-no-botafogo-jogador-reafirma-status-no-atletico-mg\/#primaryimage\"},\"image\":{\"@id\":\"https:\/\/www.gaveanews.com\/index.php\/2025\/04\/19\/depois-de-brilhar-no-botafogo-jogador-reafirma-status-no-atletico-mg\/#primaryimage\"},\"thumbnailUrl\":\"https:\/\/www.gaveanews.com\/wp-content\/uploads\/Camisa-do-Atletico-MG.webp\",\"datePublished\":\"2025-04-19T15:05:00+00:00\",\"author\":{\"@id\":\"https:\/\/www.gaveanews.com\/#\/schema\/person\/3b19f7288b0ce20372991275e4f2e6c2\"},\"breadcrumb\":{\"@id\":\"https:\/\/www.gaveanews.com\/index.php\/2025\/04\/19\/depois-de-brilhar-no-botafogo-jogador-reafirma-status-no-atletico-mg\/#breadcrumb\"},\"inLanguage\":\"pt-BR\",\"potentialAction\":[{\"@type\":\"ReadAction\",\"target\":[\"https:\/\/www.gaveanews.com\/index.php\/2025\/04\/19\/depois-de-brilhar-no-botafogo-jogador-reafirma-status-no-atletico-mg\/\"]}]},{\"@type\":\"ImageObject\",\"inLanguage\":\"pt-BR\",\"@id\":\"https:\/\/www.gaveanews.com\/index.php\/2025\/04\/19\/depois-de-brilhar-no-botafogo-jogador-reafirma-status-no-atletico-mg\/#primaryimage\",\"url\":\"https:\/\/www.gaveanews.com\/wp-content\/uploads\/Camisa-do-Atletico-MG.webp\",\"contentUrl\":\"https:\/\/www.gaveanews.com\/wp-content\/uploads\/Camisa-do-Atletico-MG.webp\",\"width\":1080,\"height\":720,\"caption\":\"Camisa do Atl\u00e9tico-MG (Foto: Reprodu\u00e7\u00e3o\/Instagram)\"},{\"@type\":\"BreadcrumbList\",\"@id\":\"https:\/\/www.gaveanews.com\/index.php\/2025\/04\/19\/depois-de-brilhar-no-botafogo-jogador-reafirma-status-no-atletico-mg\/#breadcrumb\",\"itemListElement\":[{\"@type\":\"ListItem\",\"position\":1,\"name\":\"Home\",\"item\":\"https:\/\/www.gaveanews.com\/\"},{\"@type\":\"ListItem\",\"position\":2,\"name\":\"Depois de brilhar no Botafogo, jogador reafirma status no Atl\u00e9tico-MG\"}]},{\"@type\":\"WebSite\",\"@id\":\"https:\/\/www.gaveanews.com\/#website\",\"url\":\"https:\/\/www.gaveanews.com\/\",\"name\":\"G\u00e1vea News\",\"description\":\"Veja todas as not\u00edcias sobre o Flamengo: Contrata\u00e7\u00f5es, categorias de base, resultados das partidas, tabela de classifica\u00e7\u00e3o, pr\u00f3ximos jogos!\",\"potentialAction\":[{\"@type\":\"SearchAction\",\"target\":{\"@type\":\"EntryPoint\",\"urlTemplate\":\"https:\/\/www.gaveanews.com\/?s={search_term_string}\"},\"query-input\":{\"@type\":\"PropertyValueSpecification\",\"valueRequired\":true,\"valueName\":\"search_term_string\"}}],\"inLanguage\":\"pt-BR\"},{\"@type\":\"Person\",\"@id\":\"https:\/\/www.gaveanews.com\/#\/schema\/person\/3b19f7288b0ce20372991275e4f2e6c2\",\"name\":\"Ana Teixeira\",\"image\":{\"@type\":\"ImageObject\",\"inLanguage\":\"pt-BR\",\"@id\":\"https:\/\/www.gaveanews.com\/#\/schema\/person\/image\/\",\"url\":\"https:\/\/secure.gravatar.com\/avatar\/0a73f5a5258f3fed37fc2fa641892f3f7a4748456d4d4792f9bc550e6c19e06c?s=96&d=mm&r=g\",\"contentUrl\":\"https:\/\/secure.gravatar.com\/avatar\/0a73f5a5258f3fed37fc2fa641892f3f7a4748456d4d4792f9bc550e6c19e06c?s=96&d=mm&r=g\",\"caption\":\"Ana Teixeira\"}}]}<\/script>\n<!-- \/ Yoast SEO Premium plugin. -->","yoast_head_json":{"title":"Depois de brilhar no Botafogo, jogador reafirma status no Atl\u00e9tico-MG","robots":{"index":"index","follow":"follow","max-snippet":"max-snippet:-1","max-image-preview":"max-image-preview:large","max-video-preview":"max-video-preview:-1"},"canonical":"https:\/\/www.gaveanews.com\/index.php\/2025\/04\/19\/depois-de-brilhar-no-botafogo-jogador-reafirma-status-no-atletico-mg\/","og_locale":"pt_BR","og_type":"article","og_title":"Depois de brilhar no Botafogo, jogador reafirma status no Atl\u00e9tico-MG","og_description":"Principal refor\u00e7o do Atl\u00e9tico-MG para a temporada de 2025, J\u00fanior Santos ainda n\u00e3o conseguiu corresponder ao status de estrela com o qual desembarcou em Belo Horizonte. Artilheiro da Libertadores no ano passado e pe\u00e7a-chave na campanha vitoriosa do Botafogo, o atacante chegou ao Galo com grande expectativa, mas tem enfrentado obst\u00e1culos dentro e fora de [&hellip;]","og_url":"https:\/\/www.gaveanews.com\/index.php\/2025\/04\/19\/depois-de-brilhar-no-botafogo-jogador-reafirma-status-no-atletico-mg\/","og_site_name":"G\u00e1vea News","article_publisher":"https:\/\/facebook.com\/gaveaNews\/","article_published_time":"2025-04-19T15:05:00+00:00","og_image":[{"width":1080,"height":720,"url":"https:\/\/www.gaveanews.com\/wp-content\/uploads\/Camisa-do-Atletico-MG.webp","type":"image\/webp"}],"author":"Ana Teixeira","twitter_card":"summary_large_image","twitter_misc":{"Escrito por":"Ana Teixeira","Est. tempo de leitura":"3 minutos"},"schema":{"@context":"https:\/\/schema.org","@graph":[{"@type":"NewsArticle","@id":"https:\/\/www.gaveanews.com\/index.php\/2025\/04\/19\/depois-de-brilhar-no-botafogo-jogador-reafirma-status-no-atletico-mg\/#article","isPartOf":{"@id":"https:\/\/www.gaveanews.com\/index.php\/2025\/04\/19\/depois-de-brilhar-no-botafogo-jogador-reafirma-status-no-atletico-mg\/"},"author":{"name":"Ana Teixeira","@id":"https:\/\/www.gaveanews.com\/#\/schema\/person\/3b19f7288b0ce20372991275e4f2e6c2"},"headline":"Depois de brilhar no Botafogo, jogador reafirma status no Atl\u00e9tico-MG","datePublished":"2025-04-19T15:05:00+00:00","mainEntityOfPage":{"@id":"https:\/\/www.gaveanews.com\/index.php\/2025\/04\/19\/depois-de-brilhar-no-botafogo-jogador-reafirma-status-no-atletico-mg\/"},"wordCount":497,"commentCount":0,"image":{"@id":"https:\/\/www.gaveanews.com\/index.php\/2025\/04\/19\/depois-de-brilhar-no-botafogo-jogador-reafirma-status-no-atletico-mg\/#primaryimage"},"thumbnailUrl":"https:\/\/www.gaveanews.com\/wp-content\/uploads\/Camisa-do-Atletico-MG.webp","articleSection":["Atl\u00e9tico-MG"],"inLanguage":"pt-BR","potentialAction":[{"@type":"CommentAction","name":"Comment","target":["https:\/\/www.gaveanews.com\/index.php\/2025\/04\/19\/depois-de-brilhar-no-botafogo-jogador-reafirma-status-no-atletico-mg\/#respond"]}],"copyrightYear":"2025","copyrightHolder":{"@id":"https:\/\/www.gaveanews.com\/#organization"}},{"@type":"WebPage","@id":"https:\/\/www.gaveanews.com\/index.php\/2025\/04\/19\/depois-de-brilhar-no-botafogo-jogador-reafirma-status-no-atletico-mg\/","url":"https:\/\/www.gaveanews.com\/index.php\/2025\/04\/19\/depois-de-brilhar-no-botafogo-jogador-reafirma-status-no-atletico-mg\/","name":"Depois de brilhar no Botafogo, jogador reafirma status no Atl\u00e9tico-MG","isPartOf":{"@id":"https:\/\/www.gaveanews.com\/#website"},"primaryImageOfPage":{"@id":"https:\/\/www.gaveanews.com\/index.php\/2025\/04\/19\/depois-de-brilhar-no-botafogo-jogador-reafirma-status-no-atletico-mg\/#primaryimage"},"image":{"@id":"https:\/\/www.gaveanews.com\/index.php\/2025\/04\/19\/depois-de-brilhar-no-botafogo-jogador-reafirma-status-no-atletico-mg\/#primaryimage"},"thumbnailUrl":"https:\/\/www.gaveanews.com\/wp-content\/uploads\/Camisa-do-Atletico-MG.webp","datePublished":"2025-04-19T15:05:00+00:00","author":{"@id":"https:\/\/www.gaveanews.com\/#\/schema\/person\/3b19f7288b0ce20372991275e4f2e6c2"},"breadcrumb":{"@id":"https:\/\/www.gaveanews.com\/index.php\/2025\/04\/19\/depois-de-brilhar-no-botafogo-jogador-reafirma-status-no-atletico-mg\/#breadcrumb"},"inLanguage":"pt-BR","potentialAction":[{"@type":"ReadAction","target":["https:\/\/www.gaveanews.com\/index.php\/2025\/04\/19\/depois-de-brilhar-no-botafogo-jogador-reafirma-status-no-atletico-mg\/"]}]},{"@type":"ImageObject","inLanguage":"pt-BR","@id":"https:\/\/www.gaveanews.com\/index.php\/2025\/04\/19\/depois-de-brilhar-no-botafogo-jogador-reafirma-status-no-atletico-mg\/#primaryimage","url":"https:\/\/www.gaveanews.com\/wp-content\/uploads\/Camisa-do-Atletico-MG.webp","contentUrl":"https:\/\/www.gaveanews.com\/wp-content\/uploads\/Camisa-do-Atletico-MG.webp","width":1080,"height":720,"caption":"Camisa do Atl\u00e9tico-MG (Foto: Reprodu\u00e7\u00e3o\/Instagram)"},{"@type":"BreadcrumbList","@id":"https:\/\/www.gaveanews.com\/index.php\/2025\/04\/19\/depois-de-brilhar-no-botafogo-jogador-reafirma-status-no-atletico-mg\/#breadcrumb","itemListElement":[{"@type":"ListItem","position":1,"name":"Home","item":"https:\/\/www.gaveanews.com\/"},{"@type":"ListItem","position":2,"name":"Depois de brilhar no Botafogo, jogador reafirma status no Atl\u00e9tico-MG"}]},{"@type":"WebSite","@id":"https:\/\/www.gaveanews.com\/#website","url":"https:\/\/www.gaveanews.com\/","name":"G\u00e1vea News","description":"Veja todas as not\u00edcias sobre o Flamengo: Contrata\u00e7\u00f5es, categorias de base, resultados das partidas, tabela de classifica\u00e7\u00e3o, pr\u00f3ximos jogos!","potentialAction":[{"@type":"SearchAction","target":{"@type":"EntryPoint","urlTemplate":"https:\/\/www.gaveanews.com\/?s={search_term_string}"},"query-input":{"@type":"PropertyValueSpecification","valueRequired":true,"valueName":"search_term_string"}}],"inLanguage":"pt-BR"},{"@type":"Person","@id":"https:\/\/www.gaveanews.com\/#\/schema\/person\/3b19f7288b0ce20372991275e4f2e6c2","name":"Ana Teixeira","image":{"@type":"ImageObject","inLanguage":"pt-BR","@id":"https:\/\/www.gaveanews.com\/#\/schema\/person\/image\/","url":"https:\/\/secure.gravatar.com\/avatar\/0a73f5a5258f3fed37fc2fa641892f3f7a4748456d4d4792f9bc550e6c19e06c?s=96&d=mm&r=g","contentUrl":"https:\/\/secure.gravatar.com\/avatar\/0a73f5a5258f3fed37fc2fa641892f3f7a4748456d4d4792f9bc550e6c19e06c?s=96&d=mm&r=g","caption":"Ana Teixeira"}}]}},"_links":{"self":[{"href":"https:\/\/www.gaveanews.com\/index.php\/wp-json\/wp\/v2\/posts\/255520","targetHints":{"allow":["GET"]}}],"collection":[{"href":"https:\/\/www.gaveanews.com\/index.php\/wp-json\/wp\/v2\/posts"}],"about":[{"href":"https:\/\/www.gaveanews.com\/index.php\/wp-json\/wp\/v2\/types\/post"}],"author":[{"embeddable":true,"href":"https:\/\/www.gaveanews.com\/index.php\/wp-json\/wp\/v2\/users\/30"}],"replies":[{"embeddable":true,"href":"https:\/\/www.gaveanews.com\/index.php\/wp-json\/wp\/v2\/comments?post=255520"}],"version-history":[{"count":1,"href":"https:\/\/www.gaveanews.com\/index.php\/wp-json\/wp\/v2\/posts\/255520\/revisions"}],"predecessor-version":[{"id":255523,"href":"https:\/\/www.gaveanews.com\/index.php\/wp-json\/wp\/v2\/posts\/255520\/revisions\/255523"}],"wp:featuredmedia":[{"embeddable":true,"href":"https:\/\/www.gaveanews.com\/index.php\/wp-json\/wp\/v2\/media\/157061"}],"wp:attachment":[{"href":"https:\/\/www.gaveanews.com\/index.php\/wp-json\/wp\/v2\/media?parent=255520"}],"wp:term":[{"taxonomy":"category","embeddable":true,"href":"https:\/\/www.gaveanews.com\/index.php\/wp-json\/wp\/v2\/categories?post=255520"},{"taxonomy":"post_tag","embeddable":true,"href":"https:\/\/www.gaveanews.com\/index.php\/wp-json\/wp\/v2\/tags?post=255520"}],"curies":[{"name":"wp","href":"https:\/\/api.w.org\/{rel}","templated":true}]}}