{"id":255524,"date":"2025-04-19T12:15:00","date_gmt":"2025-04-19T15:15:00","guid":{"rendered":"https:\/\/www.gaveanews.com\/?p=255524"},"modified":"2025-04-19T12:05:26","modified_gmt":"2025-04-19T15:05:26","slug":"comite-de-arbitragem-da-cbf-condena-decisoes-recentes-em-jogos-nacionais","status":"publish","type":"post","link":"https:\/\/www.gaveanews.com\/index.php\/2025\/04\/19\/comite-de-arbitragem-da-cbf-condena-decisoes-recentes-em-jogos-nacionais\/","title":{"rendered":"Comit\u00ea de arbitragem da CBF condena decis\u00f5es recentes em jogos nacionais"},"content":{"rendered":"\n<p>O Comit\u00ea Consultivo de Especialistas Internacionais (CCEI) da Confedera\u00e7\u00e3o Brasileira de Futebol (CBF) formalizou uma mudan\u00e7a relevante nas orienta\u00e7\u00f5es aos \u00e1rbitros que atuam no Campeonato Brasileiro. A nova diretriz recomenda que infra\u00e7\u00f5es n\u00e3o sejam mais marcadas em lances com &#8220;contato sutil&#8221;, tanto em jogadas de falta quanto em situa\u00e7\u00f5es de p\u00eanalti.<\/p>\n\n\n\n<p>A medida surge como resposta a diversos lances pol\u00eamicos observados nas tr\u00eas primeiras rodadas da S\u00e9rie A de 2025. O comit\u00ea, composto pelos ex-\u00e1rbitros Sandro Meira Ricci, Nicola Rizolli e N\u00e9stor Pitana, foi institu\u00eddo com o objetivo de se posicionar acima da atual Comiss\u00e3o de Arbitragem e ditar diretrizes t\u00e9cnicas de maior amplitude. Conforme explicado, essas diretrizes devem nortear a conduta da equipe de arbitragem e do VAR.<\/p>\n\n\n\n<p>Ali\u00e1s, a recomenda\u00e7\u00e3o se baseia na constata\u00e7\u00e3o de que o futebol \u00e9, por natureza, um esporte de contato f\u00edsico e que nem todo toque deve ser interpretado como infra\u00e7\u00e3o. \u201cO jogo produz disputas interpretativas e, no caso desse lance espec\u00edfico, o contato entre os atletas, seja nas costas ou abaixo, \u00e9 resultado de a\u00e7\u00f5es normais da partida\u201d, avaliou o comit\u00ea em um de seus pareceres.<\/p>\n\n\n\n<p>Entre os casos analisados pelo CCEI est\u00e1 o p\u00eanalti marcado em Raphael Veiga, do Palmeiras, contra o Sport. Para os especialistas, o defensor tocou primeiro na bola, e o contato subsequente foi acidental, sem movimento adicional que justificasse a penalidade. <\/p>\n\n\n\n<p>\u201cConsequentemente, a bola atinge a perna direita do atacante, desequilibrando-o e causando a queda. Uma situa\u00e7\u00e3o clara para o aux\u00edlio do \u00c1rbitro Assistente de V\u00eddeo\u201d, destacaram.<\/p>\n\n\n\n<p>Em outro exemplo, a expuls\u00e3o do zagueiro Jonathan Jesus, do Cruzeiro, diante do Internacional, tamb\u00e9m foi reavaliada. O comit\u00ea concluiu que o toque que originou o cart\u00e3o vermelho decorreu de uma disputa normal pela bola. O \u00e1rbitro Marcelo Lima Henrique e a equipe de VAR foram afastados pela CBF ap\u00f3s o epis\u00f3dio, assim como ocorreu no lance de Veiga.<\/p>\n\n\n\n<p>Surpreendentemente, mesmo em jogadas com intensidade mais elevada, como no caso do gol do Vasco marcado por Vegetti ap\u00f3s um empurr\u00e3o com o bra\u00e7o direito no defensor do Sport, os especialistas n\u00e3o recomendaram a marca\u00e7\u00e3o de falta. <\/p>\n\n\n\n<p>\u201cO atacante usa o bra\u00e7o na busca por espa\u00e7o e refer\u00eancia, o que tende a dificultar o salto do advers\u00e1rio, mas n\u00e3o configura uma infra\u00e7\u00e3o clara\u201d, explicaram.<\/p>\n\n\n\n<p>Ainda assim, o comit\u00ea refor\u00e7a que a interpreta\u00e7\u00e3o deve prezar pela uniformidade, especialmente em lances a\u00e9reos na \u00e1rea. Dessa forma, a mesma jogada, caso invertida entre atacante e defensor, tamb\u00e9m poderia n\u00e3o resultar em penalidade, desde que o crit\u00e9rio seja mantido.<\/p>\n\n\n\n<h2 class=\"wp-block-heading\" id=\"h-lance-de-gerson\">Lance de Gerson<\/h2>\n\n\n\n<p>Outra situa\u00e7\u00e3o reavaliada foi o toque de m\u00e3o de Gerson, do Flamengo, em partida recente. O comit\u00ea entendeu que o toque foi inesperado e que o bra\u00e7o do jogador estava em posi\u00e7\u00e3o natural, descartando qualquer possibilidade de infra\u00e7\u00e3o.<\/p>\n\n\n\n<p>Embora a Comiss\u00e3o de Arbitragem, presidida por Rodrigo Martins Cintra, n\u00e3o tenha emitido posicionamento oficial sobre os pareceres, a CBF deixa evidente que os novos crit\u00e9rios refletem um esfor\u00e7o por maior coer\u00eancia nas decis\u00f5es de campo. Afinal, a nova linha de conduta busca reduzir a subjetividade nas decis\u00f5es, principalmente em jogadas que envolvem toques m\u00ednimos.<\/p>\n\n\n\n<p><\/p>\n","protected":false},"excerpt":{"rendered":"<p>O Comit\u00ea Consultivo de Especialistas Internacionais (CCEI) da Confedera\u00e7\u00e3o Brasileira de Futebol (CBF) formalizou uma mudan\u00e7a relevante nas orienta\u00e7\u00f5es aos \u00e1rbitros que atuam no Campeonato Brasileiro. A nova diretriz recomenda que infra\u00e7\u00f5es n\u00e3o sejam mais marcadas em lances com &#8220;contato sutil&#8221;, tanto em jogadas de falta quanto em situa\u00e7\u00f5es de p\u00eanalti. A medida surge como [&hellip;]<\/p>\n","protected":false},"author":30,"featured_media":172597,"comment_status":"open","ping_status":"closed","sticky":false,"template":"","format":"standard","meta":{"footnotes":""},"categories":[478,133],"tags":[],"class_list":["post-255524","post","type-post","status-publish","format-standard","has-post-thumbnail","hentry","category-brasil","category-brasileirao"],"yoast_head":"<!-- This site is optimized with the Yoast SEO Premium plugin v24.2 (Yoast SEO v26.9) - https:\/\/yoast.com\/product\/yoast-seo-premium-wordpress\/ -->\n<title>Comit\u00ea de arbitragem da CBF condena decis\u00f5es recentes em jogos nacionais<\/title>\n<meta name=\"robots\" content=\"index, follow, max-snippet:-1, max-image-preview:large, max-video-preview:-1\" \/>\n<link rel=\"canonical\" href=\"https:\/\/www.gaveanews.com\/index.php\/2025\/04\/19\/comite-de-arbitragem-da-cbf-condena-decisoes-recentes-em-jogos-nacionais\/\" \/>\n<meta property=\"og:locale\" content=\"pt_BR\" \/>\n<meta property=\"og:type\" content=\"article\" \/>\n<meta property=\"og:title\" content=\"Comit\u00ea de arbitragem da CBF condena decis\u00f5es recentes em jogos nacionais\" \/>\n<meta property=\"og:description\" content=\"O Comit\u00ea Consultivo de Especialistas Internacionais (CCEI) da Confedera\u00e7\u00e3o Brasileira de Futebol (CBF) formalizou uma mudan\u00e7a relevante nas orienta\u00e7\u00f5es aos \u00e1rbitros que atuam no Campeonato Brasileiro. A nova diretriz recomenda que infra\u00e7\u00f5es n\u00e3o sejam mais marcadas em lances com &#8220;contato sutil&#8221;, tanto em jogadas de falta quanto em situa\u00e7\u00f5es de p\u00eanalti. A medida surge como [&hellip;]\" \/>\n<meta property=\"og:url\" content=\"https:\/\/www.gaveanews.com\/index.php\/2025\/04\/19\/comite-de-arbitragem-da-cbf-condena-decisoes-recentes-em-jogos-nacionais\/\" \/>\n<meta property=\"og:site_name\" content=\"G\u00e1vea News\" \/>\n<meta property=\"article:publisher\" content=\"https:\/\/facebook.com\/gaveaNews\/\" \/>\n<meta property=\"article:published_time\" content=\"2025-04-19T15:15:00+00:00\" \/>\n<meta property=\"og:image\" content=\"https:\/\/www.gaveanews.com\/wp-content\/uploads\/Escudo-da-CBF.webp\" \/>\n\t<meta property=\"og:image:width\" content=\"1350\" \/>\n\t<meta property=\"og:image:height\" content=\"900\" \/>\n\t<meta property=\"og:image:type\" content=\"image\/webp\" \/>\n<meta name=\"author\" content=\"Ana Teixeira\" \/>\n<meta name=\"twitter:card\" content=\"summary_large_image\" \/>\n<meta name=\"twitter:label1\" content=\"Escrito por\" \/>\n\t<meta name=\"twitter:data1\" content=\"Ana Teixeira\" \/>\n\t<meta name=\"twitter:label2\" content=\"Est. tempo de leitura\" \/>\n\t<meta name=\"twitter:data2\" content=\"4 minutos\" \/>\n<script type=\"application\/ld+json\" class=\"yoast-schema-graph\">{\"@context\":\"https:\/\/schema.org\",\"@graph\":[{\"@type\":\"NewsArticle\",\"@id\":\"https:\/\/www.gaveanews.com\/index.php\/2025\/04\/19\/comite-de-arbitragem-da-cbf-condena-decisoes-recentes-em-jogos-nacionais\/#article\",\"isPartOf\":{\"@id\":\"https:\/\/www.gaveanews.com\/index.php\/2025\/04\/19\/comite-de-arbitragem-da-cbf-condena-decisoes-recentes-em-jogos-nacionais\/\"},\"author\":{\"name\":\"Ana Teixeira\",\"@id\":\"https:\/\/www.gaveanews.com\/#\/schema\/person\/3b19f7288b0ce20372991275e4f2e6c2\"},\"headline\":\"Comit\u00ea de arbitragem da CBF condena decis\u00f5es recentes em jogos nacionais\",\"datePublished\":\"2025-04-19T15:15:00+00:00\",\"mainEntityOfPage\":{\"@id\":\"https:\/\/www.gaveanews.com\/index.php\/2025\/04\/19\/comite-de-arbitragem-da-cbf-condena-decisoes-recentes-em-jogos-nacionais\/\"},\"wordCount\":580,\"commentCount\":0,\"image\":{\"@id\":\"https:\/\/www.gaveanews.com\/index.php\/2025\/04\/19\/comite-de-arbitragem-da-cbf-condena-decisoes-recentes-em-jogos-nacionais\/#primaryimage\"},\"thumbnailUrl\":\"https:\/\/www.gaveanews.com\/wp-content\/uploads\/Escudo-da-CBF.webp\",\"articleSection\":[\"Brasil\",\"Brasileir\u00e3o\"],\"inLanguage\":\"pt-BR\",\"potentialAction\":[{\"@type\":\"CommentAction\",\"name\":\"Comment\",\"target\":[\"https:\/\/www.gaveanews.com\/index.php\/2025\/04\/19\/comite-de-arbitragem-da-cbf-condena-decisoes-recentes-em-jogos-nacionais\/#respond\"]}],\"copyrightYear\":\"2025\",\"copyrightHolder\":{\"@id\":\"https:\/\/www.gaveanews.com\/#organization\"}},{\"@type\":\"WebPage\",\"@id\":\"https:\/\/www.gaveanews.com\/index.php\/2025\/04\/19\/comite-de-arbitragem-da-cbf-condena-decisoes-recentes-em-jogos-nacionais\/\",\"url\":\"https:\/\/www.gaveanews.com\/index.php\/2025\/04\/19\/comite-de-arbitragem-da-cbf-condena-decisoes-recentes-em-jogos-nacionais\/\",\"name\":\"Comit\u00ea de arbitragem da CBF condena decis\u00f5es recentes em jogos nacionais\",\"isPartOf\":{\"@id\":\"https:\/\/www.gaveanews.com\/#website\"},\"primaryImageOfPage\":{\"@id\":\"https:\/\/www.gaveanews.com\/index.php\/2025\/04\/19\/comite-de-arbitragem-da-cbf-condena-decisoes-recentes-em-jogos-nacionais\/#primaryimage\"},\"image\":{\"@id\":\"https:\/\/www.gaveanews.com\/index.php\/2025\/04\/19\/comite-de-arbitragem-da-cbf-condena-decisoes-recentes-em-jogos-nacionais\/#primaryimage\"},\"thumbnailUrl\":\"https:\/\/www.gaveanews.com\/wp-content\/uploads\/Escudo-da-CBF.webp\",\"datePublished\":\"2025-04-19T15:15:00+00:00\",\"author\":{\"@id\":\"https:\/\/www.gaveanews.com\/#\/schema\/person\/3b19f7288b0ce20372991275e4f2e6c2\"},\"breadcrumb\":{\"@id\":\"https:\/\/www.gaveanews.com\/index.php\/2025\/04\/19\/comite-de-arbitragem-da-cbf-condena-decisoes-recentes-em-jogos-nacionais\/#breadcrumb\"},\"inLanguage\":\"pt-BR\",\"potentialAction\":[{\"@type\":\"ReadAction\",\"target\":[\"https:\/\/www.gaveanews.com\/index.php\/2025\/04\/19\/comite-de-arbitragem-da-cbf-condena-decisoes-recentes-em-jogos-nacionais\/\"]}]},{\"@type\":\"ImageObject\",\"inLanguage\":\"pt-BR\",\"@id\":\"https:\/\/www.gaveanews.com\/index.php\/2025\/04\/19\/comite-de-arbitragem-da-cbf-condena-decisoes-recentes-em-jogos-nacionais\/#primaryimage\",\"url\":\"https:\/\/www.gaveanews.com\/wp-content\/uploads\/Escudo-da-CBF.webp\",\"contentUrl\":\"https:\/\/www.gaveanews.com\/wp-content\/uploads\/Escudo-da-CBF.webp\",\"width\":1350,\"height\":900,\"caption\":\"Escudo da CBF (Foto: Reprodu\u00e7\u00e3o)\"},{\"@type\":\"BreadcrumbList\",\"@id\":\"https:\/\/www.gaveanews.com\/index.php\/2025\/04\/19\/comite-de-arbitragem-da-cbf-condena-decisoes-recentes-em-jogos-nacionais\/#breadcrumb\",\"itemListElement\":[{\"@type\":\"ListItem\",\"position\":1,\"name\":\"Home\",\"item\":\"https:\/\/www.gaveanews.com\/\"},{\"@type\":\"ListItem\",\"position\":2,\"name\":\"Comit\u00ea de arbitragem da CBF condena decis\u00f5es recentes em jogos nacionais\"}]},{\"@type\":\"WebSite\",\"@id\":\"https:\/\/www.gaveanews.com\/#website\",\"url\":\"https:\/\/www.gaveanews.com\/\",\"name\":\"G\u00e1vea News\",\"description\":\"Veja todas as not\u00edcias sobre o Flamengo: Contrata\u00e7\u00f5es, categorias de base, resultados das partidas, tabela de classifica\u00e7\u00e3o, pr\u00f3ximos jogos!\",\"potentialAction\":[{\"@type\":\"SearchAction\",\"target\":{\"@type\":\"EntryPoint\",\"urlTemplate\":\"https:\/\/www.gaveanews.com\/?s={search_term_string}\"},\"query-input\":{\"@type\":\"PropertyValueSpecification\",\"valueRequired\":true,\"valueName\":\"search_term_string\"}}],\"inLanguage\":\"pt-BR\"},{\"@type\":\"Person\",\"@id\":\"https:\/\/www.gaveanews.com\/#\/schema\/person\/3b19f7288b0ce20372991275e4f2e6c2\",\"name\":\"Ana Teixeira\",\"image\":{\"@type\":\"ImageObject\",\"inLanguage\":\"pt-BR\",\"@id\":\"https:\/\/www.gaveanews.com\/#\/schema\/person\/image\/\",\"url\":\"https:\/\/secure.gravatar.com\/avatar\/0a73f5a5258f3fed37fc2fa641892f3f7a4748456d4d4792f9bc550e6c19e06c?s=96&d=mm&r=g\",\"contentUrl\":\"https:\/\/secure.gravatar.com\/avatar\/0a73f5a5258f3fed37fc2fa641892f3f7a4748456d4d4792f9bc550e6c19e06c?s=96&d=mm&r=g\",\"caption\":\"Ana Teixeira\"}}]}<\/script>\n<!-- \/ Yoast SEO Premium plugin. -->","yoast_head_json":{"title":"Comit\u00ea de arbitragem da CBF condena decis\u00f5es recentes em jogos nacionais","robots":{"index":"index","follow":"follow","max-snippet":"max-snippet:-1","max-image-preview":"max-image-preview:large","max-video-preview":"max-video-preview:-1"},"canonical":"https:\/\/www.gaveanews.com\/index.php\/2025\/04\/19\/comite-de-arbitragem-da-cbf-condena-decisoes-recentes-em-jogos-nacionais\/","og_locale":"pt_BR","og_type":"article","og_title":"Comit\u00ea de arbitragem da CBF condena decis\u00f5es recentes em jogos nacionais","og_description":"O Comit\u00ea Consultivo de Especialistas Internacionais (CCEI) da Confedera\u00e7\u00e3o Brasileira de Futebol (CBF) formalizou uma mudan\u00e7a relevante nas orienta\u00e7\u00f5es aos \u00e1rbitros que atuam no Campeonato Brasileiro. A nova diretriz recomenda que infra\u00e7\u00f5es n\u00e3o sejam mais marcadas em lances com &#8220;contato sutil&#8221;, tanto em jogadas de falta quanto em situa\u00e7\u00f5es de p\u00eanalti. A medida surge como [&hellip;]","og_url":"https:\/\/www.gaveanews.com\/index.php\/2025\/04\/19\/comite-de-arbitragem-da-cbf-condena-decisoes-recentes-em-jogos-nacionais\/","og_site_name":"G\u00e1vea News","article_publisher":"https:\/\/facebook.com\/gaveaNews\/","article_published_time":"2025-04-19T15:15:00+00:00","og_image":[{"width":1350,"height":900,"url":"https:\/\/www.gaveanews.com\/wp-content\/uploads\/Escudo-da-CBF.webp","type":"image\/webp"}],"author":"Ana Teixeira","twitter_card":"summary_large_image","twitter_misc":{"Escrito por":"Ana Teixeira","Est. tempo de leitura":"4 minutos"},"schema":{"@context":"https:\/\/schema.org","@graph":[{"@type":"NewsArticle","@id":"https:\/\/www.gaveanews.com\/index.php\/2025\/04\/19\/comite-de-arbitragem-da-cbf-condena-decisoes-recentes-em-jogos-nacionais\/#article","isPartOf":{"@id":"https:\/\/www.gaveanews.com\/index.php\/2025\/04\/19\/comite-de-arbitragem-da-cbf-condena-decisoes-recentes-em-jogos-nacionais\/"},"author":{"name":"Ana Teixeira","@id":"https:\/\/www.gaveanews.com\/#\/schema\/person\/3b19f7288b0ce20372991275e4f2e6c2"},"headline":"Comit\u00ea de arbitragem da CBF condena decis\u00f5es recentes em jogos nacionais","datePublished":"2025-04-19T15:15:00+00:00","mainEntityOfPage":{"@id":"https:\/\/www.gaveanews.com\/index.php\/2025\/04\/19\/comite-de-arbitragem-da-cbf-condena-decisoes-recentes-em-jogos-nacionais\/"},"wordCount":580,"commentCount":0,"image":{"@id":"https:\/\/www.gaveanews.com\/index.php\/2025\/04\/19\/comite-de-arbitragem-da-cbf-condena-decisoes-recentes-em-jogos-nacionais\/#primaryimage"},"thumbnailUrl":"https:\/\/www.gaveanews.com\/wp-content\/uploads\/Escudo-da-CBF.webp","articleSection":["Brasil","Brasileir\u00e3o"],"inLanguage":"pt-BR","potentialAction":[{"@type":"CommentAction","name":"Comment","target":["https:\/\/www.gaveanews.com\/index.php\/2025\/04\/19\/comite-de-arbitragem-da-cbf-condena-decisoes-recentes-em-jogos-nacionais\/#respond"]}],"copyrightYear":"2025","copyrightHolder":{"@id":"https:\/\/www.gaveanews.com\/#organization"}},{"@type":"WebPage","@id":"https:\/\/www.gaveanews.com\/index.php\/2025\/04\/19\/comite-de-arbitragem-da-cbf-condena-decisoes-recentes-em-jogos-nacionais\/","url":"https:\/\/www.gaveanews.com\/index.php\/2025\/04\/19\/comite-de-arbitragem-da-cbf-condena-decisoes-recentes-em-jogos-nacionais\/","name":"Comit\u00ea de arbitragem da CBF condena decis\u00f5es recentes em jogos nacionais","isPartOf":{"@id":"https:\/\/www.gaveanews.com\/#website"},"primaryImageOfPage":{"@id":"https:\/\/www.gaveanews.com\/index.php\/2025\/04\/19\/comite-de-arbitragem-da-cbf-condena-decisoes-recentes-em-jogos-nacionais\/#primaryimage"},"image":{"@id":"https:\/\/www.gaveanews.com\/index.php\/2025\/04\/19\/comite-de-arbitragem-da-cbf-condena-decisoes-recentes-em-jogos-nacionais\/#primaryimage"},"thumbnailUrl":"https:\/\/www.gaveanews.com\/wp-content\/uploads\/Escudo-da-CBF.webp","datePublished":"2025-04-19T15:15:00+00:00","author":{"@id":"https:\/\/www.gaveanews.com\/#\/schema\/person\/3b19f7288b0ce20372991275e4f2e6c2"},"breadcrumb":{"@id":"https:\/\/www.gaveanews.com\/index.php\/2025\/04\/19\/comite-de-arbitragem-da-cbf-condena-decisoes-recentes-em-jogos-nacionais\/#breadcrumb"},"inLanguage":"pt-BR","potentialAction":[{"@type":"ReadAction","target":["https:\/\/www.gaveanews.com\/index.php\/2025\/04\/19\/comite-de-arbitragem-da-cbf-condena-decisoes-recentes-em-jogos-nacionais\/"]}]},{"@type":"ImageObject","inLanguage":"pt-BR","@id":"https:\/\/www.gaveanews.com\/index.php\/2025\/04\/19\/comite-de-arbitragem-da-cbf-condena-decisoes-recentes-em-jogos-nacionais\/#primaryimage","url":"https:\/\/www.gaveanews.com\/wp-content\/uploads\/Escudo-da-CBF.webp","contentUrl":"https:\/\/www.gaveanews.com\/wp-content\/uploads\/Escudo-da-CBF.webp","width":1350,"height":900,"caption":"Escudo da CBF (Foto: Reprodu\u00e7\u00e3o)"},{"@type":"BreadcrumbList","@id":"https:\/\/www.gaveanews.com\/index.php\/2025\/04\/19\/comite-de-arbitragem-da-cbf-condena-decisoes-recentes-em-jogos-nacionais\/#breadcrumb","itemListElement":[{"@type":"ListItem","position":1,"name":"Home","item":"https:\/\/www.gaveanews.com\/"},{"@type":"ListItem","position":2,"name":"Comit\u00ea de arbitragem da CBF condena decis\u00f5es recentes em jogos nacionais"}]},{"@type":"WebSite","@id":"https:\/\/www.gaveanews.com\/#website","url":"https:\/\/www.gaveanews.com\/","name":"G\u00e1vea News","description":"Veja todas as not\u00edcias sobre o Flamengo: Contrata\u00e7\u00f5es, categorias de base, resultados das partidas, tabela de classifica\u00e7\u00e3o, pr\u00f3ximos jogos!","potentialAction":[{"@type":"SearchAction","target":{"@type":"EntryPoint","urlTemplate":"https:\/\/www.gaveanews.com\/?s={search_term_string}"},"query-input":{"@type":"PropertyValueSpecification","valueRequired":true,"valueName":"search_term_string"}}],"inLanguage":"pt-BR"},{"@type":"Person","@id":"https:\/\/www.gaveanews.com\/#\/schema\/person\/3b19f7288b0ce20372991275e4f2e6c2","name":"Ana Teixeira","image":{"@type":"ImageObject","inLanguage":"pt-BR","@id":"https:\/\/www.gaveanews.com\/#\/schema\/person\/image\/","url":"https:\/\/secure.gravatar.com\/avatar\/0a73f5a5258f3fed37fc2fa641892f3f7a4748456d4d4792f9bc550e6c19e06c?s=96&d=mm&r=g","contentUrl":"https:\/\/secure.gravatar.com\/avatar\/0a73f5a5258f3fed37fc2fa641892f3f7a4748456d4d4792f9bc550e6c19e06c?s=96&d=mm&r=g","caption":"Ana Teixeira"}}]}},"_links":{"self":[{"href":"https:\/\/www.gaveanews.com\/index.php\/wp-json\/wp\/v2\/posts\/255524","targetHints":{"allow":["GET"]}}],"collection":[{"href":"https:\/\/www.gaveanews.com\/index.php\/wp-json\/wp\/v2\/posts"}],"about":[{"href":"https:\/\/www.gaveanews.com\/index.php\/wp-json\/wp\/v2\/types\/post"}],"author":[{"embeddable":true,"href":"https:\/\/www.gaveanews.com\/index.php\/wp-json\/wp\/v2\/users\/30"}],"replies":[{"embeddable":true,"href":"https:\/\/www.gaveanews.com\/index.php\/wp-json\/wp\/v2\/comments?post=255524"}],"version-history":[{"count":1,"href":"https:\/\/www.gaveanews.com\/index.php\/wp-json\/wp\/v2\/posts\/255524\/revisions"}],"predecessor-version":[{"id":255528,"href":"https:\/\/www.gaveanews.com\/index.php\/wp-json\/wp\/v2\/posts\/255524\/revisions\/255528"}],"wp:featuredmedia":[{"embeddable":true,"href":"https:\/\/www.gaveanews.com\/index.php\/wp-json\/wp\/v2\/media\/172597"}],"wp:attachment":[{"href":"https:\/\/www.gaveanews.com\/index.php\/wp-json\/wp\/v2\/media?parent=255524"}],"wp:term":[{"taxonomy":"category","embeddable":true,"href":"https:\/\/www.gaveanews.com\/index.php\/wp-json\/wp\/v2\/categories?post=255524"},{"taxonomy":"post_tag","embeddable":true,"href":"https:\/\/www.gaveanews.com\/index.php\/wp-json\/wp\/v2\/tags?post=255524"}],"curies":[{"name":"wp","href":"https:\/\/api.w.org\/{rel}","templated":true}]}}