{"id":255525,"date":"2025-04-19T12:20:00","date_gmt":"2025-04-19T15:20:00","guid":{"rendered":"https:\/\/www.gaveanews.com\/?p=255525"},"modified":"2025-04-19T12:09:47","modified_gmt":"2025-04-19T15:09:47","slug":"flamengo-se-movimenta-por-apoio-as-organizadas","status":"publish","type":"post","link":"https:\/\/www.gaveanews.com\/index.php\/2025\/04\/19\/flamengo-se-movimenta-por-apoio-as-organizadas\/","title":{"rendered":"Flamengo se movimenta por apoio \u00e0s organizadas"},"content":{"rendered":"\n<p>O Flamengo iniciou articula\u00e7\u00f5es para viabilizar a reintegra\u00e7\u00e3o de torcidas organizadas que est\u00e3o proibidas de frequentar os est\u00e1dios desde o ano passado. A movimenta\u00e7\u00e3o ocorre ap\u00f3s a puni\u00e7\u00e3o imposta pelo Tribunal de Justi\u00e7a do Rio de Janeiro, decorrente de um epis\u00f3dio violento envolvendo integrantes da Torcida Jovem e da Ra\u00e7a Rubro-Negra, antes de um cl\u00e1ssico contra o Vasco. A briga, ocorrida em 2023, resultou em oito pessoas feridas e uma morte.<\/p>\n\n\n\n<p>Desde ent\u00e3o, essas torcidas tiveram suas atividades interrompidas por decis\u00e3o judicial, que incluiu n\u00e3o apenas a exclus\u00e3o dos est\u00e1dios, mas tamb\u00e9m a interdi\u00e7\u00e3o das sedes, o bloqueio de contas banc\u00e1rias, a quebra do sigilo eletr\u00f4nico e a apreens\u00e3o de documentos das organiza\u00e7\u00f5es envolvidas. Al\u00e9m das torcidas do Flamengo, outras agremia\u00e7\u00f5es tamb\u00e9m foram afetadas, como a For\u00e7a Jovem do Vasco e a Young Flu, do Fluminense.<\/p>\n\n\n\n<p>Diante desse cen\u00e1rio, o clube rubro-negro vem promovendo reuni\u00f5es com representantes das torcidas punidas. A inten\u00e7\u00e3o \u00e9 apresentar \u00e0s autoridades de seguran\u00e7a p\u00fablica uma nova proposta de Termo de Ajustamento de Conduta (TAC), documento que pretende estabelecer compromissos mais r\u00edgidos com a identifica\u00e7\u00e3o e o comportamento dos membros das organizadas. A proposta prev\u00ea, primordialmente, o uso obrigat\u00f3rio do Cadastro de Pessoas F\u00edsicas (CPF) para facilitar o controle individualizado dos torcedores.<\/p>\n\n\n\n<p>A medida surge, ali\u00e1s, em meio a um momento de insatisfa\u00e7\u00e3o crescente por parte dos torcedores, que v\u00eam protestando contra os altos pre\u00e7os dos ingressos e contra medidas recentes adotadas pela gest\u00e3o do est\u00e1dio. Uma das cr\u00edticas mais recorrentes refere-se \u00e0 perda da atmosfera tradicional das arquibancadas do Maracan\u00e3, o que, conforme o clube, impacta diretamente o apoio ao time durante as partidas.<\/p>\n\n\n\n<p>Nesse contexto, o Flamengo considera que a presen\u00e7a das torcidas organizadas \u00e9 fundamental para a cria\u00e7\u00e3o de um ambiente mais vibrante e acolhedor. \u201cEstamos buscando, por meios legais, o retorno das organizadas, com regras claras, a fim de garantir mais apoio \u00e0 equipe e mais festa nas arquibancadas\u201d, afirmou um dirigente envolvido nas tratativas.<\/p>\n\n\n\n<p>O novo TAC prop\u00f5e, portanto, a reintegra\u00e7\u00e3o das torcidas por um per\u00edodo de cinco anos, at\u00e9 2028, com a condi\u00e7\u00e3o de que os grupos cumpram rigorosamente os termos estabelecidos. A iniciativa inclui tamb\u00e9m a renova\u00e7\u00e3o do compromisso de civilidade e a aceita\u00e7\u00e3o de mecanismos de controle mais rigorosos.<\/p>\n\n\n\n<p>Ainda que a decis\u00e3o final dependa da avalia\u00e7\u00e3o e aprova\u00e7\u00e3o por parte das autoridades competentes, o clube acredita que a constru\u00e7\u00e3o de um acordo transparente pode beneficiar tanto a seguran\u00e7a p\u00fablica quanto o espet\u00e1culo esportivo. Afinal, a volta das organizadas, com uma conduta adequada, pode representar uma reaproxima\u00e7\u00e3o importante entre clube e seus torcedores mais atuantes.<\/p>\n\n\n\n<p>Por fim, o Flamengo refor\u00e7a que est\u00e1 aberto ao di\u00e1logo com todos os envolvidos, incluindo o Minist\u00e9rio P\u00fablico, a Pol\u00edcia Militar e a Secretaria de Seguran\u00e7a, para construir uma solu\u00e7\u00e3o que seja segura e vi\u00e1vel. Conforme fontes internas, o clube tem atuado nos bastidores com o intuito de obter apoio pol\u00edtico e institucional, sobretudo porque reconhece que a reintegra\u00e7\u00e3o dessas torcidas n\u00e3o ser\u00e1 simples, mas \u00e9 vista como essencial para a retomada de um ambiente de maior identidade nas arquibancadas.<\/p>\n","protected":false},"excerpt":{"rendered":"<p>O Flamengo iniciou articula\u00e7\u00f5es para viabilizar a reintegra\u00e7\u00e3o de torcidas organizadas que est\u00e3o proibidas de frequentar os est\u00e1dios desde o ano passado. A movimenta\u00e7\u00e3o ocorre ap\u00f3s a puni\u00e7\u00e3o imposta pelo Tribunal de Justi\u00e7a do Rio de Janeiro, decorrente de um epis\u00f3dio violento envolvendo integrantes da Torcida Jovem e da Ra\u00e7a Rubro-Negra, antes de um cl\u00e1ssico [&hellip;]<\/p>\n","protected":false},"author":30,"featured_media":84758,"comment_status":"open","ping_status":"closed","sticky":false,"template":"","format":"standard","meta":{"footnotes":""},"categories":[1],"tags":[],"class_list":["post-255525","post","type-post","status-publish","format-standard","has-post-thumbnail","hentry","category-flamengo"],"yoast_head":"<!-- This site is optimized with the Yoast SEO Premium plugin v24.2 (Yoast SEO v26.9) - https:\/\/yoast.com\/product\/yoast-seo-premium-wordpress\/ -->\n<title>Flamengo se movimenta por apoio \u00e0s organizadas<\/title>\n<meta name=\"robots\" content=\"index, follow, max-snippet:-1, max-image-preview:large, max-video-preview:-1\" \/>\n<link rel=\"canonical\" href=\"https:\/\/www.gaveanews.com\/index.php\/2025\/04\/19\/flamengo-se-movimenta-por-apoio-as-organizadas\/\" \/>\n<meta property=\"og:locale\" content=\"pt_BR\" \/>\n<meta property=\"og:type\" content=\"article\" \/>\n<meta property=\"og:title\" content=\"Flamengo se movimenta por apoio \u00e0s organizadas\" \/>\n<meta property=\"og:description\" content=\"O Flamengo iniciou articula\u00e7\u00f5es para viabilizar a reintegra\u00e7\u00e3o de torcidas organizadas que est\u00e3o proibidas de frequentar os est\u00e1dios desde o ano passado. A movimenta\u00e7\u00e3o ocorre ap\u00f3s a puni\u00e7\u00e3o imposta pelo Tribunal de Justi\u00e7a do Rio de Janeiro, decorrente de um epis\u00f3dio violento envolvendo integrantes da Torcida Jovem e da Ra\u00e7a Rubro-Negra, antes de um cl\u00e1ssico [&hellip;]\" \/>\n<meta property=\"og:url\" content=\"https:\/\/www.gaveanews.com\/index.php\/2025\/04\/19\/flamengo-se-movimenta-por-apoio-as-organizadas\/\" \/>\n<meta property=\"og:site_name\" content=\"G\u00e1vea News\" \/>\n<meta property=\"article:publisher\" content=\"https:\/\/facebook.com\/gaveaNews\/\" \/>\n<meta property=\"article:published_time\" content=\"2025-04-19T15:20:00+00:00\" \/>\n<meta property=\"og:image\" content=\"https:\/\/www.gaveanews.com\/wp-content\/uploads\/Toricda-do-Flamengo-faz-a-festa-no-Maracana.webp\" \/>\n\t<meta property=\"og:image:width\" content=\"799\" \/>\n\t<meta property=\"og:image:height\" content=\"533\" \/>\n\t<meta property=\"og:image:type\" content=\"image\/jpeg\" \/>\n<meta name=\"author\" content=\"Ana Teixeira\" \/>\n<meta name=\"twitter:card\" content=\"summary_large_image\" \/>\n<meta name=\"twitter:label1\" content=\"Escrito por\" \/>\n\t<meta name=\"twitter:data1\" content=\"Ana Teixeira\" \/>\n\t<meta name=\"twitter:label2\" content=\"Est. tempo de leitura\" \/>\n\t<meta name=\"twitter:data2\" content=\"4 minutos\" \/>\n<script type=\"application\/ld+json\" class=\"yoast-schema-graph\">{\"@context\":\"https:\/\/schema.org\",\"@graph\":[{\"@type\":\"NewsArticle\",\"@id\":\"https:\/\/www.gaveanews.com\/index.php\/2025\/04\/19\/flamengo-se-movimenta-por-apoio-as-organizadas\/#article\",\"isPartOf\":{\"@id\":\"https:\/\/www.gaveanews.com\/index.php\/2025\/04\/19\/flamengo-se-movimenta-por-apoio-as-organizadas\/\"},\"author\":{\"name\":\"Ana Teixeira\",\"@id\":\"https:\/\/www.gaveanews.com\/#\/schema\/person\/3b19f7288b0ce20372991275e4f2e6c2\"},\"headline\":\"Flamengo se movimenta por apoio \u00e0s organizadas\",\"datePublished\":\"2025-04-19T15:20:00+00:00\",\"mainEntityOfPage\":{\"@id\":\"https:\/\/www.gaveanews.com\/index.php\/2025\/04\/19\/flamengo-se-movimenta-por-apoio-as-organizadas\/\"},\"wordCount\":577,\"commentCount\":0,\"image\":{\"@id\":\"https:\/\/www.gaveanews.com\/index.php\/2025\/04\/19\/flamengo-se-movimenta-por-apoio-as-organizadas\/#primaryimage\"},\"thumbnailUrl\":\"https:\/\/www.gaveanews.com\/wp-content\/uploads\/Toricda-do-Flamengo-faz-a-festa-no-Maracana.webp\",\"articleSection\":[\"Flamengo\"],\"inLanguage\":\"pt-BR\",\"potentialAction\":[{\"@type\":\"CommentAction\",\"name\":\"Comment\",\"target\":[\"https:\/\/www.gaveanews.com\/index.php\/2025\/04\/19\/flamengo-se-movimenta-por-apoio-as-organizadas\/#respond\"]}],\"copyrightYear\":\"2025\",\"copyrightHolder\":{\"@id\":\"https:\/\/www.gaveanews.com\/#organization\"}},{\"@type\":\"WebPage\",\"@id\":\"https:\/\/www.gaveanews.com\/index.php\/2025\/04\/19\/flamengo-se-movimenta-por-apoio-as-organizadas\/\",\"url\":\"https:\/\/www.gaveanews.com\/index.php\/2025\/04\/19\/flamengo-se-movimenta-por-apoio-as-organizadas\/\",\"name\":\"Flamengo se movimenta por apoio \u00e0s organizadas\",\"isPartOf\":{\"@id\":\"https:\/\/www.gaveanews.com\/#website\"},\"primaryImageOfPage\":{\"@id\":\"https:\/\/www.gaveanews.com\/index.php\/2025\/04\/19\/flamengo-se-movimenta-por-apoio-as-organizadas\/#primaryimage\"},\"image\":{\"@id\":\"https:\/\/www.gaveanews.com\/index.php\/2025\/04\/19\/flamengo-se-movimenta-por-apoio-as-organizadas\/#primaryimage\"},\"thumbnailUrl\":\"https:\/\/www.gaveanews.com\/wp-content\/uploads\/Toricda-do-Flamengo-faz-a-festa-no-Maracana.webp\",\"datePublished\":\"2025-04-19T15:20:00+00:00\",\"author\":{\"@id\":\"https:\/\/www.gaveanews.com\/#\/schema\/person\/3b19f7288b0ce20372991275e4f2e6c2\"},\"breadcrumb\":{\"@id\":\"https:\/\/www.gaveanews.com\/index.php\/2025\/04\/19\/flamengo-se-movimenta-por-apoio-as-organizadas\/#breadcrumb\"},\"inLanguage\":\"pt-BR\",\"potentialAction\":[{\"@type\":\"ReadAction\",\"target\":[\"https:\/\/www.gaveanews.com\/index.php\/2025\/04\/19\/flamengo-se-movimenta-por-apoio-as-organizadas\/\"]}]},{\"@type\":\"ImageObject\",\"inLanguage\":\"pt-BR\",\"@id\":\"https:\/\/www.gaveanews.com\/index.php\/2025\/04\/19\/flamengo-se-movimenta-por-apoio-as-organizadas\/#primaryimage\",\"url\":\"https:\/\/www.gaveanews.com\/wp-content\/uploads\/Toricda-do-Flamengo-faz-a-festa-no-Maracana.webp\",\"contentUrl\":\"https:\/\/www.gaveanews.com\/wp-content\/uploads\/Toricda-do-Flamengo-faz-a-festa-no-Maracana.webp\",\"width\":799,\"height\":533,\"caption\":\"Torcida do Flamengo faz a festa no Maracan\u00e3 (Foto: Marcelo Cortes\/Flamengo)\"},{\"@type\":\"BreadcrumbList\",\"@id\":\"https:\/\/www.gaveanews.com\/index.php\/2025\/04\/19\/flamengo-se-movimenta-por-apoio-as-organizadas\/#breadcrumb\",\"itemListElement\":[{\"@type\":\"ListItem\",\"position\":1,\"name\":\"Home\",\"item\":\"https:\/\/www.gaveanews.com\/\"},{\"@type\":\"ListItem\",\"position\":2,\"name\":\"Flamengo se movimenta por apoio \u00e0s organizadas\"}]},{\"@type\":\"WebSite\",\"@id\":\"https:\/\/www.gaveanews.com\/#website\",\"url\":\"https:\/\/www.gaveanews.com\/\",\"name\":\"G\u00e1vea News\",\"description\":\"Veja todas as not\u00edcias sobre o Flamengo: Contrata\u00e7\u00f5es, categorias de base, resultados das partidas, tabela de classifica\u00e7\u00e3o, pr\u00f3ximos jogos!\",\"potentialAction\":[{\"@type\":\"SearchAction\",\"target\":{\"@type\":\"EntryPoint\",\"urlTemplate\":\"https:\/\/www.gaveanews.com\/?s={search_term_string}\"},\"query-input\":{\"@type\":\"PropertyValueSpecification\",\"valueRequired\":true,\"valueName\":\"search_term_string\"}}],\"inLanguage\":\"pt-BR\"},{\"@type\":\"Person\",\"@id\":\"https:\/\/www.gaveanews.com\/#\/schema\/person\/3b19f7288b0ce20372991275e4f2e6c2\",\"name\":\"Ana Teixeira\",\"image\":{\"@type\":\"ImageObject\",\"inLanguage\":\"pt-BR\",\"@id\":\"https:\/\/www.gaveanews.com\/#\/schema\/person\/image\/\",\"url\":\"https:\/\/secure.gravatar.com\/avatar\/0a73f5a5258f3fed37fc2fa641892f3f7a4748456d4d4792f9bc550e6c19e06c?s=96&d=mm&r=g\",\"contentUrl\":\"https:\/\/secure.gravatar.com\/avatar\/0a73f5a5258f3fed37fc2fa641892f3f7a4748456d4d4792f9bc550e6c19e06c?s=96&d=mm&r=g\",\"caption\":\"Ana Teixeira\"}}]}<\/script>\n<!-- \/ Yoast SEO Premium plugin. -->","yoast_head_json":{"title":"Flamengo se movimenta por apoio \u00e0s organizadas","robots":{"index":"index","follow":"follow","max-snippet":"max-snippet:-1","max-image-preview":"max-image-preview:large","max-video-preview":"max-video-preview:-1"},"canonical":"https:\/\/www.gaveanews.com\/index.php\/2025\/04\/19\/flamengo-se-movimenta-por-apoio-as-organizadas\/","og_locale":"pt_BR","og_type":"article","og_title":"Flamengo se movimenta por apoio \u00e0s organizadas","og_description":"O Flamengo iniciou articula\u00e7\u00f5es para viabilizar a reintegra\u00e7\u00e3o de torcidas organizadas que est\u00e3o proibidas de frequentar os est\u00e1dios desde o ano passado. A movimenta\u00e7\u00e3o ocorre ap\u00f3s a puni\u00e7\u00e3o imposta pelo Tribunal de Justi\u00e7a do Rio de Janeiro, decorrente de um epis\u00f3dio violento envolvendo integrantes da Torcida Jovem e da Ra\u00e7a Rubro-Negra, antes de um cl\u00e1ssico [&hellip;]","og_url":"https:\/\/www.gaveanews.com\/index.php\/2025\/04\/19\/flamengo-se-movimenta-por-apoio-as-organizadas\/","og_site_name":"G\u00e1vea News","article_publisher":"https:\/\/facebook.com\/gaveaNews\/","article_published_time":"2025-04-19T15:20:00+00:00","og_image":[{"width":799,"height":533,"url":"https:\/\/www.gaveanews.com\/wp-content\/uploads\/Toricda-do-Flamengo-faz-a-festa-no-Maracana.webp","type":"image\/jpeg"}],"author":"Ana Teixeira","twitter_card":"summary_large_image","twitter_misc":{"Escrito por":"Ana Teixeira","Est. tempo de leitura":"4 minutos"},"schema":{"@context":"https:\/\/schema.org","@graph":[{"@type":"NewsArticle","@id":"https:\/\/www.gaveanews.com\/index.php\/2025\/04\/19\/flamengo-se-movimenta-por-apoio-as-organizadas\/#article","isPartOf":{"@id":"https:\/\/www.gaveanews.com\/index.php\/2025\/04\/19\/flamengo-se-movimenta-por-apoio-as-organizadas\/"},"author":{"name":"Ana Teixeira","@id":"https:\/\/www.gaveanews.com\/#\/schema\/person\/3b19f7288b0ce20372991275e4f2e6c2"},"headline":"Flamengo se movimenta por apoio \u00e0s organizadas","datePublished":"2025-04-19T15:20:00+00:00","mainEntityOfPage":{"@id":"https:\/\/www.gaveanews.com\/index.php\/2025\/04\/19\/flamengo-se-movimenta-por-apoio-as-organizadas\/"},"wordCount":577,"commentCount":0,"image":{"@id":"https:\/\/www.gaveanews.com\/index.php\/2025\/04\/19\/flamengo-se-movimenta-por-apoio-as-organizadas\/#primaryimage"},"thumbnailUrl":"https:\/\/www.gaveanews.com\/wp-content\/uploads\/Toricda-do-Flamengo-faz-a-festa-no-Maracana.webp","articleSection":["Flamengo"],"inLanguage":"pt-BR","potentialAction":[{"@type":"CommentAction","name":"Comment","target":["https:\/\/www.gaveanews.com\/index.php\/2025\/04\/19\/flamengo-se-movimenta-por-apoio-as-organizadas\/#respond"]}],"copyrightYear":"2025","copyrightHolder":{"@id":"https:\/\/www.gaveanews.com\/#organization"}},{"@type":"WebPage","@id":"https:\/\/www.gaveanews.com\/index.php\/2025\/04\/19\/flamengo-se-movimenta-por-apoio-as-organizadas\/","url":"https:\/\/www.gaveanews.com\/index.php\/2025\/04\/19\/flamengo-se-movimenta-por-apoio-as-organizadas\/","name":"Flamengo se movimenta por apoio \u00e0s organizadas","isPartOf":{"@id":"https:\/\/www.gaveanews.com\/#website"},"primaryImageOfPage":{"@id":"https:\/\/www.gaveanews.com\/index.php\/2025\/04\/19\/flamengo-se-movimenta-por-apoio-as-organizadas\/#primaryimage"},"image":{"@id":"https:\/\/www.gaveanews.com\/index.php\/2025\/04\/19\/flamengo-se-movimenta-por-apoio-as-organizadas\/#primaryimage"},"thumbnailUrl":"https:\/\/www.gaveanews.com\/wp-content\/uploads\/Toricda-do-Flamengo-faz-a-festa-no-Maracana.webp","datePublished":"2025-04-19T15:20:00+00:00","author":{"@id":"https:\/\/www.gaveanews.com\/#\/schema\/person\/3b19f7288b0ce20372991275e4f2e6c2"},"breadcrumb":{"@id":"https:\/\/www.gaveanews.com\/index.php\/2025\/04\/19\/flamengo-se-movimenta-por-apoio-as-organizadas\/#breadcrumb"},"inLanguage":"pt-BR","potentialAction":[{"@type":"ReadAction","target":["https:\/\/www.gaveanews.com\/index.php\/2025\/04\/19\/flamengo-se-movimenta-por-apoio-as-organizadas\/"]}]},{"@type":"ImageObject","inLanguage":"pt-BR","@id":"https:\/\/www.gaveanews.com\/index.php\/2025\/04\/19\/flamengo-se-movimenta-por-apoio-as-organizadas\/#primaryimage","url":"https:\/\/www.gaveanews.com\/wp-content\/uploads\/Toricda-do-Flamengo-faz-a-festa-no-Maracana.webp","contentUrl":"https:\/\/www.gaveanews.com\/wp-content\/uploads\/Toricda-do-Flamengo-faz-a-festa-no-Maracana.webp","width":799,"height":533,"caption":"Torcida do Flamengo faz a festa no Maracan\u00e3 (Foto: Marcelo Cortes\/Flamengo)"},{"@type":"BreadcrumbList","@id":"https:\/\/www.gaveanews.com\/index.php\/2025\/04\/19\/flamengo-se-movimenta-por-apoio-as-organizadas\/#breadcrumb","itemListElement":[{"@type":"ListItem","position":1,"name":"Home","item":"https:\/\/www.gaveanews.com\/"},{"@type":"ListItem","position":2,"name":"Flamengo se movimenta por apoio \u00e0s organizadas"}]},{"@type":"WebSite","@id":"https:\/\/www.gaveanews.com\/#website","url":"https:\/\/www.gaveanews.com\/","name":"G\u00e1vea News","description":"Veja todas as not\u00edcias sobre o Flamengo: Contrata\u00e7\u00f5es, categorias de base, resultados das partidas, tabela de classifica\u00e7\u00e3o, pr\u00f3ximos jogos!","potentialAction":[{"@type":"SearchAction","target":{"@type":"EntryPoint","urlTemplate":"https:\/\/www.gaveanews.com\/?s={search_term_string}"},"query-input":{"@type":"PropertyValueSpecification","valueRequired":true,"valueName":"search_term_string"}}],"inLanguage":"pt-BR"},{"@type":"Person","@id":"https:\/\/www.gaveanews.com\/#\/schema\/person\/3b19f7288b0ce20372991275e4f2e6c2","name":"Ana Teixeira","image":{"@type":"ImageObject","inLanguage":"pt-BR","@id":"https:\/\/www.gaveanews.com\/#\/schema\/person\/image\/","url":"https:\/\/secure.gravatar.com\/avatar\/0a73f5a5258f3fed37fc2fa641892f3f7a4748456d4d4792f9bc550e6c19e06c?s=96&d=mm&r=g","contentUrl":"https:\/\/secure.gravatar.com\/avatar\/0a73f5a5258f3fed37fc2fa641892f3f7a4748456d4d4792f9bc550e6c19e06c?s=96&d=mm&r=g","caption":"Ana Teixeira"}}]}},"_links":{"self":[{"href":"https:\/\/www.gaveanews.com\/index.php\/wp-json\/wp\/v2\/posts\/255525","targetHints":{"allow":["GET"]}}],"collection":[{"href":"https:\/\/www.gaveanews.com\/index.php\/wp-json\/wp\/v2\/posts"}],"about":[{"href":"https:\/\/www.gaveanews.com\/index.php\/wp-json\/wp\/v2\/types\/post"}],"author":[{"embeddable":true,"href":"https:\/\/www.gaveanews.com\/index.php\/wp-json\/wp\/v2\/users\/30"}],"replies":[{"embeddable":true,"href":"https:\/\/www.gaveanews.com\/index.php\/wp-json\/wp\/v2\/comments?post=255525"}],"version-history":[{"count":1,"href":"https:\/\/www.gaveanews.com\/index.php\/wp-json\/wp\/v2\/posts\/255525\/revisions"}],"predecessor-version":[{"id":255531,"href":"https:\/\/www.gaveanews.com\/index.php\/wp-json\/wp\/v2\/posts\/255525\/revisions\/255531"}],"wp:featuredmedia":[{"embeddable":true,"href":"https:\/\/www.gaveanews.com\/index.php\/wp-json\/wp\/v2\/media\/84758"}],"wp:attachment":[{"href":"https:\/\/www.gaveanews.com\/index.php\/wp-json\/wp\/v2\/media?parent=255525"}],"wp:term":[{"taxonomy":"category","embeddable":true,"href":"https:\/\/www.gaveanews.com\/index.php\/wp-json\/wp\/v2\/categories?post=255525"},{"taxonomy":"post_tag","embeddable":true,"href":"https:\/\/www.gaveanews.com\/index.php\/wp-json\/wp\/v2\/tags?post=255525"}],"curies":[{"name":"wp","href":"https:\/\/api.w.org\/{rel}","templated":true}]}}