{"id":255526,"date":"2025-04-19T12:10:00","date_gmt":"2025-04-19T15:10:00","guid":{"rendered":"https:\/\/www.gaveanews.com\/?p=255526"},"modified":"2025-04-19T12:05:08","modified_gmt":"2025-04-19T15:05:08","slug":"santos-tem-substituto-para-neymar","status":"publish","type":"post","link":"https:\/\/www.gaveanews.com\/index.php\/2025\/04\/19\/santos-tem-substituto-para-neymar\/","title":{"rendered":"Santos tem substituto para Neymar"},"content":{"rendered":"\n<p>A chegada do argentino Benjam\u00edn Rollheiser ao Santos representou um marco na hist\u00f3ria recente do clube. Contratado por R$ 65 milh\u00f5es, o meia-atacante de 25 anos tornou-se o refor\u00e7o mais caro j\u00e1 adquirido pelo time da Vila Belmiro, superando Leandro Dami\u00e3o, que havia custado R$ 42 milh\u00f5es. Agora, com as les\u00f5es musculares de Neymar e Soteldo, o jogador deve receber a primeira sequ\u00eancia como titular, iniciando pelo cl\u00e1ssico contra o S\u00e3o Paulo, neste domingo (20), \u00e0s 16 horas, no Morumbi.<\/p>\n\n\n\n<p>Embora ainda n\u00e3o tenha registrado gols ou assist\u00eancias nas seis partidas em que atuou, Rollheiser vem apresentando evolu\u00e7\u00e3o, sobretudo em termos f\u00edsicos. Conforme relatos da comiss\u00e3o t\u00e9cnica santista, seu desempenho na vit\u00f3ria sobre o Atl\u00e9tico-MG foi considerado o mais promissor desde sua chegada. <\/p>\n\n\n\n<p>A les\u00e3o de Neymar, que voltou ao clube neste ano, e a de Soteldo abriram espa\u00e7o para que Rollheiser ganhe mais protagonismo no setor ofensivo. O argentino pode atuar tanto como meia armador quanto como ponta, mas a aus\u00eancia dos dois atletas deve garantir a ele uma posi\u00e7\u00e3o mais centralizada no ataque. Nesse cen\u00e1rio, sua versatilidade se tornou um trunfo para o time, que atravessa um per\u00edodo de transi\u00e7\u00e3o.<\/p>\n\n\n\n<p>Ali\u00e1s, Rollheiser teve poucas oportunidades no Benfica antes de ser negociado com o clube brasileiro. O Santos, por sua vez, venceu a concorr\u00eancia do Botafogo na disputa pela contrata\u00e7\u00e3o do jogador e acredita que o investimento pode render frutos, principalmente agora, diante do cen\u00e1rio de desfalques. O ambiente no CT Rei Pel\u00e9 j\u00e1 mostra sinais de entusiasmo com o desempenho recente do refor\u00e7o.<\/p>\n\n\n\n<p>Enquanto o clube ainda busca um treinador efetivo, o time ser\u00e1 comandado interinamente por C\u00e9sar Sampaio. O auxiliar v\u00ea no cl\u00e1ssico contra o S\u00e3o Paulo uma chance crucial de consolidar seu trabalho \u00e0 frente da equipe. <\/p>\n\n\n\n<p>\u201cEstamos focados em buscar mais uma vit\u00f3ria, principalmente num jogo de tamanha import\u00e2ncia\u201d, declarou Sampaio. A boa atua\u00e7\u00e3o de Rollheiser, portanto, poder\u00e1 ser determinante tanto para seu pr\u00f3prio espa\u00e7o no elenco quanto para as pretens\u00f5es do interino.<\/p>\n\n\n\n<p><\/p>\n","protected":false},"excerpt":{"rendered":"<p>A chegada do argentino Benjam\u00edn Rollheiser ao Santos representou um marco na hist\u00f3ria recente do clube. Contratado por R$ 65 milh\u00f5es, o meia-atacante de 25 anos tornou-se o refor\u00e7o mais caro j\u00e1 adquirido pelo time da Vila Belmiro, superando Leandro Dami\u00e3o, que havia custado R$ 42 milh\u00f5es. Agora, com as les\u00f5es musculares de Neymar e [&hellip;]<\/p>\n","protected":false},"author":30,"featured_media":255254,"comment_status":"open","ping_status":"closed","sticky":false,"template":"","format":"standard","meta":{"footnotes":""},"categories":[133,139],"tags":[],"class_list":["post-255526","post","type-post","status-publish","format-standard","has-post-thumbnail","hentry","category-brasileirao","category-santos"],"yoast_head":"<!-- This site is optimized with the Yoast SEO Premium plugin v24.2 (Yoast SEO v26.9) - https:\/\/yoast.com\/product\/yoast-seo-premium-wordpress\/ -->\n<title>Santos tem substituto para Neymar<\/title>\n<meta name=\"robots\" content=\"index, follow, max-snippet:-1, max-image-preview:large, max-video-preview:-1\" \/>\n<link rel=\"canonical\" href=\"https:\/\/www.gaveanews.com\/index.php\/2025\/04\/19\/santos-tem-substituto-para-neymar\/\" \/>\n<meta property=\"og:locale\" content=\"pt_BR\" \/>\n<meta property=\"og:type\" content=\"article\" \/>\n<meta property=\"og:title\" content=\"Santos tem substituto para Neymar\" \/>\n<meta property=\"og:description\" content=\"A chegada do argentino Benjam\u00edn Rollheiser ao Santos representou um marco na hist\u00f3ria recente do clube. Contratado por R$ 65 milh\u00f5es, o meia-atacante de 25 anos tornou-se o refor\u00e7o mais caro j\u00e1 adquirido pelo time da Vila Belmiro, superando Leandro Dami\u00e3o, que havia custado R$ 42 milh\u00f5es. Agora, com as les\u00f5es musculares de Neymar e [&hellip;]\" \/>\n<meta property=\"og:url\" content=\"https:\/\/www.gaveanews.com\/index.php\/2025\/04\/19\/santos-tem-substituto-para-neymar\/\" \/>\n<meta property=\"og:site_name\" content=\"G\u00e1vea News\" \/>\n<meta property=\"article:publisher\" content=\"https:\/\/facebook.com\/gaveaNews\/\" \/>\n<meta property=\"article:published_time\" content=\"2025-04-19T15:10:00+00:00\" \/>\n<meta property=\"og:image\" content=\"https:\/\/www.gaveanews.com\/wp-content\/uploads\/Neymar-em-atuacao-pelo-Santos-na-Vila-Belmiro.webp\" \/>\n\t<meta property=\"og:image:width\" content=\"1200\" \/>\n\t<meta property=\"og:image:height\" content=\"800\" \/>\n\t<meta property=\"og:image:type\" content=\"image\/png\" \/>\n<meta name=\"author\" content=\"Ana Teixeira\" \/>\n<meta name=\"twitter:card\" content=\"summary_large_image\" \/>\n<meta name=\"twitter:label1\" content=\"Escrito por\" \/>\n\t<meta name=\"twitter:data1\" content=\"Ana Teixeira\" \/>\n\t<meta name=\"twitter:label2\" content=\"Est. tempo de leitura\" \/>\n\t<meta name=\"twitter:data2\" content=\"3 minutos\" \/>\n<script type=\"application\/ld+json\" class=\"yoast-schema-graph\">{\"@context\":\"https:\/\/schema.org\",\"@graph\":[{\"@type\":\"NewsArticle\",\"@id\":\"https:\/\/www.gaveanews.com\/index.php\/2025\/04\/19\/santos-tem-substituto-para-neymar\/#article\",\"isPartOf\":{\"@id\":\"https:\/\/www.gaveanews.com\/index.php\/2025\/04\/19\/santos-tem-substituto-para-neymar\/\"},\"author\":{\"name\":\"Ana Teixeira\",\"@id\":\"https:\/\/www.gaveanews.com\/#\/schema\/person\/3b19f7288b0ce20372991275e4f2e6c2\"},\"headline\":\"Santos tem substituto para Neymar\",\"datePublished\":\"2025-04-19T15:10:00+00:00\",\"mainEntityOfPage\":{\"@id\":\"https:\/\/www.gaveanews.com\/index.php\/2025\/04\/19\/santos-tem-substituto-para-neymar\/\"},\"wordCount\":366,\"commentCount\":0,\"image\":{\"@id\":\"https:\/\/www.gaveanews.com\/index.php\/2025\/04\/19\/santos-tem-substituto-para-neymar\/#primaryimage\"},\"thumbnailUrl\":\"https:\/\/www.gaveanews.com\/wp-content\/uploads\/Neymar-em-atuacao-pelo-Santos-na-Vila-Belmiro.webp\",\"articleSection\":[\"Brasileir\u00e3o\",\"Santos\"],\"inLanguage\":\"pt-BR\",\"potentialAction\":[{\"@type\":\"CommentAction\",\"name\":\"Comment\",\"target\":[\"https:\/\/www.gaveanews.com\/index.php\/2025\/04\/19\/santos-tem-substituto-para-neymar\/#respond\"]}],\"copyrightYear\":\"2025\",\"copyrightHolder\":{\"@id\":\"https:\/\/www.gaveanews.com\/#organization\"}},{\"@type\":\"WebPage\",\"@id\":\"https:\/\/www.gaveanews.com\/index.php\/2025\/04\/19\/santos-tem-substituto-para-neymar\/\",\"url\":\"https:\/\/www.gaveanews.com\/index.php\/2025\/04\/19\/santos-tem-substituto-para-neymar\/\",\"name\":\"Santos tem substituto para Neymar\",\"isPartOf\":{\"@id\":\"https:\/\/www.gaveanews.com\/#website\"},\"primaryImageOfPage\":{\"@id\":\"https:\/\/www.gaveanews.com\/index.php\/2025\/04\/19\/santos-tem-substituto-para-neymar\/#primaryimage\"},\"image\":{\"@id\":\"https:\/\/www.gaveanews.com\/index.php\/2025\/04\/19\/santos-tem-substituto-para-neymar\/#primaryimage\"},\"thumbnailUrl\":\"https:\/\/www.gaveanews.com\/wp-content\/uploads\/Neymar-em-atuacao-pelo-Santos-na-Vila-Belmiro.webp\",\"datePublished\":\"2025-04-19T15:10:00+00:00\",\"author\":{\"@id\":\"https:\/\/www.gaveanews.com\/#\/schema\/person\/3b19f7288b0ce20372991275e4f2e6c2\"},\"breadcrumb\":{\"@id\":\"https:\/\/www.gaveanews.com\/index.php\/2025\/04\/19\/santos-tem-substituto-para-neymar\/#breadcrumb\"},\"inLanguage\":\"pt-BR\",\"potentialAction\":[{\"@type\":\"ReadAction\",\"target\":[\"https:\/\/www.gaveanews.com\/index.php\/2025\/04\/19\/santos-tem-substituto-para-neymar\/\"]}]},{\"@type\":\"ImageObject\",\"inLanguage\":\"pt-BR\",\"@id\":\"https:\/\/www.gaveanews.com\/index.php\/2025\/04\/19\/santos-tem-substituto-para-neymar\/#primaryimage\",\"url\":\"https:\/\/www.gaveanews.com\/wp-content\/uploads\/Neymar-em-atuacao-pelo-Santos-na-Vila-Belmiro.webp\",\"contentUrl\":\"https:\/\/www.gaveanews.com\/wp-content\/uploads\/Neymar-em-atuacao-pelo-Santos-na-Vila-Belmiro.webp\",\"width\":1200,\"height\":800,\"caption\":\"Neymar em atua\u00e7\u00e3o pelo Santos na Vila Belmiro - Fotos: Raul Baretta\/ Santos FC.\"},{\"@type\":\"BreadcrumbList\",\"@id\":\"https:\/\/www.gaveanews.com\/index.php\/2025\/04\/19\/santos-tem-substituto-para-neymar\/#breadcrumb\",\"itemListElement\":[{\"@type\":\"ListItem\",\"position\":1,\"name\":\"Home\",\"item\":\"https:\/\/www.gaveanews.com\/\"},{\"@type\":\"ListItem\",\"position\":2,\"name\":\"Santos tem substituto para Neymar\"}]},{\"@type\":\"WebSite\",\"@id\":\"https:\/\/www.gaveanews.com\/#website\",\"url\":\"https:\/\/www.gaveanews.com\/\",\"name\":\"G\u00e1vea News\",\"description\":\"Veja todas as not\u00edcias sobre o Flamengo: Contrata\u00e7\u00f5es, categorias de base, resultados das partidas, tabela de classifica\u00e7\u00e3o, pr\u00f3ximos jogos!\",\"potentialAction\":[{\"@type\":\"SearchAction\",\"target\":{\"@type\":\"EntryPoint\",\"urlTemplate\":\"https:\/\/www.gaveanews.com\/?s={search_term_string}\"},\"query-input\":{\"@type\":\"PropertyValueSpecification\",\"valueRequired\":true,\"valueName\":\"search_term_string\"}}],\"inLanguage\":\"pt-BR\"},{\"@type\":\"Person\",\"@id\":\"https:\/\/www.gaveanews.com\/#\/schema\/person\/3b19f7288b0ce20372991275e4f2e6c2\",\"name\":\"Ana Teixeira\",\"image\":{\"@type\":\"ImageObject\",\"inLanguage\":\"pt-BR\",\"@id\":\"https:\/\/www.gaveanews.com\/#\/schema\/person\/image\/\",\"url\":\"https:\/\/secure.gravatar.com\/avatar\/0a73f5a5258f3fed37fc2fa641892f3f7a4748456d4d4792f9bc550e6c19e06c?s=96&d=mm&r=g\",\"contentUrl\":\"https:\/\/secure.gravatar.com\/avatar\/0a73f5a5258f3fed37fc2fa641892f3f7a4748456d4d4792f9bc550e6c19e06c?s=96&d=mm&r=g\",\"caption\":\"Ana Teixeira\"}}]}<\/script>\n<!-- \/ Yoast SEO Premium plugin. -->","yoast_head_json":{"title":"Santos tem substituto para Neymar","robots":{"index":"index","follow":"follow","max-snippet":"max-snippet:-1","max-image-preview":"max-image-preview:large","max-video-preview":"max-video-preview:-1"},"canonical":"https:\/\/www.gaveanews.com\/index.php\/2025\/04\/19\/santos-tem-substituto-para-neymar\/","og_locale":"pt_BR","og_type":"article","og_title":"Santos tem substituto para Neymar","og_description":"A chegada do argentino Benjam\u00edn Rollheiser ao Santos representou um marco na hist\u00f3ria recente do clube. Contratado por R$ 65 milh\u00f5es, o meia-atacante de 25 anos tornou-se o refor\u00e7o mais caro j\u00e1 adquirido pelo time da Vila Belmiro, superando Leandro Dami\u00e3o, que havia custado R$ 42 milh\u00f5es. Agora, com as les\u00f5es musculares de Neymar e [&hellip;]","og_url":"https:\/\/www.gaveanews.com\/index.php\/2025\/04\/19\/santos-tem-substituto-para-neymar\/","og_site_name":"G\u00e1vea News","article_publisher":"https:\/\/facebook.com\/gaveaNews\/","article_published_time":"2025-04-19T15:10:00+00:00","og_image":[{"width":1200,"height":800,"url":"https:\/\/www.gaveanews.com\/wp-content\/uploads\/Neymar-em-atuacao-pelo-Santos-na-Vila-Belmiro.webp","type":"image\/png"}],"author":"Ana Teixeira","twitter_card":"summary_large_image","twitter_misc":{"Escrito por":"Ana Teixeira","Est. tempo de leitura":"3 minutos"},"schema":{"@context":"https:\/\/schema.org","@graph":[{"@type":"NewsArticle","@id":"https:\/\/www.gaveanews.com\/index.php\/2025\/04\/19\/santos-tem-substituto-para-neymar\/#article","isPartOf":{"@id":"https:\/\/www.gaveanews.com\/index.php\/2025\/04\/19\/santos-tem-substituto-para-neymar\/"},"author":{"name":"Ana Teixeira","@id":"https:\/\/www.gaveanews.com\/#\/schema\/person\/3b19f7288b0ce20372991275e4f2e6c2"},"headline":"Santos tem substituto para Neymar","datePublished":"2025-04-19T15:10:00+00:00","mainEntityOfPage":{"@id":"https:\/\/www.gaveanews.com\/index.php\/2025\/04\/19\/santos-tem-substituto-para-neymar\/"},"wordCount":366,"commentCount":0,"image":{"@id":"https:\/\/www.gaveanews.com\/index.php\/2025\/04\/19\/santos-tem-substituto-para-neymar\/#primaryimage"},"thumbnailUrl":"https:\/\/www.gaveanews.com\/wp-content\/uploads\/Neymar-em-atuacao-pelo-Santos-na-Vila-Belmiro.webp","articleSection":["Brasileir\u00e3o","Santos"],"inLanguage":"pt-BR","potentialAction":[{"@type":"CommentAction","name":"Comment","target":["https:\/\/www.gaveanews.com\/index.php\/2025\/04\/19\/santos-tem-substituto-para-neymar\/#respond"]}],"copyrightYear":"2025","copyrightHolder":{"@id":"https:\/\/www.gaveanews.com\/#organization"}},{"@type":"WebPage","@id":"https:\/\/www.gaveanews.com\/index.php\/2025\/04\/19\/santos-tem-substituto-para-neymar\/","url":"https:\/\/www.gaveanews.com\/index.php\/2025\/04\/19\/santos-tem-substituto-para-neymar\/","name":"Santos tem substituto para Neymar","isPartOf":{"@id":"https:\/\/www.gaveanews.com\/#website"},"primaryImageOfPage":{"@id":"https:\/\/www.gaveanews.com\/index.php\/2025\/04\/19\/santos-tem-substituto-para-neymar\/#primaryimage"},"image":{"@id":"https:\/\/www.gaveanews.com\/index.php\/2025\/04\/19\/santos-tem-substituto-para-neymar\/#primaryimage"},"thumbnailUrl":"https:\/\/www.gaveanews.com\/wp-content\/uploads\/Neymar-em-atuacao-pelo-Santos-na-Vila-Belmiro.webp","datePublished":"2025-04-19T15:10:00+00:00","author":{"@id":"https:\/\/www.gaveanews.com\/#\/schema\/person\/3b19f7288b0ce20372991275e4f2e6c2"},"breadcrumb":{"@id":"https:\/\/www.gaveanews.com\/index.php\/2025\/04\/19\/santos-tem-substituto-para-neymar\/#breadcrumb"},"inLanguage":"pt-BR","potentialAction":[{"@type":"ReadAction","target":["https:\/\/www.gaveanews.com\/index.php\/2025\/04\/19\/santos-tem-substituto-para-neymar\/"]}]},{"@type":"ImageObject","inLanguage":"pt-BR","@id":"https:\/\/www.gaveanews.com\/index.php\/2025\/04\/19\/santos-tem-substituto-para-neymar\/#primaryimage","url":"https:\/\/www.gaveanews.com\/wp-content\/uploads\/Neymar-em-atuacao-pelo-Santos-na-Vila-Belmiro.webp","contentUrl":"https:\/\/www.gaveanews.com\/wp-content\/uploads\/Neymar-em-atuacao-pelo-Santos-na-Vila-Belmiro.webp","width":1200,"height":800,"caption":"Neymar em atua\u00e7\u00e3o pelo Santos na Vila Belmiro - Fotos: Raul Baretta\/ Santos FC."},{"@type":"BreadcrumbList","@id":"https:\/\/www.gaveanews.com\/index.php\/2025\/04\/19\/santos-tem-substituto-para-neymar\/#breadcrumb","itemListElement":[{"@type":"ListItem","position":1,"name":"Home","item":"https:\/\/www.gaveanews.com\/"},{"@type":"ListItem","position":2,"name":"Santos tem substituto para Neymar"}]},{"@type":"WebSite","@id":"https:\/\/www.gaveanews.com\/#website","url":"https:\/\/www.gaveanews.com\/","name":"G\u00e1vea News","description":"Veja todas as not\u00edcias sobre o Flamengo: Contrata\u00e7\u00f5es, categorias de base, resultados das partidas, tabela de classifica\u00e7\u00e3o, pr\u00f3ximos jogos!","potentialAction":[{"@type":"SearchAction","target":{"@type":"EntryPoint","urlTemplate":"https:\/\/www.gaveanews.com\/?s={search_term_string}"},"query-input":{"@type":"PropertyValueSpecification","valueRequired":true,"valueName":"search_term_string"}}],"inLanguage":"pt-BR"},{"@type":"Person","@id":"https:\/\/www.gaveanews.com\/#\/schema\/person\/3b19f7288b0ce20372991275e4f2e6c2","name":"Ana Teixeira","image":{"@type":"ImageObject","inLanguage":"pt-BR","@id":"https:\/\/www.gaveanews.com\/#\/schema\/person\/image\/","url":"https:\/\/secure.gravatar.com\/avatar\/0a73f5a5258f3fed37fc2fa641892f3f7a4748456d4d4792f9bc550e6c19e06c?s=96&d=mm&r=g","contentUrl":"https:\/\/secure.gravatar.com\/avatar\/0a73f5a5258f3fed37fc2fa641892f3f7a4748456d4d4792f9bc550e6c19e06c?s=96&d=mm&r=g","caption":"Ana Teixeira"}}]}},"_links":{"self":[{"href":"https:\/\/www.gaveanews.com\/index.php\/wp-json\/wp\/v2\/posts\/255526","targetHints":{"allow":["GET"]}}],"collection":[{"href":"https:\/\/www.gaveanews.com\/index.php\/wp-json\/wp\/v2\/posts"}],"about":[{"href":"https:\/\/www.gaveanews.com\/index.php\/wp-json\/wp\/v2\/types\/post"}],"author":[{"embeddable":true,"href":"https:\/\/www.gaveanews.com\/index.php\/wp-json\/wp\/v2\/users\/30"}],"replies":[{"embeddable":true,"href":"https:\/\/www.gaveanews.com\/index.php\/wp-json\/wp\/v2\/comments?post=255526"}],"version-history":[{"count":1,"href":"https:\/\/www.gaveanews.com\/index.php\/wp-json\/wp\/v2\/posts\/255526\/revisions"}],"predecessor-version":[{"id":255527,"href":"https:\/\/www.gaveanews.com\/index.php\/wp-json\/wp\/v2\/posts\/255526\/revisions\/255527"}],"wp:featuredmedia":[{"embeddable":true,"href":"https:\/\/www.gaveanews.com\/index.php\/wp-json\/wp\/v2\/media\/255254"}],"wp:attachment":[{"href":"https:\/\/www.gaveanews.com\/index.php\/wp-json\/wp\/v2\/media?parent=255526"}],"wp:term":[{"taxonomy":"category","embeddable":true,"href":"https:\/\/www.gaveanews.com\/index.php\/wp-json\/wp\/v2\/categories?post=255526"},{"taxonomy":"post_tag","embeddable":true,"href":"https:\/\/www.gaveanews.com\/index.php\/wp-json\/wp\/v2\/tags?post=255526"}],"curies":[{"name":"wp","href":"https:\/\/api.w.org\/{rel}","templated":true}]}}