{"id":255529,"date":"2025-04-19T12:30:00","date_gmt":"2025-04-19T15:30:00","guid":{"rendered":"https:\/\/www.gaveanews.com\/?p=255529"},"modified":"2025-04-19T12:16:13","modified_gmt":"2025-04-19T15:16:13","slug":"jogo-entre-corinthians-e-sport-sera-marcado-por-reencontro","status":"publish","type":"post","link":"https:\/\/www.gaveanews.com\/index.php\/2025\/04\/19\/jogo-entre-corinthians-e-sport-sera-marcado-por-reencontro\/","title":{"rendered":"Jogo entre Corinthians e Sport ser\u00e1 marcado por reencontro"},"content":{"rendered":"\n<p>Neste s\u00e1bado (19), o Corinthians ter\u00e1 um reencontro simb\u00f3lico em sua casa. A partida contra o Sport, v\u00e1lida pela quinta rodada do Campeonato Brasileiro, est\u00e1 marcada para \u00e0s 16h na Neo Qu\u00edmica Arena. Mais do que um confronto importante para o planejamento alvinegro, o jogo marca o retorno de dois atletas revelados pelas categorias de base do clube: Ca\u00edque Fran\u00e7a e Du Queiroz.<\/p>\n\n\n\n<h2 class=\"wp-block-heading\" id=\"h-a-trajetoria-de-caique-franca-no-corinthians\">A trajet\u00f3ria de Ca\u00edque Fran\u00e7a no Corinthians<\/h2>\n\n\n\n<p>O goleiro Ca\u00edque Fran\u00e7a iniciou sua forma\u00e7\u00e3o no Corinthians, onde foi ganhando espa\u00e7o at\u00e9 estrear pelo time profissional em 2016. Sua primeira apari\u00e7\u00e3o foi simb\u00f3lica: entrou no segundo tempo da vit\u00f3ria por 3 a 1 sobre o Botafogo. No ano seguinte, viveu um dos momentos mais relevantes da carreira. <\/p>\n\n\n\n<p>Com C\u00e1ssio na Sele\u00e7\u00e3o Brasileira e Walter lesionado, Ca\u00edque assumiu a meta corintiana durante a reta final de tr\u00eas jogos seguidos do Brasileir\u00e3o \u2014 destaque para as vit\u00f3rias sobre Ava\u00ed e Fluminense, ambas na Neo Qu\u00edmica Arena.<\/p>\n\n\n\n<p>&#8220;Foi uma sequ\u00eancia muito importante para mim. Ganhei confian\u00e7a, visibilidade e experi\u00eancia&#8221;, declarou o goleiro em entrevistas anteriores.<\/p>\n\n\n\n<p>Contudo, apesar de mostrar potencial, voltou a ser reserva e s\u00f3 atuou novamente em 2019, numa derrota por 4 a 1 para o Flamengo. Posteriormente, em 2020, foi emprestado ao Oeste. Ap\u00f3s seu retorno, disputou a temporada de 2021 no Corinthians e n\u00e3o teve o contrato renovado. Assinou, ent\u00e3o, com a Ponte Preta, antes de firmar pr\u00e9-contrato com o Sport no fim de 2023.<\/p>\n\n\n\n<p>Atualmente titular absoluto da equipe pernambucana, Ca\u00edque acumula 78 partidas pelo Le\u00e3o da Ilha, com 71 gols sofridos. Ali\u00e1s, o desempenho consistente o garantiu at\u00e9 a renova\u00e7\u00e3o de contrato com o clube at\u00e9 o fim de 2026.<\/p>\n\n\n\n<h2 class=\"wp-block-heading\" id=\"h-du-queiroz-de-promessa-a-titular-na-ilha-do-retiro\">Du Queiroz: de promessa a titular na Ilha do Retiro<\/h2>\n\n\n\n<p>Outro personagem central do reencontro \u00e9 o volante Du Queiroz, igualmente revelado pelas categorias de base do Tim\u00e3o. Integrado ao elenco principal por Sylvinho, fez sua estreia em um jogo contra o Athletico-PR, atuando de forma improvisada na lateral direita. Contudo, a versatilidade e entrega em campo o mantiveram no grupo, e, com a chegada de V\u00edtor Pereira em 2022, ele se firmou no meio-campo titular.<\/p>\n\n\n\n<p>Naquela temporada, Du Queiroz somou tr\u00eas gols e tr\u00eas assist\u00eancias. Entretanto, em 2023, perdeu espa\u00e7o ap\u00f3s ser negociado com o Zenit, da R\u00fassia, em uma transa\u00e7\u00e3o que envolveu a perman\u00eancia de Yuri Alberto no Corinthians. O volante jogou 16 partidas pelo clube russo, mas acabou voltando ao futebol brasileiro em 2024, por empr\u00e9stimo ao Gr\u00eamio.<\/p>\n\n\n\n<p>No atual ano, o Sport apostou no seu retorno ao bom futebol e acertou empr\u00e9stimo at\u00e9 dezembro. Desde ent\u00e3o, Du Queiroz tem sido pe\u00e7a fundamental na equipe comandada por Pepa, com seis partidas disputadas, todas como titular.<\/p>\n\n\n\n<h2 class=\"wp-block-heading\" id=\"h-chrystian-barletta-outro-velho-conhecido\">Chrystian Barletta: outro velho conhecido<\/h2>\n\n\n\n<p>Al\u00e9m dos dois Filhos do Terr\u00e3o, o confronto tamb\u00e9m colocar\u00e1 o Corinthians frente a frente com outro nome familiar: Chrystian Barletta. O atacante foi contratado pelo Tim\u00e3o em 2023, ap\u00f3s se destacar pelo S\u00e3o Bernardo no Paulist\u00e3o, mas teve poucas oportunidades \u2014 foram apenas cinco partidas antes de ser negociado com o Cear\u00e1. Atualmente, integra o elenco do Sport.<\/p>\n\n\n\n<h2 class=\"wp-block-heading\" id=\"h-situacao-do-corinthians-no-brasileirao\">Situa\u00e7\u00e3o do Corinthians no Brasileir\u00e3o<\/h2>\n\n\n\n<p>Enquanto se reencontra com seus ex-jogadores, o Corinthians entra em campo pressionado. Afinal, a equipe vive um momento inst\u00e1vel no Campeonato Brasileiro. Com apenas quatro pontos somados em quatro jogos, o clube ocupa a 14\u00aa posi\u00e7\u00e3o na tabela. Vem de duas derrotas consecutivas e precisa da vit\u00f3ria para n\u00e3o se afastar dos primeiros colocados logo no in\u00edcio da competi\u00e7\u00e3o.<\/p>\n\n\n\n<p><\/p>\n","protected":false},"excerpt":{"rendered":"<p>Neste s\u00e1bado (19), o Corinthians ter\u00e1 um reencontro simb\u00f3lico em sua casa. A partida contra o Sport, v\u00e1lida pela quinta rodada do Campeonato Brasileiro, est\u00e1 marcada para \u00e0s 16h na Neo Qu\u00edmica Arena. Mais do que um confronto importante para o planejamento alvinegro, o jogo marca o retorno de dois atletas revelados pelas categorias de [&hellip;]<\/p>\n","protected":false},"author":30,"featured_media":154473,"comment_status":"open","ping_status":"closed","sticky":false,"template":"","format":"standard","meta":{"footnotes":""},"categories":[133,141],"tags":[],"class_list":["post-255529","post","type-post","status-publish","format-standard","has-post-thumbnail","hentry","category-brasileirao","category-corinthians"],"yoast_head":"<!-- This site is optimized with the Yoast SEO Premium plugin v24.2 (Yoast SEO v26.9) - https:\/\/yoast.com\/product\/yoast-seo-premium-wordpress\/ -->\n<title>Jogo entre Corinthians e Sport ser\u00e1 marcado por reencontro<\/title>\n<meta name=\"robots\" content=\"index, follow, max-snippet:-1, max-image-preview:large, max-video-preview:-1\" \/>\n<link rel=\"canonical\" href=\"https:\/\/www.gaveanews.com\/index.php\/2025\/04\/19\/jogo-entre-corinthians-e-sport-sera-marcado-por-reencontro\/\" \/>\n<meta property=\"og:locale\" content=\"pt_BR\" \/>\n<meta property=\"og:type\" content=\"article\" \/>\n<meta property=\"og:title\" content=\"Jogo entre Corinthians e Sport ser\u00e1 marcado por reencontro\" \/>\n<meta property=\"og:description\" content=\"Neste s\u00e1bado (19), o Corinthians ter\u00e1 um reencontro simb\u00f3lico em sua casa. A partida contra o Sport, v\u00e1lida pela quinta rodada do Campeonato Brasileiro, est\u00e1 marcada para \u00e0s 16h na Neo Qu\u00edmica Arena. Mais do que um confronto importante para o planejamento alvinegro, o jogo marca o retorno de dois atletas revelados pelas categorias de [&hellip;]\" \/>\n<meta property=\"og:url\" content=\"https:\/\/www.gaveanews.com\/index.php\/2025\/04\/19\/jogo-entre-corinthians-e-sport-sera-marcado-por-reencontro\/\" \/>\n<meta property=\"og:site_name\" content=\"G\u00e1vea News\" \/>\n<meta property=\"article:publisher\" content=\"https:\/\/facebook.com\/gaveaNews\/\" \/>\n<meta property=\"article:published_time\" content=\"2025-04-19T15:30:00+00:00\" \/>\n<meta property=\"og:image\" content=\"https:\/\/www.gaveanews.com\/wp-content\/uploads\/Escudo-do-Corinthians-na-Neo-Quimica-Arena.webp\" \/>\n\t<meta property=\"og:image:width\" content=\"1440\" \/>\n\t<meta property=\"og:image:height\" content=\"959\" \/>\n\t<meta property=\"og:image:type\" content=\"image\/jpeg\" \/>\n<meta name=\"author\" content=\"Ana Teixeira\" \/>\n<meta name=\"twitter:card\" content=\"summary_large_image\" \/>\n<meta name=\"twitter:label1\" content=\"Escrito por\" \/>\n\t<meta name=\"twitter:data1\" content=\"Ana Teixeira\" \/>\n\t<meta name=\"twitter:label2\" content=\"Est. tempo de leitura\" \/>\n\t<meta name=\"twitter:data2\" content=\"4 minutos\" \/>\n<script type=\"application\/ld+json\" class=\"yoast-schema-graph\">{\"@context\":\"https:\/\/schema.org\",\"@graph\":[{\"@type\":\"NewsArticle\",\"@id\":\"https:\/\/www.gaveanews.com\/index.php\/2025\/04\/19\/jogo-entre-corinthians-e-sport-sera-marcado-por-reencontro\/#article\",\"isPartOf\":{\"@id\":\"https:\/\/www.gaveanews.com\/index.php\/2025\/04\/19\/jogo-entre-corinthians-e-sport-sera-marcado-por-reencontro\/\"},\"author\":{\"name\":\"Ana Teixeira\",\"@id\":\"https:\/\/www.gaveanews.com\/#\/schema\/person\/3b19f7288b0ce20372991275e4f2e6c2\"},\"headline\":\"Jogo entre Corinthians e Sport ser\u00e1 marcado por reencontro\",\"datePublished\":\"2025-04-19T15:30:00+00:00\",\"mainEntityOfPage\":{\"@id\":\"https:\/\/www.gaveanews.com\/index.php\/2025\/04\/19\/jogo-entre-corinthians-e-sport-sera-marcado-por-reencontro\/\"},\"wordCount\":622,\"commentCount\":0,\"image\":{\"@id\":\"https:\/\/www.gaveanews.com\/index.php\/2025\/04\/19\/jogo-entre-corinthians-e-sport-sera-marcado-por-reencontro\/#primaryimage\"},\"thumbnailUrl\":\"https:\/\/www.gaveanews.com\/wp-content\/uploads\/Escudo-do-Corinthians-na-Neo-Quimica-Arena.webp\",\"articleSection\":[\"Brasileir\u00e3o\",\"Corinthians\"],\"inLanguage\":\"pt-BR\",\"potentialAction\":[{\"@type\":\"CommentAction\",\"name\":\"Comment\",\"target\":[\"https:\/\/www.gaveanews.com\/index.php\/2025\/04\/19\/jogo-entre-corinthians-e-sport-sera-marcado-por-reencontro\/#respond\"]}],\"copyrightYear\":\"2025\",\"copyrightHolder\":{\"@id\":\"https:\/\/www.gaveanews.com\/#organization\"}},{\"@type\":\"WebPage\",\"@id\":\"https:\/\/www.gaveanews.com\/index.php\/2025\/04\/19\/jogo-entre-corinthians-e-sport-sera-marcado-por-reencontro\/\",\"url\":\"https:\/\/www.gaveanews.com\/index.php\/2025\/04\/19\/jogo-entre-corinthians-e-sport-sera-marcado-por-reencontro\/\",\"name\":\"Jogo entre Corinthians e Sport ser\u00e1 marcado por reencontro\",\"isPartOf\":{\"@id\":\"https:\/\/www.gaveanews.com\/#website\"},\"primaryImageOfPage\":{\"@id\":\"https:\/\/www.gaveanews.com\/index.php\/2025\/04\/19\/jogo-entre-corinthians-e-sport-sera-marcado-por-reencontro\/#primaryimage\"},\"image\":{\"@id\":\"https:\/\/www.gaveanews.com\/index.php\/2025\/04\/19\/jogo-entre-corinthians-e-sport-sera-marcado-por-reencontro\/#primaryimage\"},\"thumbnailUrl\":\"https:\/\/www.gaveanews.com\/wp-content\/uploads\/Escudo-do-Corinthians-na-Neo-Quimica-Arena.webp\",\"datePublished\":\"2025-04-19T15:30:00+00:00\",\"author\":{\"@id\":\"https:\/\/www.gaveanews.com\/#\/schema\/person\/3b19f7288b0ce20372991275e4f2e6c2\"},\"breadcrumb\":{\"@id\":\"https:\/\/www.gaveanews.com\/index.php\/2025\/04\/19\/jogo-entre-corinthians-e-sport-sera-marcado-por-reencontro\/#breadcrumb\"},\"inLanguage\":\"pt-BR\",\"potentialAction\":[{\"@type\":\"ReadAction\",\"target\":[\"https:\/\/www.gaveanews.com\/index.php\/2025\/04\/19\/jogo-entre-corinthians-e-sport-sera-marcado-por-reencontro\/\"]}]},{\"@type\":\"ImageObject\",\"inLanguage\":\"pt-BR\",\"@id\":\"https:\/\/www.gaveanews.com\/index.php\/2025\/04\/19\/jogo-entre-corinthians-e-sport-sera-marcado-por-reencontro\/#primaryimage\",\"url\":\"https:\/\/www.gaveanews.com\/wp-content\/uploads\/Escudo-do-Corinthians-na-Neo-Quimica-Arena.webp\",\"contentUrl\":\"https:\/\/www.gaveanews.com\/wp-content\/uploads\/Escudo-do-Corinthians-na-Neo-Quimica-Arena.webp\",\"width\":1440,\"height\":959,\"caption\":\"Escudo do Corinthians na N\u00e9o Qu\u00edmica Arena (Foto Reprodu\u00e7\u00e3o\/Instagram)\"},{\"@type\":\"BreadcrumbList\",\"@id\":\"https:\/\/www.gaveanews.com\/index.php\/2025\/04\/19\/jogo-entre-corinthians-e-sport-sera-marcado-por-reencontro\/#breadcrumb\",\"itemListElement\":[{\"@type\":\"ListItem\",\"position\":1,\"name\":\"Home\",\"item\":\"https:\/\/www.gaveanews.com\/\"},{\"@type\":\"ListItem\",\"position\":2,\"name\":\"Jogo entre Corinthians e Sport ser\u00e1 marcado por reencontro\"}]},{\"@type\":\"WebSite\",\"@id\":\"https:\/\/www.gaveanews.com\/#website\",\"url\":\"https:\/\/www.gaveanews.com\/\",\"name\":\"G\u00e1vea News\",\"description\":\"Veja todas as not\u00edcias sobre o Flamengo: Contrata\u00e7\u00f5es, categorias de base, resultados das partidas, tabela de classifica\u00e7\u00e3o, pr\u00f3ximos jogos!\",\"potentialAction\":[{\"@type\":\"SearchAction\",\"target\":{\"@type\":\"EntryPoint\",\"urlTemplate\":\"https:\/\/www.gaveanews.com\/?s={search_term_string}\"},\"query-input\":{\"@type\":\"PropertyValueSpecification\",\"valueRequired\":true,\"valueName\":\"search_term_string\"}}],\"inLanguage\":\"pt-BR\"},{\"@type\":\"Person\",\"@id\":\"https:\/\/www.gaveanews.com\/#\/schema\/person\/3b19f7288b0ce20372991275e4f2e6c2\",\"name\":\"Ana Teixeira\",\"image\":{\"@type\":\"ImageObject\",\"inLanguage\":\"pt-BR\",\"@id\":\"https:\/\/www.gaveanews.com\/#\/schema\/person\/image\/\",\"url\":\"https:\/\/secure.gravatar.com\/avatar\/0a73f5a5258f3fed37fc2fa641892f3f7a4748456d4d4792f9bc550e6c19e06c?s=96&d=mm&r=g\",\"contentUrl\":\"https:\/\/secure.gravatar.com\/avatar\/0a73f5a5258f3fed37fc2fa641892f3f7a4748456d4d4792f9bc550e6c19e06c?s=96&d=mm&r=g\",\"caption\":\"Ana Teixeira\"}}]}<\/script>\n<!-- \/ Yoast SEO Premium plugin. -->","yoast_head_json":{"title":"Jogo entre Corinthians e Sport ser\u00e1 marcado por reencontro","robots":{"index":"index","follow":"follow","max-snippet":"max-snippet:-1","max-image-preview":"max-image-preview:large","max-video-preview":"max-video-preview:-1"},"canonical":"https:\/\/www.gaveanews.com\/index.php\/2025\/04\/19\/jogo-entre-corinthians-e-sport-sera-marcado-por-reencontro\/","og_locale":"pt_BR","og_type":"article","og_title":"Jogo entre Corinthians e Sport ser\u00e1 marcado por reencontro","og_description":"Neste s\u00e1bado (19), o Corinthians ter\u00e1 um reencontro simb\u00f3lico em sua casa. A partida contra o Sport, v\u00e1lida pela quinta rodada do Campeonato Brasileiro, est\u00e1 marcada para \u00e0s 16h na Neo Qu\u00edmica Arena. Mais do que um confronto importante para o planejamento alvinegro, o jogo marca o retorno de dois atletas revelados pelas categorias de [&hellip;]","og_url":"https:\/\/www.gaveanews.com\/index.php\/2025\/04\/19\/jogo-entre-corinthians-e-sport-sera-marcado-por-reencontro\/","og_site_name":"G\u00e1vea News","article_publisher":"https:\/\/facebook.com\/gaveaNews\/","article_published_time":"2025-04-19T15:30:00+00:00","og_image":[{"width":1440,"height":959,"url":"https:\/\/www.gaveanews.com\/wp-content\/uploads\/Escudo-do-Corinthians-na-Neo-Quimica-Arena.webp","type":"image\/jpeg"}],"author":"Ana Teixeira","twitter_card":"summary_large_image","twitter_misc":{"Escrito por":"Ana Teixeira","Est. tempo de leitura":"4 minutos"},"schema":{"@context":"https:\/\/schema.org","@graph":[{"@type":"NewsArticle","@id":"https:\/\/www.gaveanews.com\/index.php\/2025\/04\/19\/jogo-entre-corinthians-e-sport-sera-marcado-por-reencontro\/#article","isPartOf":{"@id":"https:\/\/www.gaveanews.com\/index.php\/2025\/04\/19\/jogo-entre-corinthians-e-sport-sera-marcado-por-reencontro\/"},"author":{"name":"Ana Teixeira","@id":"https:\/\/www.gaveanews.com\/#\/schema\/person\/3b19f7288b0ce20372991275e4f2e6c2"},"headline":"Jogo entre Corinthians e Sport ser\u00e1 marcado por reencontro","datePublished":"2025-04-19T15:30:00+00:00","mainEntityOfPage":{"@id":"https:\/\/www.gaveanews.com\/index.php\/2025\/04\/19\/jogo-entre-corinthians-e-sport-sera-marcado-por-reencontro\/"},"wordCount":622,"commentCount":0,"image":{"@id":"https:\/\/www.gaveanews.com\/index.php\/2025\/04\/19\/jogo-entre-corinthians-e-sport-sera-marcado-por-reencontro\/#primaryimage"},"thumbnailUrl":"https:\/\/www.gaveanews.com\/wp-content\/uploads\/Escudo-do-Corinthians-na-Neo-Quimica-Arena.webp","articleSection":["Brasileir\u00e3o","Corinthians"],"inLanguage":"pt-BR","potentialAction":[{"@type":"CommentAction","name":"Comment","target":["https:\/\/www.gaveanews.com\/index.php\/2025\/04\/19\/jogo-entre-corinthians-e-sport-sera-marcado-por-reencontro\/#respond"]}],"copyrightYear":"2025","copyrightHolder":{"@id":"https:\/\/www.gaveanews.com\/#organization"}},{"@type":"WebPage","@id":"https:\/\/www.gaveanews.com\/index.php\/2025\/04\/19\/jogo-entre-corinthians-e-sport-sera-marcado-por-reencontro\/","url":"https:\/\/www.gaveanews.com\/index.php\/2025\/04\/19\/jogo-entre-corinthians-e-sport-sera-marcado-por-reencontro\/","name":"Jogo entre Corinthians e Sport ser\u00e1 marcado por reencontro","isPartOf":{"@id":"https:\/\/www.gaveanews.com\/#website"},"primaryImageOfPage":{"@id":"https:\/\/www.gaveanews.com\/index.php\/2025\/04\/19\/jogo-entre-corinthians-e-sport-sera-marcado-por-reencontro\/#primaryimage"},"image":{"@id":"https:\/\/www.gaveanews.com\/index.php\/2025\/04\/19\/jogo-entre-corinthians-e-sport-sera-marcado-por-reencontro\/#primaryimage"},"thumbnailUrl":"https:\/\/www.gaveanews.com\/wp-content\/uploads\/Escudo-do-Corinthians-na-Neo-Quimica-Arena.webp","datePublished":"2025-04-19T15:30:00+00:00","author":{"@id":"https:\/\/www.gaveanews.com\/#\/schema\/person\/3b19f7288b0ce20372991275e4f2e6c2"},"breadcrumb":{"@id":"https:\/\/www.gaveanews.com\/index.php\/2025\/04\/19\/jogo-entre-corinthians-e-sport-sera-marcado-por-reencontro\/#breadcrumb"},"inLanguage":"pt-BR","potentialAction":[{"@type":"ReadAction","target":["https:\/\/www.gaveanews.com\/index.php\/2025\/04\/19\/jogo-entre-corinthians-e-sport-sera-marcado-por-reencontro\/"]}]},{"@type":"ImageObject","inLanguage":"pt-BR","@id":"https:\/\/www.gaveanews.com\/index.php\/2025\/04\/19\/jogo-entre-corinthians-e-sport-sera-marcado-por-reencontro\/#primaryimage","url":"https:\/\/www.gaveanews.com\/wp-content\/uploads\/Escudo-do-Corinthians-na-Neo-Quimica-Arena.webp","contentUrl":"https:\/\/www.gaveanews.com\/wp-content\/uploads\/Escudo-do-Corinthians-na-Neo-Quimica-Arena.webp","width":1440,"height":959,"caption":"Escudo do Corinthians na N\u00e9o Qu\u00edmica Arena (Foto Reprodu\u00e7\u00e3o\/Instagram)"},{"@type":"BreadcrumbList","@id":"https:\/\/www.gaveanews.com\/index.php\/2025\/04\/19\/jogo-entre-corinthians-e-sport-sera-marcado-por-reencontro\/#breadcrumb","itemListElement":[{"@type":"ListItem","position":1,"name":"Home","item":"https:\/\/www.gaveanews.com\/"},{"@type":"ListItem","position":2,"name":"Jogo entre Corinthians e Sport ser\u00e1 marcado por reencontro"}]},{"@type":"WebSite","@id":"https:\/\/www.gaveanews.com\/#website","url":"https:\/\/www.gaveanews.com\/","name":"G\u00e1vea News","description":"Veja todas as not\u00edcias sobre o Flamengo: Contrata\u00e7\u00f5es, categorias de base, resultados das partidas, tabela de classifica\u00e7\u00e3o, pr\u00f3ximos jogos!","potentialAction":[{"@type":"SearchAction","target":{"@type":"EntryPoint","urlTemplate":"https:\/\/www.gaveanews.com\/?s={search_term_string}"},"query-input":{"@type":"PropertyValueSpecification","valueRequired":true,"valueName":"search_term_string"}}],"inLanguage":"pt-BR"},{"@type":"Person","@id":"https:\/\/www.gaveanews.com\/#\/schema\/person\/3b19f7288b0ce20372991275e4f2e6c2","name":"Ana Teixeira","image":{"@type":"ImageObject","inLanguage":"pt-BR","@id":"https:\/\/www.gaveanews.com\/#\/schema\/person\/image\/","url":"https:\/\/secure.gravatar.com\/avatar\/0a73f5a5258f3fed37fc2fa641892f3f7a4748456d4d4792f9bc550e6c19e06c?s=96&d=mm&r=g","contentUrl":"https:\/\/secure.gravatar.com\/avatar\/0a73f5a5258f3fed37fc2fa641892f3f7a4748456d4d4792f9bc550e6c19e06c?s=96&d=mm&r=g","caption":"Ana Teixeira"}}]}},"_links":{"self":[{"href":"https:\/\/www.gaveanews.com\/index.php\/wp-json\/wp\/v2\/posts\/255529","targetHints":{"allow":["GET"]}}],"collection":[{"href":"https:\/\/www.gaveanews.com\/index.php\/wp-json\/wp\/v2\/posts"}],"about":[{"href":"https:\/\/www.gaveanews.com\/index.php\/wp-json\/wp\/v2\/types\/post"}],"author":[{"embeddable":true,"href":"https:\/\/www.gaveanews.com\/index.php\/wp-json\/wp\/v2\/users\/30"}],"replies":[{"embeddable":true,"href":"https:\/\/www.gaveanews.com\/index.php\/wp-json\/wp\/v2\/comments?post=255529"}],"version-history":[{"count":1,"href":"https:\/\/www.gaveanews.com\/index.php\/wp-json\/wp\/v2\/posts\/255529\/revisions"}],"predecessor-version":[{"id":255534,"href":"https:\/\/www.gaveanews.com\/index.php\/wp-json\/wp\/v2\/posts\/255529\/revisions\/255534"}],"wp:featuredmedia":[{"embeddable":true,"href":"https:\/\/www.gaveanews.com\/index.php\/wp-json\/wp\/v2\/media\/154473"}],"wp:attachment":[{"href":"https:\/\/www.gaveanews.com\/index.php\/wp-json\/wp\/v2\/media?parent=255529"}],"wp:term":[{"taxonomy":"category","embeddable":true,"href":"https:\/\/www.gaveanews.com\/index.php\/wp-json\/wp\/v2\/categories?post=255529"},{"taxonomy":"post_tag","embeddable":true,"href":"https:\/\/www.gaveanews.com\/index.php\/wp-json\/wp\/v2\/tags?post=255529"}],"curies":[{"name":"wp","href":"https:\/\/api.w.org\/{rel}","templated":true}]}}