{"id":255530,"date":"2025-04-19T12:25:00","date_gmt":"2025-04-19T15:25:00","guid":{"rendered":"https:\/\/www.gaveanews.com\/?p=255530"},"modified":"2025-04-19T12:15:48","modified_gmt":"2025-04-19T15:15:48","slug":"abel-ferreira-tenta-alcancar-vojvoda-em-fortaleza-x-palmeiras","status":"publish","type":"post","link":"https:\/\/www.gaveanews.com\/index.php\/2025\/04\/19\/abel-ferreira-tenta-alcancar-vojvoda-em-fortaleza-x-palmeiras\/","title":{"rendered":"Abel Ferreira tenta alcan\u00e7ar Vojvoda em Fortaleza x Palmeiras"},"content":{"rendered":"\n<p>Fortaleza e Palmeiras se reencontram neste domingo (20), \u00e0s 18h30, pela 5\u00aa rodada do Campeonato Brasileiro de 2025, na Arena Castel\u00e3o. O confronto representa mais do que a busca por pontos na tabela: \u00e9 tamb\u00e9m um novo cap\u00edtulo na rivalidade entre dois dos treinadores mais duradouros do futebol brasileiro atual, Juan Pablo Vojvoda e Abel Ferreira.<\/p>\n\n\n\n<p>Ambos os t\u00e9cnicos sustentam passagens notavelmente est\u00e1veis em seus respectivos clubes. Vojvoda est\u00e1 no comando do Fortaleza desde maio de 2021, enquanto Abel lidera o Palmeiras desde outubro de 2020. Essa longevidade, ali\u00e1s, os coloca em posi\u00e7\u00e3o de destaque na S\u00e9rie A, j\u00e1 que \u00e9 raro no cen\u00e1rio nacional a manuten\u00e7\u00e3o prolongada de treinadores no cargo.<\/p>\n\n\n\n<p>Conforme os dados levantados, os treinadores j\u00e1 se enfrentaram em dez ocasi\u00f5es. O argentino Vojvoda leva vantagem no retrospecto com quatro vit\u00f3rias, contra tr\u00eas do portugu\u00eas Abel, al\u00e9m de tr\u00eas empates. Dessa maneira, o pr\u00f3ximo confronto poder\u00e1 igualar o hist\u00f3rico de triunfos entre os dois.<\/p>\n\n\n\n<h2 class=\"wp-block-heading\" id=\"h-historico-de-confrontos\">Hist\u00f3rico de confrontos <\/h2>\n\n\n\n<p>Os encontros entre os treinadores ocorreram em duas competi\u00e7\u00f5es distintas. No Brasileiro, foram oito partidas, com tr\u00eas vit\u00f3rias para o Fortaleza, duas para o Palmeiras e tr\u00eas empates. J\u00e1 na Copa do Brasil de 2023, o embate se deu nas oitavas de final: o time paulista venceu a ida por 3 a 0, enquanto os cearenses levaram a melhor no jogo de volta, por 1 a 0. O Verd\u00e3o, por\u00e9m, avan\u00e7ou \u00e0 fase seguinte com o placar agregado de 3 a 1.<\/p>\n\n\n\n<p>A trajet\u00f3ria desses duelos come\u00e7ou em outubro de 2021, quando o Fortaleza venceu o Palmeiras por 3 a 2 no Allianz Parque, com gol nos acr\u00e9scimos. Desde ent\u00e3o, outros confrontos relevantes marcaram a rivalidade, incluindo a goleada palmeirense por 4 a 0 em 2022 e o empate por 2 a 2 em 2024, tamb\u00e9m na casa alviverde. A \u00faltima vez que se enfrentaram foi igualmente no ano passado, com o time cearense aplicando 3 a 0 no Castel\u00e3o.<\/p>\n\n\n\n<h2 class=\"wp-block-heading\" id=\"h-momentos-distintos-antes-do-novo-embate\">Momentos distintos antes do novo embate<\/h2>\n\n\n\n<p>O Palmeiras ocupa a vice-lideran\u00e7a do campeonato, com dez pontos somados, enquanto o Fortaleza aparece em 12\u00ba lugar, com cinco. O time paulista chega embalado ap\u00f3s vit\u00f3ria fora de casa sobre o Internacional, no Beira-Rio. J\u00e1 o Fortaleza tenta reencontrar o caminho das vit\u00f3rias, pois acumula quatro jogos sem vencer, tendo perdido para o Vit\u00f3ria, por 2 a 1, na \u00faltima rodada.<\/p>\n\n\n\n<p>Apesar dos momentos opostos, o equil\u00edbrio hist\u00f3rico entre os t\u00e9cnicos e o desempenho irregular do Fortaleza como mandante tornam o duelo imprevis\u00edvel. \u201c\u00c9 um jogo dif\u00edcil, como sempre \u00e9 enfrentar o Fortaleza na casa deles, mas estamos confiantes no nosso trabalho\u201d, declarou Abel Ferreira anteriormente, em uma de suas entrevistas ao longo da temporada.<\/p>\n\n\n\n<h2 class=\"wp-block-heading\" id=\"h-expectativa-por-mais-um-confronto-acirrado\">Expectativa por mais um confronto acirrado<\/h2>\n\n\n\n<p>Assim sendo, o jogo promete ser mais do que um simples embate de tr\u00eas pontos. A possibilidade de Abel igualar o n\u00famero de vit\u00f3rias contra Vojvoda adiciona um ingrediente simb\u00f3lico \u00e0 partida. Afinal, s\u00e3o dois treinadores que marcam suas trajet\u00f3rias pela const\u00e2ncia e por conseguirem imprimir identidade a seus elencos.<\/p>\n\n\n\n<p><\/p>\n","protected":false},"excerpt":{"rendered":"<p>Fortaleza e Palmeiras se reencontram neste domingo (20), \u00e0s 18h30, pela 5\u00aa rodada do Campeonato Brasileiro de 2025, na Arena Castel\u00e3o. O confronto representa mais do que a busca por pontos na tabela: \u00e9 tamb\u00e9m um novo cap\u00edtulo na rivalidade entre dois dos treinadores mais duradouros do futebol brasileiro atual, Juan Pablo Vojvoda e Abel [&hellip;]<\/p>\n","protected":false},"author":30,"featured_media":142773,"comment_status":"open","ping_status":"closed","sticky":false,"template":"","format":"standard","meta":{"footnotes":""},"categories":[133,146,150],"tags":[],"class_list":["post-255530","post","type-post","status-publish","format-standard","has-post-thumbnail","hentry","category-brasileirao","category-fortaleza","category-palmeiras"],"yoast_head":"<!-- This site is optimized with the Yoast SEO Premium plugin v24.2 (Yoast SEO v26.9) - https:\/\/yoast.com\/product\/yoast-seo-premium-wordpress\/ -->\n<title>Abel Ferreira tenta alcan\u00e7ar Vojvoda em Fortaleza x Palmeiras<\/title>\n<meta name=\"robots\" content=\"index, follow, max-snippet:-1, max-image-preview:large, max-video-preview:-1\" \/>\n<link rel=\"canonical\" href=\"https:\/\/www.gaveanews.com\/index.php\/2025\/04\/19\/abel-ferreira-tenta-alcancar-vojvoda-em-fortaleza-x-palmeiras\/\" \/>\n<meta property=\"og:locale\" content=\"pt_BR\" \/>\n<meta property=\"og:type\" content=\"article\" \/>\n<meta property=\"og:title\" content=\"Abel Ferreira tenta alcan\u00e7ar Vojvoda em Fortaleza x Palmeiras\" \/>\n<meta property=\"og:description\" content=\"Fortaleza e Palmeiras se reencontram neste domingo (20), \u00e0s 18h30, pela 5\u00aa rodada do Campeonato Brasileiro de 2025, na Arena Castel\u00e3o. O confronto representa mais do que a busca por pontos na tabela: \u00e9 tamb\u00e9m um novo cap\u00edtulo na rivalidade entre dois dos treinadores mais duradouros do futebol brasileiro atual, Juan Pablo Vojvoda e Abel [&hellip;]\" \/>\n<meta property=\"og:url\" content=\"https:\/\/www.gaveanews.com\/index.php\/2025\/04\/19\/abel-ferreira-tenta-alcancar-vojvoda-em-fortaleza-x-palmeiras\/\" \/>\n<meta property=\"og:site_name\" content=\"G\u00e1vea News\" \/>\n<meta property=\"article:publisher\" content=\"https:\/\/facebook.com\/gaveaNews\/\" \/>\n<meta property=\"article:published_time\" content=\"2025-04-19T15:25:00+00:00\" \/>\n<meta name=\"author\" content=\"Ana Teixeira\" \/>\n<meta name=\"twitter:card\" content=\"summary_large_image\" \/>\n<meta name=\"twitter:label1\" content=\"Escrito por\" \/>\n\t<meta name=\"twitter:data1\" content=\"Ana Teixeira\" \/>\n\t<meta name=\"twitter:label2\" content=\"Est. tempo de leitura\" \/>\n\t<meta name=\"twitter:data2\" content=\"3 minutos\" \/>\n<script type=\"application\/ld+json\" class=\"yoast-schema-graph\">{\"@context\":\"https:\/\/schema.org\",\"@graph\":[{\"@type\":\"NewsArticle\",\"@id\":\"https:\/\/www.gaveanews.com\/index.php\/2025\/04\/19\/abel-ferreira-tenta-alcancar-vojvoda-em-fortaleza-x-palmeiras\/#article\",\"isPartOf\":{\"@id\":\"https:\/\/www.gaveanews.com\/index.php\/2025\/04\/19\/abel-ferreira-tenta-alcancar-vojvoda-em-fortaleza-x-palmeiras\/\"},\"author\":{\"name\":\"Ana Teixeira\",\"@id\":\"https:\/\/www.gaveanews.com\/#\/schema\/person\/3b19f7288b0ce20372991275e4f2e6c2\"},\"headline\":\"Abel Ferreira tenta alcan\u00e7ar Vojvoda em Fortaleza x Palmeiras\",\"datePublished\":\"2025-04-19T15:25:00+00:00\",\"mainEntityOfPage\":{\"@id\":\"https:\/\/www.gaveanews.com\/index.php\/2025\/04\/19\/abel-ferreira-tenta-alcancar-vojvoda-em-fortaleza-x-palmeiras\/\"},\"wordCount\":525,\"commentCount\":0,\"image\":{\"@id\":\"https:\/\/www.gaveanews.com\/index.php\/2025\/04\/19\/abel-ferreira-tenta-alcancar-vojvoda-em-fortaleza-x-palmeiras\/#primaryimage\"},\"thumbnailUrl\":\"https:\/\/www.gaveanews.com\/wp-content\/uploads\/rib2564.avif\",\"articleSection\":[\"Brasileir\u00e3o\",\"Fortaleza\",\"Palmeiras\"],\"inLanguage\":\"pt-BR\",\"potentialAction\":[{\"@type\":\"CommentAction\",\"name\":\"Comment\",\"target\":[\"https:\/\/www.gaveanews.com\/index.php\/2025\/04\/19\/abel-ferreira-tenta-alcancar-vojvoda-em-fortaleza-x-palmeiras\/#respond\"]}],\"copyrightYear\":\"2025\",\"copyrightHolder\":{\"@id\":\"https:\/\/www.gaveanews.com\/#organization\"}},{\"@type\":\"WebPage\",\"@id\":\"https:\/\/www.gaveanews.com\/index.php\/2025\/04\/19\/abel-ferreira-tenta-alcancar-vojvoda-em-fortaleza-x-palmeiras\/\",\"url\":\"https:\/\/www.gaveanews.com\/index.php\/2025\/04\/19\/abel-ferreira-tenta-alcancar-vojvoda-em-fortaleza-x-palmeiras\/\",\"name\":\"Abel Ferreira tenta alcan\u00e7ar Vojvoda em Fortaleza x Palmeiras\",\"isPartOf\":{\"@id\":\"https:\/\/www.gaveanews.com\/#website\"},\"primaryImageOfPage\":{\"@id\":\"https:\/\/www.gaveanews.com\/index.php\/2025\/04\/19\/abel-ferreira-tenta-alcancar-vojvoda-em-fortaleza-x-palmeiras\/#primaryimage\"},\"image\":{\"@id\":\"https:\/\/www.gaveanews.com\/index.php\/2025\/04\/19\/abel-ferreira-tenta-alcancar-vojvoda-em-fortaleza-x-palmeiras\/#primaryimage\"},\"thumbnailUrl\":\"https:\/\/www.gaveanews.com\/wp-content\/uploads\/rib2564.avif\",\"datePublished\":\"2025-04-19T15:25:00+00:00\",\"author\":{\"@id\":\"https:\/\/www.gaveanews.com\/#\/schema\/person\/3b19f7288b0ce20372991275e4f2e6c2\"},\"breadcrumb\":{\"@id\":\"https:\/\/www.gaveanews.com\/index.php\/2025\/04\/19\/abel-ferreira-tenta-alcancar-vojvoda-em-fortaleza-x-palmeiras\/#breadcrumb\"},\"inLanguage\":\"pt-BR\",\"potentialAction\":[{\"@type\":\"ReadAction\",\"target\":[\"https:\/\/www.gaveanews.com\/index.php\/2025\/04\/19\/abel-ferreira-tenta-alcancar-vojvoda-em-fortaleza-x-palmeiras\/\"]}]},{\"@type\":\"ImageObject\",\"inLanguage\":\"pt-BR\",\"@id\":\"https:\/\/www.gaveanews.com\/index.php\/2025\/04\/19\/abel-ferreira-tenta-alcancar-vojvoda-em-fortaleza-x-palmeiras\/#primaryimage\",\"url\":\"https:\/\/www.gaveanews.com\/wp-content\/uploads\/rib2564.avif\",\"contentUrl\":\"https:\/\/www.gaveanews.com\/wp-content\/uploads\/rib2564.avif\",\"width\":984,\"height\":677,\"caption\":\"Abel Ferreira em Palmeiras x Athletico \u2014 Foto: Marcos Ribolli\"},{\"@type\":\"BreadcrumbList\",\"@id\":\"https:\/\/www.gaveanews.com\/index.php\/2025\/04\/19\/abel-ferreira-tenta-alcancar-vojvoda-em-fortaleza-x-palmeiras\/#breadcrumb\",\"itemListElement\":[{\"@type\":\"ListItem\",\"position\":1,\"name\":\"Home\",\"item\":\"https:\/\/www.gaveanews.com\/\"},{\"@type\":\"ListItem\",\"position\":2,\"name\":\"Abel Ferreira tenta alcan\u00e7ar Vojvoda em Fortaleza x Palmeiras\"}]},{\"@type\":\"WebSite\",\"@id\":\"https:\/\/www.gaveanews.com\/#website\",\"url\":\"https:\/\/www.gaveanews.com\/\",\"name\":\"G\u00e1vea News\",\"description\":\"Veja todas as not\u00edcias sobre o Flamengo: Contrata\u00e7\u00f5es, categorias de base, resultados das partidas, tabela de classifica\u00e7\u00e3o, pr\u00f3ximos jogos!\",\"potentialAction\":[{\"@type\":\"SearchAction\",\"target\":{\"@type\":\"EntryPoint\",\"urlTemplate\":\"https:\/\/www.gaveanews.com\/?s={search_term_string}\"},\"query-input\":{\"@type\":\"PropertyValueSpecification\",\"valueRequired\":true,\"valueName\":\"search_term_string\"}}],\"inLanguage\":\"pt-BR\"},{\"@type\":\"Person\",\"@id\":\"https:\/\/www.gaveanews.com\/#\/schema\/person\/3b19f7288b0ce20372991275e4f2e6c2\",\"name\":\"Ana Teixeira\",\"image\":{\"@type\":\"ImageObject\",\"inLanguage\":\"pt-BR\",\"@id\":\"https:\/\/www.gaveanews.com\/#\/schema\/person\/image\/\",\"url\":\"https:\/\/secure.gravatar.com\/avatar\/0a73f5a5258f3fed37fc2fa641892f3f7a4748456d4d4792f9bc550e6c19e06c?s=96&d=mm&r=g\",\"contentUrl\":\"https:\/\/secure.gravatar.com\/avatar\/0a73f5a5258f3fed37fc2fa641892f3f7a4748456d4d4792f9bc550e6c19e06c?s=96&d=mm&r=g\",\"caption\":\"Ana Teixeira\"}}]}<\/script>\n<!-- \/ Yoast SEO Premium plugin. -->","yoast_head_json":{"title":"Abel Ferreira tenta alcan\u00e7ar Vojvoda em Fortaleza x Palmeiras","robots":{"index":"index","follow":"follow","max-snippet":"max-snippet:-1","max-image-preview":"max-image-preview:large","max-video-preview":"max-video-preview:-1"},"canonical":"https:\/\/www.gaveanews.com\/index.php\/2025\/04\/19\/abel-ferreira-tenta-alcancar-vojvoda-em-fortaleza-x-palmeiras\/","og_locale":"pt_BR","og_type":"article","og_title":"Abel Ferreira tenta alcan\u00e7ar Vojvoda em Fortaleza x Palmeiras","og_description":"Fortaleza e Palmeiras se reencontram neste domingo (20), \u00e0s 18h30, pela 5\u00aa rodada do Campeonato Brasileiro de 2025, na Arena Castel\u00e3o. O confronto representa mais do que a busca por pontos na tabela: \u00e9 tamb\u00e9m um novo cap\u00edtulo na rivalidade entre dois dos treinadores mais duradouros do futebol brasileiro atual, Juan Pablo Vojvoda e Abel [&hellip;]","og_url":"https:\/\/www.gaveanews.com\/index.php\/2025\/04\/19\/abel-ferreira-tenta-alcancar-vojvoda-em-fortaleza-x-palmeiras\/","og_site_name":"G\u00e1vea News","article_publisher":"https:\/\/facebook.com\/gaveaNews\/","article_published_time":"2025-04-19T15:25:00+00:00","author":"Ana Teixeira","twitter_card":"summary_large_image","twitter_misc":{"Escrito por":"Ana Teixeira","Est. tempo de leitura":"3 minutos"},"schema":{"@context":"https:\/\/schema.org","@graph":[{"@type":"NewsArticle","@id":"https:\/\/www.gaveanews.com\/index.php\/2025\/04\/19\/abel-ferreira-tenta-alcancar-vojvoda-em-fortaleza-x-palmeiras\/#article","isPartOf":{"@id":"https:\/\/www.gaveanews.com\/index.php\/2025\/04\/19\/abel-ferreira-tenta-alcancar-vojvoda-em-fortaleza-x-palmeiras\/"},"author":{"name":"Ana Teixeira","@id":"https:\/\/www.gaveanews.com\/#\/schema\/person\/3b19f7288b0ce20372991275e4f2e6c2"},"headline":"Abel Ferreira tenta alcan\u00e7ar Vojvoda em Fortaleza x Palmeiras","datePublished":"2025-04-19T15:25:00+00:00","mainEntityOfPage":{"@id":"https:\/\/www.gaveanews.com\/index.php\/2025\/04\/19\/abel-ferreira-tenta-alcancar-vojvoda-em-fortaleza-x-palmeiras\/"},"wordCount":525,"commentCount":0,"image":{"@id":"https:\/\/www.gaveanews.com\/index.php\/2025\/04\/19\/abel-ferreira-tenta-alcancar-vojvoda-em-fortaleza-x-palmeiras\/#primaryimage"},"thumbnailUrl":"https:\/\/www.gaveanews.com\/wp-content\/uploads\/rib2564.avif","articleSection":["Brasileir\u00e3o","Fortaleza","Palmeiras"],"inLanguage":"pt-BR","potentialAction":[{"@type":"CommentAction","name":"Comment","target":["https:\/\/www.gaveanews.com\/index.php\/2025\/04\/19\/abel-ferreira-tenta-alcancar-vojvoda-em-fortaleza-x-palmeiras\/#respond"]}],"copyrightYear":"2025","copyrightHolder":{"@id":"https:\/\/www.gaveanews.com\/#organization"}},{"@type":"WebPage","@id":"https:\/\/www.gaveanews.com\/index.php\/2025\/04\/19\/abel-ferreira-tenta-alcancar-vojvoda-em-fortaleza-x-palmeiras\/","url":"https:\/\/www.gaveanews.com\/index.php\/2025\/04\/19\/abel-ferreira-tenta-alcancar-vojvoda-em-fortaleza-x-palmeiras\/","name":"Abel Ferreira tenta alcan\u00e7ar Vojvoda em Fortaleza x Palmeiras","isPartOf":{"@id":"https:\/\/www.gaveanews.com\/#website"},"primaryImageOfPage":{"@id":"https:\/\/www.gaveanews.com\/index.php\/2025\/04\/19\/abel-ferreira-tenta-alcancar-vojvoda-em-fortaleza-x-palmeiras\/#primaryimage"},"image":{"@id":"https:\/\/www.gaveanews.com\/index.php\/2025\/04\/19\/abel-ferreira-tenta-alcancar-vojvoda-em-fortaleza-x-palmeiras\/#primaryimage"},"thumbnailUrl":"https:\/\/www.gaveanews.com\/wp-content\/uploads\/rib2564.avif","datePublished":"2025-04-19T15:25:00+00:00","author":{"@id":"https:\/\/www.gaveanews.com\/#\/schema\/person\/3b19f7288b0ce20372991275e4f2e6c2"},"breadcrumb":{"@id":"https:\/\/www.gaveanews.com\/index.php\/2025\/04\/19\/abel-ferreira-tenta-alcancar-vojvoda-em-fortaleza-x-palmeiras\/#breadcrumb"},"inLanguage":"pt-BR","potentialAction":[{"@type":"ReadAction","target":["https:\/\/www.gaveanews.com\/index.php\/2025\/04\/19\/abel-ferreira-tenta-alcancar-vojvoda-em-fortaleza-x-palmeiras\/"]}]},{"@type":"ImageObject","inLanguage":"pt-BR","@id":"https:\/\/www.gaveanews.com\/index.php\/2025\/04\/19\/abel-ferreira-tenta-alcancar-vojvoda-em-fortaleza-x-palmeiras\/#primaryimage","url":"https:\/\/www.gaveanews.com\/wp-content\/uploads\/rib2564.avif","contentUrl":"https:\/\/www.gaveanews.com\/wp-content\/uploads\/rib2564.avif","width":984,"height":677,"caption":"Abel Ferreira em Palmeiras x Athletico \u2014 Foto: Marcos Ribolli"},{"@type":"BreadcrumbList","@id":"https:\/\/www.gaveanews.com\/index.php\/2025\/04\/19\/abel-ferreira-tenta-alcancar-vojvoda-em-fortaleza-x-palmeiras\/#breadcrumb","itemListElement":[{"@type":"ListItem","position":1,"name":"Home","item":"https:\/\/www.gaveanews.com\/"},{"@type":"ListItem","position":2,"name":"Abel Ferreira tenta alcan\u00e7ar Vojvoda em Fortaleza x Palmeiras"}]},{"@type":"WebSite","@id":"https:\/\/www.gaveanews.com\/#website","url":"https:\/\/www.gaveanews.com\/","name":"G\u00e1vea News","description":"Veja todas as not\u00edcias sobre o Flamengo: Contrata\u00e7\u00f5es, categorias de base, resultados das partidas, tabela de classifica\u00e7\u00e3o, pr\u00f3ximos jogos!","potentialAction":[{"@type":"SearchAction","target":{"@type":"EntryPoint","urlTemplate":"https:\/\/www.gaveanews.com\/?s={search_term_string}"},"query-input":{"@type":"PropertyValueSpecification","valueRequired":true,"valueName":"search_term_string"}}],"inLanguage":"pt-BR"},{"@type":"Person","@id":"https:\/\/www.gaveanews.com\/#\/schema\/person\/3b19f7288b0ce20372991275e4f2e6c2","name":"Ana Teixeira","image":{"@type":"ImageObject","inLanguage":"pt-BR","@id":"https:\/\/www.gaveanews.com\/#\/schema\/person\/image\/","url":"https:\/\/secure.gravatar.com\/avatar\/0a73f5a5258f3fed37fc2fa641892f3f7a4748456d4d4792f9bc550e6c19e06c?s=96&d=mm&r=g","contentUrl":"https:\/\/secure.gravatar.com\/avatar\/0a73f5a5258f3fed37fc2fa641892f3f7a4748456d4d4792f9bc550e6c19e06c?s=96&d=mm&r=g","caption":"Ana Teixeira"}}]}},"_links":{"self":[{"href":"https:\/\/www.gaveanews.com\/index.php\/wp-json\/wp\/v2\/posts\/255530","targetHints":{"allow":["GET"]}}],"collection":[{"href":"https:\/\/www.gaveanews.com\/index.php\/wp-json\/wp\/v2\/posts"}],"about":[{"href":"https:\/\/www.gaveanews.com\/index.php\/wp-json\/wp\/v2\/types\/post"}],"author":[{"embeddable":true,"href":"https:\/\/www.gaveanews.com\/index.php\/wp-json\/wp\/v2\/users\/30"}],"replies":[{"embeddable":true,"href":"https:\/\/www.gaveanews.com\/index.php\/wp-json\/wp\/v2\/comments?post=255530"}],"version-history":[{"count":1,"href":"https:\/\/www.gaveanews.com\/index.php\/wp-json\/wp\/v2\/posts\/255530\/revisions"}],"predecessor-version":[{"id":255533,"href":"https:\/\/www.gaveanews.com\/index.php\/wp-json\/wp\/v2\/posts\/255530\/revisions\/255533"}],"wp:featuredmedia":[{"embeddable":true,"href":"https:\/\/www.gaveanews.com\/index.php\/wp-json\/wp\/v2\/media\/142773"}],"wp:attachment":[{"href":"https:\/\/www.gaveanews.com\/index.php\/wp-json\/wp\/v2\/media?parent=255530"}],"wp:term":[{"taxonomy":"category","embeddable":true,"href":"https:\/\/www.gaveanews.com\/index.php\/wp-json\/wp\/v2\/categories?post=255530"},{"taxonomy":"post_tag","embeddable":true,"href":"https:\/\/www.gaveanews.com\/index.php\/wp-json\/wp\/v2\/tags?post=255530"}],"curies":[{"name":"wp","href":"https:\/\/api.w.org\/{rel}","templated":true}]}}