{"id":255532,"date":"2025-04-19T12:35:00","date_gmt":"2025-04-19T15:35:00","guid":{"rendered":"https:\/\/www.gaveanews.com\/?p=255532"},"modified":"2025-04-19T12:25:53","modified_gmt":"2025-04-19T15:25:53","slug":"flamengo-veta-jogador-dos-relacionados-para-jogo-da-libertadores","status":"publish","type":"post","link":"https:\/\/www.gaveanews.com\/index.php\/2025\/04\/19\/flamengo-veta-jogador-dos-relacionados-para-jogo-da-libertadores\/","title":{"rendered":"Flamengo veta jogador dos relacionados para jogo da Libertadores"},"content":{"rendered":"\n<p>O Flamengo ajusta os \u00faltimos detalhes para o confronto contra a LDU, v\u00e1lido pela terceira rodada do Grupo C da Libertadores, que ser\u00e1 realizado na pr\u00f3xima ter\u00e7a-feira (22), \u00e0s 21h30 (de Bras\u00edlia), no Est\u00e1dio Casa Blanca, em Quito. Contudo, o planejamento do Rubro-Negro para a partida apresenta dois desafios importantes: as situa\u00e7\u00f5es de Allan e De La Cruz.<\/p>\n\n\n\n<p>O volante Allan est\u00e1 oficialmente fora da delega\u00e7\u00e3o que viaja ao Equador. O jogador de 28 anos possui uma condi\u00e7\u00e3o chamada tra\u00e7os falc\u00eamicos, que exige aten\u00e7\u00e3o especial em ambientes com menor concentra\u00e7\u00e3o de oxig\u00eanio, como \u00e9 o caso da capital equatoriana \u2014 situada a 2.850 metros acima do n\u00edvel do mar.<\/p>\n\n\n\n<p>Embora essa condi\u00e7\u00e3o n\u00e3o o impe\u00e7a de atuar normalmente em locais com altitude padr\u00e3o, em regi\u00f5es com ar rarefeito ela pode acarretar efeitos como desidrata\u00e7\u00e3o, acidose, hipertermia e altera\u00e7\u00f5es na oxigena\u00e7\u00e3o do sangue. <\/p>\n\n\n\n<p>\u201c\u00c9 uma precau\u00e7\u00e3o necess\u00e1ria. A comiss\u00e3o entendeu que o risco n\u00e3o vale a pena diante do cen\u00e1rio\u201d, explicou um membro da prepara\u00e7\u00e3o f\u00edsica do clube.<\/p>\n\n\n\n<p>A decis\u00e3o de n\u00e3o levar Allan foi tomada de forma preventiva. Apesar de o Flamengo n\u00e3o considerar a altitude de Quito como das mais severas, optou-se pela preserva\u00e7\u00e3o do atleta com o intuito de evitar qualquer complica\u00e7\u00e3o fisiol\u00f3gica durante a partida.<\/p>\n\n\n\n<h2 class=\"wp-block-heading\" id=\"h-de-la-cruz-ainda-e-duvida\">De La Cruz ainda \u00e9 d\u00favida<\/h2>\n\n\n\n<p>Outro nome que gera preocupa\u00e7\u00e3o \u00e9 o do meia Nicol\u00e1s De La Cruz. O uruguaio, que j\u00e1 demonstrou dificuldades em atuar em locais de grande altitude, inclusive sendo cortado recentemente da sele\u00e7\u00e3o uruguaia antes de uma partida em El Alto, na Bol\u00edvia, continua sendo avaliado pela comiss\u00e3o t\u00e9cnica rubro-negra.<\/p>\n\n\n\n<p>O jogador relatou mal-estar em experi\u00eancias anteriores sob tais condi\u00e7\u00f5es. Assim, de acordo com o &#8216;ge&#8217;, a decis\u00e3o sobre sua presen\u00e7a ou n\u00e3o em campo ser\u00e1 tomada com base nas recomenda\u00e7\u00f5es da equipe m\u00e9dica e dos fisiologistas. \u201cA viagem ainda est\u00e1 sendo estudada. Vamos ouvir os especialistas antes de definir\u201d, disse um integrante do estafe t\u00e9cnico.<\/p>\n\n\n\n<h2 class=\"wp-block-heading\" id=\"h-logistica-e-preparacao-para-o-jogo\">Log\u00edstica e prepara\u00e7\u00e3o para o jogo<\/h2>\n\n\n\n<p>A delega\u00e7\u00e3o do Flamengo tem embarque para Quito programado para domingo (20), \u00e0s 15h, ap\u00f3s o cl\u00e1ssico contra o Vasco, que ocorre no s\u00e1bado (19), \u00e0s 18h30, pelo Campeonato Brasileiro. Dessa forma, o time far\u00e1 apenas um treinamento em solo equatoriano, agendado para segunda-feira (21), sob o comando de Filipe Lu\u00eds.<\/p>\n\n\n\n<p>Essa log\u00edstica enxuta e os fatores f\u00edsicos dos atletas t\u00eam exigido aten\u00e7\u00e3o redobrada da comiss\u00e3o t\u00e9cnica, que precisa equilibrar as necessidades do elenco com a complexidade de atuar fora de casa em uma das competi\u00e7\u00f5es mais exigentes do calend\u00e1rio.<\/p>\n\n\n\n<h2 class=\"wp-block-heading\" id=\"h-expectativa-pela-confirmacao-do-elenco\">Expectativa pela confirma\u00e7\u00e3o do elenco<\/h2>\n\n\n\n<p>Enquanto Allan j\u00e1 foi oficialmente descartado, a participa\u00e7\u00e3o de De La Cruz permanece indefinida. A comiss\u00e3o t\u00e9cnica ainda avalia a melhor forma de lidar com a condi\u00e7\u00e3o do jogador sem comprometer seu bem-estar. A defini\u00e7\u00e3o deve ocorrer at\u00e9 o momento do embarque da delega\u00e7\u00e3o.<\/p>\n\n\n\n<p><\/p>\n","protected":false},"excerpt":{"rendered":"<p>O Flamengo ajusta os \u00faltimos detalhes para o confronto contra a LDU, v\u00e1lido pela terceira rodada do Grupo C da Libertadores, que ser\u00e1 realizado na pr\u00f3xima ter\u00e7a-feira (22), \u00e0s 21h30 (de Bras\u00edlia), no Est\u00e1dio Casa Blanca, em Quito. Contudo, o planejamento do Rubro-Negro para a partida apresenta dois desafios importantes: as situa\u00e7\u00f5es de Allan e [&hellip;]<\/p>\n","protected":false},"author":30,"featured_media":254809,"comment_status":"open","ping_status":"closed","sticky":false,"template":"","format":"standard","meta":{"footnotes":""},"categories":[1],"tags":[],"class_list":["post-255532","post","type-post","status-publish","format-standard","has-post-thumbnail","hentry","category-flamengo"],"yoast_head":"<!-- This site is optimized with the Yoast SEO Premium plugin v24.2 (Yoast SEO v26.9) - https:\/\/yoast.com\/product\/yoast-seo-premium-wordpress\/ -->\n<title>Flamengo veta jogador dos relacionados para jogo da Libertadores<\/title>\n<meta name=\"robots\" content=\"index, follow, max-snippet:-1, max-image-preview:large, max-video-preview:-1\" \/>\n<link rel=\"canonical\" href=\"https:\/\/www.gaveanews.com\/index.php\/2025\/04\/19\/flamengo-veta-jogador-dos-relacionados-para-jogo-da-libertadores\/\" \/>\n<meta property=\"og:locale\" content=\"pt_BR\" \/>\n<meta property=\"og:type\" content=\"article\" \/>\n<meta property=\"og:title\" content=\"Flamengo veta jogador dos relacionados para jogo da Libertadores\" \/>\n<meta property=\"og:description\" content=\"O Flamengo ajusta os \u00faltimos detalhes para o confronto contra a LDU, v\u00e1lido pela terceira rodada do Grupo C da Libertadores, que ser\u00e1 realizado na pr\u00f3xima ter\u00e7a-feira (22), \u00e0s 21h30 (de Bras\u00edlia), no Est\u00e1dio Casa Blanca, em Quito. Contudo, o planejamento do Rubro-Negro para a partida apresenta dois desafios importantes: as situa\u00e7\u00f5es de Allan e [&hellip;]\" \/>\n<meta property=\"og:url\" content=\"https:\/\/www.gaveanews.com\/index.php\/2025\/04\/19\/flamengo-veta-jogador-dos-relacionados-para-jogo-da-libertadores\/\" \/>\n<meta property=\"og:site_name\" content=\"G\u00e1vea News\" \/>\n<meta property=\"article:publisher\" content=\"https:\/\/facebook.com\/gaveaNews\/\" \/>\n<meta property=\"article:published_time\" content=\"2025-04-19T15:35:00+00:00\" \/>\n<meta property=\"og:image\" content=\"https:\/\/www.gaveanews.com\/wp-content\/uploads\/Uniforme-do-Flamengo.webp\" \/>\n\t<meta property=\"og:image:width\" content=\"1200\" \/>\n\t<meta property=\"og:image:height\" content=\"800\" \/>\n\t<meta property=\"og:image:type\" content=\"image\/png\" \/>\n<meta name=\"author\" content=\"Ana Teixeira\" \/>\n<meta name=\"twitter:card\" content=\"summary_large_image\" \/>\n<meta name=\"twitter:label1\" content=\"Escrito por\" \/>\n\t<meta name=\"twitter:data1\" content=\"Ana Teixeira\" \/>\n\t<meta name=\"twitter:label2\" content=\"Est. tempo de leitura\" \/>\n\t<meta name=\"twitter:data2\" content=\"3 minutos\" \/>\n<script type=\"application\/ld+json\" class=\"yoast-schema-graph\">{\"@context\":\"https:\/\/schema.org\",\"@graph\":[{\"@type\":\"NewsArticle\",\"@id\":\"https:\/\/www.gaveanews.com\/index.php\/2025\/04\/19\/flamengo-veta-jogador-dos-relacionados-para-jogo-da-libertadores\/#article\",\"isPartOf\":{\"@id\":\"https:\/\/www.gaveanews.com\/index.php\/2025\/04\/19\/flamengo-veta-jogador-dos-relacionados-para-jogo-da-libertadores\/\"},\"author\":{\"name\":\"Ana Teixeira\",\"@id\":\"https:\/\/www.gaveanews.com\/#\/schema\/person\/3b19f7288b0ce20372991275e4f2e6c2\"},\"headline\":\"Flamengo veta jogador dos relacionados para jogo da Libertadores\",\"datePublished\":\"2025-04-19T15:35:00+00:00\",\"mainEntityOfPage\":{\"@id\":\"https:\/\/www.gaveanews.com\/index.php\/2025\/04\/19\/flamengo-veta-jogador-dos-relacionados-para-jogo-da-libertadores\/\"},\"wordCount\":534,\"commentCount\":0,\"image\":{\"@id\":\"https:\/\/www.gaveanews.com\/index.php\/2025\/04\/19\/flamengo-veta-jogador-dos-relacionados-para-jogo-da-libertadores\/#primaryimage\"},\"thumbnailUrl\":\"https:\/\/www.gaveanews.com\/wp-content\/uploads\/Uniforme-do-Flamengo.webp\",\"articleSection\":[\"Flamengo\"],\"inLanguage\":\"pt-BR\",\"potentialAction\":[{\"@type\":\"CommentAction\",\"name\":\"Comment\",\"target\":[\"https:\/\/www.gaveanews.com\/index.php\/2025\/04\/19\/flamengo-veta-jogador-dos-relacionados-para-jogo-da-libertadores\/#respond\"]}],\"copyrightYear\":\"2025\",\"copyrightHolder\":{\"@id\":\"https:\/\/www.gaveanews.com\/#organization\"}},{\"@type\":\"WebPage\",\"@id\":\"https:\/\/www.gaveanews.com\/index.php\/2025\/04\/19\/flamengo-veta-jogador-dos-relacionados-para-jogo-da-libertadores\/\",\"url\":\"https:\/\/www.gaveanews.com\/index.php\/2025\/04\/19\/flamengo-veta-jogador-dos-relacionados-para-jogo-da-libertadores\/\",\"name\":\"Flamengo veta jogador dos relacionados para jogo da Libertadores\",\"isPartOf\":{\"@id\":\"https:\/\/www.gaveanews.com\/#website\"},\"primaryImageOfPage\":{\"@id\":\"https:\/\/www.gaveanews.com\/index.php\/2025\/04\/19\/flamengo-veta-jogador-dos-relacionados-para-jogo-da-libertadores\/#primaryimage\"},\"image\":{\"@id\":\"https:\/\/www.gaveanews.com\/index.php\/2025\/04\/19\/flamengo-veta-jogador-dos-relacionados-para-jogo-da-libertadores\/#primaryimage\"},\"thumbnailUrl\":\"https:\/\/www.gaveanews.com\/wp-content\/uploads\/Uniforme-do-Flamengo.webp\",\"datePublished\":\"2025-04-19T15:35:00+00:00\",\"author\":{\"@id\":\"https:\/\/www.gaveanews.com\/#\/schema\/person\/3b19f7288b0ce20372991275e4f2e6c2\"},\"breadcrumb\":{\"@id\":\"https:\/\/www.gaveanews.com\/index.php\/2025\/04\/19\/flamengo-veta-jogador-dos-relacionados-para-jogo-da-libertadores\/#breadcrumb\"},\"inLanguage\":\"pt-BR\",\"potentialAction\":[{\"@type\":\"ReadAction\",\"target\":[\"https:\/\/www.gaveanews.com\/index.php\/2025\/04\/19\/flamengo-veta-jogador-dos-relacionados-para-jogo-da-libertadores\/\"]}]},{\"@type\":\"ImageObject\",\"inLanguage\":\"pt-BR\",\"@id\":\"https:\/\/www.gaveanews.com\/index.php\/2025\/04\/19\/flamengo-veta-jogador-dos-relacionados-para-jogo-da-libertadores\/#primaryimage\",\"url\":\"https:\/\/www.gaveanews.com\/wp-content\/uploads\/Uniforme-do-Flamengo.webp\",\"contentUrl\":\"https:\/\/www.gaveanews.com\/wp-content\/uploads\/Uniforme-do-Flamengo.webp\",\"width\":1200,\"height\":800,\"caption\":\"Uniforme do Flamengo - Foto: Gilvan de Souza\/Flamengo\"},{\"@type\":\"BreadcrumbList\",\"@id\":\"https:\/\/www.gaveanews.com\/index.php\/2025\/04\/19\/flamengo-veta-jogador-dos-relacionados-para-jogo-da-libertadores\/#breadcrumb\",\"itemListElement\":[{\"@type\":\"ListItem\",\"position\":1,\"name\":\"Home\",\"item\":\"https:\/\/www.gaveanews.com\/\"},{\"@type\":\"ListItem\",\"position\":2,\"name\":\"Flamengo veta jogador dos relacionados para jogo da Libertadores\"}]},{\"@type\":\"WebSite\",\"@id\":\"https:\/\/www.gaveanews.com\/#website\",\"url\":\"https:\/\/www.gaveanews.com\/\",\"name\":\"G\u00e1vea News\",\"description\":\"Veja todas as not\u00edcias sobre o Flamengo: Contrata\u00e7\u00f5es, categorias de base, resultados das partidas, tabela de classifica\u00e7\u00e3o, pr\u00f3ximos jogos!\",\"potentialAction\":[{\"@type\":\"SearchAction\",\"target\":{\"@type\":\"EntryPoint\",\"urlTemplate\":\"https:\/\/www.gaveanews.com\/?s={search_term_string}\"},\"query-input\":{\"@type\":\"PropertyValueSpecification\",\"valueRequired\":true,\"valueName\":\"search_term_string\"}}],\"inLanguage\":\"pt-BR\"},{\"@type\":\"Person\",\"@id\":\"https:\/\/www.gaveanews.com\/#\/schema\/person\/3b19f7288b0ce20372991275e4f2e6c2\",\"name\":\"Ana Teixeira\",\"image\":{\"@type\":\"ImageObject\",\"inLanguage\":\"pt-BR\",\"@id\":\"https:\/\/www.gaveanews.com\/#\/schema\/person\/image\/\",\"url\":\"https:\/\/secure.gravatar.com\/avatar\/0a73f5a5258f3fed37fc2fa641892f3f7a4748456d4d4792f9bc550e6c19e06c?s=96&d=mm&r=g\",\"contentUrl\":\"https:\/\/secure.gravatar.com\/avatar\/0a73f5a5258f3fed37fc2fa641892f3f7a4748456d4d4792f9bc550e6c19e06c?s=96&d=mm&r=g\",\"caption\":\"Ana Teixeira\"}}]}<\/script>\n<!-- \/ Yoast SEO Premium plugin. -->","yoast_head_json":{"title":"Flamengo veta jogador dos relacionados para jogo da Libertadores","robots":{"index":"index","follow":"follow","max-snippet":"max-snippet:-1","max-image-preview":"max-image-preview:large","max-video-preview":"max-video-preview:-1"},"canonical":"https:\/\/www.gaveanews.com\/index.php\/2025\/04\/19\/flamengo-veta-jogador-dos-relacionados-para-jogo-da-libertadores\/","og_locale":"pt_BR","og_type":"article","og_title":"Flamengo veta jogador dos relacionados para jogo da Libertadores","og_description":"O Flamengo ajusta os \u00faltimos detalhes para o confronto contra a LDU, v\u00e1lido pela terceira rodada do Grupo C da Libertadores, que ser\u00e1 realizado na pr\u00f3xima ter\u00e7a-feira (22), \u00e0s 21h30 (de Bras\u00edlia), no Est\u00e1dio Casa Blanca, em Quito. Contudo, o planejamento do Rubro-Negro para a partida apresenta dois desafios importantes: as situa\u00e7\u00f5es de Allan e [&hellip;]","og_url":"https:\/\/www.gaveanews.com\/index.php\/2025\/04\/19\/flamengo-veta-jogador-dos-relacionados-para-jogo-da-libertadores\/","og_site_name":"G\u00e1vea News","article_publisher":"https:\/\/facebook.com\/gaveaNews\/","article_published_time":"2025-04-19T15:35:00+00:00","og_image":[{"width":1200,"height":800,"url":"https:\/\/www.gaveanews.com\/wp-content\/uploads\/Uniforme-do-Flamengo.webp","type":"image\/png"}],"author":"Ana Teixeira","twitter_card":"summary_large_image","twitter_misc":{"Escrito por":"Ana Teixeira","Est. tempo de leitura":"3 minutos"},"schema":{"@context":"https:\/\/schema.org","@graph":[{"@type":"NewsArticle","@id":"https:\/\/www.gaveanews.com\/index.php\/2025\/04\/19\/flamengo-veta-jogador-dos-relacionados-para-jogo-da-libertadores\/#article","isPartOf":{"@id":"https:\/\/www.gaveanews.com\/index.php\/2025\/04\/19\/flamengo-veta-jogador-dos-relacionados-para-jogo-da-libertadores\/"},"author":{"name":"Ana Teixeira","@id":"https:\/\/www.gaveanews.com\/#\/schema\/person\/3b19f7288b0ce20372991275e4f2e6c2"},"headline":"Flamengo veta jogador dos relacionados para jogo da Libertadores","datePublished":"2025-04-19T15:35:00+00:00","mainEntityOfPage":{"@id":"https:\/\/www.gaveanews.com\/index.php\/2025\/04\/19\/flamengo-veta-jogador-dos-relacionados-para-jogo-da-libertadores\/"},"wordCount":534,"commentCount":0,"image":{"@id":"https:\/\/www.gaveanews.com\/index.php\/2025\/04\/19\/flamengo-veta-jogador-dos-relacionados-para-jogo-da-libertadores\/#primaryimage"},"thumbnailUrl":"https:\/\/www.gaveanews.com\/wp-content\/uploads\/Uniforme-do-Flamengo.webp","articleSection":["Flamengo"],"inLanguage":"pt-BR","potentialAction":[{"@type":"CommentAction","name":"Comment","target":["https:\/\/www.gaveanews.com\/index.php\/2025\/04\/19\/flamengo-veta-jogador-dos-relacionados-para-jogo-da-libertadores\/#respond"]}],"copyrightYear":"2025","copyrightHolder":{"@id":"https:\/\/www.gaveanews.com\/#organization"}},{"@type":"WebPage","@id":"https:\/\/www.gaveanews.com\/index.php\/2025\/04\/19\/flamengo-veta-jogador-dos-relacionados-para-jogo-da-libertadores\/","url":"https:\/\/www.gaveanews.com\/index.php\/2025\/04\/19\/flamengo-veta-jogador-dos-relacionados-para-jogo-da-libertadores\/","name":"Flamengo veta jogador dos relacionados para jogo da Libertadores","isPartOf":{"@id":"https:\/\/www.gaveanews.com\/#website"},"primaryImageOfPage":{"@id":"https:\/\/www.gaveanews.com\/index.php\/2025\/04\/19\/flamengo-veta-jogador-dos-relacionados-para-jogo-da-libertadores\/#primaryimage"},"image":{"@id":"https:\/\/www.gaveanews.com\/index.php\/2025\/04\/19\/flamengo-veta-jogador-dos-relacionados-para-jogo-da-libertadores\/#primaryimage"},"thumbnailUrl":"https:\/\/www.gaveanews.com\/wp-content\/uploads\/Uniforme-do-Flamengo.webp","datePublished":"2025-04-19T15:35:00+00:00","author":{"@id":"https:\/\/www.gaveanews.com\/#\/schema\/person\/3b19f7288b0ce20372991275e4f2e6c2"},"breadcrumb":{"@id":"https:\/\/www.gaveanews.com\/index.php\/2025\/04\/19\/flamengo-veta-jogador-dos-relacionados-para-jogo-da-libertadores\/#breadcrumb"},"inLanguage":"pt-BR","potentialAction":[{"@type":"ReadAction","target":["https:\/\/www.gaveanews.com\/index.php\/2025\/04\/19\/flamengo-veta-jogador-dos-relacionados-para-jogo-da-libertadores\/"]}]},{"@type":"ImageObject","inLanguage":"pt-BR","@id":"https:\/\/www.gaveanews.com\/index.php\/2025\/04\/19\/flamengo-veta-jogador-dos-relacionados-para-jogo-da-libertadores\/#primaryimage","url":"https:\/\/www.gaveanews.com\/wp-content\/uploads\/Uniforme-do-Flamengo.webp","contentUrl":"https:\/\/www.gaveanews.com\/wp-content\/uploads\/Uniforme-do-Flamengo.webp","width":1200,"height":800,"caption":"Uniforme do Flamengo - Foto: Gilvan de Souza\/Flamengo"},{"@type":"BreadcrumbList","@id":"https:\/\/www.gaveanews.com\/index.php\/2025\/04\/19\/flamengo-veta-jogador-dos-relacionados-para-jogo-da-libertadores\/#breadcrumb","itemListElement":[{"@type":"ListItem","position":1,"name":"Home","item":"https:\/\/www.gaveanews.com\/"},{"@type":"ListItem","position":2,"name":"Flamengo veta jogador dos relacionados para jogo da Libertadores"}]},{"@type":"WebSite","@id":"https:\/\/www.gaveanews.com\/#website","url":"https:\/\/www.gaveanews.com\/","name":"G\u00e1vea News","description":"Veja todas as not\u00edcias sobre o Flamengo: Contrata\u00e7\u00f5es, categorias de base, resultados das partidas, tabela de classifica\u00e7\u00e3o, pr\u00f3ximos jogos!","potentialAction":[{"@type":"SearchAction","target":{"@type":"EntryPoint","urlTemplate":"https:\/\/www.gaveanews.com\/?s={search_term_string}"},"query-input":{"@type":"PropertyValueSpecification","valueRequired":true,"valueName":"search_term_string"}}],"inLanguage":"pt-BR"},{"@type":"Person","@id":"https:\/\/www.gaveanews.com\/#\/schema\/person\/3b19f7288b0ce20372991275e4f2e6c2","name":"Ana Teixeira","image":{"@type":"ImageObject","inLanguage":"pt-BR","@id":"https:\/\/www.gaveanews.com\/#\/schema\/person\/image\/","url":"https:\/\/secure.gravatar.com\/avatar\/0a73f5a5258f3fed37fc2fa641892f3f7a4748456d4d4792f9bc550e6c19e06c?s=96&d=mm&r=g","contentUrl":"https:\/\/secure.gravatar.com\/avatar\/0a73f5a5258f3fed37fc2fa641892f3f7a4748456d4d4792f9bc550e6c19e06c?s=96&d=mm&r=g","caption":"Ana Teixeira"}}]}},"_links":{"self":[{"href":"https:\/\/www.gaveanews.com\/index.php\/wp-json\/wp\/v2\/posts\/255532","targetHints":{"allow":["GET"]}}],"collection":[{"href":"https:\/\/www.gaveanews.com\/index.php\/wp-json\/wp\/v2\/posts"}],"about":[{"href":"https:\/\/www.gaveanews.com\/index.php\/wp-json\/wp\/v2\/types\/post"}],"author":[{"embeddable":true,"href":"https:\/\/www.gaveanews.com\/index.php\/wp-json\/wp\/v2\/users\/30"}],"replies":[{"embeddable":true,"href":"https:\/\/www.gaveanews.com\/index.php\/wp-json\/wp\/v2\/comments?post=255532"}],"version-history":[{"count":1,"href":"https:\/\/www.gaveanews.com\/index.php\/wp-json\/wp\/v2\/posts\/255532\/revisions"}],"predecessor-version":[{"id":255537,"href":"https:\/\/www.gaveanews.com\/index.php\/wp-json\/wp\/v2\/posts\/255532\/revisions\/255537"}],"wp:featuredmedia":[{"embeddable":true,"href":"https:\/\/www.gaveanews.com\/index.php\/wp-json\/wp\/v2\/media\/254809"}],"wp:attachment":[{"href":"https:\/\/www.gaveanews.com\/index.php\/wp-json\/wp\/v2\/media?parent=255532"}],"wp:term":[{"taxonomy":"category","embeddable":true,"href":"https:\/\/www.gaveanews.com\/index.php\/wp-json\/wp\/v2\/categories?post=255532"},{"taxonomy":"post_tag","embeddable":true,"href":"https:\/\/www.gaveanews.com\/index.php\/wp-json\/wp\/v2\/tags?post=255532"}],"curies":[{"name":"wp","href":"https:\/\/api.w.org\/{rel}","templated":true}]}}