{"id":255535,"date":"2025-04-19T12:40:00","date_gmt":"2025-04-19T15:40:00","guid":{"rendered":"https:\/\/www.gaveanews.com\/?p=255535"},"modified":"2025-04-19T12:29:07","modified_gmt":"2025-04-19T15:29:07","slug":"cano-busca-feito-inedito-pelo-fluminense-na-temporada","status":"publish","type":"post","link":"https:\/\/www.gaveanews.com\/index.php\/2025\/04\/19\/cano-busca-feito-inedito-pelo-fluminense-na-temporada\/","title":{"rendered":"Cano busca feito in\u00e9dito pelo Fluminense na temporada"},"content":{"rendered":"\n<p>Apesar do in\u00edcio de temporada altamente produtivo, Germ\u00e1n Cano ainda n\u00e3o conseguiu desencantar no Campeonato Brasileiro de 2025. Com 13 gols marcados no ano, o atacante argentino divide a artilharia nacional com Vegetti, do Vasco. Contudo, o camisa 14 do Fluminense atravessa um momento de baixa no torneio mais importante do pa\u00eds, igualando seu pior in\u00edcio na competi\u00e7\u00e3o desde que chegou \u00e0s Laranjeiras.<\/p>\n\n\n\n<p>Nas quatro primeiras rodadas do Brasileir\u00e3o, Cano passou em branco diante de Fortaleza, Red Bull Bragantino, Santos e Corinthians. Dessa forma, igualou o desempenho de 2022, quando tamb\u00e9m s\u00f3 balan\u00e7ou as redes na quinta rodada. Naquela ocasi\u00e3o, o jejum foi quebrado na mesma altura do campeonato em que se encontra agora, com o Tricolor prestes a receber o Vit\u00f3ria no Maracan\u00e3, neste domingo (20), \u00e0s 18h30.<\/p>\n\n\n\n<p>Ali\u00e1s, o Vit\u00f3ria carrega uma curiosidade que aumenta ainda mais a expectativa: \u00e9 um dos \u00fanicos clubes da atual S\u00e9rie A que jamais sofreram gols de Cano. Em quatro confrontos contra o time baiano \u2014 somando suas passagens por Vasco e Fluminense \u2014 o argentino n\u00e3o conseguiu marcar. Similarmente, o Mirassol tamb\u00e9m figura entre os advers\u00e1rios ilesos, embora Cano nunca tenha enfrentado a equipe paulista.<\/p>\n\n\n\n<h3 class=\"wp-block-heading\" id=\"h-historico-impressionante-com-a-camisa-tricolor\">Hist\u00f3rico impressionante com a camisa tricolor<\/h3>\n\n\n\n<p>Mesmo com o jejum recente, os n\u00fameros de Germ\u00e1n Cano pelo Fluminense seguem impressionantes. O atacante soma 104 gols em tr\u00eas temporadas e meia pelo clube. Ele det\u00e9m recordes expressivos: \u00e9 o maior artilheiro do Fluminense na Sul-Americana (6), na Libertadores (17), em uma \u00fanica edi\u00e7\u00e3o da Libertadores (13) e em competi\u00e7\u00f5es internacionais no total (23). Al\u00e9m disso, det\u00e9m a marca de mais gols em uma \u00fanica edi\u00e7\u00e3o do Brasileir\u00e3o (26) e em uma temporada oficial (44), ambos recordes no clube.<\/p>\n\n\n\n<p>A idolatria constru\u00edda nas arquibancadas tamb\u00e9m se reflete nas estat\u00edsticas gerais. Atualmente, Cano est\u00e1 a tr\u00eas gols de entrar no seleto grupo dos cinco maiores artilheiros do Fluminense no Maracan\u00e3. Caso balance as redes duas vezes no Campeonato Brasileiro, tamb\u00e9m se colocar\u00e1 entre os tr\u00eas principais goleadores do clube na hist\u00f3ria da competi\u00e7\u00e3o.<\/p>\n\n\n\n<h3 class=\"wp-block-heading\" id=\"h-expectativa-no-maracana\">Expectativa no Maracan\u00e3<\/h3>\n\n\n\n<p>O duelo contra o Vit\u00f3ria neste fim de semana surge como uma oportunidade crucial para que Cano rompa o atual jejum. Afinal, al\u00e9m da chance de evitar um novo recorde negativo pessoal, o camisa 14 tem diante de si a possibilidade de escrever mais um cap\u00edtulo relevante na hist\u00f3ria com a camisa tricolor.<\/p>\n\n\n\n<p>&#8220;Quero muito voltar a marcar e ajudar o time. Estou me sentindo bem, trabalhando forte para isso acontecer logo&#8221;, declarou o jogador, em recente entrevista ao clube.<\/p>\n\n\n\n<p>Conforme o planejamento do t\u00e9cnico Renato Ga\u00facho, o atacante segue como pe\u00e7a central do setor ofensivo, mesmo diante de um in\u00edcio sem gols no Brasileir\u00e3o. Enquanto isso, Cano permanece como esperan\u00e7a de gol da torcida tricolor e s\u00edmbolo de um elenco que, apesar de enfrentar desfalques recentes, demonstra evolu\u00e7\u00e3o em campo.<\/p>\n\n\n\n<p><\/p>\n","protected":false},"excerpt":{"rendered":"<p>Apesar do in\u00edcio de temporada altamente produtivo, Germ\u00e1n Cano ainda n\u00e3o conseguiu desencantar no Campeonato Brasileiro de 2025. Com 13 gols marcados no ano, o atacante argentino divide a artilharia nacional com Vegetti, do Vasco. Contudo, o camisa 14 do Fluminense atravessa um momento de baixa no torneio mais importante do pa\u00eds, igualando seu pior [&hellip;]<\/p>\n","protected":false},"author":30,"featured_media":170376,"comment_status":"open","ping_status":"closed","sticky":false,"template":"","format":"standard","meta":{"footnotes":""},"categories":[133,145],"tags":[],"class_list":["post-255535","post","type-post","status-publish","format-standard","has-post-thumbnail","hentry","category-brasileirao","category-fluminense"],"yoast_head":"<!-- This site is optimized with the Yoast SEO Premium plugin v24.2 (Yoast SEO v26.9) - https:\/\/yoast.com\/product\/yoast-seo-premium-wordpress\/ -->\n<title>Cano busca feito in\u00e9dito pelo Fluminense na temporada<\/title>\n<meta name=\"robots\" content=\"index, follow, max-snippet:-1, max-image-preview:large, max-video-preview:-1\" \/>\n<link rel=\"canonical\" href=\"https:\/\/www.gaveanews.com\/index.php\/2025\/04\/19\/cano-busca-feito-inedito-pelo-fluminense-na-temporada\/\" \/>\n<meta property=\"og:locale\" content=\"pt_BR\" \/>\n<meta property=\"og:type\" content=\"article\" \/>\n<meta property=\"og:title\" content=\"Cano busca feito in\u00e9dito pelo Fluminense na temporada\" \/>\n<meta property=\"og:description\" content=\"Apesar do in\u00edcio de temporada altamente produtivo, Germ\u00e1n Cano ainda n\u00e3o conseguiu desencantar no Campeonato Brasileiro de 2025. Com 13 gols marcados no ano, o atacante argentino divide a artilharia nacional com Vegetti, do Vasco. Contudo, o camisa 14 do Fluminense atravessa um momento de baixa no torneio mais importante do pa\u00eds, igualando seu pior [&hellip;]\" \/>\n<meta property=\"og:url\" content=\"https:\/\/www.gaveanews.com\/index.php\/2025\/04\/19\/cano-busca-feito-inedito-pelo-fluminense-na-temporada\/\" \/>\n<meta property=\"og:site_name\" content=\"G\u00e1vea News\" \/>\n<meta property=\"article:publisher\" content=\"https:\/\/facebook.com\/gaveaNews\/\" \/>\n<meta property=\"article:published_time\" content=\"2025-04-19T15:40:00+00:00\" \/>\n<meta property=\"og:image\" content=\"https:\/\/www.gaveanews.com\/wp-content\/uploads\/German-Cano-em-acao-pelo-Fluminense.webp\" \/>\n\t<meta property=\"og:image:width\" content=\"908\" \/>\n\t<meta property=\"og:image:height\" content=\"637\" \/>\n\t<meta property=\"og:image:type\" content=\"image\/jpeg\" \/>\n<meta name=\"author\" content=\"Ana Teixeira\" \/>\n<meta name=\"twitter:card\" content=\"summary_large_image\" \/>\n<meta name=\"twitter:label1\" content=\"Escrito por\" \/>\n\t<meta name=\"twitter:data1\" content=\"Ana Teixeira\" \/>\n\t<meta name=\"twitter:label2\" content=\"Est. tempo de leitura\" \/>\n\t<meta name=\"twitter:data2\" content=\"3 minutos\" \/>\n<script type=\"application\/ld+json\" class=\"yoast-schema-graph\">{\"@context\":\"https:\/\/schema.org\",\"@graph\":[{\"@type\":\"NewsArticle\",\"@id\":\"https:\/\/www.gaveanews.com\/index.php\/2025\/04\/19\/cano-busca-feito-inedito-pelo-fluminense-na-temporada\/#article\",\"isPartOf\":{\"@id\":\"https:\/\/www.gaveanews.com\/index.php\/2025\/04\/19\/cano-busca-feito-inedito-pelo-fluminense-na-temporada\/\"},\"author\":{\"name\":\"Ana Teixeira\",\"@id\":\"https:\/\/www.gaveanews.com\/#\/schema\/person\/3b19f7288b0ce20372991275e4f2e6c2\"},\"headline\":\"Cano busca feito in\u00e9dito pelo Fluminense na temporada\",\"datePublished\":\"2025-04-19T15:40:00+00:00\",\"mainEntityOfPage\":{\"@id\":\"https:\/\/www.gaveanews.com\/index.php\/2025\/04\/19\/cano-busca-feito-inedito-pelo-fluminense-na-temporada\/\"},\"wordCount\":508,\"commentCount\":0,\"image\":{\"@id\":\"https:\/\/www.gaveanews.com\/index.php\/2025\/04\/19\/cano-busca-feito-inedito-pelo-fluminense-na-temporada\/#primaryimage\"},\"thumbnailUrl\":\"https:\/\/www.gaveanews.com\/wp-content\/uploads\/German-Cano-em-acao-pelo-Fluminense.webp\",\"articleSection\":[\"Brasileir\u00e3o\",\"Fluminense\"],\"inLanguage\":\"pt-BR\",\"potentialAction\":[{\"@type\":\"CommentAction\",\"name\":\"Comment\",\"target\":[\"https:\/\/www.gaveanews.com\/index.php\/2025\/04\/19\/cano-busca-feito-inedito-pelo-fluminense-na-temporada\/#respond\"]}],\"copyrightYear\":\"2025\",\"copyrightHolder\":{\"@id\":\"https:\/\/www.gaveanews.com\/#organization\"}},{\"@type\":\"WebPage\",\"@id\":\"https:\/\/www.gaveanews.com\/index.php\/2025\/04\/19\/cano-busca-feito-inedito-pelo-fluminense-na-temporada\/\",\"url\":\"https:\/\/www.gaveanews.com\/index.php\/2025\/04\/19\/cano-busca-feito-inedito-pelo-fluminense-na-temporada\/\",\"name\":\"Cano busca feito in\u00e9dito pelo Fluminense na temporada\",\"isPartOf\":{\"@id\":\"https:\/\/www.gaveanews.com\/#website\"},\"primaryImageOfPage\":{\"@id\":\"https:\/\/www.gaveanews.com\/index.php\/2025\/04\/19\/cano-busca-feito-inedito-pelo-fluminense-na-temporada\/#primaryimage\"},\"image\":{\"@id\":\"https:\/\/www.gaveanews.com\/index.php\/2025\/04\/19\/cano-busca-feito-inedito-pelo-fluminense-na-temporada\/#primaryimage\"},\"thumbnailUrl\":\"https:\/\/www.gaveanews.com\/wp-content\/uploads\/German-Cano-em-acao-pelo-Fluminense.webp\",\"datePublished\":\"2025-04-19T15:40:00+00:00\",\"author\":{\"@id\":\"https:\/\/www.gaveanews.com\/#\/schema\/person\/3b19f7288b0ce20372991275e4f2e6c2\"},\"breadcrumb\":{\"@id\":\"https:\/\/www.gaveanews.com\/index.php\/2025\/04\/19\/cano-busca-feito-inedito-pelo-fluminense-na-temporada\/#breadcrumb\"},\"inLanguage\":\"pt-BR\",\"potentialAction\":[{\"@type\":\"ReadAction\",\"target\":[\"https:\/\/www.gaveanews.com\/index.php\/2025\/04\/19\/cano-busca-feito-inedito-pelo-fluminense-na-temporada\/\"]}]},{\"@type\":\"ImageObject\",\"inLanguage\":\"pt-BR\",\"@id\":\"https:\/\/www.gaveanews.com\/index.php\/2025\/04\/19\/cano-busca-feito-inedito-pelo-fluminense-na-temporada\/#primaryimage\",\"url\":\"https:\/\/www.gaveanews.com\/wp-content\/uploads\/German-Cano-em-acao-pelo-Fluminense.webp\",\"contentUrl\":\"https:\/\/www.gaveanews.com\/wp-content\/uploads\/German-Cano-em-acao-pelo-Fluminense.webp\",\"width\":908,\"height\":637,\"caption\":\"Germ\u00e1n Cano em a\u00e7\u00e3o pelo Fluminense (Foto: Lucas Mer\u00e7on\/Fluminense)\"},{\"@type\":\"BreadcrumbList\",\"@id\":\"https:\/\/www.gaveanews.com\/index.php\/2025\/04\/19\/cano-busca-feito-inedito-pelo-fluminense-na-temporada\/#breadcrumb\",\"itemListElement\":[{\"@type\":\"ListItem\",\"position\":1,\"name\":\"Home\",\"item\":\"https:\/\/www.gaveanews.com\/\"},{\"@type\":\"ListItem\",\"position\":2,\"name\":\"Cano busca feito in\u00e9dito pelo Fluminense na temporada\"}]},{\"@type\":\"WebSite\",\"@id\":\"https:\/\/www.gaveanews.com\/#website\",\"url\":\"https:\/\/www.gaveanews.com\/\",\"name\":\"G\u00e1vea News\",\"description\":\"Veja todas as not\u00edcias sobre o Flamengo: Contrata\u00e7\u00f5es, categorias de base, resultados das partidas, tabela de classifica\u00e7\u00e3o, pr\u00f3ximos jogos!\",\"potentialAction\":[{\"@type\":\"SearchAction\",\"target\":{\"@type\":\"EntryPoint\",\"urlTemplate\":\"https:\/\/www.gaveanews.com\/?s={search_term_string}\"},\"query-input\":{\"@type\":\"PropertyValueSpecification\",\"valueRequired\":true,\"valueName\":\"search_term_string\"}}],\"inLanguage\":\"pt-BR\"},{\"@type\":\"Person\",\"@id\":\"https:\/\/www.gaveanews.com\/#\/schema\/person\/3b19f7288b0ce20372991275e4f2e6c2\",\"name\":\"Ana Teixeira\",\"image\":{\"@type\":\"ImageObject\",\"inLanguage\":\"pt-BR\",\"@id\":\"https:\/\/www.gaveanews.com\/#\/schema\/person\/image\/\",\"url\":\"https:\/\/secure.gravatar.com\/avatar\/0a73f5a5258f3fed37fc2fa641892f3f7a4748456d4d4792f9bc550e6c19e06c?s=96&d=mm&r=g\",\"contentUrl\":\"https:\/\/secure.gravatar.com\/avatar\/0a73f5a5258f3fed37fc2fa641892f3f7a4748456d4d4792f9bc550e6c19e06c?s=96&d=mm&r=g\",\"caption\":\"Ana Teixeira\"}}]}<\/script>\n<!-- \/ Yoast SEO Premium plugin. -->","yoast_head_json":{"title":"Cano busca feito in\u00e9dito pelo Fluminense na temporada","robots":{"index":"index","follow":"follow","max-snippet":"max-snippet:-1","max-image-preview":"max-image-preview:large","max-video-preview":"max-video-preview:-1"},"canonical":"https:\/\/www.gaveanews.com\/index.php\/2025\/04\/19\/cano-busca-feito-inedito-pelo-fluminense-na-temporada\/","og_locale":"pt_BR","og_type":"article","og_title":"Cano busca feito in\u00e9dito pelo Fluminense na temporada","og_description":"Apesar do in\u00edcio de temporada altamente produtivo, Germ\u00e1n Cano ainda n\u00e3o conseguiu desencantar no Campeonato Brasileiro de 2025. Com 13 gols marcados no ano, o atacante argentino divide a artilharia nacional com Vegetti, do Vasco. Contudo, o camisa 14 do Fluminense atravessa um momento de baixa no torneio mais importante do pa\u00eds, igualando seu pior [&hellip;]","og_url":"https:\/\/www.gaveanews.com\/index.php\/2025\/04\/19\/cano-busca-feito-inedito-pelo-fluminense-na-temporada\/","og_site_name":"G\u00e1vea News","article_publisher":"https:\/\/facebook.com\/gaveaNews\/","article_published_time":"2025-04-19T15:40:00+00:00","og_image":[{"width":908,"height":637,"url":"https:\/\/www.gaveanews.com\/wp-content\/uploads\/German-Cano-em-acao-pelo-Fluminense.webp","type":"image\/jpeg"}],"author":"Ana Teixeira","twitter_card":"summary_large_image","twitter_misc":{"Escrito por":"Ana Teixeira","Est. tempo de leitura":"3 minutos"},"schema":{"@context":"https:\/\/schema.org","@graph":[{"@type":"NewsArticle","@id":"https:\/\/www.gaveanews.com\/index.php\/2025\/04\/19\/cano-busca-feito-inedito-pelo-fluminense-na-temporada\/#article","isPartOf":{"@id":"https:\/\/www.gaveanews.com\/index.php\/2025\/04\/19\/cano-busca-feito-inedito-pelo-fluminense-na-temporada\/"},"author":{"name":"Ana Teixeira","@id":"https:\/\/www.gaveanews.com\/#\/schema\/person\/3b19f7288b0ce20372991275e4f2e6c2"},"headline":"Cano busca feito in\u00e9dito pelo Fluminense na temporada","datePublished":"2025-04-19T15:40:00+00:00","mainEntityOfPage":{"@id":"https:\/\/www.gaveanews.com\/index.php\/2025\/04\/19\/cano-busca-feito-inedito-pelo-fluminense-na-temporada\/"},"wordCount":508,"commentCount":0,"image":{"@id":"https:\/\/www.gaveanews.com\/index.php\/2025\/04\/19\/cano-busca-feito-inedito-pelo-fluminense-na-temporada\/#primaryimage"},"thumbnailUrl":"https:\/\/www.gaveanews.com\/wp-content\/uploads\/German-Cano-em-acao-pelo-Fluminense.webp","articleSection":["Brasileir\u00e3o","Fluminense"],"inLanguage":"pt-BR","potentialAction":[{"@type":"CommentAction","name":"Comment","target":["https:\/\/www.gaveanews.com\/index.php\/2025\/04\/19\/cano-busca-feito-inedito-pelo-fluminense-na-temporada\/#respond"]}],"copyrightYear":"2025","copyrightHolder":{"@id":"https:\/\/www.gaveanews.com\/#organization"}},{"@type":"WebPage","@id":"https:\/\/www.gaveanews.com\/index.php\/2025\/04\/19\/cano-busca-feito-inedito-pelo-fluminense-na-temporada\/","url":"https:\/\/www.gaveanews.com\/index.php\/2025\/04\/19\/cano-busca-feito-inedito-pelo-fluminense-na-temporada\/","name":"Cano busca feito in\u00e9dito pelo Fluminense na temporada","isPartOf":{"@id":"https:\/\/www.gaveanews.com\/#website"},"primaryImageOfPage":{"@id":"https:\/\/www.gaveanews.com\/index.php\/2025\/04\/19\/cano-busca-feito-inedito-pelo-fluminense-na-temporada\/#primaryimage"},"image":{"@id":"https:\/\/www.gaveanews.com\/index.php\/2025\/04\/19\/cano-busca-feito-inedito-pelo-fluminense-na-temporada\/#primaryimage"},"thumbnailUrl":"https:\/\/www.gaveanews.com\/wp-content\/uploads\/German-Cano-em-acao-pelo-Fluminense.webp","datePublished":"2025-04-19T15:40:00+00:00","author":{"@id":"https:\/\/www.gaveanews.com\/#\/schema\/person\/3b19f7288b0ce20372991275e4f2e6c2"},"breadcrumb":{"@id":"https:\/\/www.gaveanews.com\/index.php\/2025\/04\/19\/cano-busca-feito-inedito-pelo-fluminense-na-temporada\/#breadcrumb"},"inLanguage":"pt-BR","potentialAction":[{"@type":"ReadAction","target":["https:\/\/www.gaveanews.com\/index.php\/2025\/04\/19\/cano-busca-feito-inedito-pelo-fluminense-na-temporada\/"]}]},{"@type":"ImageObject","inLanguage":"pt-BR","@id":"https:\/\/www.gaveanews.com\/index.php\/2025\/04\/19\/cano-busca-feito-inedito-pelo-fluminense-na-temporada\/#primaryimage","url":"https:\/\/www.gaveanews.com\/wp-content\/uploads\/German-Cano-em-acao-pelo-Fluminense.webp","contentUrl":"https:\/\/www.gaveanews.com\/wp-content\/uploads\/German-Cano-em-acao-pelo-Fluminense.webp","width":908,"height":637,"caption":"Germ\u00e1n Cano em a\u00e7\u00e3o pelo Fluminense (Foto: Lucas Mer\u00e7on\/Fluminense)"},{"@type":"BreadcrumbList","@id":"https:\/\/www.gaveanews.com\/index.php\/2025\/04\/19\/cano-busca-feito-inedito-pelo-fluminense-na-temporada\/#breadcrumb","itemListElement":[{"@type":"ListItem","position":1,"name":"Home","item":"https:\/\/www.gaveanews.com\/"},{"@type":"ListItem","position":2,"name":"Cano busca feito in\u00e9dito pelo Fluminense na temporada"}]},{"@type":"WebSite","@id":"https:\/\/www.gaveanews.com\/#website","url":"https:\/\/www.gaveanews.com\/","name":"G\u00e1vea News","description":"Veja todas as not\u00edcias sobre o Flamengo: Contrata\u00e7\u00f5es, categorias de base, resultados das partidas, tabela de classifica\u00e7\u00e3o, pr\u00f3ximos jogos!","potentialAction":[{"@type":"SearchAction","target":{"@type":"EntryPoint","urlTemplate":"https:\/\/www.gaveanews.com\/?s={search_term_string}"},"query-input":{"@type":"PropertyValueSpecification","valueRequired":true,"valueName":"search_term_string"}}],"inLanguage":"pt-BR"},{"@type":"Person","@id":"https:\/\/www.gaveanews.com\/#\/schema\/person\/3b19f7288b0ce20372991275e4f2e6c2","name":"Ana Teixeira","image":{"@type":"ImageObject","inLanguage":"pt-BR","@id":"https:\/\/www.gaveanews.com\/#\/schema\/person\/image\/","url":"https:\/\/secure.gravatar.com\/avatar\/0a73f5a5258f3fed37fc2fa641892f3f7a4748456d4d4792f9bc550e6c19e06c?s=96&d=mm&r=g","contentUrl":"https:\/\/secure.gravatar.com\/avatar\/0a73f5a5258f3fed37fc2fa641892f3f7a4748456d4d4792f9bc550e6c19e06c?s=96&d=mm&r=g","caption":"Ana Teixeira"}}]}},"_links":{"self":[{"href":"https:\/\/www.gaveanews.com\/index.php\/wp-json\/wp\/v2\/posts\/255535","targetHints":{"allow":["GET"]}}],"collection":[{"href":"https:\/\/www.gaveanews.com\/index.php\/wp-json\/wp\/v2\/posts"}],"about":[{"href":"https:\/\/www.gaveanews.com\/index.php\/wp-json\/wp\/v2\/types\/post"}],"author":[{"embeddable":true,"href":"https:\/\/www.gaveanews.com\/index.php\/wp-json\/wp\/v2\/users\/30"}],"replies":[{"embeddable":true,"href":"https:\/\/www.gaveanews.com\/index.php\/wp-json\/wp\/v2\/comments?post=255535"}],"version-history":[{"count":1,"href":"https:\/\/www.gaveanews.com\/index.php\/wp-json\/wp\/v2\/posts\/255535\/revisions"}],"predecessor-version":[{"id":255538,"href":"https:\/\/www.gaveanews.com\/index.php\/wp-json\/wp\/v2\/posts\/255535\/revisions\/255538"}],"wp:featuredmedia":[{"embeddable":true,"href":"https:\/\/www.gaveanews.com\/index.php\/wp-json\/wp\/v2\/media\/170376"}],"wp:attachment":[{"href":"https:\/\/www.gaveanews.com\/index.php\/wp-json\/wp\/v2\/media?parent=255535"}],"wp:term":[{"taxonomy":"category","embeddable":true,"href":"https:\/\/www.gaveanews.com\/index.php\/wp-json\/wp\/v2\/categories?post=255535"},{"taxonomy":"post_tag","embeddable":true,"href":"https:\/\/www.gaveanews.com\/index.php\/wp-json\/wp\/v2\/tags?post=255535"}],"curies":[{"name":"wp","href":"https:\/\/api.w.org\/{rel}","templated":true}]}}