{"id":255541,"date":"2025-04-19T12:50:00","date_gmt":"2025-04-19T15:50:00","guid":{"rendered":"https:\/\/www.gaveanews.com\/?p=255541"},"modified":"2025-04-19T12:39:40","modified_gmt":"2025-04-19T15:39:40","slug":"marlon-freitas-repete-discurso-da-libertadores-em-reencontro-do-botafogo-com-atletico-mg","status":"publish","type":"post","link":"https:\/\/www.gaveanews.com\/index.php\/2025\/04\/19\/marlon-freitas-repete-discurso-da-libertadores-em-reencontro-do-botafogo-com-atletico-mg\/","title":{"rendered":"Marlon Freitas repete discurso da Libertadores em reencontro do Botafogo com Atl\u00e9tico-MG"},"content":{"rendered":"\n<p>A proximidade do reencontro entre Botafogo e Atl\u00e9tico-MG neste domingo (20), \u00e0s 16h, no Mineir\u00e3o, trouxe \u00e0 tona lembran\u00e7as marcantes para Marlon Freitas. O volante alvinegro resgatou momentos cruciais da final da Libertadores de 2024, disputada no Monumental de N\u00fa\u00f1ez, em Buenos Aires, quando o Glorioso sagrou-se campe\u00e3o continental em um jogo carregado de emo\u00e7\u00e3o e supera\u00e7\u00e3o.<\/p>\n\n\n\n<p>Logo no primeiro minuto daquela decis\u00e3o, o volante Gregore foi expulso. A situa\u00e7\u00e3o desfavor\u00e1vel, ali\u00e1s, exigiu uma rea\u00e7\u00e3o imediata do elenco. Coube a Marlon, capit\u00e3o da equipe, reunir os companheiros para um discurso que se tornou s\u00edmbolo da conquista. <\/p>\n\n\n\n<p>\u201cFoi uma fatalidade, Gregore \u00e9 um cara muito importante para a nossa equipe. Se entrega 200%, \u00e9 muito f\u00e1cil jogar do lado dele. Como pessoa, como jogador, \u00e9 um cara que dispensa coment\u00e1rios\u201d, afirmou. Em seguida, completou: \u201cNaquela infelicidade, lembro que chamei os jogadores e falei que tudo era muito dif\u00edcil para o Botafogo. Foi um momento em que falei que \u00edamos correr por ele, pela nossa fam\u00edlia, pelos torcedores.\u201d<\/p>\n\n\n\n<p>O Botafogo havia enfrentado advers\u00e1rios campe\u00f5es da Libertadores desde as oitavas de final at\u00e9 a decis\u00e3o. Ainda assim, conforme destacou Marlon, o grupo manteve a confian\u00e7a e transformou o cen\u00e1rio adverso em motiva\u00e7\u00e3o. <\/p>\n\n\n\n<p>\u201cEra um momento \u00fanico, n\u00e3o sab\u00edamos se ter\u00edamos outra oportunidade. Todo mundo comprou a ideia, e a gente correu\u201d, refor\u00e7ou.<\/p>\n\n\n\n<p>Mesmo com um a menos desde o in\u00edcio, o Botafogo superou o Atl\u00e9tico-MG por 3 a 1, com gols de Luiz Henrique, Alex Telles e J\u00fanior Santos, e levantou a ta\u00e7a pela primeira vez em sua hist\u00f3ria. A conquista teve impacto significativo na trajet\u00f3ria de Marlon Freitas no clube. Criticado anteriormente, sobretudo pelo epis\u00f3dio da \u201cpiscadinha\u201d em derrota para o Palmeiras em 2023, o jogador virou uma das principais lideran\u00e7as do elenco e passou a ter voz ativa no vesti\u00e1rio.<\/p>\n\n\n\n<p>Sua ascens\u00e3o foi reconhecida inclusive pela torcida, que o incluiu em um bandeir\u00e3o ao lado de Luiz Henrique \u2014 atualmente no Zenit \u2014 como \u00eddolo da hist\u00f3ria recente do clube. Marlon refletiu sobre a pr\u00f3pria trajet\u00f3ria com \u00eanfase na resili\u00eancia. <\/p>\n\n\n\n<p>\u201c\u00c9 se adaptar positivamente \u00e0s adversidades. Tentar, de alguma forma, tirar li\u00e7\u00f5es. Primeiro voc\u00ea tem que saber quem voc\u00ea \u00e9, e eu sei quem eu sou. Saber quem voc\u00ea \u00e9 e as pessoas que acreditam e est\u00e3o contigo \u00e9 meio caminho andado&#8221;, disse.<\/p>\n\n\n\n<p>Segundo ele, lidar com os altos e baixos \u00e9 parte do cotidiano, seja no futebol ou fora dele. \u201cTodos os dias a gente enfrenta dificuldades, sejam familiares ou na nossa profiss\u00e3o. Temos que tirar algo positivo. Trabalho muito a parte mental, n\u00e3o adianta estar bem fisicamente se a cabe\u00e7a n\u00e3o estiver\u201d, declarou.<\/p>\n\n\n\n<p>A nova partida contra o Atl\u00e9tico-MG, embora distante das propor\u00e7\u00f5es hist\u00f3ricas da final, ainda guarda peso simb\u00f3lico para o volante. <\/p>\n\n\n\n<p>\u201cJogo marcante, um momento especial que guardamos com muito carinho. Primeiro t\u00edtulo na hist\u00f3ria do clube, toda uma situa\u00e7\u00e3o desfavor\u00e1vel at\u00e9 ent\u00e3o. Sempre que eu jogar contra o Atl\u00e9tico-MG, vou ter essa lembran\u00e7a\u201d, afirmou.<\/p>\n\n\n\n<h2 class=\"wp-block-heading\" id=\"h-preparacao-para-o-reencontro\">Prepara\u00e7\u00e3o para o reencontro <\/h2>\n\n\n\n<p>Para o compromisso no Campeonato Brasileiro, o t\u00e9cnico Renato Paiva deve manter a base da equipe que empatou com o S\u00e3o Paulo por 2 a 2. A \u00fanica d\u00favida est\u00e1 na lateral esquerda, entre Alex Telles e Cuiabano. Este \u00faltimo teve boa atua\u00e7\u00e3o na rodada anterior e disputa posi\u00e7\u00e3o com o experiente Telles, que perdeu espa\u00e7o recentemente.<\/p>\n","protected":false},"excerpt":{"rendered":"<p>A proximidade do reencontro entre Botafogo e Atl\u00e9tico-MG neste domingo (20), \u00e0s 16h, no Mineir\u00e3o, trouxe \u00e0 tona lembran\u00e7as marcantes para Marlon Freitas. O volante alvinegro resgatou momentos cruciais da final da Libertadores de 2024, disputada no Monumental de N\u00fa\u00f1ez, em Buenos Aires, quando o Glorioso sagrou-se campe\u00e3o continental em um jogo carregado de emo\u00e7\u00e3o [&hellip;]<\/p>\n","protected":false},"author":30,"featured_media":170335,"comment_status":"open","ping_status":"closed","sticky":false,"template":"","format":"standard","meta":{"footnotes":""},"categories":[136,138,133],"tags":[],"class_list":["post-255541","post","type-post","status-publish","format-standard","has-post-thumbnail","hentry","category-atletico-mg","category-botafogo","category-brasileirao"],"yoast_head":"<!-- This site is optimized with the Yoast SEO Premium plugin v24.2 (Yoast SEO v26.9) - https:\/\/yoast.com\/product\/yoast-seo-premium-wordpress\/ -->\n<title>Marlon Freitas repete discurso da Libertadores em reencontro do Botafogo com Atl\u00e9tico-MG<\/title>\n<meta name=\"robots\" content=\"index, follow, max-snippet:-1, max-image-preview:large, max-video-preview:-1\" \/>\n<link rel=\"canonical\" href=\"https:\/\/www.gaveanews.com\/index.php\/2025\/04\/19\/marlon-freitas-repete-discurso-da-libertadores-em-reencontro-do-botafogo-com-atletico-mg\/\" \/>\n<meta property=\"og:locale\" content=\"pt_BR\" \/>\n<meta property=\"og:type\" content=\"article\" \/>\n<meta property=\"og:title\" content=\"Marlon Freitas repete discurso da Libertadores em reencontro do Botafogo com Atl\u00e9tico-MG\" \/>\n<meta property=\"og:description\" content=\"A proximidade do reencontro entre Botafogo e Atl\u00e9tico-MG neste domingo (20), \u00e0s 16h, no Mineir\u00e3o, trouxe \u00e0 tona lembran\u00e7as marcantes para Marlon Freitas. O volante alvinegro resgatou momentos cruciais da final da Libertadores de 2024, disputada no Monumental de N\u00fa\u00f1ez, em Buenos Aires, quando o Glorioso sagrou-se campe\u00e3o continental em um jogo carregado de emo\u00e7\u00e3o [&hellip;]\" \/>\n<meta property=\"og:url\" content=\"https:\/\/www.gaveanews.com\/index.php\/2025\/04\/19\/marlon-freitas-repete-discurso-da-libertadores-em-reencontro-do-botafogo-com-atletico-mg\/\" \/>\n<meta property=\"og:site_name\" content=\"G\u00e1vea News\" \/>\n<meta property=\"article:publisher\" content=\"https:\/\/facebook.com\/gaveaNews\/\" \/>\n<meta property=\"article:published_time\" content=\"2025-04-19T15:50:00+00:00\" \/>\n<meta property=\"og:image\" content=\"https:\/\/www.gaveanews.com\/wp-content\/uploads\/Marlon-Freitas-em-acao-pelo-Botafogo.webp\" \/>\n\t<meta property=\"og:image:width\" content=\"829\" \/>\n\t<meta property=\"og:image:height\" content=\"656\" \/>\n\t<meta property=\"og:image:type\" content=\"image\/jpeg\" \/>\n<meta name=\"author\" content=\"Ana Teixeira\" \/>\n<meta name=\"twitter:card\" content=\"summary_large_image\" \/>\n<meta name=\"twitter:label1\" content=\"Escrito por\" \/>\n\t<meta name=\"twitter:data1\" content=\"Ana Teixeira\" \/>\n\t<meta name=\"twitter:label2\" content=\"Est. tempo de leitura\" \/>\n\t<meta name=\"twitter:data2\" content=\"4 minutos\" \/>\n<script type=\"application\/ld+json\" class=\"yoast-schema-graph\">{\"@context\":\"https:\/\/schema.org\",\"@graph\":[{\"@type\":\"NewsArticle\",\"@id\":\"https:\/\/www.gaveanews.com\/index.php\/2025\/04\/19\/marlon-freitas-repete-discurso-da-libertadores-em-reencontro-do-botafogo-com-atletico-mg\/#article\",\"isPartOf\":{\"@id\":\"https:\/\/www.gaveanews.com\/index.php\/2025\/04\/19\/marlon-freitas-repete-discurso-da-libertadores-em-reencontro-do-botafogo-com-atletico-mg\/\"},\"author\":{\"name\":\"Ana Teixeira\",\"@id\":\"https:\/\/www.gaveanews.com\/#\/schema\/person\/3b19f7288b0ce20372991275e4f2e6c2\"},\"headline\":\"Marlon Freitas repete discurso da Libertadores em reencontro do Botafogo com Atl\u00e9tico-MG\",\"datePublished\":\"2025-04-19T15:50:00+00:00\",\"mainEntityOfPage\":{\"@id\":\"https:\/\/www.gaveanews.com\/index.php\/2025\/04\/19\/marlon-freitas-repete-discurso-da-libertadores-em-reencontro-do-botafogo-com-atletico-mg\/\"},\"wordCount\":610,\"commentCount\":0,\"image\":{\"@id\":\"https:\/\/www.gaveanews.com\/index.php\/2025\/04\/19\/marlon-freitas-repete-discurso-da-libertadores-em-reencontro-do-botafogo-com-atletico-mg\/#primaryimage\"},\"thumbnailUrl\":\"https:\/\/www.gaveanews.com\/wp-content\/uploads\/Marlon-Freitas-em-acao-pelo-Botafogo.webp\",\"articleSection\":[\"Atl\u00e9tico-MG\",\"Botafogo\",\"Brasileir\u00e3o\"],\"inLanguage\":\"pt-BR\",\"potentialAction\":[{\"@type\":\"CommentAction\",\"name\":\"Comment\",\"target\":[\"https:\/\/www.gaveanews.com\/index.php\/2025\/04\/19\/marlon-freitas-repete-discurso-da-libertadores-em-reencontro-do-botafogo-com-atletico-mg\/#respond\"]}],\"copyrightYear\":\"2025\",\"copyrightHolder\":{\"@id\":\"https:\/\/www.gaveanews.com\/#organization\"}},{\"@type\":\"WebPage\",\"@id\":\"https:\/\/www.gaveanews.com\/index.php\/2025\/04\/19\/marlon-freitas-repete-discurso-da-libertadores-em-reencontro-do-botafogo-com-atletico-mg\/\",\"url\":\"https:\/\/www.gaveanews.com\/index.php\/2025\/04\/19\/marlon-freitas-repete-discurso-da-libertadores-em-reencontro-do-botafogo-com-atletico-mg\/\",\"name\":\"Marlon Freitas repete discurso da Libertadores em reencontro do Botafogo com Atl\u00e9tico-MG\",\"isPartOf\":{\"@id\":\"https:\/\/www.gaveanews.com\/#website\"},\"primaryImageOfPage\":{\"@id\":\"https:\/\/www.gaveanews.com\/index.php\/2025\/04\/19\/marlon-freitas-repete-discurso-da-libertadores-em-reencontro-do-botafogo-com-atletico-mg\/#primaryimage\"},\"image\":{\"@id\":\"https:\/\/www.gaveanews.com\/index.php\/2025\/04\/19\/marlon-freitas-repete-discurso-da-libertadores-em-reencontro-do-botafogo-com-atletico-mg\/#primaryimage\"},\"thumbnailUrl\":\"https:\/\/www.gaveanews.com\/wp-content\/uploads\/Marlon-Freitas-em-acao-pelo-Botafogo.webp\",\"datePublished\":\"2025-04-19T15:50:00+00:00\",\"author\":{\"@id\":\"https:\/\/www.gaveanews.com\/#\/schema\/person\/3b19f7288b0ce20372991275e4f2e6c2\"},\"breadcrumb\":{\"@id\":\"https:\/\/www.gaveanews.com\/index.php\/2025\/04\/19\/marlon-freitas-repete-discurso-da-libertadores-em-reencontro-do-botafogo-com-atletico-mg\/#breadcrumb\"},\"inLanguage\":\"pt-BR\",\"potentialAction\":[{\"@type\":\"ReadAction\",\"target\":[\"https:\/\/www.gaveanews.com\/index.php\/2025\/04\/19\/marlon-freitas-repete-discurso-da-libertadores-em-reencontro-do-botafogo-com-atletico-mg\/\"]}]},{\"@type\":\"ImageObject\",\"inLanguage\":\"pt-BR\",\"@id\":\"https:\/\/www.gaveanews.com\/index.php\/2025\/04\/19\/marlon-freitas-repete-discurso-da-libertadores-em-reencontro-do-botafogo-com-atletico-mg\/#primaryimage\",\"url\":\"https:\/\/www.gaveanews.com\/wp-content\/uploads\/Marlon-Freitas-em-acao-pelo-Botafogo.webp\",\"contentUrl\":\"https:\/\/www.gaveanews.com\/wp-content\/uploads\/Marlon-Freitas-em-acao-pelo-Botafogo.webp\",\"width\":829,\"height\":656,\"caption\":\"Marlon Freitas em a\u00e7\u00e3o pelo Botafogo (Foto: Vitor Silva\/Botafogo)\"},{\"@type\":\"BreadcrumbList\",\"@id\":\"https:\/\/www.gaveanews.com\/index.php\/2025\/04\/19\/marlon-freitas-repete-discurso-da-libertadores-em-reencontro-do-botafogo-com-atletico-mg\/#breadcrumb\",\"itemListElement\":[{\"@type\":\"ListItem\",\"position\":1,\"name\":\"Home\",\"item\":\"https:\/\/www.gaveanews.com\/\"},{\"@type\":\"ListItem\",\"position\":2,\"name\":\"Marlon Freitas repete discurso da Libertadores em reencontro do Botafogo com Atl\u00e9tico-MG\"}]},{\"@type\":\"WebSite\",\"@id\":\"https:\/\/www.gaveanews.com\/#website\",\"url\":\"https:\/\/www.gaveanews.com\/\",\"name\":\"G\u00e1vea News\",\"description\":\"Veja todas as not\u00edcias sobre o Flamengo: Contrata\u00e7\u00f5es, categorias de base, resultados das partidas, tabela de classifica\u00e7\u00e3o, pr\u00f3ximos jogos!\",\"potentialAction\":[{\"@type\":\"SearchAction\",\"target\":{\"@type\":\"EntryPoint\",\"urlTemplate\":\"https:\/\/www.gaveanews.com\/?s={search_term_string}\"},\"query-input\":{\"@type\":\"PropertyValueSpecification\",\"valueRequired\":true,\"valueName\":\"search_term_string\"}}],\"inLanguage\":\"pt-BR\"},{\"@type\":\"Person\",\"@id\":\"https:\/\/www.gaveanews.com\/#\/schema\/person\/3b19f7288b0ce20372991275e4f2e6c2\",\"name\":\"Ana Teixeira\",\"image\":{\"@type\":\"ImageObject\",\"inLanguage\":\"pt-BR\",\"@id\":\"https:\/\/www.gaveanews.com\/#\/schema\/person\/image\/\",\"url\":\"https:\/\/secure.gravatar.com\/avatar\/0a73f5a5258f3fed37fc2fa641892f3f7a4748456d4d4792f9bc550e6c19e06c?s=96&d=mm&r=g\",\"contentUrl\":\"https:\/\/secure.gravatar.com\/avatar\/0a73f5a5258f3fed37fc2fa641892f3f7a4748456d4d4792f9bc550e6c19e06c?s=96&d=mm&r=g\",\"caption\":\"Ana Teixeira\"}}]}<\/script>\n<!-- \/ Yoast SEO Premium plugin. -->","yoast_head_json":{"title":"Marlon Freitas repete discurso da Libertadores em reencontro do Botafogo com Atl\u00e9tico-MG","robots":{"index":"index","follow":"follow","max-snippet":"max-snippet:-1","max-image-preview":"max-image-preview:large","max-video-preview":"max-video-preview:-1"},"canonical":"https:\/\/www.gaveanews.com\/index.php\/2025\/04\/19\/marlon-freitas-repete-discurso-da-libertadores-em-reencontro-do-botafogo-com-atletico-mg\/","og_locale":"pt_BR","og_type":"article","og_title":"Marlon Freitas repete discurso da Libertadores em reencontro do Botafogo com Atl\u00e9tico-MG","og_description":"A proximidade do reencontro entre Botafogo e Atl\u00e9tico-MG neste domingo (20), \u00e0s 16h, no Mineir\u00e3o, trouxe \u00e0 tona lembran\u00e7as marcantes para Marlon Freitas. O volante alvinegro resgatou momentos cruciais da final da Libertadores de 2024, disputada no Monumental de N\u00fa\u00f1ez, em Buenos Aires, quando o Glorioso sagrou-se campe\u00e3o continental em um jogo carregado de emo\u00e7\u00e3o [&hellip;]","og_url":"https:\/\/www.gaveanews.com\/index.php\/2025\/04\/19\/marlon-freitas-repete-discurso-da-libertadores-em-reencontro-do-botafogo-com-atletico-mg\/","og_site_name":"G\u00e1vea News","article_publisher":"https:\/\/facebook.com\/gaveaNews\/","article_published_time":"2025-04-19T15:50:00+00:00","og_image":[{"width":829,"height":656,"url":"https:\/\/www.gaveanews.com\/wp-content\/uploads\/Marlon-Freitas-em-acao-pelo-Botafogo.webp","type":"image\/jpeg"}],"author":"Ana Teixeira","twitter_card":"summary_large_image","twitter_misc":{"Escrito por":"Ana Teixeira","Est. tempo de leitura":"4 minutos"},"schema":{"@context":"https:\/\/schema.org","@graph":[{"@type":"NewsArticle","@id":"https:\/\/www.gaveanews.com\/index.php\/2025\/04\/19\/marlon-freitas-repete-discurso-da-libertadores-em-reencontro-do-botafogo-com-atletico-mg\/#article","isPartOf":{"@id":"https:\/\/www.gaveanews.com\/index.php\/2025\/04\/19\/marlon-freitas-repete-discurso-da-libertadores-em-reencontro-do-botafogo-com-atletico-mg\/"},"author":{"name":"Ana Teixeira","@id":"https:\/\/www.gaveanews.com\/#\/schema\/person\/3b19f7288b0ce20372991275e4f2e6c2"},"headline":"Marlon Freitas repete discurso da Libertadores em reencontro do Botafogo com Atl\u00e9tico-MG","datePublished":"2025-04-19T15:50:00+00:00","mainEntityOfPage":{"@id":"https:\/\/www.gaveanews.com\/index.php\/2025\/04\/19\/marlon-freitas-repete-discurso-da-libertadores-em-reencontro-do-botafogo-com-atletico-mg\/"},"wordCount":610,"commentCount":0,"image":{"@id":"https:\/\/www.gaveanews.com\/index.php\/2025\/04\/19\/marlon-freitas-repete-discurso-da-libertadores-em-reencontro-do-botafogo-com-atletico-mg\/#primaryimage"},"thumbnailUrl":"https:\/\/www.gaveanews.com\/wp-content\/uploads\/Marlon-Freitas-em-acao-pelo-Botafogo.webp","articleSection":["Atl\u00e9tico-MG","Botafogo","Brasileir\u00e3o"],"inLanguage":"pt-BR","potentialAction":[{"@type":"CommentAction","name":"Comment","target":["https:\/\/www.gaveanews.com\/index.php\/2025\/04\/19\/marlon-freitas-repete-discurso-da-libertadores-em-reencontro-do-botafogo-com-atletico-mg\/#respond"]}],"copyrightYear":"2025","copyrightHolder":{"@id":"https:\/\/www.gaveanews.com\/#organization"}},{"@type":"WebPage","@id":"https:\/\/www.gaveanews.com\/index.php\/2025\/04\/19\/marlon-freitas-repete-discurso-da-libertadores-em-reencontro-do-botafogo-com-atletico-mg\/","url":"https:\/\/www.gaveanews.com\/index.php\/2025\/04\/19\/marlon-freitas-repete-discurso-da-libertadores-em-reencontro-do-botafogo-com-atletico-mg\/","name":"Marlon Freitas repete discurso da Libertadores em reencontro do Botafogo com Atl\u00e9tico-MG","isPartOf":{"@id":"https:\/\/www.gaveanews.com\/#website"},"primaryImageOfPage":{"@id":"https:\/\/www.gaveanews.com\/index.php\/2025\/04\/19\/marlon-freitas-repete-discurso-da-libertadores-em-reencontro-do-botafogo-com-atletico-mg\/#primaryimage"},"image":{"@id":"https:\/\/www.gaveanews.com\/index.php\/2025\/04\/19\/marlon-freitas-repete-discurso-da-libertadores-em-reencontro-do-botafogo-com-atletico-mg\/#primaryimage"},"thumbnailUrl":"https:\/\/www.gaveanews.com\/wp-content\/uploads\/Marlon-Freitas-em-acao-pelo-Botafogo.webp","datePublished":"2025-04-19T15:50:00+00:00","author":{"@id":"https:\/\/www.gaveanews.com\/#\/schema\/person\/3b19f7288b0ce20372991275e4f2e6c2"},"breadcrumb":{"@id":"https:\/\/www.gaveanews.com\/index.php\/2025\/04\/19\/marlon-freitas-repete-discurso-da-libertadores-em-reencontro-do-botafogo-com-atletico-mg\/#breadcrumb"},"inLanguage":"pt-BR","potentialAction":[{"@type":"ReadAction","target":["https:\/\/www.gaveanews.com\/index.php\/2025\/04\/19\/marlon-freitas-repete-discurso-da-libertadores-em-reencontro-do-botafogo-com-atletico-mg\/"]}]},{"@type":"ImageObject","inLanguage":"pt-BR","@id":"https:\/\/www.gaveanews.com\/index.php\/2025\/04\/19\/marlon-freitas-repete-discurso-da-libertadores-em-reencontro-do-botafogo-com-atletico-mg\/#primaryimage","url":"https:\/\/www.gaveanews.com\/wp-content\/uploads\/Marlon-Freitas-em-acao-pelo-Botafogo.webp","contentUrl":"https:\/\/www.gaveanews.com\/wp-content\/uploads\/Marlon-Freitas-em-acao-pelo-Botafogo.webp","width":829,"height":656,"caption":"Marlon Freitas em a\u00e7\u00e3o pelo Botafogo (Foto: Vitor Silva\/Botafogo)"},{"@type":"BreadcrumbList","@id":"https:\/\/www.gaveanews.com\/index.php\/2025\/04\/19\/marlon-freitas-repete-discurso-da-libertadores-em-reencontro-do-botafogo-com-atletico-mg\/#breadcrumb","itemListElement":[{"@type":"ListItem","position":1,"name":"Home","item":"https:\/\/www.gaveanews.com\/"},{"@type":"ListItem","position":2,"name":"Marlon Freitas repete discurso da Libertadores em reencontro do Botafogo com Atl\u00e9tico-MG"}]},{"@type":"WebSite","@id":"https:\/\/www.gaveanews.com\/#website","url":"https:\/\/www.gaveanews.com\/","name":"G\u00e1vea News","description":"Veja todas as not\u00edcias sobre o Flamengo: Contrata\u00e7\u00f5es, categorias de base, resultados das partidas, tabela de classifica\u00e7\u00e3o, pr\u00f3ximos jogos!","potentialAction":[{"@type":"SearchAction","target":{"@type":"EntryPoint","urlTemplate":"https:\/\/www.gaveanews.com\/?s={search_term_string}"},"query-input":{"@type":"PropertyValueSpecification","valueRequired":true,"valueName":"search_term_string"}}],"inLanguage":"pt-BR"},{"@type":"Person","@id":"https:\/\/www.gaveanews.com\/#\/schema\/person\/3b19f7288b0ce20372991275e4f2e6c2","name":"Ana Teixeira","image":{"@type":"ImageObject","inLanguage":"pt-BR","@id":"https:\/\/www.gaveanews.com\/#\/schema\/person\/image\/","url":"https:\/\/secure.gravatar.com\/avatar\/0a73f5a5258f3fed37fc2fa641892f3f7a4748456d4d4792f9bc550e6c19e06c?s=96&d=mm&r=g","contentUrl":"https:\/\/secure.gravatar.com\/avatar\/0a73f5a5258f3fed37fc2fa641892f3f7a4748456d4d4792f9bc550e6c19e06c?s=96&d=mm&r=g","caption":"Ana Teixeira"}}]}},"_links":{"self":[{"href":"https:\/\/www.gaveanews.com\/index.php\/wp-json\/wp\/v2\/posts\/255541","targetHints":{"allow":["GET"]}}],"collection":[{"href":"https:\/\/www.gaveanews.com\/index.php\/wp-json\/wp\/v2\/posts"}],"about":[{"href":"https:\/\/www.gaveanews.com\/index.php\/wp-json\/wp\/v2\/types\/post"}],"author":[{"embeddable":true,"href":"https:\/\/www.gaveanews.com\/index.php\/wp-json\/wp\/v2\/users\/30"}],"replies":[{"embeddable":true,"href":"https:\/\/www.gaveanews.com\/index.php\/wp-json\/wp\/v2\/comments?post=255541"}],"version-history":[{"count":1,"href":"https:\/\/www.gaveanews.com\/index.php\/wp-json\/wp\/v2\/posts\/255541\/revisions"}],"predecessor-version":[{"id":255543,"href":"https:\/\/www.gaveanews.com\/index.php\/wp-json\/wp\/v2\/posts\/255541\/revisions\/255543"}],"wp:featuredmedia":[{"embeddable":true,"href":"https:\/\/www.gaveanews.com\/index.php\/wp-json\/wp\/v2\/media\/170335"}],"wp:attachment":[{"href":"https:\/\/www.gaveanews.com\/index.php\/wp-json\/wp\/v2\/media?parent=255541"}],"wp:term":[{"taxonomy":"category","embeddable":true,"href":"https:\/\/www.gaveanews.com\/index.php\/wp-json\/wp\/v2\/categories?post=255541"},{"taxonomy":"post_tag","embeddable":true,"href":"https:\/\/www.gaveanews.com\/index.php\/wp-json\/wp\/v2\/tags?post=255541"}],"curies":[{"name":"wp","href":"https:\/\/api.w.org\/{rel}","templated":true}]}}