{"id":255566,"date":"2025-04-19T14:35:00","date_gmt":"2025-04-19T17:35:00","guid":{"rendered":"https:\/\/www.gaveanews.com\/?p=255566"},"modified":"2025-04-19T14:19:57","modified_gmt":"2025-04-19T17:19:57","slug":"gremio-esta-perto-de-fechar-com-seu-novo-tecnico","status":"publish","type":"post","link":"https:\/\/www.gaveanews.com\/index.php\/2025\/04\/19\/gremio-esta-perto-de-fechar-com-seu-novo-tecnico\/","title":{"rendered":"Gr\u00eamio est\u00e1 perto de fechar com seu novo t\u00e9cnico"},"content":{"rendered":"\n<p>O Gr\u00eamio est\u00e1 prestes a oficializar uma mudan\u00e7a significativa em seu comando t\u00e9cnico. Ap\u00f3s a sa\u00edda de Gustavo Quinteros, a diretoria do clube ga\u00facho se mobilizou rapidamente a fim de definir o substituto. A escolha recaiu sobre Mano Menezes, que deve ser anunciado como novo treinador tricolor ainda nesta sexta-feira (18 de abril), conforme apura\u00e7\u00e3o de bastidores.<\/p>\n\n\n\n<p>Ali\u00e1s, o movimento n\u00e3o se restringe apenas ao cargo de t\u00e9cnico. O planejamento gremista inclui tamb\u00e9m a chegada de Luiz Felipe Scolari, o Felip\u00e3o, para exercer a fun\u00e7\u00e3o de coordenador t\u00e9cnico. Dessa forma, o clube busca estruturar um novo modelo de gest\u00e3o no departamento de futebol, especialmente visando a sequ\u00eancia da temporada.<\/p>\n\n\n\n<figure class=\"wp-block-image size-full\"><img loading=\"lazy\" decoding=\"async\" width=\"911\" height=\"623\" src=\"http:\/\/www.gaveanews.com\/wp-content\/uploads\/Mano-Menezes-pelo-Fluminense.webp\" alt=\"\" class=\"wp-image-225314\"\/><figcaption class=\"wp-element-caption\">Mano Menezes pelo Fluminense (Foto: Lucas Mer\u00e7on\/Fluminense)<\/figcaption><\/figure>\n\n\n\n<p>Embora Dorival J\u00fanior tenha sido considerado por parte da diretoria, as negocia\u00e7\u00f5es com o ex-comandante da Sele\u00e7\u00e3o Brasileira esbarraram no valor solicitado. O treinador teria pedido cerca de R$ 15 milh\u00f5es para assumir o cargo, o que causou diverg\u00eancia entre os membros do Conselho de Administra\u00e7\u00e3o e inviabilizou o avan\u00e7o da proposta.<\/p>\n\n\n\n<p>Mano Menezes, por sua vez, tem o respaldo de diferentes setores do clube. Apesar de seus \u00faltimos trabalhos terem sido marcados por alguns desentendimentos com jogadores, ele \u00e9 reconhecido internamente pela habilidade em reorganizar times com rapidez. Essa caracter\u00edstica, inclusive, foi considerada primordial neste momento de transi\u00e7\u00e3o do Gr\u00eamio.<\/p>\n\n\n\n<p>O presidente Alberto Guerra, juntamente com outros dirigentes, conduziu pessoalmente as conversas com Mano e Felip\u00e3o. O an\u00fancio oficial \u00e9 esperado para as pr\u00f3ximas horas, j\u00e1 que os ajustes finais estariam sendo tratados apenas em n\u00edvel contratual. A expectativa \u00e9 que ambos comecem a trabalhar imediatamente, com foco total na reconstru\u00e7\u00e3o do ambiente interno.<\/p>\n\n\n\n<p>Portanto, o Gr\u00eamio aposta em uma dupla experiente e vitoriosa para recuperar estabilidade t\u00e9cnica e institucional. A nova estrutura deve ser apresentada ao grupo de jogadores ainda neste fim de semana, marcando o in\u00edcio de uma nova etapa no clube ga\u00facho.<\/p>\n","protected":false},"excerpt":{"rendered":"<p>O Gr\u00eamio est\u00e1 prestes a oficializar uma mudan\u00e7a significativa em seu comando t\u00e9cnico. Ap\u00f3s a sa\u00edda de Gustavo Quinteros, a diretoria do clube ga\u00facho se mobilizou rapidamente a fim de definir o substituto. A escolha recaiu sobre Mano Menezes, que deve ser anunciado como novo treinador tricolor ainda nesta sexta-feira (18 de abril), conforme apura\u00e7\u00e3o [&hellip;]<\/p>\n","protected":false},"author":33,"featured_media":154785,"comment_status":"open","ping_status":"closed","sticky":false,"template":"","format":"standard","meta":{"footnotes":""},"categories":[147],"tags":[],"class_list":["post-255566","post","type-post","status-publish","format-standard","has-post-thumbnail","hentry","category-gremio"],"yoast_head":"<!-- This site is optimized with the Yoast SEO Premium plugin v24.2 (Yoast SEO v26.9) - https:\/\/yoast.com\/product\/yoast-seo-premium-wordpress\/ -->\n<title>Gr\u00eamio est\u00e1 perto de fechar com seu novo t\u00e9cnico<\/title>\n<meta name=\"robots\" content=\"index, follow, max-snippet:-1, max-image-preview:large, max-video-preview:-1\" \/>\n<link rel=\"canonical\" href=\"https:\/\/www.gaveanews.com\/index.php\/2025\/04\/19\/gremio-esta-perto-de-fechar-com-seu-novo-tecnico\/\" \/>\n<meta property=\"og:locale\" content=\"pt_BR\" \/>\n<meta property=\"og:type\" content=\"article\" \/>\n<meta property=\"og:title\" content=\"Gr\u00eamio est\u00e1 perto de fechar com seu novo t\u00e9cnico\" \/>\n<meta property=\"og:description\" content=\"O Gr\u00eamio est\u00e1 prestes a oficializar uma mudan\u00e7a significativa em seu comando t\u00e9cnico. Ap\u00f3s a sa\u00edda de Gustavo Quinteros, a diretoria do clube ga\u00facho se mobilizou rapidamente a fim de definir o substituto. A escolha recaiu sobre Mano Menezes, que deve ser anunciado como novo treinador tricolor ainda nesta sexta-feira (18 de abril), conforme apura\u00e7\u00e3o [&hellip;]\" \/>\n<meta property=\"og:url\" content=\"https:\/\/www.gaveanews.com\/index.php\/2025\/04\/19\/gremio-esta-perto-de-fechar-com-seu-novo-tecnico\/\" \/>\n<meta property=\"og:site_name\" content=\"G\u00e1vea News\" \/>\n<meta property=\"article:publisher\" content=\"https:\/\/facebook.com\/gaveaNews\/\" \/>\n<meta property=\"article:published_time\" content=\"2025-04-19T17:35:00+00:00\" \/>\n<meta property=\"og:image\" content=\"https:\/\/www.gaveanews.com\/wp-content\/uploads\/Escudo-do-Gremio.webp\" \/>\n\t<meta property=\"og:image:width\" content=\"1163\" \/>\n\t<meta property=\"og:image:height\" content=\"775\" \/>\n\t<meta property=\"og:image:type\" content=\"image\/webp\" \/>\n<meta name=\"author\" content=\"Brenda Cezillo\" \/>\n<meta name=\"twitter:card\" content=\"summary_large_image\" \/>\n<meta name=\"twitter:label1\" content=\"Escrito por\" \/>\n\t<meta name=\"twitter:data1\" content=\"Brenda Cezillo\" \/>\n\t<meta name=\"twitter:label2\" content=\"Est. tempo de leitura\" \/>\n\t<meta name=\"twitter:data2\" content=\"3 minutos\" \/>\n<script type=\"application\/ld+json\" class=\"yoast-schema-graph\">{\"@context\":\"https:\/\/schema.org\",\"@graph\":[{\"@type\":\"NewsArticle\",\"@id\":\"https:\/\/www.gaveanews.com\/index.php\/2025\/04\/19\/gremio-esta-perto-de-fechar-com-seu-novo-tecnico\/#article\",\"isPartOf\":{\"@id\":\"https:\/\/www.gaveanews.com\/index.php\/2025\/04\/19\/gremio-esta-perto-de-fechar-com-seu-novo-tecnico\/\"},\"author\":{\"name\":\"Brenda Cezillo\",\"@id\":\"https:\/\/www.gaveanews.com\/#\/schema\/person\/c79759ca337c40791ae8d08e2923d403\"},\"headline\":\"Gr\u00eamio est\u00e1 perto de fechar com seu novo t\u00e9cnico\",\"datePublished\":\"2025-04-19T17:35:00+00:00\",\"mainEntityOfPage\":{\"@id\":\"https:\/\/www.gaveanews.com\/index.php\/2025\/04\/19\/gremio-esta-perto-de-fechar-com-seu-novo-tecnico\/\"},\"wordCount\":355,\"commentCount\":0,\"image\":{\"@id\":\"https:\/\/www.gaveanews.com\/index.php\/2025\/04\/19\/gremio-esta-perto-de-fechar-com-seu-novo-tecnico\/#primaryimage\"},\"thumbnailUrl\":\"https:\/\/www.gaveanews.com\/wp-content\/uploads\/Escudo-do-Gremio.webp\",\"articleSection\":[\"Gr\u00eamio\"],\"inLanguage\":\"pt-BR\",\"potentialAction\":[{\"@type\":\"CommentAction\",\"name\":\"Comment\",\"target\":[\"https:\/\/www.gaveanews.com\/index.php\/2025\/04\/19\/gremio-esta-perto-de-fechar-com-seu-novo-tecnico\/#respond\"]}],\"copyrightYear\":\"2025\",\"copyrightHolder\":{\"@id\":\"https:\/\/www.gaveanews.com\/#organization\"}},{\"@type\":\"WebPage\",\"@id\":\"https:\/\/www.gaveanews.com\/index.php\/2025\/04\/19\/gremio-esta-perto-de-fechar-com-seu-novo-tecnico\/\",\"url\":\"https:\/\/www.gaveanews.com\/index.php\/2025\/04\/19\/gremio-esta-perto-de-fechar-com-seu-novo-tecnico\/\",\"name\":\"Gr\u00eamio est\u00e1 perto de fechar com seu novo t\u00e9cnico\",\"isPartOf\":{\"@id\":\"https:\/\/www.gaveanews.com\/#website\"},\"primaryImageOfPage\":{\"@id\":\"https:\/\/www.gaveanews.com\/index.php\/2025\/04\/19\/gremio-esta-perto-de-fechar-com-seu-novo-tecnico\/#primaryimage\"},\"image\":{\"@id\":\"https:\/\/www.gaveanews.com\/index.php\/2025\/04\/19\/gremio-esta-perto-de-fechar-com-seu-novo-tecnico\/#primaryimage\"},\"thumbnailUrl\":\"https:\/\/www.gaveanews.com\/wp-content\/uploads\/Escudo-do-Gremio.webp\",\"datePublished\":\"2025-04-19T17:35:00+00:00\",\"author\":{\"@id\":\"https:\/\/www.gaveanews.com\/#\/schema\/person\/c79759ca337c40791ae8d08e2923d403\"},\"breadcrumb\":{\"@id\":\"https:\/\/www.gaveanews.com\/index.php\/2025\/04\/19\/gremio-esta-perto-de-fechar-com-seu-novo-tecnico\/#breadcrumb\"},\"inLanguage\":\"pt-BR\",\"potentialAction\":[{\"@type\":\"ReadAction\",\"target\":[\"https:\/\/www.gaveanews.com\/index.php\/2025\/04\/19\/gremio-esta-perto-de-fechar-com-seu-novo-tecnico\/\"]}]},{\"@type\":\"ImageObject\",\"inLanguage\":\"pt-BR\",\"@id\":\"https:\/\/www.gaveanews.com\/index.php\/2025\/04\/19\/gremio-esta-perto-de-fechar-com-seu-novo-tecnico\/#primaryimage\",\"url\":\"https:\/\/www.gaveanews.com\/wp-content\/uploads\/Escudo-do-Gremio.webp\",\"contentUrl\":\"https:\/\/www.gaveanews.com\/wp-content\/uploads\/Escudo-do-Gremio.webp\",\"width\":1163,\"height\":775,\"caption\":\"Escudo do Gr\u00eamio (Foto: Reprodu\u00e7\u00e3o\/Gr\u00eamio)\"},{\"@type\":\"BreadcrumbList\",\"@id\":\"https:\/\/www.gaveanews.com\/index.php\/2025\/04\/19\/gremio-esta-perto-de-fechar-com-seu-novo-tecnico\/#breadcrumb\",\"itemListElement\":[{\"@type\":\"ListItem\",\"position\":1,\"name\":\"Home\",\"item\":\"https:\/\/www.gaveanews.com\/\"},{\"@type\":\"ListItem\",\"position\":2,\"name\":\"Gr\u00eamio est\u00e1 perto de fechar com seu novo t\u00e9cnico\"}]},{\"@type\":\"WebSite\",\"@id\":\"https:\/\/www.gaveanews.com\/#website\",\"url\":\"https:\/\/www.gaveanews.com\/\",\"name\":\"G\u00e1vea News\",\"description\":\"Veja todas as not\u00edcias sobre o Flamengo: Contrata\u00e7\u00f5es, categorias de base, resultados das partidas, tabela de classifica\u00e7\u00e3o, pr\u00f3ximos jogos!\",\"potentialAction\":[{\"@type\":\"SearchAction\",\"target\":{\"@type\":\"EntryPoint\",\"urlTemplate\":\"https:\/\/www.gaveanews.com\/?s={search_term_string}\"},\"query-input\":{\"@type\":\"PropertyValueSpecification\",\"valueRequired\":true,\"valueName\":\"search_term_string\"}}],\"inLanguage\":\"pt-BR\"},{\"@type\":\"Person\",\"@id\":\"https:\/\/www.gaveanews.com\/#\/schema\/person\/c79759ca337c40791ae8d08e2923d403\",\"name\":\"Brenda Cezillo\",\"image\":{\"@type\":\"ImageObject\",\"inLanguage\":\"pt-BR\",\"@id\":\"https:\/\/www.gaveanews.com\/#\/schema\/person\/image\/\",\"url\":\"https:\/\/secure.gravatar.com\/avatar\/1738d75cee7317f9c29ae61dd67620c5883d80a92e42a6fff88ae5d527af217a?s=96&d=mm&r=g\",\"contentUrl\":\"https:\/\/secure.gravatar.com\/avatar\/1738d75cee7317f9c29ae61dd67620c5883d80a92e42a6fff88ae5d527af217a?s=96&d=mm&r=g\",\"caption\":\"Brenda Cezillo\"}}]}<\/script>\n<!-- \/ Yoast SEO Premium plugin. -->","yoast_head_json":{"title":"Gr\u00eamio est\u00e1 perto de fechar com seu novo t\u00e9cnico","robots":{"index":"index","follow":"follow","max-snippet":"max-snippet:-1","max-image-preview":"max-image-preview:large","max-video-preview":"max-video-preview:-1"},"canonical":"https:\/\/www.gaveanews.com\/index.php\/2025\/04\/19\/gremio-esta-perto-de-fechar-com-seu-novo-tecnico\/","og_locale":"pt_BR","og_type":"article","og_title":"Gr\u00eamio est\u00e1 perto de fechar com seu novo t\u00e9cnico","og_description":"O Gr\u00eamio est\u00e1 prestes a oficializar uma mudan\u00e7a significativa em seu comando t\u00e9cnico. Ap\u00f3s a sa\u00edda de Gustavo Quinteros, a diretoria do clube ga\u00facho se mobilizou rapidamente a fim de definir o substituto. A escolha recaiu sobre Mano Menezes, que deve ser anunciado como novo treinador tricolor ainda nesta sexta-feira (18 de abril), conforme apura\u00e7\u00e3o [&hellip;]","og_url":"https:\/\/www.gaveanews.com\/index.php\/2025\/04\/19\/gremio-esta-perto-de-fechar-com-seu-novo-tecnico\/","og_site_name":"G\u00e1vea News","article_publisher":"https:\/\/facebook.com\/gaveaNews\/","article_published_time":"2025-04-19T17:35:00+00:00","og_image":[{"width":1163,"height":775,"url":"https:\/\/www.gaveanews.com\/wp-content\/uploads\/Escudo-do-Gremio.webp","type":"image\/webp"}],"author":"Brenda Cezillo","twitter_card":"summary_large_image","twitter_misc":{"Escrito por":"Brenda Cezillo","Est. tempo de leitura":"3 minutos"},"schema":{"@context":"https:\/\/schema.org","@graph":[{"@type":"NewsArticle","@id":"https:\/\/www.gaveanews.com\/index.php\/2025\/04\/19\/gremio-esta-perto-de-fechar-com-seu-novo-tecnico\/#article","isPartOf":{"@id":"https:\/\/www.gaveanews.com\/index.php\/2025\/04\/19\/gremio-esta-perto-de-fechar-com-seu-novo-tecnico\/"},"author":{"name":"Brenda Cezillo","@id":"https:\/\/www.gaveanews.com\/#\/schema\/person\/c79759ca337c40791ae8d08e2923d403"},"headline":"Gr\u00eamio est\u00e1 perto de fechar com seu novo t\u00e9cnico","datePublished":"2025-04-19T17:35:00+00:00","mainEntityOfPage":{"@id":"https:\/\/www.gaveanews.com\/index.php\/2025\/04\/19\/gremio-esta-perto-de-fechar-com-seu-novo-tecnico\/"},"wordCount":355,"commentCount":0,"image":{"@id":"https:\/\/www.gaveanews.com\/index.php\/2025\/04\/19\/gremio-esta-perto-de-fechar-com-seu-novo-tecnico\/#primaryimage"},"thumbnailUrl":"https:\/\/www.gaveanews.com\/wp-content\/uploads\/Escudo-do-Gremio.webp","articleSection":["Gr\u00eamio"],"inLanguage":"pt-BR","potentialAction":[{"@type":"CommentAction","name":"Comment","target":["https:\/\/www.gaveanews.com\/index.php\/2025\/04\/19\/gremio-esta-perto-de-fechar-com-seu-novo-tecnico\/#respond"]}],"copyrightYear":"2025","copyrightHolder":{"@id":"https:\/\/www.gaveanews.com\/#organization"}},{"@type":"WebPage","@id":"https:\/\/www.gaveanews.com\/index.php\/2025\/04\/19\/gremio-esta-perto-de-fechar-com-seu-novo-tecnico\/","url":"https:\/\/www.gaveanews.com\/index.php\/2025\/04\/19\/gremio-esta-perto-de-fechar-com-seu-novo-tecnico\/","name":"Gr\u00eamio est\u00e1 perto de fechar com seu novo t\u00e9cnico","isPartOf":{"@id":"https:\/\/www.gaveanews.com\/#website"},"primaryImageOfPage":{"@id":"https:\/\/www.gaveanews.com\/index.php\/2025\/04\/19\/gremio-esta-perto-de-fechar-com-seu-novo-tecnico\/#primaryimage"},"image":{"@id":"https:\/\/www.gaveanews.com\/index.php\/2025\/04\/19\/gremio-esta-perto-de-fechar-com-seu-novo-tecnico\/#primaryimage"},"thumbnailUrl":"https:\/\/www.gaveanews.com\/wp-content\/uploads\/Escudo-do-Gremio.webp","datePublished":"2025-04-19T17:35:00+00:00","author":{"@id":"https:\/\/www.gaveanews.com\/#\/schema\/person\/c79759ca337c40791ae8d08e2923d403"},"breadcrumb":{"@id":"https:\/\/www.gaveanews.com\/index.php\/2025\/04\/19\/gremio-esta-perto-de-fechar-com-seu-novo-tecnico\/#breadcrumb"},"inLanguage":"pt-BR","potentialAction":[{"@type":"ReadAction","target":["https:\/\/www.gaveanews.com\/index.php\/2025\/04\/19\/gremio-esta-perto-de-fechar-com-seu-novo-tecnico\/"]}]},{"@type":"ImageObject","inLanguage":"pt-BR","@id":"https:\/\/www.gaveanews.com\/index.php\/2025\/04\/19\/gremio-esta-perto-de-fechar-com-seu-novo-tecnico\/#primaryimage","url":"https:\/\/www.gaveanews.com\/wp-content\/uploads\/Escudo-do-Gremio.webp","contentUrl":"https:\/\/www.gaveanews.com\/wp-content\/uploads\/Escudo-do-Gremio.webp","width":1163,"height":775,"caption":"Escudo do Gr\u00eamio (Foto: Reprodu\u00e7\u00e3o\/Gr\u00eamio)"},{"@type":"BreadcrumbList","@id":"https:\/\/www.gaveanews.com\/index.php\/2025\/04\/19\/gremio-esta-perto-de-fechar-com-seu-novo-tecnico\/#breadcrumb","itemListElement":[{"@type":"ListItem","position":1,"name":"Home","item":"https:\/\/www.gaveanews.com\/"},{"@type":"ListItem","position":2,"name":"Gr\u00eamio est\u00e1 perto de fechar com seu novo t\u00e9cnico"}]},{"@type":"WebSite","@id":"https:\/\/www.gaveanews.com\/#website","url":"https:\/\/www.gaveanews.com\/","name":"G\u00e1vea News","description":"Veja todas as not\u00edcias sobre o Flamengo: Contrata\u00e7\u00f5es, categorias de base, resultados das partidas, tabela de classifica\u00e7\u00e3o, pr\u00f3ximos jogos!","potentialAction":[{"@type":"SearchAction","target":{"@type":"EntryPoint","urlTemplate":"https:\/\/www.gaveanews.com\/?s={search_term_string}"},"query-input":{"@type":"PropertyValueSpecification","valueRequired":true,"valueName":"search_term_string"}}],"inLanguage":"pt-BR"},{"@type":"Person","@id":"https:\/\/www.gaveanews.com\/#\/schema\/person\/c79759ca337c40791ae8d08e2923d403","name":"Brenda Cezillo","image":{"@type":"ImageObject","inLanguage":"pt-BR","@id":"https:\/\/www.gaveanews.com\/#\/schema\/person\/image\/","url":"https:\/\/secure.gravatar.com\/avatar\/1738d75cee7317f9c29ae61dd67620c5883d80a92e42a6fff88ae5d527af217a?s=96&d=mm&r=g","contentUrl":"https:\/\/secure.gravatar.com\/avatar\/1738d75cee7317f9c29ae61dd67620c5883d80a92e42a6fff88ae5d527af217a?s=96&d=mm&r=g","caption":"Brenda Cezillo"}}]}},"_links":{"self":[{"href":"https:\/\/www.gaveanews.com\/index.php\/wp-json\/wp\/v2\/posts\/255566","targetHints":{"allow":["GET"]}}],"collection":[{"href":"https:\/\/www.gaveanews.com\/index.php\/wp-json\/wp\/v2\/posts"}],"about":[{"href":"https:\/\/www.gaveanews.com\/index.php\/wp-json\/wp\/v2\/types\/post"}],"author":[{"embeddable":true,"href":"https:\/\/www.gaveanews.com\/index.php\/wp-json\/wp\/v2\/users\/33"}],"replies":[{"embeddable":true,"href":"https:\/\/www.gaveanews.com\/index.php\/wp-json\/wp\/v2\/comments?post=255566"}],"version-history":[{"count":1,"href":"https:\/\/www.gaveanews.com\/index.php\/wp-json\/wp\/v2\/posts\/255566\/revisions"}],"predecessor-version":[{"id":255567,"href":"https:\/\/www.gaveanews.com\/index.php\/wp-json\/wp\/v2\/posts\/255566\/revisions\/255567"}],"wp:featuredmedia":[{"embeddable":true,"href":"https:\/\/www.gaveanews.com\/index.php\/wp-json\/wp\/v2\/media\/154785"}],"wp:attachment":[{"href":"https:\/\/www.gaveanews.com\/index.php\/wp-json\/wp\/v2\/media?parent=255566"}],"wp:term":[{"taxonomy":"category","embeddable":true,"href":"https:\/\/www.gaveanews.com\/index.php\/wp-json\/wp\/v2\/categories?post=255566"},{"taxonomy":"post_tag","embeddable":true,"href":"https:\/\/www.gaveanews.com\/index.php\/wp-json\/wp\/v2\/tags?post=255566"}],"curies":[{"name":"wp","href":"https:\/\/api.w.org\/{rel}","templated":true}]}}