{"id":255605,"date":"2025-04-19T18:20:00","date_gmt":"2025-04-19T21:20:00","guid":{"rendered":"https:\/\/www.gaveanews.com\/?p=255605"},"modified":"2025-04-19T17:55:41","modified_gmt":"2025-04-19T20:55:41","slug":"messi-e-sincero-sobre-disputar-a-copa-do-mundo-de-2026","status":"publish","type":"post","link":"https:\/\/www.gaveanews.com\/index.php\/2025\/04\/19\/messi-e-sincero-sobre-disputar-a-copa-do-mundo-de-2026\/","title":{"rendered":"Messi \u00e9 sincero sobre disputar a Copa do Mundo de 2026"},"content":{"rendered":"\n<p>Em entrevista recente concedida ao podcast argentino <em>Simplemente F\u00fatbol<\/em>, Lionel Messi manifestou o desejo de disputar a pr\u00f3xima Copa do Mundo, marcada para 2026. Atualmente com 37 anos, o atacante do Inter Miami reconheceu que, embora o torneio ainda esteja distante, o tempo passa rapidamente e que sua participa\u00e7\u00e3o depender\u00e1 de sua condi\u00e7\u00e3o f\u00edsica e mental at\u00e9 l\u00e1. \u201c\u00d3bvio que penso na Copa do Mundo e na possibilidade de estar l\u00e1, mas vivo o dia a dia\u201d, disse o argentino.<\/p>\n\n\n\n<p>Messi destacou a import\u00e2ncia da temporada atual para manter a consist\u00eancia em campo. Ele afirmou que come\u00e7ou o ano em bom ritmo, gra\u00e7as a uma pr\u00e9-temporada s\u00f3lida. O atacante ressaltou que o calend\u00e1rio ser\u00e1 exigente, principalmente com a disputa do Mundial de Clubes em junho, o que refor\u00e7a sua necessidade de estar preparado fisicamente. \u201cTenho que ser honesto comigo mesmo para entender se posso estar l\u00e1 ou n\u00e3o\u201d, acrescentou.<\/p>\n\n\n\n<p>Ao relembrar sua passagem pelo Barcelona, Messi elogiou o t\u00e9cnico Pep Guardiola, a quem atribui uma transforma\u00e7\u00e3o no futebol moderno. \u201cGuardiola \u00e9 de outro mundo. Mudou o futebol. Todo mundo queria copiar a gente\u201d, comentou. Para ele, a tentativa de imitar o estilo do antigo time catal\u00e3o teve efeitos colaterais, impactando negativamente outras equipes.<\/p>\n\n\n\n<p>Ainda sobre o Barcelona, Messi comentou o desempenho do jovem atacante Lamine Yamal, de apenas 17 anos. Segundo ele, o jogador j\u00e1 se destaca entre os melhores do mundo e tem potencial para crescer ainda mais. \u201c\u00c9 impressionante o que ele mostra. J\u00e1 tem conquistas e vai evoluir muito\u201d, avaliou.<\/p>\n\n\n\n<p>Sobre sua experi\u00eancia na Major League Soccer, o camisa 10 destacou o car\u00e1ter f\u00edsico da liga, marcada por deslocamentos longos e jogos din\u00e2micos. Para ele, as equipes evolu\u00edram e poderiam crescer mais, caso tivessem menos restri\u00e7\u00f5es para contrata\u00e7\u00f5es.<\/p>\n\n\n\n<p>Na atual temporada, Messi vive grande fase. Somando 42 gols e 21 assist\u00eancias em 48 partidas pelo Inter Miami, ele se prepara para disputar o Mundial de Clubes ao lado de Palmeiras, Porto e Al Ahly, compondo o Grupo A da competi\u00e7\u00e3o.<\/p>\n","protected":false},"excerpt":{"rendered":"<p>Em entrevista recente concedida ao podcast argentino Simplemente F\u00fatbol, Lionel Messi manifestou o desejo de disputar a pr\u00f3xima Copa do Mundo, marcada para 2026. Atualmente com 37 anos, o atacante do Inter Miami reconheceu que, embora o torneio ainda esteja distante, o tempo passa rapidamente e que sua participa\u00e7\u00e3o depender\u00e1 de sua condi\u00e7\u00e3o f\u00edsica e [&hellip;]<\/p>\n","protected":false},"author":18,"featured_media":106291,"comment_status":"open","ping_status":"closed","sticky":false,"template":"","format":"standard","meta":{"footnotes":""},"categories":[78,473],"tags":[],"class_list":["post-255605","post","type-post","status-publish","format-standard","has-post-thumbnail","hentry","category-futebol-internacional","category-inter-miami"],"yoast_head":"<!-- This site is optimized with the Yoast SEO Premium plugin v24.2 (Yoast SEO v26.9) - https:\/\/yoast.com\/product\/yoast-seo-premium-wordpress\/ -->\n<title>Messi \u00e9 sincero sobre disputar a Copa do Mundo de 2026<\/title>\n<meta name=\"robots\" content=\"index, follow, max-snippet:-1, max-image-preview:large, max-video-preview:-1\" \/>\n<link rel=\"canonical\" href=\"https:\/\/www.gaveanews.com\/index.php\/2025\/04\/19\/messi-e-sincero-sobre-disputar-a-copa-do-mundo-de-2026\/\" \/>\n<meta property=\"og:locale\" content=\"pt_BR\" \/>\n<meta property=\"og:type\" content=\"article\" \/>\n<meta property=\"og:title\" content=\"Messi \u00e9 sincero sobre disputar a Copa do Mundo de 2026\" \/>\n<meta property=\"og:description\" content=\"Em entrevista recente concedida ao podcast argentino Simplemente F\u00fatbol, Lionel Messi manifestou o desejo de disputar a pr\u00f3xima Copa do Mundo, marcada para 2026. Atualmente com 37 anos, o atacante do Inter Miami reconheceu que, embora o torneio ainda esteja distante, o tempo passa rapidamente e que sua participa\u00e7\u00e3o depender\u00e1 de sua condi\u00e7\u00e3o f\u00edsica e [&hellip;]\" \/>\n<meta property=\"og:url\" content=\"https:\/\/www.gaveanews.com\/index.php\/2025\/04\/19\/messi-e-sincero-sobre-disputar-a-copa-do-mundo-de-2026\/\" \/>\n<meta property=\"og:site_name\" content=\"G\u00e1vea News\" \/>\n<meta property=\"article:publisher\" content=\"https:\/\/facebook.com\/gaveaNews\/\" \/>\n<meta property=\"article:published_time\" content=\"2025-04-19T21:20:00+00:00\" \/>\n<meta property=\"og:image\" content=\"https:\/\/www.gaveanews.com\/wp-content\/uploads\/messi-selecao-argentina.webp\" \/>\n\t<meta property=\"og:image:width\" content=\"888\" \/>\n\t<meta property=\"og:image:height\" content=\"592\" \/>\n\t<meta property=\"og:image:type\" content=\"image\/webp\" \/>\n<meta name=\"author\" content=\"Paula Silva\" \/>\n<meta name=\"twitter:card\" content=\"summary_large_image\" \/>\n<meta name=\"twitter:label1\" content=\"Escrito por\" \/>\n\t<meta name=\"twitter:data1\" content=\"Paula Silva\" \/>\n\t<meta name=\"twitter:label2\" content=\"Est. tempo de leitura\" \/>\n\t<meta name=\"twitter:data2\" content=\"3 minutos\" \/>\n<script type=\"application\/ld+json\" class=\"yoast-schema-graph\">{\"@context\":\"https:\/\/schema.org\",\"@graph\":[{\"@type\":\"NewsArticle\",\"@id\":\"https:\/\/www.gaveanews.com\/index.php\/2025\/04\/19\/messi-e-sincero-sobre-disputar-a-copa-do-mundo-de-2026\/#article\",\"isPartOf\":{\"@id\":\"https:\/\/www.gaveanews.com\/index.php\/2025\/04\/19\/messi-e-sincero-sobre-disputar-a-copa-do-mundo-de-2026\/\"},\"author\":{\"name\":\"Paula Silva\",\"@id\":\"https:\/\/www.gaveanews.com\/#\/schema\/person\/daf63eec72e1164eb13dc35096c2b8da\"},\"headline\":\"Messi \u00e9 sincero sobre disputar a Copa do Mundo de 2026\",\"datePublished\":\"2025-04-19T21:20:00+00:00\",\"mainEntityOfPage\":{\"@id\":\"https:\/\/www.gaveanews.com\/index.php\/2025\/04\/19\/messi-e-sincero-sobre-disputar-a-copa-do-mundo-de-2026\/\"},\"wordCount\":359,\"commentCount\":0,\"image\":{\"@id\":\"https:\/\/www.gaveanews.com\/index.php\/2025\/04\/19\/messi-e-sincero-sobre-disputar-a-copa-do-mundo-de-2026\/#primaryimage\"},\"thumbnailUrl\":\"https:\/\/www.gaveanews.com\/wp-content\/uploads\/messi-selecao-argentina.webp\",\"articleSection\":[\"Futebol Internacional\",\"Inter Miami\"],\"inLanguage\":\"pt-BR\",\"potentialAction\":[{\"@type\":\"CommentAction\",\"name\":\"Comment\",\"target\":[\"https:\/\/www.gaveanews.com\/index.php\/2025\/04\/19\/messi-e-sincero-sobre-disputar-a-copa-do-mundo-de-2026\/#respond\"]}],\"copyrightYear\":\"2025\",\"copyrightHolder\":{\"@id\":\"https:\/\/www.gaveanews.com\/#organization\"}},{\"@type\":\"WebPage\",\"@id\":\"https:\/\/www.gaveanews.com\/index.php\/2025\/04\/19\/messi-e-sincero-sobre-disputar-a-copa-do-mundo-de-2026\/\",\"url\":\"https:\/\/www.gaveanews.com\/index.php\/2025\/04\/19\/messi-e-sincero-sobre-disputar-a-copa-do-mundo-de-2026\/\",\"name\":\"Messi \u00e9 sincero sobre disputar a Copa do Mundo de 2026\",\"isPartOf\":{\"@id\":\"https:\/\/www.gaveanews.com\/#website\"},\"primaryImageOfPage\":{\"@id\":\"https:\/\/www.gaveanews.com\/index.php\/2025\/04\/19\/messi-e-sincero-sobre-disputar-a-copa-do-mundo-de-2026\/#primaryimage\"},\"image\":{\"@id\":\"https:\/\/www.gaveanews.com\/index.php\/2025\/04\/19\/messi-e-sincero-sobre-disputar-a-copa-do-mundo-de-2026\/#primaryimage\"},\"thumbnailUrl\":\"https:\/\/www.gaveanews.com\/wp-content\/uploads\/messi-selecao-argentina.webp\",\"datePublished\":\"2025-04-19T21:20:00+00:00\",\"author\":{\"@id\":\"https:\/\/www.gaveanews.com\/#\/schema\/person\/daf63eec72e1164eb13dc35096c2b8da\"},\"breadcrumb\":{\"@id\":\"https:\/\/www.gaveanews.com\/index.php\/2025\/04\/19\/messi-e-sincero-sobre-disputar-a-copa-do-mundo-de-2026\/#breadcrumb\"},\"inLanguage\":\"pt-BR\",\"potentialAction\":[{\"@type\":\"ReadAction\",\"target\":[\"https:\/\/www.gaveanews.com\/index.php\/2025\/04\/19\/messi-e-sincero-sobre-disputar-a-copa-do-mundo-de-2026\/\"]}]},{\"@type\":\"ImageObject\",\"inLanguage\":\"pt-BR\",\"@id\":\"https:\/\/www.gaveanews.com\/index.php\/2025\/04\/19\/messi-e-sincero-sobre-disputar-a-copa-do-mundo-de-2026\/#primaryimage\",\"url\":\"https:\/\/www.gaveanews.com\/wp-content\/uploads\/messi-selecao-argentina.webp\",\"contentUrl\":\"https:\/\/www.gaveanews.com\/wp-content\/uploads\/messi-selecao-argentina.webp\",\"width\":888,\"height\":592,\"caption\":\"Messi em a\u00e7\u00e3o pela Sele\u00e7\u00e3o Argentina (Foto: ANDRES KUDACKI\/AFP)\"},{\"@type\":\"BreadcrumbList\",\"@id\":\"https:\/\/www.gaveanews.com\/index.php\/2025\/04\/19\/messi-e-sincero-sobre-disputar-a-copa-do-mundo-de-2026\/#breadcrumb\",\"itemListElement\":[{\"@type\":\"ListItem\",\"position\":1,\"name\":\"Home\",\"item\":\"https:\/\/www.gaveanews.com\/\"},{\"@type\":\"ListItem\",\"position\":2,\"name\":\"Messi \u00e9 sincero sobre disputar a Copa do Mundo de 2026\"}]},{\"@type\":\"WebSite\",\"@id\":\"https:\/\/www.gaveanews.com\/#website\",\"url\":\"https:\/\/www.gaveanews.com\/\",\"name\":\"G\u00e1vea News\",\"description\":\"Veja todas as not\u00edcias sobre o Flamengo: Contrata\u00e7\u00f5es, categorias de base, resultados das partidas, tabela de classifica\u00e7\u00e3o, pr\u00f3ximos jogos!\",\"potentialAction\":[{\"@type\":\"SearchAction\",\"target\":{\"@type\":\"EntryPoint\",\"urlTemplate\":\"https:\/\/www.gaveanews.com\/?s={search_term_string}\"},\"query-input\":{\"@type\":\"PropertyValueSpecification\",\"valueRequired\":true,\"valueName\":\"search_term_string\"}}],\"inLanguage\":\"pt-BR\"},{\"@type\":\"Person\",\"@id\":\"https:\/\/www.gaveanews.com\/#\/schema\/person\/daf63eec72e1164eb13dc35096c2b8da\",\"name\":\"Paula Silva\",\"image\":{\"@type\":\"ImageObject\",\"inLanguage\":\"pt-BR\",\"@id\":\"https:\/\/www.gaveanews.com\/#\/schema\/person\/image\/\",\"url\":\"https:\/\/secure.gravatar.com\/avatar\/eda381c845527cc5d64c13b901833cda29d97500ba040d3e6461f76f51d163bb?s=96&d=mm&r=g\",\"contentUrl\":\"https:\/\/secure.gravatar.com\/avatar\/eda381c845527cc5d64c13b901833cda29d97500ba040d3e6461f76f51d163bb?s=96&d=mm&r=g\",\"caption\":\"Paula Silva\"}}]}<\/script>\n<!-- \/ Yoast SEO Premium plugin. -->","yoast_head_json":{"title":"Messi \u00e9 sincero sobre disputar a Copa do Mundo de 2026","robots":{"index":"index","follow":"follow","max-snippet":"max-snippet:-1","max-image-preview":"max-image-preview:large","max-video-preview":"max-video-preview:-1"},"canonical":"https:\/\/www.gaveanews.com\/index.php\/2025\/04\/19\/messi-e-sincero-sobre-disputar-a-copa-do-mundo-de-2026\/","og_locale":"pt_BR","og_type":"article","og_title":"Messi \u00e9 sincero sobre disputar a Copa do Mundo de 2026","og_description":"Em entrevista recente concedida ao podcast argentino Simplemente F\u00fatbol, Lionel Messi manifestou o desejo de disputar a pr\u00f3xima Copa do Mundo, marcada para 2026. Atualmente com 37 anos, o atacante do Inter Miami reconheceu que, embora o torneio ainda esteja distante, o tempo passa rapidamente e que sua participa\u00e7\u00e3o depender\u00e1 de sua condi\u00e7\u00e3o f\u00edsica e [&hellip;]","og_url":"https:\/\/www.gaveanews.com\/index.php\/2025\/04\/19\/messi-e-sincero-sobre-disputar-a-copa-do-mundo-de-2026\/","og_site_name":"G\u00e1vea News","article_publisher":"https:\/\/facebook.com\/gaveaNews\/","article_published_time":"2025-04-19T21:20:00+00:00","og_image":[{"width":888,"height":592,"url":"https:\/\/www.gaveanews.com\/wp-content\/uploads\/messi-selecao-argentina.webp","type":"image\/webp"}],"author":"Paula Silva","twitter_card":"summary_large_image","twitter_misc":{"Escrito por":"Paula Silva","Est. tempo de leitura":"3 minutos"},"schema":{"@context":"https:\/\/schema.org","@graph":[{"@type":"NewsArticle","@id":"https:\/\/www.gaveanews.com\/index.php\/2025\/04\/19\/messi-e-sincero-sobre-disputar-a-copa-do-mundo-de-2026\/#article","isPartOf":{"@id":"https:\/\/www.gaveanews.com\/index.php\/2025\/04\/19\/messi-e-sincero-sobre-disputar-a-copa-do-mundo-de-2026\/"},"author":{"name":"Paula Silva","@id":"https:\/\/www.gaveanews.com\/#\/schema\/person\/daf63eec72e1164eb13dc35096c2b8da"},"headline":"Messi \u00e9 sincero sobre disputar a Copa do Mundo de 2026","datePublished":"2025-04-19T21:20:00+00:00","mainEntityOfPage":{"@id":"https:\/\/www.gaveanews.com\/index.php\/2025\/04\/19\/messi-e-sincero-sobre-disputar-a-copa-do-mundo-de-2026\/"},"wordCount":359,"commentCount":0,"image":{"@id":"https:\/\/www.gaveanews.com\/index.php\/2025\/04\/19\/messi-e-sincero-sobre-disputar-a-copa-do-mundo-de-2026\/#primaryimage"},"thumbnailUrl":"https:\/\/www.gaveanews.com\/wp-content\/uploads\/messi-selecao-argentina.webp","articleSection":["Futebol Internacional","Inter Miami"],"inLanguage":"pt-BR","potentialAction":[{"@type":"CommentAction","name":"Comment","target":["https:\/\/www.gaveanews.com\/index.php\/2025\/04\/19\/messi-e-sincero-sobre-disputar-a-copa-do-mundo-de-2026\/#respond"]}],"copyrightYear":"2025","copyrightHolder":{"@id":"https:\/\/www.gaveanews.com\/#organization"}},{"@type":"WebPage","@id":"https:\/\/www.gaveanews.com\/index.php\/2025\/04\/19\/messi-e-sincero-sobre-disputar-a-copa-do-mundo-de-2026\/","url":"https:\/\/www.gaveanews.com\/index.php\/2025\/04\/19\/messi-e-sincero-sobre-disputar-a-copa-do-mundo-de-2026\/","name":"Messi \u00e9 sincero sobre disputar a Copa do Mundo de 2026","isPartOf":{"@id":"https:\/\/www.gaveanews.com\/#website"},"primaryImageOfPage":{"@id":"https:\/\/www.gaveanews.com\/index.php\/2025\/04\/19\/messi-e-sincero-sobre-disputar-a-copa-do-mundo-de-2026\/#primaryimage"},"image":{"@id":"https:\/\/www.gaveanews.com\/index.php\/2025\/04\/19\/messi-e-sincero-sobre-disputar-a-copa-do-mundo-de-2026\/#primaryimage"},"thumbnailUrl":"https:\/\/www.gaveanews.com\/wp-content\/uploads\/messi-selecao-argentina.webp","datePublished":"2025-04-19T21:20:00+00:00","author":{"@id":"https:\/\/www.gaveanews.com\/#\/schema\/person\/daf63eec72e1164eb13dc35096c2b8da"},"breadcrumb":{"@id":"https:\/\/www.gaveanews.com\/index.php\/2025\/04\/19\/messi-e-sincero-sobre-disputar-a-copa-do-mundo-de-2026\/#breadcrumb"},"inLanguage":"pt-BR","potentialAction":[{"@type":"ReadAction","target":["https:\/\/www.gaveanews.com\/index.php\/2025\/04\/19\/messi-e-sincero-sobre-disputar-a-copa-do-mundo-de-2026\/"]}]},{"@type":"ImageObject","inLanguage":"pt-BR","@id":"https:\/\/www.gaveanews.com\/index.php\/2025\/04\/19\/messi-e-sincero-sobre-disputar-a-copa-do-mundo-de-2026\/#primaryimage","url":"https:\/\/www.gaveanews.com\/wp-content\/uploads\/messi-selecao-argentina.webp","contentUrl":"https:\/\/www.gaveanews.com\/wp-content\/uploads\/messi-selecao-argentina.webp","width":888,"height":592,"caption":"Messi em a\u00e7\u00e3o pela Sele\u00e7\u00e3o Argentina (Foto: ANDRES KUDACKI\/AFP)"},{"@type":"BreadcrumbList","@id":"https:\/\/www.gaveanews.com\/index.php\/2025\/04\/19\/messi-e-sincero-sobre-disputar-a-copa-do-mundo-de-2026\/#breadcrumb","itemListElement":[{"@type":"ListItem","position":1,"name":"Home","item":"https:\/\/www.gaveanews.com\/"},{"@type":"ListItem","position":2,"name":"Messi \u00e9 sincero sobre disputar a Copa do Mundo de 2026"}]},{"@type":"WebSite","@id":"https:\/\/www.gaveanews.com\/#website","url":"https:\/\/www.gaveanews.com\/","name":"G\u00e1vea News","description":"Veja todas as not\u00edcias sobre o Flamengo: Contrata\u00e7\u00f5es, categorias de base, resultados das partidas, tabela de classifica\u00e7\u00e3o, pr\u00f3ximos jogos!","potentialAction":[{"@type":"SearchAction","target":{"@type":"EntryPoint","urlTemplate":"https:\/\/www.gaveanews.com\/?s={search_term_string}"},"query-input":{"@type":"PropertyValueSpecification","valueRequired":true,"valueName":"search_term_string"}}],"inLanguage":"pt-BR"},{"@type":"Person","@id":"https:\/\/www.gaveanews.com\/#\/schema\/person\/daf63eec72e1164eb13dc35096c2b8da","name":"Paula Silva","image":{"@type":"ImageObject","inLanguage":"pt-BR","@id":"https:\/\/www.gaveanews.com\/#\/schema\/person\/image\/","url":"https:\/\/secure.gravatar.com\/avatar\/eda381c845527cc5d64c13b901833cda29d97500ba040d3e6461f76f51d163bb?s=96&d=mm&r=g","contentUrl":"https:\/\/secure.gravatar.com\/avatar\/eda381c845527cc5d64c13b901833cda29d97500ba040d3e6461f76f51d163bb?s=96&d=mm&r=g","caption":"Paula Silva"}}]}},"_links":{"self":[{"href":"https:\/\/www.gaveanews.com\/index.php\/wp-json\/wp\/v2\/posts\/255605","targetHints":{"allow":["GET"]}}],"collection":[{"href":"https:\/\/www.gaveanews.com\/index.php\/wp-json\/wp\/v2\/posts"}],"about":[{"href":"https:\/\/www.gaveanews.com\/index.php\/wp-json\/wp\/v2\/types\/post"}],"author":[{"embeddable":true,"href":"https:\/\/www.gaveanews.com\/index.php\/wp-json\/wp\/v2\/users\/18"}],"replies":[{"embeddable":true,"href":"https:\/\/www.gaveanews.com\/index.php\/wp-json\/wp\/v2\/comments?post=255605"}],"version-history":[{"count":1,"href":"https:\/\/www.gaveanews.com\/index.php\/wp-json\/wp\/v2\/posts\/255605\/revisions"}],"predecessor-version":[{"id":255607,"href":"https:\/\/www.gaveanews.com\/index.php\/wp-json\/wp\/v2\/posts\/255605\/revisions\/255607"}],"wp:featuredmedia":[{"embeddable":true,"href":"https:\/\/www.gaveanews.com\/index.php\/wp-json\/wp\/v2\/media\/106291"}],"wp:attachment":[{"href":"https:\/\/www.gaveanews.com\/index.php\/wp-json\/wp\/v2\/media?parent=255605"}],"wp:term":[{"taxonomy":"category","embeddable":true,"href":"https:\/\/www.gaveanews.com\/index.php\/wp-json\/wp\/v2\/categories?post=255605"},{"taxonomy":"post_tag","embeddable":true,"href":"https:\/\/www.gaveanews.com\/index.php\/wp-json\/wp\/v2\/tags?post=255605"}],"curies":[{"name":"wp","href":"https:\/\/api.w.org\/{rel}","templated":true}]}}