{"id":255606,"date":"2025-04-19T18:25:00","date_gmt":"2025-04-19T21:25:00","guid":{"rendered":"https:\/\/www.gaveanews.com\/?p=255606"},"modified":"2025-04-19T17:59:40","modified_gmt":"2025-04-19T20:59:40","slug":"felipao-no-gremio-saiba-tudo-sobre-a-possibilidade","status":"publish","type":"post","link":"https:\/\/www.gaveanews.com\/index.php\/2025\/04\/19\/felipao-no-gremio-saiba-tudo-sobre-a-possibilidade\/","title":{"rendered":"Felip\u00e3o no Gr\u00eamio? Saiba tudo sobre a possibilidade"},"content":{"rendered":"\n<p>O Gr\u00eamio avalia a contrata\u00e7\u00e3o de um novo coordenador t\u00e9cnico ap\u00f3s a sa\u00edda de Gustavo Quinteros, e Luiz Felipe Scolari surge como uma das principais op\u00e7\u00f5es. A dire\u00e7\u00e3o entende que, com a presen\u00e7a constante dos auxiliares Leandro Des\u00e1bato e Maximiliano Quezada, o papel havia perdido import\u00e2ncia, mas o cen\u00e1rio atual reacendeu o debate. Apesar de n\u00e3o haver proposta formal, o nome de Felip\u00e3o \u00e9 amplamente pedido pelos torcedores nas redes sociais.<\/p>\n\n\n\n<p>Aos 76 anos, o treinador est\u00e1 dispon\u00edvel no mercado desde sua sa\u00edda do Atl\u00e9tico-MG, em mar\u00e7o de 2024. Ele revelou interesse em voltar ao trabalho, seja como coordenador ou at\u00e9 mesmo como t\u00e9cnico. &#8220;Quero voltar a trabalhar&#8221;, afirmou Scolari, que reside no Rio Grande do Sul e tem passado seu tempo entre Canoas, Xangri-L\u00e1, Gramado e Caxias do Sul. Anteriormente, ele chegou a receber sondagens do Al-Ettifaq, da Ar\u00e1bia Saudita, mas as tratativas n\u00e3o avan\u00e7aram.<\/p>\n\n\n\n<p>Ali\u00e1s, o Gr\u00eamio j\u00e1 havia feito contato com Felip\u00e3o no final de 2024, por\u00e9m, a negocia\u00e7\u00e3o foi interrompida por compromissos pessoais do t\u00e9cnico em Portugal. Atualmente, sem viagens marcadas, o ex-comandante da Sele\u00e7\u00e3o Brasileira estaria mais acess\u00edvel. Entretanto, seu retorno ao clube depender\u00e1 diretamente da escolha do novo treinador, com quem ele dividiria os bastidores.<\/p>\n\n\n\n<p>Embora n\u00e3o exija a contrata\u00e7\u00e3o de um t\u00e9cnico de sua confian\u00e7a \u2014 como ocorreu no Athletico-PR com Paulo Turra \u2014, Scolari preza por um bom relacionamento com o futuro comandante. Entre os cotados para o cargo est\u00e3o Mano Menezes, Dorival J\u00fanior e Fernando Diniz, todos com experi\u00eancias relevantes no futebol nacional.<\/p>\n\n\n\n<p>Felip\u00e3o, multicampe\u00e3o pelo Gr\u00eamio na d\u00e9cada de 1990, teve passagens pelo clube tamb\u00e9m em 2014 e 2021. Nesta \u00faltima, saiu antes da confirma\u00e7\u00e3o do rebaixamento \u00e0 S\u00e9rie B. Sua identifica\u00e7\u00e3o com o Tricolor ga\u00facho, contudo, permanece viva e \u00e9 um fator que pesa na discuss\u00e3o.<\/p>\n\n\n\n<p>Enquanto o clube define seu novo t\u00e9cnico, James Freitas comandar\u00e1 o time interinamente no cl\u00e1ssico Gre-Nal deste s\u00e1bado (19), \u00e0s 21 horas (hor\u00e1rio de Bras\u00edlia). O planejamento gremista segue em curso, e o nome de Felip\u00e3o continua forte nos bastidores.<\/p>\n","protected":false},"excerpt":{"rendered":"<p>O Gr\u00eamio avalia a contrata\u00e7\u00e3o de um novo coordenador t\u00e9cnico ap\u00f3s a sa\u00edda de Gustavo Quinteros, e Luiz Felipe Scolari surge como uma das principais op\u00e7\u00f5es. A dire\u00e7\u00e3o entende que, com a presen\u00e7a constante dos auxiliares Leandro Des\u00e1bato e Maximiliano Quezada, o papel havia perdido import\u00e2ncia, mas o cen\u00e1rio atual reacendeu o debate. Apesar de [&hellip;]<\/p>\n","protected":false},"author":18,"featured_media":255608,"comment_status":"open","ping_status":"closed","sticky":false,"template":"","format":"standard","meta":{"footnotes":""},"categories":[147],"tags":[],"class_list":["post-255606","post","type-post","status-publish","format-standard","has-post-thumbnail","hentry","category-gremio"],"yoast_head":"<!-- This site is optimized with the Yoast SEO Premium plugin v24.2 (Yoast SEO v26.9) - https:\/\/yoast.com\/product\/yoast-seo-premium-wordpress\/ -->\n<title>Felip\u00e3o no Gr\u00eamio? Saiba tudo sobre a possibilidade<\/title>\n<meta name=\"robots\" content=\"index, follow, max-snippet:-1, max-image-preview:large, max-video-preview:-1\" \/>\n<link rel=\"canonical\" href=\"https:\/\/www.gaveanews.com\/index.php\/2025\/04\/19\/felipao-no-gremio-saiba-tudo-sobre-a-possibilidade\/\" \/>\n<meta property=\"og:locale\" content=\"pt_BR\" \/>\n<meta property=\"og:type\" content=\"article\" \/>\n<meta property=\"og:title\" content=\"Felip\u00e3o no Gr\u00eamio? Saiba tudo sobre a possibilidade\" \/>\n<meta property=\"og:description\" content=\"O Gr\u00eamio avalia a contrata\u00e7\u00e3o de um novo coordenador t\u00e9cnico ap\u00f3s a sa\u00edda de Gustavo Quinteros, e Luiz Felipe Scolari surge como uma das principais op\u00e7\u00f5es. A dire\u00e7\u00e3o entende que, com a presen\u00e7a constante dos auxiliares Leandro Des\u00e1bato e Maximiliano Quezada, o papel havia perdido import\u00e2ncia, mas o cen\u00e1rio atual reacendeu o debate. Apesar de [&hellip;]\" \/>\n<meta property=\"og:url\" content=\"https:\/\/www.gaveanews.com\/index.php\/2025\/04\/19\/felipao-no-gremio-saiba-tudo-sobre-a-possibilidade\/\" \/>\n<meta property=\"og:site_name\" content=\"G\u00e1vea News\" \/>\n<meta property=\"article:publisher\" content=\"https:\/\/facebook.com\/gaveaNews\/\" \/>\n<meta property=\"article:published_time\" content=\"2025-04-19T21:25:00+00:00\" \/>\n<meta property=\"og:image\" content=\"https:\/\/www.gaveanews.com\/wp-content\/uploads\/Felipao-pelo-Gremio.webp\" \/>\n\t<meta property=\"og:image:width\" content=\"1459\" \/>\n\t<meta property=\"og:image:height\" content=\"863\" \/>\n\t<meta property=\"og:image:type\" content=\"image\/jpeg\" \/>\n<meta name=\"author\" content=\"Paula Silva\" \/>\n<meta name=\"twitter:card\" content=\"summary_large_image\" \/>\n<meta name=\"twitter:label1\" content=\"Escrito por\" \/>\n\t<meta name=\"twitter:data1\" content=\"Paula Silva\" \/>\n\t<meta name=\"twitter:label2\" content=\"Est. tempo de leitura\" \/>\n\t<meta name=\"twitter:data2\" content=\"3 minutos\" \/>\n<script type=\"application\/ld+json\" class=\"yoast-schema-graph\">{\"@context\":\"https:\/\/schema.org\",\"@graph\":[{\"@type\":\"NewsArticle\",\"@id\":\"https:\/\/www.gaveanews.com\/index.php\/2025\/04\/19\/felipao-no-gremio-saiba-tudo-sobre-a-possibilidade\/#article\",\"isPartOf\":{\"@id\":\"https:\/\/www.gaveanews.com\/index.php\/2025\/04\/19\/felipao-no-gremio-saiba-tudo-sobre-a-possibilidade\/\"},\"author\":{\"name\":\"Paula Silva\",\"@id\":\"https:\/\/www.gaveanews.com\/#\/schema\/person\/daf63eec72e1164eb13dc35096c2b8da\"},\"headline\":\"Felip\u00e3o no Gr\u00eamio? Saiba tudo sobre a possibilidade\",\"datePublished\":\"2025-04-19T21:25:00+00:00\",\"mainEntityOfPage\":{\"@id\":\"https:\/\/www.gaveanews.com\/index.php\/2025\/04\/19\/felipao-no-gremio-saiba-tudo-sobre-a-possibilidade\/\"},\"wordCount\":386,\"commentCount\":0,\"image\":{\"@id\":\"https:\/\/www.gaveanews.com\/index.php\/2025\/04\/19\/felipao-no-gremio-saiba-tudo-sobre-a-possibilidade\/#primaryimage\"},\"thumbnailUrl\":\"https:\/\/www.gaveanews.com\/wp-content\/uploads\/Felipao-pelo-Gremio.webp\",\"articleSection\":[\"Gr\u00eamio\"],\"inLanguage\":\"pt-BR\",\"potentialAction\":[{\"@type\":\"CommentAction\",\"name\":\"Comment\",\"target\":[\"https:\/\/www.gaveanews.com\/index.php\/2025\/04\/19\/felipao-no-gremio-saiba-tudo-sobre-a-possibilidade\/#respond\"]}],\"copyrightYear\":\"2025\",\"copyrightHolder\":{\"@id\":\"https:\/\/www.gaveanews.com\/#organization\"}},{\"@type\":\"WebPage\",\"@id\":\"https:\/\/www.gaveanews.com\/index.php\/2025\/04\/19\/felipao-no-gremio-saiba-tudo-sobre-a-possibilidade\/\",\"url\":\"https:\/\/www.gaveanews.com\/index.php\/2025\/04\/19\/felipao-no-gremio-saiba-tudo-sobre-a-possibilidade\/\",\"name\":\"Felip\u00e3o no Gr\u00eamio? Saiba tudo sobre a possibilidade\",\"isPartOf\":{\"@id\":\"https:\/\/www.gaveanews.com\/#website\"},\"primaryImageOfPage\":{\"@id\":\"https:\/\/www.gaveanews.com\/index.php\/2025\/04\/19\/felipao-no-gremio-saiba-tudo-sobre-a-possibilidade\/#primaryimage\"},\"image\":{\"@id\":\"https:\/\/www.gaveanews.com\/index.php\/2025\/04\/19\/felipao-no-gremio-saiba-tudo-sobre-a-possibilidade\/#primaryimage\"},\"thumbnailUrl\":\"https:\/\/www.gaveanews.com\/wp-content\/uploads\/Felipao-pelo-Gremio.webp\",\"datePublished\":\"2025-04-19T21:25:00+00:00\",\"author\":{\"@id\":\"https:\/\/www.gaveanews.com\/#\/schema\/person\/daf63eec72e1164eb13dc35096c2b8da\"},\"breadcrumb\":{\"@id\":\"https:\/\/www.gaveanews.com\/index.php\/2025\/04\/19\/felipao-no-gremio-saiba-tudo-sobre-a-possibilidade\/#breadcrumb\"},\"inLanguage\":\"pt-BR\",\"potentialAction\":[{\"@type\":\"ReadAction\",\"target\":[\"https:\/\/www.gaveanews.com\/index.php\/2025\/04\/19\/felipao-no-gremio-saiba-tudo-sobre-a-possibilidade\/\"]}]},{\"@type\":\"ImageObject\",\"inLanguage\":\"pt-BR\",\"@id\":\"https:\/\/www.gaveanews.com\/index.php\/2025\/04\/19\/felipao-no-gremio-saiba-tudo-sobre-a-possibilidade\/#primaryimage\",\"url\":\"https:\/\/www.gaveanews.com\/wp-content\/uploads\/Felipao-pelo-Gremio.webp\",\"contentUrl\":\"https:\/\/www.gaveanews.com\/wp-content\/uploads\/Felipao-pelo-Gremio.webp\",\"width\":1459,\"height\":863,\"caption\":\"Felip\u00e3o pelo Gr\u00eamio (Foto: LUCAS UEBEL\/GREMIO FBPA\"},{\"@type\":\"BreadcrumbList\",\"@id\":\"https:\/\/www.gaveanews.com\/index.php\/2025\/04\/19\/felipao-no-gremio-saiba-tudo-sobre-a-possibilidade\/#breadcrumb\",\"itemListElement\":[{\"@type\":\"ListItem\",\"position\":1,\"name\":\"Home\",\"item\":\"https:\/\/www.gaveanews.com\/\"},{\"@type\":\"ListItem\",\"position\":2,\"name\":\"Felip\u00e3o no Gr\u00eamio? Saiba tudo sobre a possibilidade\"}]},{\"@type\":\"WebSite\",\"@id\":\"https:\/\/www.gaveanews.com\/#website\",\"url\":\"https:\/\/www.gaveanews.com\/\",\"name\":\"G\u00e1vea News\",\"description\":\"Veja todas as not\u00edcias sobre o Flamengo: Contrata\u00e7\u00f5es, categorias de base, resultados das partidas, tabela de classifica\u00e7\u00e3o, pr\u00f3ximos jogos!\",\"potentialAction\":[{\"@type\":\"SearchAction\",\"target\":{\"@type\":\"EntryPoint\",\"urlTemplate\":\"https:\/\/www.gaveanews.com\/?s={search_term_string}\"},\"query-input\":{\"@type\":\"PropertyValueSpecification\",\"valueRequired\":true,\"valueName\":\"search_term_string\"}}],\"inLanguage\":\"pt-BR\"},{\"@type\":\"Person\",\"@id\":\"https:\/\/www.gaveanews.com\/#\/schema\/person\/daf63eec72e1164eb13dc35096c2b8da\",\"name\":\"Paula Silva\",\"image\":{\"@type\":\"ImageObject\",\"inLanguage\":\"pt-BR\",\"@id\":\"https:\/\/www.gaveanews.com\/#\/schema\/person\/image\/\",\"url\":\"https:\/\/secure.gravatar.com\/avatar\/eda381c845527cc5d64c13b901833cda29d97500ba040d3e6461f76f51d163bb?s=96&d=mm&r=g\",\"contentUrl\":\"https:\/\/secure.gravatar.com\/avatar\/eda381c845527cc5d64c13b901833cda29d97500ba040d3e6461f76f51d163bb?s=96&d=mm&r=g\",\"caption\":\"Paula Silva\"}}]}<\/script>\n<!-- \/ Yoast SEO Premium plugin. -->","yoast_head_json":{"title":"Felip\u00e3o no Gr\u00eamio? Saiba tudo sobre a possibilidade","robots":{"index":"index","follow":"follow","max-snippet":"max-snippet:-1","max-image-preview":"max-image-preview:large","max-video-preview":"max-video-preview:-1"},"canonical":"https:\/\/www.gaveanews.com\/index.php\/2025\/04\/19\/felipao-no-gremio-saiba-tudo-sobre-a-possibilidade\/","og_locale":"pt_BR","og_type":"article","og_title":"Felip\u00e3o no Gr\u00eamio? Saiba tudo sobre a possibilidade","og_description":"O Gr\u00eamio avalia a contrata\u00e7\u00e3o de um novo coordenador t\u00e9cnico ap\u00f3s a sa\u00edda de Gustavo Quinteros, e Luiz Felipe Scolari surge como uma das principais op\u00e7\u00f5es. A dire\u00e7\u00e3o entende que, com a presen\u00e7a constante dos auxiliares Leandro Des\u00e1bato e Maximiliano Quezada, o papel havia perdido import\u00e2ncia, mas o cen\u00e1rio atual reacendeu o debate. Apesar de [&hellip;]","og_url":"https:\/\/www.gaveanews.com\/index.php\/2025\/04\/19\/felipao-no-gremio-saiba-tudo-sobre-a-possibilidade\/","og_site_name":"G\u00e1vea News","article_publisher":"https:\/\/facebook.com\/gaveaNews\/","article_published_time":"2025-04-19T21:25:00+00:00","og_image":[{"width":1459,"height":863,"url":"https:\/\/www.gaveanews.com\/wp-content\/uploads\/Felipao-pelo-Gremio.webp","type":"image\/jpeg"}],"author":"Paula Silva","twitter_card":"summary_large_image","twitter_misc":{"Escrito por":"Paula Silva","Est. tempo de leitura":"3 minutos"},"schema":{"@context":"https:\/\/schema.org","@graph":[{"@type":"NewsArticle","@id":"https:\/\/www.gaveanews.com\/index.php\/2025\/04\/19\/felipao-no-gremio-saiba-tudo-sobre-a-possibilidade\/#article","isPartOf":{"@id":"https:\/\/www.gaveanews.com\/index.php\/2025\/04\/19\/felipao-no-gremio-saiba-tudo-sobre-a-possibilidade\/"},"author":{"name":"Paula Silva","@id":"https:\/\/www.gaveanews.com\/#\/schema\/person\/daf63eec72e1164eb13dc35096c2b8da"},"headline":"Felip\u00e3o no Gr\u00eamio? Saiba tudo sobre a possibilidade","datePublished":"2025-04-19T21:25:00+00:00","mainEntityOfPage":{"@id":"https:\/\/www.gaveanews.com\/index.php\/2025\/04\/19\/felipao-no-gremio-saiba-tudo-sobre-a-possibilidade\/"},"wordCount":386,"commentCount":0,"image":{"@id":"https:\/\/www.gaveanews.com\/index.php\/2025\/04\/19\/felipao-no-gremio-saiba-tudo-sobre-a-possibilidade\/#primaryimage"},"thumbnailUrl":"https:\/\/www.gaveanews.com\/wp-content\/uploads\/Felipao-pelo-Gremio.webp","articleSection":["Gr\u00eamio"],"inLanguage":"pt-BR","potentialAction":[{"@type":"CommentAction","name":"Comment","target":["https:\/\/www.gaveanews.com\/index.php\/2025\/04\/19\/felipao-no-gremio-saiba-tudo-sobre-a-possibilidade\/#respond"]}],"copyrightYear":"2025","copyrightHolder":{"@id":"https:\/\/www.gaveanews.com\/#organization"}},{"@type":"WebPage","@id":"https:\/\/www.gaveanews.com\/index.php\/2025\/04\/19\/felipao-no-gremio-saiba-tudo-sobre-a-possibilidade\/","url":"https:\/\/www.gaveanews.com\/index.php\/2025\/04\/19\/felipao-no-gremio-saiba-tudo-sobre-a-possibilidade\/","name":"Felip\u00e3o no Gr\u00eamio? Saiba tudo sobre a possibilidade","isPartOf":{"@id":"https:\/\/www.gaveanews.com\/#website"},"primaryImageOfPage":{"@id":"https:\/\/www.gaveanews.com\/index.php\/2025\/04\/19\/felipao-no-gremio-saiba-tudo-sobre-a-possibilidade\/#primaryimage"},"image":{"@id":"https:\/\/www.gaveanews.com\/index.php\/2025\/04\/19\/felipao-no-gremio-saiba-tudo-sobre-a-possibilidade\/#primaryimage"},"thumbnailUrl":"https:\/\/www.gaveanews.com\/wp-content\/uploads\/Felipao-pelo-Gremio.webp","datePublished":"2025-04-19T21:25:00+00:00","author":{"@id":"https:\/\/www.gaveanews.com\/#\/schema\/person\/daf63eec72e1164eb13dc35096c2b8da"},"breadcrumb":{"@id":"https:\/\/www.gaveanews.com\/index.php\/2025\/04\/19\/felipao-no-gremio-saiba-tudo-sobre-a-possibilidade\/#breadcrumb"},"inLanguage":"pt-BR","potentialAction":[{"@type":"ReadAction","target":["https:\/\/www.gaveanews.com\/index.php\/2025\/04\/19\/felipao-no-gremio-saiba-tudo-sobre-a-possibilidade\/"]}]},{"@type":"ImageObject","inLanguage":"pt-BR","@id":"https:\/\/www.gaveanews.com\/index.php\/2025\/04\/19\/felipao-no-gremio-saiba-tudo-sobre-a-possibilidade\/#primaryimage","url":"https:\/\/www.gaveanews.com\/wp-content\/uploads\/Felipao-pelo-Gremio.webp","contentUrl":"https:\/\/www.gaveanews.com\/wp-content\/uploads\/Felipao-pelo-Gremio.webp","width":1459,"height":863,"caption":"Felip\u00e3o pelo Gr\u00eamio (Foto: LUCAS UEBEL\/GREMIO FBPA"},{"@type":"BreadcrumbList","@id":"https:\/\/www.gaveanews.com\/index.php\/2025\/04\/19\/felipao-no-gremio-saiba-tudo-sobre-a-possibilidade\/#breadcrumb","itemListElement":[{"@type":"ListItem","position":1,"name":"Home","item":"https:\/\/www.gaveanews.com\/"},{"@type":"ListItem","position":2,"name":"Felip\u00e3o no Gr\u00eamio? Saiba tudo sobre a possibilidade"}]},{"@type":"WebSite","@id":"https:\/\/www.gaveanews.com\/#website","url":"https:\/\/www.gaveanews.com\/","name":"G\u00e1vea News","description":"Veja todas as not\u00edcias sobre o Flamengo: Contrata\u00e7\u00f5es, categorias de base, resultados das partidas, tabela de classifica\u00e7\u00e3o, pr\u00f3ximos jogos!","potentialAction":[{"@type":"SearchAction","target":{"@type":"EntryPoint","urlTemplate":"https:\/\/www.gaveanews.com\/?s={search_term_string}"},"query-input":{"@type":"PropertyValueSpecification","valueRequired":true,"valueName":"search_term_string"}}],"inLanguage":"pt-BR"},{"@type":"Person","@id":"https:\/\/www.gaveanews.com\/#\/schema\/person\/daf63eec72e1164eb13dc35096c2b8da","name":"Paula Silva","image":{"@type":"ImageObject","inLanguage":"pt-BR","@id":"https:\/\/www.gaveanews.com\/#\/schema\/person\/image\/","url":"https:\/\/secure.gravatar.com\/avatar\/eda381c845527cc5d64c13b901833cda29d97500ba040d3e6461f76f51d163bb?s=96&d=mm&r=g","contentUrl":"https:\/\/secure.gravatar.com\/avatar\/eda381c845527cc5d64c13b901833cda29d97500ba040d3e6461f76f51d163bb?s=96&d=mm&r=g","caption":"Paula Silva"}}]}},"_links":{"self":[{"href":"https:\/\/www.gaveanews.com\/index.php\/wp-json\/wp\/v2\/posts\/255606","targetHints":{"allow":["GET"]}}],"collection":[{"href":"https:\/\/www.gaveanews.com\/index.php\/wp-json\/wp\/v2\/posts"}],"about":[{"href":"https:\/\/www.gaveanews.com\/index.php\/wp-json\/wp\/v2\/types\/post"}],"author":[{"embeddable":true,"href":"https:\/\/www.gaveanews.com\/index.php\/wp-json\/wp\/v2\/users\/18"}],"replies":[{"embeddable":true,"href":"https:\/\/www.gaveanews.com\/index.php\/wp-json\/wp\/v2\/comments?post=255606"}],"version-history":[{"count":1,"href":"https:\/\/www.gaveanews.com\/index.php\/wp-json\/wp\/v2\/posts\/255606\/revisions"}],"predecessor-version":[{"id":255609,"href":"https:\/\/www.gaveanews.com\/index.php\/wp-json\/wp\/v2\/posts\/255606\/revisions\/255609"}],"wp:featuredmedia":[{"embeddable":true,"href":"https:\/\/www.gaveanews.com\/index.php\/wp-json\/wp\/v2\/media\/255608"}],"wp:attachment":[{"href":"https:\/\/www.gaveanews.com\/index.php\/wp-json\/wp\/v2\/media?parent=255606"}],"wp:term":[{"taxonomy":"category","embeddable":true,"href":"https:\/\/www.gaveanews.com\/index.php\/wp-json\/wp\/v2\/categories?post=255606"},{"taxonomy":"post_tag","embeddable":true,"href":"https:\/\/www.gaveanews.com\/index.php\/wp-json\/wp\/v2\/tags?post=255606"}],"curies":[{"name":"wp","href":"https:\/\/api.w.org\/{rel}","templated":true}]}}