{"id":255616,"date":"2025-04-19T19:10:00","date_gmt":"2025-04-19T22:10:00","guid":{"rendered":"https:\/\/www.gaveanews.com\/?p=255616"},"modified":"2025-04-19T18:57:54","modified_gmt":"2025-04-19T21:57:54","slug":"a-declaracao-de-gregore-apos-renovacao-com-o-botafogo","status":"publish","type":"post","link":"https:\/\/www.gaveanews.com\/index.php\/2025\/04\/19\/a-declaracao-de-gregore-apos-renovacao-com-o-botafogo\/","title":{"rendered":"A declara\u00e7\u00e3o de Gregore ap\u00f3s renova\u00e7\u00e3o com o Botafogo"},"content":{"rendered":"\n<p>O volante Gregore oficializou, na sexta-feira (18), a renova\u00e7\u00e3o de seu contrato com o Botafogo, estendendo seu v\u00ednculo at\u00e9 o fim de 2028. Ap\u00f3s quatro meses de negocia\u00e7\u00f5es, o acordo foi selado com direito a valoriza\u00e7\u00e3o salarial, cl\u00e1usulas espec\u00edficas de venda e multa rescis\u00f3ria definida para o mercado internacional. A decis\u00e3o do jogador, revelado anteriormente pelo Bahia, foi bastante influenciada pelo ambiente que encontrou no clube carioca.<\/p>\n\n\n\n<p>Em entrevista concedida em mar\u00e7o, Gregore revelou que recebeu propostas expressivas de outros clubes. &#8220;Chegaram propostas tentadoras&#8221;, admitiu o atleta, citando ofertas do Atl\u00e9tico-MG e do Al-Rayyan, do Catar. No entanto, ele ressaltou o fator determinante para permanecer no Botafogo: &#8220;Tivemos uma conversa com John (Textor) e Alessandro, mostraram um projeto muito importante que eu j\u00e1 sabia&#8221;, disse, complementando: &#8220;Al\u00e9m da import\u00e2ncia que eu tenho no clube, tomei a decis\u00e3o de ficar&#8221;.<\/p>\n\n\n\n<p>A nova cl\u00e1usula de multa rescis\u00f3ria estipula o valor de US$ 7 milh\u00f5es para transfer\u00eancias ao exterior, o equivalente a cerca de R$ 40,6 milh\u00f5es. Al\u00e9m disso, o contrato prev\u00ea venda obrigat\u00f3ria caso o clube receba ofertas de US$ 8 milh\u00f5es no meio do ano ou US$ 6 milh\u00f5es ao final da temporada, garantindo flexibilidade estrat\u00e9gica ao Botafogo.<\/p>\n\n\n\n<p>Gregore teve sua perman\u00eancia considerada essencial nos bastidores. Ali\u00e1s, ele \u00e9 visto como pe\u00e7a-chave nas conquistas recentes do clube, incluindo os t\u00edtulos do Campeonato Brasileiro e da Libertadores em 2024. Com isso, o volante passa a ter um dos sal\u00e1rios mais altos do elenco, ap\u00f3s receber um reajuste de quase 100%.<\/p>\n\n\n\n<p>O jogador acumula 62 partidas com a camisa alvinegra, tendo marcado tr\u00eas gols e dado duas assist\u00eancias desde sua chegada, vinda do Inter Miami, dos Estados Unidos. Um desses gols foi na final contra o S\u00e3o Paulo, que garantiu o tricampeonato brasileiro ao clube.<\/p>\n\n\n\n<p>Assim sendo, a renova\u00e7\u00e3o representa mais do que um simples acordo contratual. Conforme indicado nas declara\u00e7\u00f5es do pr\u00f3prio Gregore, trata-se de um alinhamento entre clube e jogador com base em confian\u00e7a m\u00fatua e planejamento esportivo.<\/p>\n","protected":false},"excerpt":{"rendered":"<p>O volante Gregore oficializou, na sexta-feira (18), a renova\u00e7\u00e3o de seu contrato com o Botafogo, estendendo seu v\u00ednculo at\u00e9 o fim de 2028. Ap\u00f3s quatro meses de negocia\u00e7\u00f5es, o acordo foi selado com direito a valoriza\u00e7\u00e3o salarial, cl\u00e1usulas espec\u00edficas de venda e multa rescis\u00f3ria definida para o mercado internacional. A decis\u00e3o do jogador, revelado anteriormente [&hellip;]<\/p>\n","protected":false},"author":18,"featured_media":172443,"comment_status":"open","ping_status":"closed","sticky":false,"template":"","format":"standard","meta":{"footnotes":""},"categories":[138],"tags":[],"class_list":["post-255616","post","type-post","status-publish","format-standard","has-post-thumbnail","hentry","category-botafogo"],"yoast_head":"<!-- This site is optimized with the Yoast SEO Premium plugin v24.2 (Yoast SEO v26.9) - https:\/\/yoast.com\/product\/yoast-seo-premium-wordpress\/ -->\n<title>A declara\u00e7\u00e3o de Gregore ap\u00f3s renova\u00e7\u00e3o com o Botafogo<\/title>\n<meta name=\"robots\" content=\"index, follow, max-snippet:-1, max-image-preview:large, max-video-preview:-1\" \/>\n<link rel=\"canonical\" href=\"https:\/\/www.gaveanews.com\/index.php\/2025\/04\/19\/a-declaracao-de-gregore-apos-renovacao-com-o-botafogo\/\" \/>\n<meta property=\"og:locale\" content=\"pt_BR\" \/>\n<meta property=\"og:type\" content=\"article\" \/>\n<meta property=\"og:title\" content=\"A declara\u00e7\u00e3o de Gregore ap\u00f3s renova\u00e7\u00e3o com o Botafogo\" \/>\n<meta property=\"og:description\" content=\"O volante Gregore oficializou, na sexta-feira (18), a renova\u00e7\u00e3o de seu contrato com o Botafogo, estendendo seu v\u00ednculo at\u00e9 o fim de 2028. Ap\u00f3s quatro meses de negocia\u00e7\u00f5es, o acordo foi selado com direito a valoriza\u00e7\u00e3o salarial, cl\u00e1usulas espec\u00edficas de venda e multa rescis\u00f3ria definida para o mercado internacional. A decis\u00e3o do jogador, revelado anteriormente [&hellip;]\" \/>\n<meta property=\"og:url\" content=\"https:\/\/www.gaveanews.com\/index.php\/2025\/04\/19\/a-declaracao-de-gregore-apos-renovacao-com-o-botafogo\/\" \/>\n<meta property=\"og:site_name\" content=\"G\u00e1vea News\" \/>\n<meta property=\"article:publisher\" content=\"https:\/\/facebook.com\/gaveaNews\/\" \/>\n<meta property=\"article:published_time\" content=\"2025-04-19T22:10:00+00:00\" \/>\n<meta property=\"og:image\" content=\"https:\/\/www.gaveanews.com\/wp-content\/uploads\/Gregore-pelo-Botafogo.webp\" \/>\n\t<meta property=\"og:image:width\" content=\"825\" \/>\n\t<meta property=\"og:image:height\" content=\"667\" \/>\n\t<meta property=\"og:image:type\" content=\"image\/jpeg\" \/>\n<meta name=\"author\" content=\"Paula Silva\" \/>\n<meta name=\"twitter:card\" content=\"summary_large_image\" \/>\n<meta name=\"twitter:label1\" content=\"Escrito por\" \/>\n\t<meta name=\"twitter:data1\" content=\"Paula Silva\" \/>\n\t<meta name=\"twitter:label2\" content=\"Est. tempo de leitura\" \/>\n\t<meta name=\"twitter:data2\" content=\"3 minutos\" \/>\n<script type=\"application\/ld+json\" class=\"yoast-schema-graph\">{\"@context\":\"https:\/\/schema.org\",\"@graph\":[{\"@type\":\"NewsArticle\",\"@id\":\"https:\/\/www.gaveanews.com\/index.php\/2025\/04\/19\/a-declaracao-de-gregore-apos-renovacao-com-o-botafogo\/#article\",\"isPartOf\":{\"@id\":\"https:\/\/www.gaveanews.com\/index.php\/2025\/04\/19\/a-declaracao-de-gregore-apos-renovacao-com-o-botafogo\/\"},\"author\":{\"name\":\"Paula Silva\",\"@id\":\"https:\/\/www.gaveanews.com\/#\/schema\/person\/daf63eec72e1164eb13dc35096c2b8da\"},\"headline\":\"A declara\u00e7\u00e3o de Gregore ap\u00f3s renova\u00e7\u00e3o com o Botafogo\",\"datePublished\":\"2025-04-19T22:10:00+00:00\",\"mainEntityOfPage\":{\"@id\":\"https:\/\/www.gaveanews.com\/index.php\/2025\/04\/19\/a-declaracao-de-gregore-apos-renovacao-com-o-botafogo\/\"},\"wordCount\":367,\"commentCount\":0,\"image\":{\"@id\":\"https:\/\/www.gaveanews.com\/index.php\/2025\/04\/19\/a-declaracao-de-gregore-apos-renovacao-com-o-botafogo\/#primaryimage\"},\"thumbnailUrl\":\"https:\/\/www.gaveanews.com\/wp-content\/uploads\/Gregore-pelo-Botafogo.webp\",\"articleSection\":[\"Botafogo\"],\"inLanguage\":\"pt-BR\",\"potentialAction\":[{\"@type\":\"CommentAction\",\"name\":\"Comment\",\"target\":[\"https:\/\/www.gaveanews.com\/index.php\/2025\/04\/19\/a-declaracao-de-gregore-apos-renovacao-com-o-botafogo\/#respond\"]}],\"copyrightYear\":\"2025\",\"copyrightHolder\":{\"@id\":\"https:\/\/www.gaveanews.com\/#organization\"}},{\"@type\":\"WebPage\",\"@id\":\"https:\/\/www.gaveanews.com\/index.php\/2025\/04\/19\/a-declaracao-de-gregore-apos-renovacao-com-o-botafogo\/\",\"url\":\"https:\/\/www.gaveanews.com\/index.php\/2025\/04\/19\/a-declaracao-de-gregore-apos-renovacao-com-o-botafogo\/\",\"name\":\"A declara\u00e7\u00e3o de Gregore ap\u00f3s renova\u00e7\u00e3o com o Botafogo\",\"isPartOf\":{\"@id\":\"https:\/\/www.gaveanews.com\/#website\"},\"primaryImageOfPage\":{\"@id\":\"https:\/\/www.gaveanews.com\/index.php\/2025\/04\/19\/a-declaracao-de-gregore-apos-renovacao-com-o-botafogo\/#primaryimage\"},\"image\":{\"@id\":\"https:\/\/www.gaveanews.com\/index.php\/2025\/04\/19\/a-declaracao-de-gregore-apos-renovacao-com-o-botafogo\/#primaryimage\"},\"thumbnailUrl\":\"https:\/\/www.gaveanews.com\/wp-content\/uploads\/Gregore-pelo-Botafogo.webp\",\"datePublished\":\"2025-04-19T22:10:00+00:00\",\"author\":{\"@id\":\"https:\/\/www.gaveanews.com\/#\/schema\/person\/daf63eec72e1164eb13dc35096c2b8da\"},\"breadcrumb\":{\"@id\":\"https:\/\/www.gaveanews.com\/index.php\/2025\/04\/19\/a-declaracao-de-gregore-apos-renovacao-com-o-botafogo\/#breadcrumb\"},\"inLanguage\":\"pt-BR\",\"potentialAction\":[{\"@type\":\"ReadAction\",\"target\":[\"https:\/\/www.gaveanews.com\/index.php\/2025\/04\/19\/a-declaracao-de-gregore-apos-renovacao-com-o-botafogo\/\"]}]},{\"@type\":\"ImageObject\",\"inLanguage\":\"pt-BR\",\"@id\":\"https:\/\/www.gaveanews.com\/index.php\/2025\/04\/19\/a-declaracao-de-gregore-apos-renovacao-com-o-botafogo\/#primaryimage\",\"url\":\"https:\/\/www.gaveanews.com\/wp-content\/uploads\/Gregore-pelo-Botafogo.webp\",\"contentUrl\":\"https:\/\/www.gaveanews.com\/wp-content\/uploads\/Gregore-pelo-Botafogo.webp\",\"width\":825,\"height\":667,\"caption\":\"Gregore pelo Botafogo (Foto: Vitor Silva\/Botafogo)\"},{\"@type\":\"BreadcrumbList\",\"@id\":\"https:\/\/www.gaveanews.com\/index.php\/2025\/04\/19\/a-declaracao-de-gregore-apos-renovacao-com-o-botafogo\/#breadcrumb\",\"itemListElement\":[{\"@type\":\"ListItem\",\"position\":1,\"name\":\"Home\",\"item\":\"https:\/\/www.gaveanews.com\/\"},{\"@type\":\"ListItem\",\"position\":2,\"name\":\"A declara\u00e7\u00e3o de Gregore ap\u00f3s renova\u00e7\u00e3o com o Botafogo\"}]},{\"@type\":\"WebSite\",\"@id\":\"https:\/\/www.gaveanews.com\/#website\",\"url\":\"https:\/\/www.gaveanews.com\/\",\"name\":\"G\u00e1vea News\",\"description\":\"Veja todas as not\u00edcias sobre o Flamengo: Contrata\u00e7\u00f5es, categorias de base, resultados das partidas, tabela de classifica\u00e7\u00e3o, pr\u00f3ximos jogos!\",\"potentialAction\":[{\"@type\":\"SearchAction\",\"target\":{\"@type\":\"EntryPoint\",\"urlTemplate\":\"https:\/\/www.gaveanews.com\/?s={search_term_string}\"},\"query-input\":{\"@type\":\"PropertyValueSpecification\",\"valueRequired\":true,\"valueName\":\"search_term_string\"}}],\"inLanguage\":\"pt-BR\"},{\"@type\":\"Person\",\"@id\":\"https:\/\/www.gaveanews.com\/#\/schema\/person\/daf63eec72e1164eb13dc35096c2b8da\",\"name\":\"Paula Silva\",\"image\":{\"@type\":\"ImageObject\",\"inLanguage\":\"pt-BR\",\"@id\":\"https:\/\/www.gaveanews.com\/#\/schema\/person\/image\/\",\"url\":\"https:\/\/secure.gravatar.com\/avatar\/eda381c845527cc5d64c13b901833cda29d97500ba040d3e6461f76f51d163bb?s=96&d=mm&r=g\",\"contentUrl\":\"https:\/\/secure.gravatar.com\/avatar\/eda381c845527cc5d64c13b901833cda29d97500ba040d3e6461f76f51d163bb?s=96&d=mm&r=g\",\"caption\":\"Paula Silva\"}}]}<\/script>\n<!-- \/ Yoast SEO Premium plugin. -->","yoast_head_json":{"title":"A declara\u00e7\u00e3o de Gregore ap\u00f3s renova\u00e7\u00e3o com o Botafogo","robots":{"index":"index","follow":"follow","max-snippet":"max-snippet:-1","max-image-preview":"max-image-preview:large","max-video-preview":"max-video-preview:-1"},"canonical":"https:\/\/www.gaveanews.com\/index.php\/2025\/04\/19\/a-declaracao-de-gregore-apos-renovacao-com-o-botafogo\/","og_locale":"pt_BR","og_type":"article","og_title":"A declara\u00e7\u00e3o de Gregore ap\u00f3s renova\u00e7\u00e3o com o Botafogo","og_description":"O volante Gregore oficializou, na sexta-feira (18), a renova\u00e7\u00e3o de seu contrato com o Botafogo, estendendo seu v\u00ednculo at\u00e9 o fim de 2028. Ap\u00f3s quatro meses de negocia\u00e7\u00f5es, o acordo foi selado com direito a valoriza\u00e7\u00e3o salarial, cl\u00e1usulas espec\u00edficas de venda e multa rescis\u00f3ria definida para o mercado internacional. A decis\u00e3o do jogador, revelado anteriormente [&hellip;]","og_url":"https:\/\/www.gaveanews.com\/index.php\/2025\/04\/19\/a-declaracao-de-gregore-apos-renovacao-com-o-botafogo\/","og_site_name":"G\u00e1vea News","article_publisher":"https:\/\/facebook.com\/gaveaNews\/","article_published_time":"2025-04-19T22:10:00+00:00","og_image":[{"width":825,"height":667,"url":"https:\/\/www.gaveanews.com\/wp-content\/uploads\/Gregore-pelo-Botafogo.webp","type":"image\/jpeg"}],"author":"Paula Silva","twitter_card":"summary_large_image","twitter_misc":{"Escrito por":"Paula Silva","Est. tempo de leitura":"3 minutos"},"schema":{"@context":"https:\/\/schema.org","@graph":[{"@type":"NewsArticle","@id":"https:\/\/www.gaveanews.com\/index.php\/2025\/04\/19\/a-declaracao-de-gregore-apos-renovacao-com-o-botafogo\/#article","isPartOf":{"@id":"https:\/\/www.gaveanews.com\/index.php\/2025\/04\/19\/a-declaracao-de-gregore-apos-renovacao-com-o-botafogo\/"},"author":{"name":"Paula Silva","@id":"https:\/\/www.gaveanews.com\/#\/schema\/person\/daf63eec72e1164eb13dc35096c2b8da"},"headline":"A declara\u00e7\u00e3o de Gregore ap\u00f3s renova\u00e7\u00e3o com o Botafogo","datePublished":"2025-04-19T22:10:00+00:00","mainEntityOfPage":{"@id":"https:\/\/www.gaveanews.com\/index.php\/2025\/04\/19\/a-declaracao-de-gregore-apos-renovacao-com-o-botafogo\/"},"wordCount":367,"commentCount":0,"image":{"@id":"https:\/\/www.gaveanews.com\/index.php\/2025\/04\/19\/a-declaracao-de-gregore-apos-renovacao-com-o-botafogo\/#primaryimage"},"thumbnailUrl":"https:\/\/www.gaveanews.com\/wp-content\/uploads\/Gregore-pelo-Botafogo.webp","articleSection":["Botafogo"],"inLanguage":"pt-BR","potentialAction":[{"@type":"CommentAction","name":"Comment","target":["https:\/\/www.gaveanews.com\/index.php\/2025\/04\/19\/a-declaracao-de-gregore-apos-renovacao-com-o-botafogo\/#respond"]}],"copyrightYear":"2025","copyrightHolder":{"@id":"https:\/\/www.gaveanews.com\/#organization"}},{"@type":"WebPage","@id":"https:\/\/www.gaveanews.com\/index.php\/2025\/04\/19\/a-declaracao-de-gregore-apos-renovacao-com-o-botafogo\/","url":"https:\/\/www.gaveanews.com\/index.php\/2025\/04\/19\/a-declaracao-de-gregore-apos-renovacao-com-o-botafogo\/","name":"A declara\u00e7\u00e3o de Gregore ap\u00f3s renova\u00e7\u00e3o com o Botafogo","isPartOf":{"@id":"https:\/\/www.gaveanews.com\/#website"},"primaryImageOfPage":{"@id":"https:\/\/www.gaveanews.com\/index.php\/2025\/04\/19\/a-declaracao-de-gregore-apos-renovacao-com-o-botafogo\/#primaryimage"},"image":{"@id":"https:\/\/www.gaveanews.com\/index.php\/2025\/04\/19\/a-declaracao-de-gregore-apos-renovacao-com-o-botafogo\/#primaryimage"},"thumbnailUrl":"https:\/\/www.gaveanews.com\/wp-content\/uploads\/Gregore-pelo-Botafogo.webp","datePublished":"2025-04-19T22:10:00+00:00","author":{"@id":"https:\/\/www.gaveanews.com\/#\/schema\/person\/daf63eec72e1164eb13dc35096c2b8da"},"breadcrumb":{"@id":"https:\/\/www.gaveanews.com\/index.php\/2025\/04\/19\/a-declaracao-de-gregore-apos-renovacao-com-o-botafogo\/#breadcrumb"},"inLanguage":"pt-BR","potentialAction":[{"@type":"ReadAction","target":["https:\/\/www.gaveanews.com\/index.php\/2025\/04\/19\/a-declaracao-de-gregore-apos-renovacao-com-o-botafogo\/"]}]},{"@type":"ImageObject","inLanguage":"pt-BR","@id":"https:\/\/www.gaveanews.com\/index.php\/2025\/04\/19\/a-declaracao-de-gregore-apos-renovacao-com-o-botafogo\/#primaryimage","url":"https:\/\/www.gaveanews.com\/wp-content\/uploads\/Gregore-pelo-Botafogo.webp","contentUrl":"https:\/\/www.gaveanews.com\/wp-content\/uploads\/Gregore-pelo-Botafogo.webp","width":825,"height":667,"caption":"Gregore pelo Botafogo (Foto: Vitor Silva\/Botafogo)"},{"@type":"BreadcrumbList","@id":"https:\/\/www.gaveanews.com\/index.php\/2025\/04\/19\/a-declaracao-de-gregore-apos-renovacao-com-o-botafogo\/#breadcrumb","itemListElement":[{"@type":"ListItem","position":1,"name":"Home","item":"https:\/\/www.gaveanews.com\/"},{"@type":"ListItem","position":2,"name":"A declara\u00e7\u00e3o de Gregore ap\u00f3s renova\u00e7\u00e3o com o Botafogo"}]},{"@type":"WebSite","@id":"https:\/\/www.gaveanews.com\/#website","url":"https:\/\/www.gaveanews.com\/","name":"G\u00e1vea News","description":"Veja todas as not\u00edcias sobre o Flamengo: Contrata\u00e7\u00f5es, categorias de base, resultados das partidas, tabela de classifica\u00e7\u00e3o, pr\u00f3ximos jogos!","potentialAction":[{"@type":"SearchAction","target":{"@type":"EntryPoint","urlTemplate":"https:\/\/www.gaveanews.com\/?s={search_term_string}"},"query-input":{"@type":"PropertyValueSpecification","valueRequired":true,"valueName":"search_term_string"}}],"inLanguage":"pt-BR"},{"@type":"Person","@id":"https:\/\/www.gaveanews.com\/#\/schema\/person\/daf63eec72e1164eb13dc35096c2b8da","name":"Paula Silva","image":{"@type":"ImageObject","inLanguage":"pt-BR","@id":"https:\/\/www.gaveanews.com\/#\/schema\/person\/image\/","url":"https:\/\/secure.gravatar.com\/avatar\/eda381c845527cc5d64c13b901833cda29d97500ba040d3e6461f76f51d163bb?s=96&d=mm&r=g","contentUrl":"https:\/\/secure.gravatar.com\/avatar\/eda381c845527cc5d64c13b901833cda29d97500ba040d3e6461f76f51d163bb?s=96&d=mm&r=g","caption":"Paula Silva"}}]}},"_links":{"self":[{"href":"https:\/\/www.gaveanews.com\/index.php\/wp-json\/wp\/v2\/posts\/255616","targetHints":{"allow":["GET"]}}],"collection":[{"href":"https:\/\/www.gaveanews.com\/index.php\/wp-json\/wp\/v2\/posts"}],"about":[{"href":"https:\/\/www.gaveanews.com\/index.php\/wp-json\/wp\/v2\/types\/post"}],"author":[{"embeddable":true,"href":"https:\/\/www.gaveanews.com\/index.php\/wp-json\/wp\/v2\/users\/18"}],"replies":[{"embeddable":true,"href":"https:\/\/www.gaveanews.com\/index.php\/wp-json\/wp\/v2\/comments?post=255616"}],"version-history":[{"count":1,"href":"https:\/\/www.gaveanews.com\/index.php\/wp-json\/wp\/v2\/posts\/255616\/revisions"}],"predecessor-version":[{"id":255618,"href":"https:\/\/www.gaveanews.com\/index.php\/wp-json\/wp\/v2\/posts\/255616\/revisions\/255618"}],"wp:featuredmedia":[{"embeddable":true,"href":"https:\/\/www.gaveanews.com\/index.php\/wp-json\/wp\/v2\/media\/172443"}],"wp:attachment":[{"href":"https:\/\/www.gaveanews.com\/index.php\/wp-json\/wp\/v2\/media?parent=255616"}],"wp:term":[{"taxonomy":"category","embeddable":true,"href":"https:\/\/www.gaveanews.com\/index.php\/wp-json\/wp\/v2\/categories?post=255616"},{"taxonomy":"post_tag","embeddable":true,"href":"https:\/\/www.gaveanews.com\/index.php\/wp-json\/wp\/v2\/tags?post=255616"}],"curies":[{"name":"wp","href":"https:\/\/api.w.org\/{rel}","templated":true}]}}