{"id":255630,"date":"2025-04-19T19:35:00","date_gmt":"2025-04-19T22:35:00","guid":{"rendered":"https:\/\/www.gaveanews.com\/?p=255630"},"modified":"2025-04-19T19:18:56","modified_gmt":"2025-04-19T22:18:56","slug":"santos-toma-decisao-importante-sobre-a-proxima-janela-de-transferencias","status":"publish","type":"post","link":"https:\/\/www.gaveanews.com\/index.php\/2025\/04\/19\/santos-toma-decisao-importante-sobre-a-proxima-janela-de-transferencias\/","title":{"rendered":"Santos toma decis\u00e3o importante sobre a pr\u00f3xima janela de transfer\u00eancias"},"content":{"rendered":"\n<p>A diretoria do Santos adota uma postura conservadora para a pr\u00f3xima janela de transfer\u00eancias, que ser\u00e1 aberta na quarta-feira (10 de julho) e se estender\u00e1 at\u00e9 segunda-feira (2 de setembro). A expectativa \u00e9 de que o clube realize movimenta\u00e7\u00f5es pontuais, priorizando a manuten\u00e7\u00e3o do elenco atual. De acordo com os dirigentes, o grupo \u00e9 considerado competitivo, e apenas eventuais oportunidades de mercado ou sa\u00eddas inesperadas poderiam motivar novas contrata\u00e7\u00f5es.<\/p>\n\n\n\n<p>Atualmente, o elenco santista conta com 34 jogadores, incluindo refor\u00e7os que ainda n\u00e3o estrearam, como \u00e9 o caso do volante Z\u00e9 Rafael. Ao todo, foram 11 contrata\u00e7\u00f5es para a temporada, principalmente para o setor ofensivo. &#8220;O Santos tem um plantel bom, forte e competitivo&#8221;, afirmou o presidente Marcelo Teixeira, durante as comemora\u00e7\u00f5es pelos 113 anos do clube. Segundo ele, ajustes pontuais fazem parte do processo natural do futebol.<\/p>\n\n\n\n<p>Entretanto, a decis\u00e3o da c\u00fapula alvinegra n\u00e3o \u00e9 un\u00e2nime. Jorge Sampaoli, que chegou a negociar seu retorno \u00e0 Vila Belmiro ap\u00f3s a sa\u00edda de Pedro Caixinha, desejava assumir a equipe apenas durante a abertura do mercado. O argentino exigia investimentos para refor\u00e7ar o elenco de imediato, o que n\u00e3o condiz com a atual realidade financeira do clube.<\/p>\n\n\n\n<p>A negocia\u00e7\u00e3o com Sampaoli acabou sendo encerrada. Conforme apurado, a diferen\u00e7a de vis\u00e3o sobre os rumos do elenco e os limites or\u00e7ament\u00e1rios impediram um acordo. \u201cTem muito clube no Brasil investindo e sendo mais organizado. Todas as decis\u00f5es para consertar o Santos exigem humildade\u201d, declarou Pedro Martins, CEO do clube.<\/p>\n\n\n\n<p>Ali\u00e1s, essa declara\u00e7\u00e3o foi interpretada por muitos torcedores como uma cr\u00edtica indireta ao pr\u00f3prio Sampaoli, que, em sua primeira passagem pelo Peixe, ficou conhecido pelas exig\u00eancias constantes por refor\u00e7os. Na \u00e9poca, chegou a entrar em atrito com o ent\u00e3o presidente Jos\u00e9 Carlos Peres.<\/p>\n\n\n\n<p>Portanto, o Santos segue com foco em ajustes m\u00ednimos, priorizando estabilidade e coer\u00eancia com seu planejamento. Ainda assim, eventuais mudan\u00e7as n\u00e3o est\u00e3o descartadas, caso surjam situa\u00e7\u00f5es estrat\u00e9gicas no mercado da bola.<\/p>\n","protected":false},"excerpt":{"rendered":"<p>A diretoria do Santos adota uma postura conservadora para a pr\u00f3xima janela de transfer\u00eancias, que ser\u00e1 aberta na quarta-feira (10 de julho) e se estender\u00e1 at\u00e9 segunda-feira (2 de setembro). A expectativa \u00e9 de que o clube realize movimenta\u00e7\u00f5es pontuais, priorizando a manuten\u00e7\u00e3o do elenco atual. De acordo com os dirigentes, o grupo \u00e9 considerado [&hellip;]<\/p>\n","protected":false},"author":18,"featured_media":165619,"comment_status":"open","ping_status":"closed","sticky":false,"template":"","format":"standard","meta":{"footnotes":""},"categories":[139],"tags":[],"class_list":["post-255630","post","type-post","status-publish","format-standard","has-post-thumbnail","hentry","category-santos"],"yoast_head":"<!-- This site is optimized with the Yoast SEO Premium plugin v24.2 (Yoast SEO v26.9) - https:\/\/yoast.com\/product\/yoast-seo-premium-wordpress\/ -->\n<title>Santos toma decis\u00e3o importante sobre a pr\u00f3xima janela de transfer\u00eancias<\/title>\n<meta name=\"robots\" content=\"index, follow, max-snippet:-1, max-image-preview:large, max-video-preview:-1\" \/>\n<link rel=\"canonical\" href=\"https:\/\/www.gaveanews.com\/index.php\/2025\/04\/19\/santos-toma-decisao-importante-sobre-a-proxima-janela-de-transferencias\/\" \/>\n<meta property=\"og:locale\" content=\"pt_BR\" \/>\n<meta property=\"og:type\" content=\"article\" \/>\n<meta property=\"og:title\" content=\"Santos toma decis\u00e3o importante sobre a pr\u00f3xima janela de transfer\u00eancias\" \/>\n<meta property=\"og:description\" content=\"A diretoria do Santos adota uma postura conservadora para a pr\u00f3xima janela de transfer\u00eancias, que ser\u00e1 aberta na quarta-feira (10 de julho) e se estender\u00e1 at\u00e9 segunda-feira (2 de setembro). A expectativa \u00e9 de que o clube realize movimenta\u00e7\u00f5es pontuais, priorizando a manuten\u00e7\u00e3o do elenco atual. De acordo com os dirigentes, o grupo \u00e9 considerado [&hellip;]\" \/>\n<meta property=\"og:url\" content=\"https:\/\/www.gaveanews.com\/index.php\/2025\/04\/19\/santos-toma-decisao-importante-sobre-a-proxima-janela-de-transferencias\/\" \/>\n<meta property=\"og:site_name\" content=\"G\u00e1vea News\" \/>\n<meta property=\"article:publisher\" content=\"https:\/\/facebook.com\/gaveaNews\/\" \/>\n<meta property=\"article:published_time\" content=\"2025-04-19T22:35:00+00:00\" \/>\n<meta property=\"og:image\" content=\"https:\/\/www.gaveanews.com\/wp-content\/uploads\/Escudo-do-Santos-2.webp\" \/>\n\t<meta property=\"og:image:width\" content=\"1424\" \/>\n\t<meta property=\"og:image:height\" content=\"949\" \/>\n\t<meta property=\"og:image:type\" content=\"image\/webp\" \/>\n<meta name=\"author\" content=\"Paula Silva\" \/>\n<meta name=\"twitter:card\" content=\"summary_large_image\" \/>\n<meta name=\"twitter:label1\" content=\"Escrito por\" \/>\n\t<meta name=\"twitter:data1\" content=\"Paula Silva\" \/>\n\t<meta name=\"twitter:label2\" content=\"Est. tempo de leitura\" \/>\n\t<meta name=\"twitter:data2\" content=\"2 minutos\" \/>\n<script type=\"application\/ld+json\" class=\"yoast-schema-graph\">{\"@context\":\"https:\/\/schema.org\",\"@graph\":[{\"@type\":\"NewsArticle\",\"@id\":\"https:\/\/www.gaveanews.com\/index.php\/2025\/04\/19\/santos-toma-decisao-importante-sobre-a-proxima-janela-de-transferencias\/#article\",\"isPartOf\":{\"@id\":\"https:\/\/www.gaveanews.com\/index.php\/2025\/04\/19\/santos-toma-decisao-importante-sobre-a-proxima-janela-de-transferencias\/\"},\"author\":{\"name\":\"Paula Silva\",\"@id\":\"https:\/\/www.gaveanews.com\/#\/schema\/person\/daf63eec72e1164eb13dc35096c2b8da\"},\"headline\":\"Santos toma decis\u00e3o importante sobre a pr\u00f3xima janela de transfer\u00eancias\",\"datePublished\":\"2025-04-19T22:35:00+00:00\",\"mainEntityOfPage\":{\"@id\":\"https:\/\/www.gaveanews.com\/index.php\/2025\/04\/19\/santos-toma-decisao-importante-sobre-a-proxima-janela-de-transferencias\/\"},\"wordCount\":359,\"commentCount\":0,\"image\":{\"@id\":\"https:\/\/www.gaveanews.com\/index.php\/2025\/04\/19\/santos-toma-decisao-importante-sobre-a-proxima-janela-de-transferencias\/#primaryimage\"},\"thumbnailUrl\":\"https:\/\/www.gaveanews.com\/wp-content\/uploads\/Escudo-do-Santos-2.webp\",\"articleSection\":[\"Santos\"],\"inLanguage\":\"pt-BR\",\"potentialAction\":[{\"@type\":\"CommentAction\",\"name\":\"Comment\",\"target\":[\"https:\/\/www.gaveanews.com\/index.php\/2025\/04\/19\/santos-toma-decisao-importante-sobre-a-proxima-janela-de-transferencias\/#respond\"]}],\"copyrightYear\":\"2025\",\"copyrightHolder\":{\"@id\":\"https:\/\/www.gaveanews.com\/#organization\"}},{\"@type\":\"WebPage\",\"@id\":\"https:\/\/www.gaveanews.com\/index.php\/2025\/04\/19\/santos-toma-decisao-importante-sobre-a-proxima-janela-de-transferencias\/\",\"url\":\"https:\/\/www.gaveanews.com\/index.php\/2025\/04\/19\/santos-toma-decisao-importante-sobre-a-proxima-janela-de-transferencias\/\",\"name\":\"Santos toma decis\u00e3o importante sobre a pr\u00f3xima janela de transfer\u00eancias\",\"isPartOf\":{\"@id\":\"https:\/\/www.gaveanews.com\/#website\"},\"primaryImageOfPage\":{\"@id\":\"https:\/\/www.gaveanews.com\/index.php\/2025\/04\/19\/santos-toma-decisao-importante-sobre-a-proxima-janela-de-transferencias\/#primaryimage\"},\"image\":{\"@id\":\"https:\/\/www.gaveanews.com\/index.php\/2025\/04\/19\/santos-toma-decisao-importante-sobre-a-proxima-janela-de-transferencias\/#primaryimage\"},\"thumbnailUrl\":\"https:\/\/www.gaveanews.com\/wp-content\/uploads\/Escudo-do-Santos-2.webp\",\"datePublished\":\"2025-04-19T22:35:00+00:00\",\"author\":{\"@id\":\"https:\/\/www.gaveanews.com\/#\/schema\/person\/daf63eec72e1164eb13dc35096c2b8da\"},\"breadcrumb\":{\"@id\":\"https:\/\/www.gaveanews.com\/index.php\/2025\/04\/19\/santos-toma-decisao-importante-sobre-a-proxima-janela-de-transferencias\/#breadcrumb\"},\"inLanguage\":\"pt-BR\",\"potentialAction\":[{\"@type\":\"ReadAction\",\"target\":[\"https:\/\/www.gaveanews.com\/index.php\/2025\/04\/19\/santos-toma-decisao-importante-sobre-a-proxima-janela-de-transferencias\/\"]}]},{\"@type\":\"ImageObject\",\"inLanguage\":\"pt-BR\",\"@id\":\"https:\/\/www.gaveanews.com\/index.php\/2025\/04\/19\/santos-toma-decisao-importante-sobre-a-proxima-janela-de-transferencias\/#primaryimage\",\"url\":\"https:\/\/www.gaveanews.com\/wp-content\/uploads\/Escudo-do-Santos-2.webp\",\"contentUrl\":\"https:\/\/www.gaveanews.com\/wp-content\/uploads\/Escudo-do-Santos-2.webp\",\"width\":1424,\"height\":949,\"caption\":\"Escudo do Santos (Foto: Raul Baretta\/Santos FC)\"},{\"@type\":\"BreadcrumbList\",\"@id\":\"https:\/\/www.gaveanews.com\/index.php\/2025\/04\/19\/santos-toma-decisao-importante-sobre-a-proxima-janela-de-transferencias\/#breadcrumb\",\"itemListElement\":[{\"@type\":\"ListItem\",\"position\":1,\"name\":\"Home\",\"item\":\"https:\/\/www.gaveanews.com\/\"},{\"@type\":\"ListItem\",\"position\":2,\"name\":\"Santos toma decis\u00e3o importante sobre a pr\u00f3xima janela de transfer\u00eancias\"}]},{\"@type\":\"WebSite\",\"@id\":\"https:\/\/www.gaveanews.com\/#website\",\"url\":\"https:\/\/www.gaveanews.com\/\",\"name\":\"G\u00e1vea News\",\"description\":\"Veja todas as not\u00edcias sobre o Flamengo: Contrata\u00e7\u00f5es, categorias de base, resultados das partidas, tabela de classifica\u00e7\u00e3o, pr\u00f3ximos jogos!\",\"potentialAction\":[{\"@type\":\"SearchAction\",\"target\":{\"@type\":\"EntryPoint\",\"urlTemplate\":\"https:\/\/www.gaveanews.com\/?s={search_term_string}\"},\"query-input\":{\"@type\":\"PropertyValueSpecification\",\"valueRequired\":true,\"valueName\":\"search_term_string\"}}],\"inLanguage\":\"pt-BR\"},{\"@type\":\"Person\",\"@id\":\"https:\/\/www.gaveanews.com\/#\/schema\/person\/daf63eec72e1164eb13dc35096c2b8da\",\"name\":\"Paula Silva\",\"image\":{\"@type\":\"ImageObject\",\"inLanguage\":\"pt-BR\",\"@id\":\"https:\/\/www.gaveanews.com\/#\/schema\/person\/image\/\",\"url\":\"https:\/\/secure.gravatar.com\/avatar\/eda381c845527cc5d64c13b901833cda29d97500ba040d3e6461f76f51d163bb?s=96&d=mm&r=g\",\"contentUrl\":\"https:\/\/secure.gravatar.com\/avatar\/eda381c845527cc5d64c13b901833cda29d97500ba040d3e6461f76f51d163bb?s=96&d=mm&r=g\",\"caption\":\"Paula Silva\"}}]}<\/script>\n<!-- \/ Yoast SEO Premium plugin. -->","yoast_head_json":{"title":"Santos toma decis\u00e3o importante sobre a pr\u00f3xima janela de transfer\u00eancias","robots":{"index":"index","follow":"follow","max-snippet":"max-snippet:-1","max-image-preview":"max-image-preview:large","max-video-preview":"max-video-preview:-1"},"canonical":"https:\/\/www.gaveanews.com\/index.php\/2025\/04\/19\/santos-toma-decisao-importante-sobre-a-proxima-janela-de-transferencias\/","og_locale":"pt_BR","og_type":"article","og_title":"Santos toma decis\u00e3o importante sobre a pr\u00f3xima janela de transfer\u00eancias","og_description":"A diretoria do Santos adota uma postura conservadora para a pr\u00f3xima janela de transfer\u00eancias, que ser\u00e1 aberta na quarta-feira (10 de julho) e se estender\u00e1 at\u00e9 segunda-feira (2 de setembro). A expectativa \u00e9 de que o clube realize movimenta\u00e7\u00f5es pontuais, priorizando a manuten\u00e7\u00e3o do elenco atual. De acordo com os dirigentes, o grupo \u00e9 considerado [&hellip;]","og_url":"https:\/\/www.gaveanews.com\/index.php\/2025\/04\/19\/santos-toma-decisao-importante-sobre-a-proxima-janela-de-transferencias\/","og_site_name":"G\u00e1vea News","article_publisher":"https:\/\/facebook.com\/gaveaNews\/","article_published_time":"2025-04-19T22:35:00+00:00","og_image":[{"width":1424,"height":949,"url":"https:\/\/www.gaveanews.com\/wp-content\/uploads\/Escudo-do-Santos-2.webp","type":"image\/webp"}],"author":"Paula Silva","twitter_card":"summary_large_image","twitter_misc":{"Escrito por":"Paula Silva","Est. tempo de leitura":"2 minutos"},"schema":{"@context":"https:\/\/schema.org","@graph":[{"@type":"NewsArticle","@id":"https:\/\/www.gaveanews.com\/index.php\/2025\/04\/19\/santos-toma-decisao-importante-sobre-a-proxima-janela-de-transferencias\/#article","isPartOf":{"@id":"https:\/\/www.gaveanews.com\/index.php\/2025\/04\/19\/santos-toma-decisao-importante-sobre-a-proxima-janela-de-transferencias\/"},"author":{"name":"Paula Silva","@id":"https:\/\/www.gaveanews.com\/#\/schema\/person\/daf63eec72e1164eb13dc35096c2b8da"},"headline":"Santos toma decis\u00e3o importante sobre a pr\u00f3xima janela de transfer\u00eancias","datePublished":"2025-04-19T22:35:00+00:00","mainEntityOfPage":{"@id":"https:\/\/www.gaveanews.com\/index.php\/2025\/04\/19\/santos-toma-decisao-importante-sobre-a-proxima-janela-de-transferencias\/"},"wordCount":359,"commentCount":0,"image":{"@id":"https:\/\/www.gaveanews.com\/index.php\/2025\/04\/19\/santos-toma-decisao-importante-sobre-a-proxima-janela-de-transferencias\/#primaryimage"},"thumbnailUrl":"https:\/\/www.gaveanews.com\/wp-content\/uploads\/Escudo-do-Santos-2.webp","articleSection":["Santos"],"inLanguage":"pt-BR","potentialAction":[{"@type":"CommentAction","name":"Comment","target":["https:\/\/www.gaveanews.com\/index.php\/2025\/04\/19\/santos-toma-decisao-importante-sobre-a-proxima-janela-de-transferencias\/#respond"]}],"copyrightYear":"2025","copyrightHolder":{"@id":"https:\/\/www.gaveanews.com\/#organization"}},{"@type":"WebPage","@id":"https:\/\/www.gaveanews.com\/index.php\/2025\/04\/19\/santos-toma-decisao-importante-sobre-a-proxima-janela-de-transferencias\/","url":"https:\/\/www.gaveanews.com\/index.php\/2025\/04\/19\/santos-toma-decisao-importante-sobre-a-proxima-janela-de-transferencias\/","name":"Santos toma decis\u00e3o importante sobre a pr\u00f3xima janela de transfer\u00eancias","isPartOf":{"@id":"https:\/\/www.gaveanews.com\/#website"},"primaryImageOfPage":{"@id":"https:\/\/www.gaveanews.com\/index.php\/2025\/04\/19\/santos-toma-decisao-importante-sobre-a-proxima-janela-de-transferencias\/#primaryimage"},"image":{"@id":"https:\/\/www.gaveanews.com\/index.php\/2025\/04\/19\/santos-toma-decisao-importante-sobre-a-proxima-janela-de-transferencias\/#primaryimage"},"thumbnailUrl":"https:\/\/www.gaveanews.com\/wp-content\/uploads\/Escudo-do-Santos-2.webp","datePublished":"2025-04-19T22:35:00+00:00","author":{"@id":"https:\/\/www.gaveanews.com\/#\/schema\/person\/daf63eec72e1164eb13dc35096c2b8da"},"breadcrumb":{"@id":"https:\/\/www.gaveanews.com\/index.php\/2025\/04\/19\/santos-toma-decisao-importante-sobre-a-proxima-janela-de-transferencias\/#breadcrumb"},"inLanguage":"pt-BR","potentialAction":[{"@type":"ReadAction","target":["https:\/\/www.gaveanews.com\/index.php\/2025\/04\/19\/santos-toma-decisao-importante-sobre-a-proxima-janela-de-transferencias\/"]}]},{"@type":"ImageObject","inLanguage":"pt-BR","@id":"https:\/\/www.gaveanews.com\/index.php\/2025\/04\/19\/santos-toma-decisao-importante-sobre-a-proxima-janela-de-transferencias\/#primaryimage","url":"https:\/\/www.gaveanews.com\/wp-content\/uploads\/Escudo-do-Santos-2.webp","contentUrl":"https:\/\/www.gaveanews.com\/wp-content\/uploads\/Escudo-do-Santos-2.webp","width":1424,"height":949,"caption":"Escudo do Santos (Foto: Raul Baretta\/Santos FC)"},{"@type":"BreadcrumbList","@id":"https:\/\/www.gaveanews.com\/index.php\/2025\/04\/19\/santos-toma-decisao-importante-sobre-a-proxima-janela-de-transferencias\/#breadcrumb","itemListElement":[{"@type":"ListItem","position":1,"name":"Home","item":"https:\/\/www.gaveanews.com\/"},{"@type":"ListItem","position":2,"name":"Santos toma decis\u00e3o importante sobre a pr\u00f3xima janela de transfer\u00eancias"}]},{"@type":"WebSite","@id":"https:\/\/www.gaveanews.com\/#website","url":"https:\/\/www.gaveanews.com\/","name":"G\u00e1vea News","description":"Veja todas as not\u00edcias sobre o Flamengo: Contrata\u00e7\u00f5es, categorias de base, resultados das partidas, tabela de classifica\u00e7\u00e3o, pr\u00f3ximos jogos!","potentialAction":[{"@type":"SearchAction","target":{"@type":"EntryPoint","urlTemplate":"https:\/\/www.gaveanews.com\/?s={search_term_string}"},"query-input":{"@type":"PropertyValueSpecification","valueRequired":true,"valueName":"search_term_string"}}],"inLanguage":"pt-BR"},{"@type":"Person","@id":"https:\/\/www.gaveanews.com\/#\/schema\/person\/daf63eec72e1164eb13dc35096c2b8da","name":"Paula Silva","image":{"@type":"ImageObject","inLanguage":"pt-BR","@id":"https:\/\/www.gaveanews.com\/#\/schema\/person\/image\/","url":"https:\/\/secure.gravatar.com\/avatar\/eda381c845527cc5d64c13b901833cda29d97500ba040d3e6461f76f51d163bb?s=96&d=mm&r=g","contentUrl":"https:\/\/secure.gravatar.com\/avatar\/eda381c845527cc5d64c13b901833cda29d97500ba040d3e6461f76f51d163bb?s=96&d=mm&r=g","caption":"Paula Silva"}}]}},"_links":{"self":[{"href":"https:\/\/www.gaveanews.com\/index.php\/wp-json\/wp\/v2\/posts\/255630","targetHints":{"allow":["GET"]}}],"collection":[{"href":"https:\/\/www.gaveanews.com\/index.php\/wp-json\/wp\/v2\/posts"}],"about":[{"href":"https:\/\/www.gaveanews.com\/index.php\/wp-json\/wp\/v2\/types\/post"}],"author":[{"embeddable":true,"href":"https:\/\/www.gaveanews.com\/index.php\/wp-json\/wp\/v2\/users\/18"}],"replies":[{"embeddable":true,"href":"https:\/\/www.gaveanews.com\/index.php\/wp-json\/wp\/v2\/comments?post=255630"}],"version-history":[{"count":1,"href":"https:\/\/www.gaveanews.com\/index.php\/wp-json\/wp\/v2\/posts\/255630\/revisions"}],"predecessor-version":[{"id":255634,"href":"https:\/\/www.gaveanews.com\/index.php\/wp-json\/wp\/v2\/posts\/255630\/revisions\/255634"}],"wp:featuredmedia":[{"embeddable":true,"href":"https:\/\/www.gaveanews.com\/index.php\/wp-json\/wp\/v2\/media\/165619"}],"wp:attachment":[{"href":"https:\/\/www.gaveanews.com\/index.php\/wp-json\/wp\/v2\/media?parent=255630"}],"wp:term":[{"taxonomy":"category","embeddable":true,"href":"https:\/\/www.gaveanews.com\/index.php\/wp-json\/wp\/v2\/categories?post=255630"},{"taxonomy":"post_tag","embeddable":true,"href":"https:\/\/www.gaveanews.com\/index.php\/wp-json\/wp\/v2\/tags?post=255630"}],"curies":[{"name":"wp","href":"https:\/\/api.w.org\/{rel}","templated":true}]}}