{"id":255644,"date":"2025-04-19T19:34:05","date_gmt":"2025-04-19T22:34:05","guid":{"rendered":"https:\/\/www.gaveanews.com\/?p=255644"},"modified":"2025-04-19T21:10:51","modified_gmt":"2025-04-20T00:10:51","slug":"vasco-x-flamengo-a-declaracao-de-nuno-moreira","status":"publish","type":"post","link":"https:\/\/www.gaveanews.com\/index.php\/2025\/04\/19\/vasco-x-flamengo-a-declaracao-de-nuno-moreira\/","title":{"rendered":"Vasco x Flamengo: a declara\u00e7\u00e3o de Nuno Moreira"},"content":{"rendered":"\n<p>Neste s\u00e1bado (19), Vasco e Flamengo se enfrentaram no Maracan\u00e3, em jogo v\u00e1lido pela quinta rodada do Campeonato Brasileiro. A etapa inicial foi bem disputada, com grandes chances de gols para os dois lados, mas o placar n\u00e3o saiu do 0 a 0.<\/p>\n\n\n\n<p>No intervalo, Nuno Moreira concedeu entrevista e analisou a etapa inicial. Ele elogiou a postura da equipe e falou que o Cruzmaltino vai buscar a vit\u00f3ria.<\/p>\n\n\n\n<p>Por que n\u00e3o deu certo? (respondeu \u00e0 rep\u00f3rter). Acho que tivemos oportunidades assim como eles, duas equipes para jogar futebol. Fizemos uma boa primeira parte, no final bateu um cansa\u00e7o, mas vamos ver no intervalo o que mudar. Pra mim, \u00e9 positivo (o primeiro tempo).<\/p>\n\n\n\n<p>O primeiro tempo teve equil\u00edbrio e intensidade, com ambas as equipes criando oportunidades. Paulo Henrique quase abriu o placar para o Vasco em chute de fora da \u00e1rea que explodiu na trave. O Flamengo respondeu com boas chances em finaliza\u00e7\u00f5es de Gerson, que pararam em novas defesas importantes de L\u00e9o Jardim. O 0 a 0 n\u00e3o refletiu a movimenta\u00e7\u00e3o vista em campo.<\/p>\n\n\n\n<p>Ali\u00e1s, esse foi o primeiro empate sem gols entre os dois clubes pelo Brasileir\u00e3o nos \u00faltimos 14 anos. O resultado foi melhor recebido pelo Vasco, cujo treinador, Fabio Carille, segue pressionado. O Flamengo, por sua vez, perdeu a chance de ampliar sua vantagem na lideran\u00e7a e agora pode ser ultrapassado por Palmeiras ou Fluminense.<\/p>\n\n\n\n<p>As equipes voltam a campo na pr\u00f3xima ter\u00e7a-feira (22 de abril). O Vasco enfrenta o Lan\u00fas, pela Sul-Americana, enquanto o Flamengo visita a LDU, em Quito, pela Libertadores. Ambas ter\u00e3o pouco tempo para recupera\u00e7\u00e3o f\u00edsica ap\u00f3s o cl\u00e1ssico.<\/p>\n\n\n\n<p>A partida contou com 37.007 torcedores presentes e arrecadou R$ 3.306.740. Apesar da aus\u00eancia de gols, o jogo foi marcado por lances emocionantes, especialmente pelas defesas providenciais de L\u00e9o Jardim, que saiu de campo ovacionado pelos torcedores vasca\u00ednos.<\/p>\n\n\n\n<p><br><\/p>\n","protected":false},"excerpt":{"rendered":"<p>Neste s\u00e1bado (19), Vasco e Flamengo se enfrentaram no Maracan\u00e3, em jogo v\u00e1lido pela quinta rodada do Campeonato Brasileiro. A etapa inicial foi bem disputada, com grandes chances de gols para os dois lados, mas o placar n\u00e3o saiu do 0 a 0. No intervalo, Nuno Moreira concedeu entrevista e analisou a etapa inicial. Ele [&hellip;]<\/p>\n","protected":false},"author":18,"featured_media":255645,"comment_status":"open","ping_status":"closed","sticky":false,"template":"","format":"standard","meta":{"footnotes":""},"categories":[152],"tags":[],"class_list":["post-255644","post","type-post","status-publish","format-standard","has-post-thumbnail","hentry","category-vasco"],"yoast_head":"<!-- This site is optimized with the Yoast SEO Premium plugin v24.2 (Yoast SEO v26.9) - https:\/\/yoast.com\/product\/yoast-seo-premium-wordpress\/ -->\n<title>Vasco x Flamengo: a declara\u00e7\u00e3o de Nuno Moreira<\/title>\n<meta name=\"robots\" content=\"index, follow, max-snippet:-1, max-image-preview:large, max-video-preview:-1\" \/>\n<link rel=\"canonical\" href=\"https:\/\/www.gaveanews.com\/index.php\/2025\/04\/19\/vasco-x-flamengo-a-declaracao-de-nuno-moreira\/\" \/>\n<meta property=\"og:locale\" content=\"pt_BR\" \/>\n<meta property=\"og:type\" content=\"article\" \/>\n<meta property=\"og:title\" content=\"Vasco x Flamengo: a declara\u00e7\u00e3o de Nuno Moreira\" \/>\n<meta property=\"og:description\" content=\"Neste s\u00e1bado (19), Vasco e Flamengo se enfrentaram no Maracan\u00e3, em jogo v\u00e1lido pela quinta rodada do Campeonato Brasileiro. A etapa inicial foi bem disputada, com grandes chances de gols para os dois lados, mas o placar n\u00e3o saiu do 0 a 0. No intervalo, Nuno Moreira concedeu entrevista e analisou a etapa inicial. Ele [&hellip;]\" \/>\n<meta property=\"og:url\" content=\"https:\/\/www.gaveanews.com\/index.php\/2025\/04\/19\/vasco-x-flamengo-a-declaracao-de-nuno-moreira\/\" \/>\n<meta property=\"og:site_name\" content=\"G\u00e1vea News\" \/>\n<meta property=\"article:publisher\" content=\"https:\/\/facebook.com\/gaveaNews\/\" \/>\n<meta property=\"article:published_time\" content=\"2025-04-19T22:34:05+00:00\" \/>\n<meta property=\"article:modified_time\" content=\"2025-04-20T00:10:51+00:00\" \/>\n<meta property=\"og:image\" content=\"http:\/\/www.gaveanews.com\/wp-content\/uploads\/Nuno-Moreira-pelo-Vasco.webp\" \/>\n\t<meta property=\"og:image:width\" content=\"774\" \/>\n\t<meta property=\"og:image:height\" content=\"508\" \/>\n\t<meta property=\"og:image:type\" content=\"image\/jpeg\" \/>\n<meta name=\"author\" content=\"Paula Silva\" \/>\n<meta name=\"twitter:card\" content=\"summary_large_image\" \/>\n<meta name=\"twitter:label1\" content=\"Escrito por\" \/>\n\t<meta name=\"twitter:data1\" content=\"Paula Silva\" \/>\n\t<meta name=\"twitter:label2\" content=\"Est. tempo de leitura\" \/>\n\t<meta name=\"twitter:data2\" content=\"2 minutos\" \/>\n<script type=\"application\/ld+json\" class=\"yoast-schema-graph\">{\"@context\":\"https:\/\/schema.org\",\"@graph\":[{\"@type\":\"NewsArticle\",\"@id\":\"https:\/\/www.gaveanews.com\/index.php\/2025\/04\/19\/vasco-x-flamengo-a-declaracao-de-nuno-moreira\/#article\",\"isPartOf\":{\"@id\":\"https:\/\/www.gaveanews.com\/index.php\/2025\/04\/19\/vasco-x-flamengo-a-declaracao-de-nuno-moreira\/\"},\"author\":{\"name\":\"Paula Silva\",\"@id\":\"https:\/\/www.gaveanews.com\/#\/schema\/person\/daf63eec72e1164eb13dc35096c2b8da\"},\"headline\":\"Vasco x Flamengo: a declara\u00e7\u00e3o de Nuno Moreira\",\"datePublished\":\"2025-04-19T22:34:05+00:00\",\"dateModified\":\"2025-04-20T00:10:51+00:00\",\"mainEntityOfPage\":{\"@id\":\"https:\/\/www.gaveanews.com\/index.php\/2025\/04\/19\/vasco-x-flamengo-a-declaracao-de-nuno-moreira\/\"},\"wordCount\":330,\"commentCount\":0,\"image\":{\"@id\":\"https:\/\/www.gaveanews.com\/index.php\/2025\/04\/19\/vasco-x-flamengo-a-declaracao-de-nuno-moreira\/#primaryimage\"},\"thumbnailUrl\":\"https:\/\/www.gaveanews.com\/wp-content\/uploads\/Nuno-Moreira-pelo-Vasco.webp\",\"articleSection\":[\"Vasco\"],\"inLanguage\":\"pt-BR\",\"potentialAction\":[{\"@type\":\"CommentAction\",\"name\":\"Comment\",\"target\":[\"https:\/\/www.gaveanews.com\/index.php\/2025\/04\/19\/vasco-x-flamengo-a-declaracao-de-nuno-moreira\/#respond\"]}],\"copyrightYear\":\"2025\",\"copyrightHolder\":{\"@id\":\"https:\/\/www.gaveanews.com\/#organization\"}},{\"@type\":\"WebPage\",\"@id\":\"https:\/\/www.gaveanews.com\/index.php\/2025\/04\/19\/vasco-x-flamengo-a-declaracao-de-nuno-moreira\/\",\"url\":\"https:\/\/www.gaveanews.com\/index.php\/2025\/04\/19\/vasco-x-flamengo-a-declaracao-de-nuno-moreira\/\",\"name\":\"Vasco x Flamengo: a declara\u00e7\u00e3o de Nuno Moreira\",\"isPartOf\":{\"@id\":\"https:\/\/www.gaveanews.com\/#website\"},\"primaryImageOfPage\":{\"@id\":\"https:\/\/www.gaveanews.com\/index.php\/2025\/04\/19\/vasco-x-flamengo-a-declaracao-de-nuno-moreira\/#primaryimage\"},\"image\":{\"@id\":\"https:\/\/www.gaveanews.com\/index.php\/2025\/04\/19\/vasco-x-flamengo-a-declaracao-de-nuno-moreira\/#primaryimage\"},\"thumbnailUrl\":\"https:\/\/www.gaveanews.com\/wp-content\/uploads\/Nuno-Moreira-pelo-Vasco.webp\",\"datePublished\":\"2025-04-19T22:34:05+00:00\",\"dateModified\":\"2025-04-20T00:10:51+00:00\",\"author\":{\"@id\":\"https:\/\/www.gaveanews.com\/#\/schema\/person\/daf63eec72e1164eb13dc35096c2b8da\"},\"breadcrumb\":{\"@id\":\"https:\/\/www.gaveanews.com\/index.php\/2025\/04\/19\/vasco-x-flamengo-a-declaracao-de-nuno-moreira\/#breadcrumb\"},\"inLanguage\":\"pt-BR\",\"potentialAction\":[{\"@type\":\"ReadAction\",\"target\":[\"https:\/\/www.gaveanews.com\/index.php\/2025\/04\/19\/vasco-x-flamengo-a-declaracao-de-nuno-moreira\/\"]}]},{\"@type\":\"ImageObject\",\"inLanguage\":\"pt-BR\",\"@id\":\"https:\/\/www.gaveanews.com\/index.php\/2025\/04\/19\/vasco-x-flamengo-a-declaracao-de-nuno-moreira\/#primaryimage\",\"url\":\"https:\/\/www.gaveanews.com\/wp-content\/uploads\/Nuno-Moreira-pelo-Vasco.webp\",\"contentUrl\":\"https:\/\/www.gaveanews.com\/wp-content\/uploads\/Nuno-Moreira-pelo-Vasco.webp\",\"width\":774,\"height\":508,\"caption\":\"Nuno Moreira pelo Vasco (Foto: Matheus Lima\/Vasco)\"},{\"@type\":\"BreadcrumbList\",\"@id\":\"https:\/\/www.gaveanews.com\/index.php\/2025\/04\/19\/vasco-x-flamengo-a-declaracao-de-nuno-moreira\/#breadcrumb\",\"itemListElement\":[{\"@type\":\"ListItem\",\"position\":1,\"name\":\"Home\",\"item\":\"https:\/\/www.gaveanews.com\/\"},{\"@type\":\"ListItem\",\"position\":2,\"name\":\"Vasco x Flamengo: a declara\u00e7\u00e3o de Nuno Moreira\"}]},{\"@type\":\"WebSite\",\"@id\":\"https:\/\/www.gaveanews.com\/#website\",\"url\":\"https:\/\/www.gaveanews.com\/\",\"name\":\"G\u00e1vea News\",\"description\":\"Veja todas as not\u00edcias sobre o Flamengo: Contrata\u00e7\u00f5es, categorias de base, resultados das partidas, tabela de classifica\u00e7\u00e3o, pr\u00f3ximos jogos!\",\"potentialAction\":[{\"@type\":\"SearchAction\",\"target\":{\"@type\":\"EntryPoint\",\"urlTemplate\":\"https:\/\/www.gaveanews.com\/?s={search_term_string}\"},\"query-input\":{\"@type\":\"PropertyValueSpecification\",\"valueRequired\":true,\"valueName\":\"search_term_string\"}}],\"inLanguage\":\"pt-BR\"},{\"@type\":\"Person\",\"@id\":\"https:\/\/www.gaveanews.com\/#\/schema\/person\/daf63eec72e1164eb13dc35096c2b8da\",\"name\":\"Paula Silva\",\"image\":{\"@type\":\"ImageObject\",\"inLanguage\":\"pt-BR\",\"@id\":\"https:\/\/www.gaveanews.com\/#\/schema\/person\/image\/\",\"url\":\"https:\/\/secure.gravatar.com\/avatar\/eda381c845527cc5d64c13b901833cda29d97500ba040d3e6461f76f51d163bb?s=96&d=mm&r=g\",\"contentUrl\":\"https:\/\/secure.gravatar.com\/avatar\/eda381c845527cc5d64c13b901833cda29d97500ba040d3e6461f76f51d163bb?s=96&d=mm&r=g\",\"caption\":\"Paula Silva\"}}]}<\/script>\n<!-- \/ Yoast SEO Premium plugin. -->","yoast_head_json":{"title":"Vasco x Flamengo: a declara\u00e7\u00e3o de Nuno Moreira","robots":{"index":"index","follow":"follow","max-snippet":"max-snippet:-1","max-image-preview":"max-image-preview:large","max-video-preview":"max-video-preview:-1"},"canonical":"https:\/\/www.gaveanews.com\/index.php\/2025\/04\/19\/vasco-x-flamengo-a-declaracao-de-nuno-moreira\/","og_locale":"pt_BR","og_type":"article","og_title":"Vasco x Flamengo: a declara\u00e7\u00e3o de Nuno Moreira","og_description":"Neste s\u00e1bado (19), Vasco e Flamengo se enfrentaram no Maracan\u00e3, em jogo v\u00e1lido pela quinta rodada do Campeonato Brasileiro. A etapa inicial foi bem disputada, com grandes chances de gols para os dois lados, mas o placar n\u00e3o saiu do 0 a 0. No intervalo, Nuno Moreira concedeu entrevista e analisou a etapa inicial. Ele [&hellip;]","og_url":"https:\/\/www.gaveanews.com\/index.php\/2025\/04\/19\/vasco-x-flamengo-a-declaracao-de-nuno-moreira\/","og_site_name":"G\u00e1vea News","article_publisher":"https:\/\/facebook.com\/gaveaNews\/","article_published_time":"2025-04-19T22:34:05+00:00","article_modified_time":"2025-04-20T00:10:51+00:00","og_image":[{"width":774,"height":508,"url":"http:\/\/www.gaveanews.com\/wp-content\/uploads\/Nuno-Moreira-pelo-Vasco.webp","type":"image\/jpeg"}],"author":"Paula Silva","twitter_card":"summary_large_image","twitter_misc":{"Escrito por":"Paula Silva","Est. tempo de leitura":"2 minutos"},"schema":{"@context":"https:\/\/schema.org","@graph":[{"@type":"NewsArticle","@id":"https:\/\/www.gaveanews.com\/index.php\/2025\/04\/19\/vasco-x-flamengo-a-declaracao-de-nuno-moreira\/#article","isPartOf":{"@id":"https:\/\/www.gaveanews.com\/index.php\/2025\/04\/19\/vasco-x-flamengo-a-declaracao-de-nuno-moreira\/"},"author":{"name":"Paula Silva","@id":"https:\/\/www.gaveanews.com\/#\/schema\/person\/daf63eec72e1164eb13dc35096c2b8da"},"headline":"Vasco x Flamengo: a declara\u00e7\u00e3o de Nuno Moreira","datePublished":"2025-04-19T22:34:05+00:00","dateModified":"2025-04-20T00:10:51+00:00","mainEntityOfPage":{"@id":"https:\/\/www.gaveanews.com\/index.php\/2025\/04\/19\/vasco-x-flamengo-a-declaracao-de-nuno-moreira\/"},"wordCount":330,"commentCount":0,"image":{"@id":"https:\/\/www.gaveanews.com\/index.php\/2025\/04\/19\/vasco-x-flamengo-a-declaracao-de-nuno-moreira\/#primaryimage"},"thumbnailUrl":"https:\/\/www.gaveanews.com\/wp-content\/uploads\/Nuno-Moreira-pelo-Vasco.webp","articleSection":["Vasco"],"inLanguage":"pt-BR","potentialAction":[{"@type":"CommentAction","name":"Comment","target":["https:\/\/www.gaveanews.com\/index.php\/2025\/04\/19\/vasco-x-flamengo-a-declaracao-de-nuno-moreira\/#respond"]}],"copyrightYear":"2025","copyrightHolder":{"@id":"https:\/\/www.gaveanews.com\/#organization"}},{"@type":"WebPage","@id":"https:\/\/www.gaveanews.com\/index.php\/2025\/04\/19\/vasco-x-flamengo-a-declaracao-de-nuno-moreira\/","url":"https:\/\/www.gaveanews.com\/index.php\/2025\/04\/19\/vasco-x-flamengo-a-declaracao-de-nuno-moreira\/","name":"Vasco x Flamengo: a declara\u00e7\u00e3o de Nuno Moreira","isPartOf":{"@id":"https:\/\/www.gaveanews.com\/#website"},"primaryImageOfPage":{"@id":"https:\/\/www.gaveanews.com\/index.php\/2025\/04\/19\/vasco-x-flamengo-a-declaracao-de-nuno-moreira\/#primaryimage"},"image":{"@id":"https:\/\/www.gaveanews.com\/index.php\/2025\/04\/19\/vasco-x-flamengo-a-declaracao-de-nuno-moreira\/#primaryimage"},"thumbnailUrl":"https:\/\/www.gaveanews.com\/wp-content\/uploads\/Nuno-Moreira-pelo-Vasco.webp","datePublished":"2025-04-19T22:34:05+00:00","dateModified":"2025-04-20T00:10:51+00:00","author":{"@id":"https:\/\/www.gaveanews.com\/#\/schema\/person\/daf63eec72e1164eb13dc35096c2b8da"},"breadcrumb":{"@id":"https:\/\/www.gaveanews.com\/index.php\/2025\/04\/19\/vasco-x-flamengo-a-declaracao-de-nuno-moreira\/#breadcrumb"},"inLanguage":"pt-BR","potentialAction":[{"@type":"ReadAction","target":["https:\/\/www.gaveanews.com\/index.php\/2025\/04\/19\/vasco-x-flamengo-a-declaracao-de-nuno-moreira\/"]}]},{"@type":"ImageObject","inLanguage":"pt-BR","@id":"https:\/\/www.gaveanews.com\/index.php\/2025\/04\/19\/vasco-x-flamengo-a-declaracao-de-nuno-moreira\/#primaryimage","url":"https:\/\/www.gaveanews.com\/wp-content\/uploads\/Nuno-Moreira-pelo-Vasco.webp","contentUrl":"https:\/\/www.gaveanews.com\/wp-content\/uploads\/Nuno-Moreira-pelo-Vasco.webp","width":774,"height":508,"caption":"Nuno Moreira pelo Vasco (Foto: Matheus Lima\/Vasco)"},{"@type":"BreadcrumbList","@id":"https:\/\/www.gaveanews.com\/index.php\/2025\/04\/19\/vasco-x-flamengo-a-declaracao-de-nuno-moreira\/#breadcrumb","itemListElement":[{"@type":"ListItem","position":1,"name":"Home","item":"https:\/\/www.gaveanews.com\/"},{"@type":"ListItem","position":2,"name":"Vasco x Flamengo: a declara\u00e7\u00e3o de Nuno Moreira"}]},{"@type":"WebSite","@id":"https:\/\/www.gaveanews.com\/#website","url":"https:\/\/www.gaveanews.com\/","name":"G\u00e1vea News","description":"Veja todas as not\u00edcias sobre o Flamengo: Contrata\u00e7\u00f5es, categorias de base, resultados das partidas, tabela de classifica\u00e7\u00e3o, pr\u00f3ximos jogos!","potentialAction":[{"@type":"SearchAction","target":{"@type":"EntryPoint","urlTemplate":"https:\/\/www.gaveanews.com\/?s={search_term_string}"},"query-input":{"@type":"PropertyValueSpecification","valueRequired":true,"valueName":"search_term_string"}}],"inLanguage":"pt-BR"},{"@type":"Person","@id":"https:\/\/www.gaveanews.com\/#\/schema\/person\/daf63eec72e1164eb13dc35096c2b8da","name":"Paula Silva","image":{"@type":"ImageObject","inLanguage":"pt-BR","@id":"https:\/\/www.gaveanews.com\/#\/schema\/person\/image\/","url":"https:\/\/secure.gravatar.com\/avatar\/eda381c845527cc5d64c13b901833cda29d97500ba040d3e6461f76f51d163bb?s=96&d=mm&r=g","contentUrl":"https:\/\/secure.gravatar.com\/avatar\/eda381c845527cc5d64c13b901833cda29d97500ba040d3e6461f76f51d163bb?s=96&d=mm&r=g","caption":"Paula Silva"}}]}},"_links":{"self":[{"href":"https:\/\/www.gaveanews.com\/index.php\/wp-json\/wp\/v2\/posts\/255644","targetHints":{"allow":["GET"]}}],"collection":[{"href":"https:\/\/www.gaveanews.com\/index.php\/wp-json\/wp\/v2\/posts"}],"about":[{"href":"https:\/\/www.gaveanews.com\/index.php\/wp-json\/wp\/v2\/types\/post"}],"author":[{"embeddable":true,"href":"https:\/\/www.gaveanews.com\/index.php\/wp-json\/wp\/v2\/users\/18"}],"replies":[{"embeddable":true,"href":"https:\/\/www.gaveanews.com\/index.php\/wp-json\/wp\/v2\/comments?post=255644"}],"version-history":[{"count":2,"href":"https:\/\/www.gaveanews.com\/index.php\/wp-json\/wp\/v2\/posts\/255644\/revisions"}],"predecessor-version":[{"id":255686,"href":"https:\/\/www.gaveanews.com\/index.php\/wp-json\/wp\/v2\/posts\/255644\/revisions\/255686"}],"wp:featuredmedia":[{"embeddable":true,"href":"https:\/\/www.gaveanews.com\/index.php\/wp-json\/wp\/v2\/media\/255645"}],"wp:attachment":[{"href":"https:\/\/www.gaveanews.com\/index.php\/wp-json\/wp\/v2\/media?parent=255644"}],"wp:term":[{"taxonomy":"category","embeddable":true,"href":"https:\/\/www.gaveanews.com\/index.php\/wp-json\/wp\/v2\/categories?post=255644"},{"taxonomy":"post_tag","embeddable":true,"href":"https:\/\/www.gaveanews.com\/index.php\/wp-json\/wp\/v2\/tags?post=255644"}],"curies":[{"name":"wp","href":"https:\/\/api.w.org\/{rel}","templated":true}]}}