{"id":255668,"date":"2025-04-19T20:20:00","date_gmt":"2025-04-19T23:20:00","guid":{"rendered":"https:\/\/www.gaveanews.com\/?p=255668"},"modified":"2025-04-19T20:00:42","modified_gmt":"2025-04-19T23:00:42","slug":"apos-tres-anos-corinthians-volta-a-ter-deficit-no-balanco-financeiro","status":"publish","type":"post","link":"https:\/\/www.gaveanews.com\/index.php\/2025\/04\/19\/apos-tres-anos-corinthians-volta-a-ter-deficit-no-balanco-financeiro\/","title":{"rendered":"Ap\u00f3s tr\u00eas anos, Corinthians volta a ter d\u00e9ficit no balan\u00e7o financeiro"},"content":{"rendered":"\n<p>O Corinthians encerrou o ano de 2024 com um d\u00e9ficit financeiro de R$ 181,7 milh\u00f5es, revertendo uma sequ\u00eancia de tr\u00eas anos consecutivos de super\u00e1vit. O resultado negativo, divulgado no primeiro balan\u00e7o da gest\u00e3o do presidente Augusto Melo, evidencia um agravamento na situa\u00e7\u00e3o econ\u00f4mica do clube, que tamb\u00e9m viu sua d\u00edvida total saltar para a marca de R$ 2,5 bilh\u00f5es.<\/p>\n\n\n\n<p>Esse aumento no endividamento representa um crescimento de aproximadamente R$ 600 milh\u00f5es em rela\u00e7\u00e3o a 2023. Do montante atual, R$ 1,8 bilh\u00e3o corresponde a obriga\u00e7\u00f5es diretas do clube, enquanto R$ 668 milh\u00f5es s\u00e3o relacionados ao financiamento da Neo Qu\u00edmica Arena. A auditoria independente, respons\u00e1vel por revisar os dados, destacou uma &#8220;incerteza relevante quanto \u00e0 continuidade operacional&#8221; da institui\u00e7\u00e3o.<\/p>\n\n\n\n<p>A diretoria atual argumenta que parte do rombo financeiro se deve a d\u00edvidas herdadas de gest\u00f5es anteriores. Segundo eles, cerca de R$ 191 milh\u00f5es n\u00e3o haviam sido devidamente contabilizados nos \u00faltimos balan\u00e7os. \u201cEsses valores se referem a impostos, juros sobre parcelamentos fiscais e a\u00e7\u00f5es judiciais em curso\u201d, explicou a administra\u00e7\u00e3o alvinegra. A t\u00edtulo de compara\u00e7\u00e3o, a previs\u00e3o para \u201cprovis\u00e3o de conting\u00eancias\u201d saltou de R$ 10 milh\u00f5es em 2023 para R$ 163,9 milh\u00f5es em 2024.<\/p>\n\n\n\n<p>Apesar disso, o clube registrou uma receita bruta recorde de R$ 1,115 bilh\u00e3o, impulsionada principalmente por vendas de jogadores, que renderam R$ 338,4 milh\u00f5es, al\u00e9m dos R$ 295 milh\u00f5es com direitos de TV e R$ 253,7 milh\u00f5es em patroc\u00ednios e publicidade. Entretanto, os custos tamb\u00e9m subiram, com destaque para os R$ 428,6 milh\u00f5es em despesas com pessoal.<\/p>\n\n\n\n<p>Por fim, mesmo com um EBITDA recorde de R$ 293 milh\u00f5es, o Corinthians enfrentou despesas financeiras elevadas, especialmente com juros, que somaram R$ 279,1 milh\u00f5es. Para cobrir essas obriga\u00e7\u00f5es, o clube precisou recorrer a novos empr\u00e9stimos, ampliando ainda mais sua j\u00e1 expressiva d\u00edvida.<\/p>\n","protected":false},"excerpt":{"rendered":"<p>O Corinthians encerrou o ano de 2024 com um d\u00e9ficit financeiro de R$ 181,7 milh\u00f5es, revertendo uma sequ\u00eancia de tr\u00eas anos consecutivos de super\u00e1vit. O resultado negativo, divulgado no primeiro balan\u00e7o da gest\u00e3o do presidente Augusto Melo, evidencia um agravamento na situa\u00e7\u00e3o econ\u00f4mica do clube, que tamb\u00e9m viu sua d\u00edvida total saltar para a marca [&hellip;]<\/p>\n","protected":false},"author":18,"featured_media":154473,"comment_status":"open","ping_status":"closed","sticky":false,"template":"","format":"standard","meta":{"footnotes":""},"categories":[141],"tags":[],"class_list":["post-255668","post","type-post","status-publish","format-standard","has-post-thumbnail","hentry","category-corinthians"],"yoast_head":"<!-- This site is optimized with the Yoast SEO Premium plugin v24.2 (Yoast SEO v26.9) - https:\/\/yoast.com\/product\/yoast-seo-premium-wordpress\/ -->\n<title>Ap\u00f3s tr\u00eas anos, Corinthians volta a ter d\u00e9ficit no balan\u00e7o financeiro<\/title>\n<meta name=\"robots\" content=\"index, follow, max-snippet:-1, max-image-preview:large, max-video-preview:-1\" \/>\n<link rel=\"canonical\" href=\"https:\/\/www.gaveanews.com\/index.php\/2025\/04\/19\/apos-tres-anos-corinthians-volta-a-ter-deficit-no-balanco-financeiro\/\" \/>\n<meta property=\"og:locale\" content=\"pt_BR\" \/>\n<meta property=\"og:type\" content=\"article\" \/>\n<meta property=\"og:title\" content=\"Ap\u00f3s tr\u00eas anos, Corinthians volta a ter d\u00e9ficit no balan\u00e7o financeiro\" \/>\n<meta property=\"og:description\" content=\"O Corinthians encerrou o ano de 2024 com um d\u00e9ficit financeiro de R$ 181,7 milh\u00f5es, revertendo uma sequ\u00eancia de tr\u00eas anos consecutivos de super\u00e1vit. O resultado negativo, divulgado no primeiro balan\u00e7o da gest\u00e3o do presidente Augusto Melo, evidencia um agravamento na situa\u00e7\u00e3o econ\u00f4mica do clube, que tamb\u00e9m viu sua d\u00edvida total saltar para a marca [&hellip;]\" \/>\n<meta property=\"og:url\" content=\"https:\/\/www.gaveanews.com\/index.php\/2025\/04\/19\/apos-tres-anos-corinthians-volta-a-ter-deficit-no-balanco-financeiro\/\" \/>\n<meta property=\"og:site_name\" content=\"G\u00e1vea News\" \/>\n<meta property=\"article:publisher\" content=\"https:\/\/facebook.com\/gaveaNews\/\" \/>\n<meta property=\"article:published_time\" content=\"2025-04-19T23:20:00+00:00\" \/>\n<meta property=\"og:image\" content=\"https:\/\/www.gaveanews.com\/wp-content\/uploads\/Escudo-do-Corinthians-na-Neo-Quimica-Arena.webp\" \/>\n\t<meta property=\"og:image:width\" content=\"1440\" \/>\n\t<meta property=\"og:image:height\" content=\"959\" \/>\n\t<meta property=\"og:image:type\" content=\"image\/jpeg\" \/>\n<meta name=\"author\" content=\"Paula Silva\" \/>\n<meta name=\"twitter:card\" content=\"summary_large_image\" \/>\n<meta name=\"twitter:label1\" content=\"Escrito por\" \/>\n\t<meta name=\"twitter:data1\" content=\"Paula Silva\" \/>\n\t<meta name=\"twitter:label2\" content=\"Est. tempo de leitura\" \/>\n\t<meta name=\"twitter:data2\" content=\"2 minutos\" \/>\n<script type=\"application\/ld+json\" class=\"yoast-schema-graph\">{\"@context\":\"https:\/\/schema.org\",\"@graph\":[{\"@type\":\"NewsArticle\",\"@id\":\"https:\/\/www.gaveanews.com\/index.php\/2025\/04\/19\/apos-tres-anos-corinthians-volta-a-ter-deficit-no-balanco-financeiro\/#article\",\"isPartOf\":{\"@id\":\"https:\/\/www.gaveanews.com\/index.php\/2025\/04\/19\/apos-tres-anos-corinthians-volta-a-ter-deficit-no-balanco-financeiro\/\"},\"author\":{\"name\":\"Paula Silva\",\"@id\":\"https:\/\/www.gaveanews.com\/#\/schema\/person\/daf63eec72e1164eb13dc35096c2b8da\"},\"headline\":\"Ap\u00f3s tr\u00eas anos, Corinthians volta a ter d\u00e9ficit no balan\u00e7o financeiro\",\"datePublished\":\"2025-04-19T23:20:00+00:00\",\"mainEntityOfPage\":{\"@id\":\"https:\/\/www.gaveanews.com\/index.php\/2025\/04\/19\/apos-tres-anos-corinthians-volta-a-ter-deficit-no-balanco-financeiro\/\"},\"wordCount\":334,\"commentCount\":0,\"image\":{\"@id\":\"https:\/\/www.gaveanews.com\/index.php\/2025\/04\/19\/apos-tres-anos-corinthians-volta-a-ter-deficit-no-balanco-financeiro\/#primaryimage\"},\"thumbnailUrl\":\"https:\/\/www.gaveanews.com\/wp-content\/uploads\/Escudo-do-Corinthians-na-Neo-Quimica-Arena.webp\",\"articleSection\":[\"Corinthians\"],\"inLanguage\":\"pt-BR\",\"potentialAction\":[{\"@type\":\"CommentAction\",\"name\":\"Comment\",\"target\":[\"https:\/\/www.gaveanews.com\/index.php\/2025\/04\/19\/apos-tres-anos-corinthians-volta-a-ter-deficit-no-balanco-financeiro\/#respond\"]}],\"copyrightYear\":\"2025\",\"copyrightHolder\":{\"@id\":\"https:\/\/www.gaveanews.com\/#organization\"}},{\"@type\":\"WebPage\",\"@id\":\"https:\/\/www.gaveanews.com\/index.php\/2025\/04\/19\/apos-tres-anos-corinthians-volta-a-ter-deficit-no-balanco-financeiro\/\",\"url\":\"https:\/\/www.gaveanews.com\/index.php\/2025\/04\/19\/apos-tres-anos-corinthians-volta-a-ter-deficit-no-balanco-financeiro\/\",\"name\":\"Ap\u00f3s tr\u00eas anos, Corinthians volta a ter d\u00e9ficit no balan\u00e7o financeiro\",\"isPartOf\":{\"@id\":\"https:\/\/www.gaveanews.com\/#website\"},\"primaryImageOfPage\":{\"@id\":\"https:\/\/www.gaveanews.com\/index.php\/2025\/04\/19\/apos-tres-anos-corinthians-volta-a-ter-deficit-no-balanco-financeiro\/#primaryimage\"},\"image\":{\"@id\":\"https:\/\/www.gaveanews.com\/index.php\/2025\/04\/19\/apos-tres-anos-corinthians-volta-a-ter-deficit-no-balanco-financeiro\/#primaryimage\"},\"thumbnailUrl\":\"https:\/\/www.gaveanews.com\/wp-content\/uploads\/Escudo-do-Corinthians-na-Neo-Quimica-Arena.webp\",\"datePublished\":\"2025-04-19T23:20:00+00:00\",\"author\":{\"@id\":\"https:\/\/www.gaveanews.com\/#\/schema\/person\/daf63eec72e1164eb13dc35096c2b8da\"},\"breadcrumb\":{\"@id\":\"https:\/\/www.gaveanews.com\/index.php\/2025\/04\/19\/apos-tres-anos-corinthians-volta-a-ter-deficit-no-balanco-financeiro\/#breadcrumb\"},\"inLanguage\":\"pt-BR\",\"potentialAction\":[{\"@type\":\"ReadAction\",\"target\":[\"https:\/\/www.gaveanews.com\/index.php\/2025\/04\/19\/apos-tres-anos-corinthians-volta-a-ter-deficit-no-balanco-financeiro\/\"]}]},{\"@type\":\"ImageObject\",\"inLanguage\":\"pt-BR\",\"@id\":\"https:\/\/www.gaveanews.com\/index.php\/2025\/04\/19\/apos-tres-anos-corinthians-volta-a-ter-deficit-no-balanco-financeiro\/#primaryimage\",\"url\":\"https:\/\/www.gaveanews.com\/wp-content\/uploads\/Escudo-do-Corinthians-na-Neo-Quimica-Arena.webp\",\"contentUrl\":\"https:\/\/www.gaveanews.com\/wp-content\/uploads\/Escudo-do-Corinthians-na-Neo-Quimica-Arena.webp\",\"width\":1440,\"height\":959,\"caption\":\"Escudo do Corinthians na N\u00e9o Qu\u00edmica Arena (Foto Reprodu\u00e7\u00e3o\/Instagram)\"},{\"@type\":\"BreadcrumbList\",\"@id\":\"https:\/\/www.gaveanews.com\/index.php\/2025\/04\/19\/apos-tres-anos-corinthians-volta-a-ter-deficit-no-balanco-financeiro\/#breadcrumb\",\"itemListElement\":[{\"@type\":\"ListItem\",\"position\":1,\"name\":\"Home\",\"item\":\"https:\/\/www.gaveanews.com\/\"},{\"@type\":\"ListItem\",\"position\":2,\"name\":\"Ap\u00f3s tr\u00eas anos, Corinthians volta a ter d\u00e9ficit no balan\u00e7o financeiro\"}]},{\"@type\":\"WebSite\",\"@id\":\"https:\/\/www.gaveanews.com\/#website\",\"url\":\"https:\/\/www.gaveanews.com\/\",\"name\":\"G\u00e1vea News\",\"description\":\"Veja todas as not\u00edcias sobre o Flamengo: Contrata\u00e7\u00f5es, categorias de base, resultados das partidas, tabela de classifica\u00e7\u00e3o, pr\u00f3ximos jogos!\",\"potentialAction\":[{\"@type\":\"SearchAction\",\"target\":{\"@type\":\"EntryPoint\",\"urlTemplate\":\"https:\/\/www.gaveanews.com\/?s={search_term_string}\"},\"query-input\":{\"@type\":\"PropertyValueSpecification\",\"valueRequired\":true,\"valueName\":\"search_term_string\"}}],\"inLanguage\":\"pt-BR\"},{\"@type\":\"Person\",\"@id\":\"https:\/\/www.gaveanews.com\/#\/schema\/person\/daf63eec72e1164eb13dc35096c2b8da\",\"name\":\"Paula Silva\",\"image\":{\"@type\":\"ImageObject\",\"inLanguage\":\"pt-BR\",\"@id\":\"https:\/\/www.gaveanews.com\/#\/schema\/person\/image\/\",\"url\":\"https:\/\/secure.gravatar.com\/avatar\/eda381c845527cc5d64c13b901833cda29d97500ba040d3e6461f76f51d163bb?s=96&d=mm&r=g\",\"contentUrl\":\"https:\/\/secure.gravatar.com\/avatar\/eda381c845527cc5d64c13b901833cda29d97500ba040d3e6461f76f51d163bb?s=96&d=mm&r=g\",\"caption\":\"Paula Silva\"}}]}<\/script>\n<!-- \/ Yoast SEO Premium plugin. -->","yoast_head_json":{"title":"Ap\u00f3s tr\u00eas anos, Corinthians volta a ter d\u00e9ficit no balan\u00e7o financeiro","robots":{"index":"index","follow":"follow","max-snippet":"max-snippet:-1","max-image-preview":"max-image-preview:large","max-video-preview":"max-video-preview:-1"},"canonical":"https:\/\/www.gaveanews.com\/index.php\/2025\/04\/19\/apos-tres-anos-corinthians-volta-a-ter-deficit-no-balanco-financeiro\/","og_locale":"pt_BR","og_type":"article","og_title":"Ap\u00f3s tr\u00eas anos, Corinthians volta a ter d\u00e9ficit no balan\u00e7o financeiro","og_description":"O Corinthians encerrou o ano de 2024 com um d\u00e9ficit financeiro de R$ 181,7 milh\u00f5es, revertendo uma sequ\u00eancia de tr\u00eas anos consecutivos de super\u00e1vit. O resultado negativo, divulgado no primeiro balan\u00e7o da gest\u00e3o do presidente Augusto Melo, evidencia um agravamento na situa\u00e7\u00e3o econ\u00f4mica do clube, que tamb\u00e9m viu sua d\u00edvida total saltar para a marca [&hellip;]","og_url":"https:\/\/www.gaveanews.com\/index.php\/2025\/04\/19\/apos-tres-anos-corinthians-volta-a-ter-deficit-no-balanco-financeiro\/","og_site_name":"G\u00e1vea News","article_publisher":"https:\/\/facebook.com\/gaveaNews\/","article_published_time":"2025-04-19T23:20:00+00:00","og_image":[{"width":1440,"height":959,"url":"https:\/\/www.gaveanews.com\/wp-content\/uploads\/Escudo-do-Corinthians-na-Neo-Quimica-Arena.webp","type":"image\/jpeg"}],"author":"Paula Silva","twitter_card":"summary_large_image","twitter_misc":{"Escrito por":"Paula Silva","Est. tempo de leitura":"2 minutos"},"schema":{"@context":"https:\/\/schema.org","@graph":[{"@type":"NewsArticle","@id":"https:\/\/www.gaveanews.com\/index.php\/2025\/04\/19\/apos-tres-anos-corinthians-volta-a-ter-deficit-no-balanco-financeiro\/#article","isPartOf":{"@id":"https:\/\/www.gaveanews.com\/index.php\/2025\/04\/19\/apos-tres-anos-corinthians-volta-a-ter-deficit-no-balanco-financeiro\/"},"author":{"name":"Paula Silva","@id":"https:\/\/www.gaveanews.com\/#\/schema\/person\/daf63eec72e1164eb13dc35096c2b8da"},"headline":"Ap\u00f3s tr\u00eas anos, Corinthians volta a ter d\u00e9ficit no balan\u00e7o financeiro","datePublished":"2025-04-19T23:20:00+00:00","mainEntityOfPage":{"@id":"https:\/\/www.gaveanews.com\/index.php\/2025\/04\/19\/apos-tres-anos-corinthians-volta-a-ter-deficit-no-balanco-financeiro\/"},"wordCount":334,"commentCount":0,"image":{"@id":"https:\/\/www.gaveanews.com\/index.php\/2025\/04\/19\/apos-tres-anos-corinthians-volta-a-ter-deficit-no-balanco-financeiro\/#primaryimage"},"thumbnailUrl":"https:\/\/www.gaveanews.com\/wp-content\/uploads\/Escudo-do-Corinthians-na-Neo-Quimica-Arena.webp","articleSection":["Corinthians"],"inLanguage":"pt-BR","potentialAction":[{"@type":"CommentAction","name":"Comment","target":["https:\/\/www.gaveanews.com\/index.php\/2025\/04\/19\/apos-tres-anos-corinthians-volta-a-ter-deficit-no-balanco-financeiro\/#respond"]}],"copyrightYear":"2025","copyrightHolder":{"@id":"https:\/\/www.gaveanews.com\/#organization"}},{"@type":"WebPage","@id":"https:\/\/www.gaveanews.com\/index.php\/2025\/04\/19\/apos-tres-anos-corinthians-volta-a-ter-deficit-no-balanco-financeiro\/","url":"https:\/\/www.gaveanews.com\/index.php\/2025\/04\/19\/apos-tres-anos-corinthians-volta-a-ter-deficit-no-balanco-financeiro\/","name":"Ap\u00f3s tr\u00eas anos, Corinthians volta a ter d\u00e9ficit no balan\u00e7o financeiro","isPartOf":{"@id":"https:\/\/www.gaveanews.com\/#website"},"primaryImageOfPage":{"@id":"https:\/\/www.gaveanews.com\/index.php\/2025\/04\/19\/apos-tres-anos-corinthians-volta-a-ter-deficit-no-balanco-financeiro\/#primaryimage"},"image":{"@id":"https:\/\/www.gaveanews.com\/index.php\/2025\/04\/19\/apos-tres-anos-corinthians-volta-a-ter-deficit-no-balanco-financeiro\/#primaryimage"},"thumbnailUrl":"https:\/\/www.gaveanews.com\/wp-content\/uploads\/Escudo-do-Corinthians-na-Neo-Quimica-Arena.webp","datePublished":"2025-04-19T23:20:00+00:00","author":{"@id":"https:\/\/www.gaveanews.com\/#\/schema\/person\/daf63eec72e1164eb13dc35096c2b8da"},"breadcrumb":{"@id":"https:\/\/www.gaveanews.com\/index.php\/2025\/04\/19\/apos-tres-anos-corinthians-volta-a-ter-deficit-no-balanco-financeiro\/#breadcrumb"},"inLanguage":"pt-BR","potentialAction":[{"@type":"ReadAction","target":["https:\/\/www.gaveanews.com\/index.php\/2025\/04\/19\/apos-tres-anos-corinthians-volta-a-ter-deficit-no-balanco-financeiro\/"]}]},{"@type":"ImageObject","inLanguage":"pt-BR","@id":"https:\/\/www.gaveanews.com\/index.php\/2025\/04\/19\/apos-tres-anos-corinthians-volta-a-ter-deficit-no-balanco-financeiro\/#primaryimage","url":"https:\/\/www.gaveanews.com\/wp-content\/uploads\/Escudo-do-Corinthians-na-Neo-Quimica-Arena.webp","contentUrl":"https:\/\/www.gaveanews.com\/wp-content\/uploads\/Escudo-do-Corinthians-na-Neo-Quimica-Arena.webp","width":1440,"height":959,"caption":"Escudo do Corinthians na N\u00e9o Qu\u00edmica Arena (Foto Reprodu\u00e7\u00e3o\/Instagram)"},{"@type":"BreadcrumbList","@id":"https:\/\/www.gaveanews.com\/index.php\/2025\/04\/19\/apos-tres-anos-corinthians-volta-a-ter-deficit-no-balanco-financeiro\/#breadcrumb","itemListElement":[{"@type":"ListItem","position":1,"name":"Home","item":"https:\/\/www.gaveanews.com\/"},{"@type":"ListItem","position":2,"name":"Ap\u00f3s tr\u00eas anos, Corinthians volta a ter d\u00e9ficit no balan\u00e7o financeiro"}]},{"@type":"WebSite","@id":"https:\/\/www.gaveanews.com\/#website","url":"https:\/\/www.gaveanews.com\/","name":"G\u00e1vea News","description":"Veja todas as not\u00edcias sobre o Flamengo: Contrata\u00e7\u00f5es, categorias de base, resultados das partidas, tabela de classifica\u00e7\u00e3o, pr\u00f3ximos jogos!","potentialAction":[{"@type":"SearchAction","target":{"@type":"EntryPoint","urlTemplate":"https:\/\/www.gaveanews.com\/?s={search_term_string}"},"query-input":{"@type":"PropertyValueSpecification","valueRequired":true,"valueName":"search_term_string"}}],"inLanguage":"pt-BR"},{"@type":"Person","@id":"https:\/\/www.gaveanews.com\/#\/schema\/person\/daf63eec72e1164eb13dc35096c2b8da","name":"Paula Silva","image":{"@type":"ImageObject","inLanguage":"pt-BR","@id":"https:\/\/www.gaveanews.com\/#\/schema\/person\/image\/","url":"https:\/\/secure.gravatar.com\/avatar\/eda381c845527cc5d64c13b901833cda29d97500ba040d3e6461f76f51d163bb?s=96&d=mm&r=g","contentUrl":"https:\/\/secure.gravatar.com\/avatar\/eda381c845527cc5d64c13b901833cda29d97500ba040d3e6461f76f51d163bb?s=96&d=mm&r=g","caption":"Paula Silva"}}]}},"_links":{"self":[{"href":"https:\/\/www.gaveanews.com\/index.php\/wp-json\/wp\/v2\/posts\/255668","targetHints":{"allow":["GET"]}}],"collection":[{"href":"https:\/\/www.gaveanews.com\/index.php\/wp-json\/wp\/v2\/posts"}],"about":[{"href":"https:\/\/www.gaveanews.com\/index.php\/wp-json\/wp\/v2\/types\/post"}],"author":[{"embeddable":true,"href":"https:\/\/www.gaveanews.com\/index.php\/wp-json\/wp\/v2\/users\/18"}],"replies":[{"embeddable":true,"href":"https:\/\/www.gaveanews.com\/index.php\/wp-json\/wp\/v2\/comments?post=255668"}],"version-history":[{"count":1,"href":"https:\/\/www.gaveanews.com\/index.php\/wp-json\/wp\/v2\/posts\/255668\/revisions"}],"predecessor-version":[{"id":255669,"href":"https:\/\/www.gaveanews.com\/index.php\/wp-json\/wp\/v2\/posts\/255668\/revisions\/255669"}],"wp:featuredmedia":[{"embeddable":true,"href":"https:\/\/www.gaveanews.com\/index.php\/wp-json\/wp\/v2\/media\/154473"}],"wp:attachment":[{"href":"https:\/\/www.gaveanews.com\/index.php\/wp-json\/wp\/v2\/media?parent=255668"}],"wp:term":[{"taxonomy":"category","embeddable":true,"href":"https:\/\/www.gaveanews.com\/index.php\/wp-json\/wp\/v2\/categories?post=255668"},{"taxonomy":"post_tag","embeddable":true,"href":"https:\/\/www.gaveanews.com\/index.php\/wp-json\/wp\/v2\/tags?post=255668"}],"curies":[{"name":"wp","href":"https:\/\/api.w.org\/{rel}","templated":true}]}}