{"id":255676,"date":"2025-04-19T20:51:51","date_gmt":"2025-04-19T23:51:51","guid":{"rendered":"https:\/\/www.gaveanews.com\/?p=255676"},"modified":"2025-04-19T20:51:55","modified_gmt":"2025-04-19T23:51:55","slug":"vasco-x-flamengo-a-declaracao-de-gerson","status":"publish","type":"post","link":"https:\/\/www.gaveanews.com\/index.php\/2025\/04\/19\/vasco-x-flamengo-a-declaracao-de-gerson\/","title":{"rendered":"Vasco x Flamengo: a declara\u00e7\u00e3o de Gerson"},"content":{"rendered":"\n<p>Flamengo e Vasco da Gama se enfrentaram neste s\u00e1bado (19), no Maracan\u00e3, em jogo v\u00e1lido pela quinta rodada do Campeonato Brasileiro. Em jogo bem disputado, as equipes n\u00e3o sa\u00edram do 0 a 0, e cada uma conquistou apenas um ponto na tabela. <\/p>\n\n\n\n<p>Ao final do jogo, Gerson, capit\u00e3o do Flamengo, concedeu entrevista. Ele elogiou a atua\u00e7\u00e3o do Rubro-Negro e fez quest\u00e3o de parabenizar o goleiro L\u00e9o Jardim, que fez grandes defesas e impediu o gol do Fla.<\/p>\n\n\n\n<p>&#8220;O L\u00e9o foi muito bem hoje. A gente o tempo todo buscando fazer o gol, mas parabenizar tamb\u00e9m a equipe pela partida. O tempo todo buscando o gol, mas hoje o advers\u00e1rio foi muito bem, parabenizar ele pela defesa. Eu tentei, acho que uma cabe\u00e7ada ali, depois um chute, foi meio pra fora, depois teve o Pedro, o Cebola&#8230; Mas parabenizar a equipe pelo jogo. Estamos sempre tentando manter o nosso ritmo do jogo de 90 minutos. E parabenizar mais uma vez o L\u00e9o (Jardim) foi muito bem&#8221;. <\/p>\n\n\n\n<p>Rm\u00e1rio elegou Gerson como o melhor do jogo e elogiou a presen\u00e7a do camisa 8 na \u00e1rea. O volante agradeceu, mas brincou que n\u00e3o tem como se vencer como atacante. <\/p>\n\n\n\n<p>&#8220;N\u00e3o, n\u00e3o precisa ir, n\u00e3o tem compara\u00e7\u00f5es, n\u00e3o tem como, n\u00e3o tem como (me vender como atacante). Agradecer a ele, eu vi um pouco ali da final da carreira dele, ele j\u00e1 era sinistro. Com ele n\u00e3o tem como, \u00e9 ele e j\u00e1 era&#8221;, disse. <\/p>\n\n\n\n<p>Reom\u00e1rio tamb\u00e9m disse que Gerson \u00e9 titular absoluto da Sele\u00e7\u00e3o Brasileira, e o volante agradeceu: &#8220;Obrigado, obrigado mais uma vez. Sem coment\u00e1rios, eu vi um pouco e j\u00e1 sei que ele foi sem coment\u00e1rios, ent\u00e3o agradecer a ele. Bater contin\u00eancia pra ele que ele \u00e9 sinistro. Tamo junto, Baixinho&#8221;.<\/p>\n\n\n\n<p>Sem conseguir vencer o Vasco, o Flamengo j\u00e1 muda o foco e se concentra no pr\u00f3ximo compromisso: o jogo contra a LDU, em Quito, pela terceira rodada da Copa Libertadores da Am\u00e9rica. As equipes se enfrentam dia 22, \u00e0s 19h (hor\u00e1rio de Bras\u00edlia).<\/p>\n","protected":false},"excerpt":{"rendered":"<p>Flamengo e Vasco da Gama se enfrentaram neste s\u00e1bado (19), no Maracan\u00e3, em jogo v\u00e1lido pela quinta rodada do Campeonato Brasileiro. Em jogo bem disputado, as equipes n\u00e3o sa\u00edram do 0 a 0, e cada uma conquistou apenas um ponto na tabela. Ao final do jogo, Gerson, capit\u00e3o do Flamengo, concedeu entrevista. Ele elogiou a [&hellip;]<\/p>\n","protected":false},"author":18,"featured_media":148164,"comment_status":"open","ping_status":"closed","sticky":false,"template":"","format":"standard","meta":{"footnotes":""},"categories":[1],"tags":[],"class_list":["post-255676","post","type-post","status-publish","format-standard","has-post-thumbnail","hentry","category-flamengo"],"yoast_head":"<!-- This site is optimized with the Yoast SEO Premium plugin v24.2 (Yoast SEO v26.9) - https:\/\/yoast.com\/product\/yoast-seo-premium-wordpress\/ -->\n<title>Vasco x Flamengo: a declara\u00e7\u00e3o de Gerson<\/title>\n<meta name=\"robots\" content=\"index, follow, max-snippet:-1, max-image-preview:large, max-video-preview:-1\" \/>\n<link rel=\"canonical\" href=\"https:\/\/www.gaveanews.com\/index.php\/2025\/04\/19\/vasco-x-flamengo-a-declaracao-de-gerson\/\" \/>\n<meta property=\"og:locale\" content=\"pt_BR\" \/>\n<meta property=\"og:type\" content=\"article\" \/>\n<meta property=\"og:title\" content=\"Vasco x Flamengo: a declara\u00e7\u00e3o de Gerson\" \/>\n<meta property=\"og:description\" content=\"Flamengo e Vasco da Gama se enfrentaram neste s\u00e1bado (19), no Maracan\u00e3, em jogo v\u00e1lido pela quinta rodada do Campeonato Brasileiro. Em jogo bem disputado, as equipes n\u00e3o sa\u00edram do 0 a 0, e cada uma conquistou apenas um ponto na tabela. Ao final do jogo, Gerson, capit\u00e3o do Flamengo, concedeu entrevista. Ele elogiou a [&hellip;]\" \/>\n<meta property=\"og:url\" content=\"https:\/\/www.gaveanews.com\/index.php\/2025\/04\/19\/vasco-x-flamengo-a-declaracao-de-gerson\/\" \/>\n<meta property=\"og:site_name\" content=\"G\u00e1vea News\" \/>\n<meta property=\"article:publisher\" content=\"https:\/\/facebook.com\/gaveaNews\/\" \/>\n<meta property=\"article:published_time\" content=\"2025-04-19T23:51:51+00:00\" \/>\n<meta property=\"article:modified_time\" content=\"2025-04-19T23:51:55+00:00\" \/>\n<meta property=\"og:image\" content=\"http:\/\/www.gaveanews.com\/wp-content\/uploads\/gerson-flamengo-1.webp\" \/>\n\t<meta property=\"og:image:width\" content=\"900\" \/>\n\t<meta property=\"og:image:height\" content=\"592\" \/>\n\t<meta property=\"og:image:type\" content=\"image\/jpeg\" \/>\n<meta name=\"author\" content=\"Paula Silva\" \/>\n<meta name=\"twitter:card\" content=\"summary_large_image\" \/>\n<meta name=\"twitter:label1\" content=\"Escrito por\" \/>\n\t<meta name=\"twitter:data1\" content=\"Paula Silva\" \/>\n\t<meta name=\"twitter:label2\" content=\"Est. tempo de leitura\" \/>\n\t<meta name=\"twitter:data2\" content=\"3 minutos\" \/>\n<script type=\"application\/ld+json\" class=\"yoast-schema-graph\">{\"@context\":\"https:\/\/schema.org\",\"@graph\":[{\"@type\":\"NewsArticle\",\"@id\":\"https:\/\/www.gaveanews.com\/index.php\/2025\/04\/19\/vasco-x-flamengo-a-declaracao-de-gerson\/#article\",\"isPartOf\":{\"@id\":\"https:\/\/www.gaveanews.com\/index.php\/2025\/04\/19\/vasco-x-flamengo-a-declaracao-de-gerson\/\"},\"author\":{\"name\":\"Paula Silva\",\"@id\":\"https:\/\/www.gaveanews.com\/#\/schema\/person\/daf63eec72e1164eb13dc35096c2b8da\"},\"headline\":\"Vasco x Flamengo: a declara\u00e7\u00e3o de Gerson\",\"datePublished\":\"2025-04-19T23:51:51+00:00\",\"dateModified\":\"2025-04-19T23:51:55+00:00\",\"mainEntityOfPage\":{\"@id\":\"https:\/\/www.gaveanews.com\/index.php\/2025\/04\/19\/vasco-x-flamengo-a-declaracao-de-gerson\/\"},\"wordCount\":365,\"commentCount\":0,\"image\":{\"@id\":\"https:\/\/www.gaveanews.com\/index.php\/2025\/04\/19\/vasco-x-flamengo-a-declaracao-de-gerson\/#primaryimage\"},\"thumbnailUrl\":\"https:\/\/www.gaveanews.com\/wp-content\/uploads\/gerson-flamengo-1.webp\",\"articleSection\":[\"Flamengo\"],\"inLanguage\":\"pt-BR\",\"potentialAction\":[{\"@type\":\"CommentAction\",\"name\":\"Comment\",\"target\":[\"https:\/\/www.gaveanews.com\/index.php\/2025\/04\/19\/vasco-x-flamengo-a-declaracao-de-gerson\/#respond\"]}],\"copyrightYear\":\"2025\",\"copyrightHolder\":{\"@id\":\"https:\/\/www.gaveanews.com\/#organization\"}},{\"@type\":\"WebPage\",\"@id\":\"https:\/\/www.gaveanews.com\/index.php\/2025\/04\/19\/vasco-x-flamengo-a-declaracao-de-gerson\/\",\"url\":\"https:\/\/www.gaveanews.com\/index.php\/2025\/04\/19\/vasco-x-flamengo-a-declaracao-de-gerson\/\",\"name\":\"Vasco x Flamengo: a declara\u00e7\u00e3o de Gerson\",\"isPartOf\":{\"@id\":\"https:\/\/www.gaveanews.com\/#website\"},\"primaryImageOfPage\":{\"@id\":\"https:\/\/www.gaveanews.com\/index.php\/2025\/04\/19\/vasco-x-flamengo-a-declaracao-de-gerson\/#primaryimage\"},\"image\":{\"@id\":\"https:\/\/www.gaveanews.com\/index.php\/2025\/04\/19\/vasco-x-flamengo-a-declaracao-de-gerson\/#primaryimage\"},\"thumbnailUrl\":\"https:\/\/www.gaveanews.com\/wp-content\/uploads\/gerson-flamengo-1.webp\",\"datePublished\":\"2025-04-19T23:51:51+00:00\",\"dateModified\":\"2025-04-19T23:51:55+00:00\",\"author\":{\"@id\":\"https:\/\/www.gaveanews.com\/#\/schema\/person\/daf63eec72e1164eb13dc35096c2b8da\"},\"breadcrumb\":{\"@id\":\"https:\/\/www.gaveanews.com\/index.php\/2025\/04\/19\/vasco-x-flamengo-a-declaracao-de-gerson\/#breadcrumb\"},\"inLanguage\":\"pt-BR\",\"potentialAction\":[{\"@type\":\"ReadAction\",\"target\":[\"https:\/\/www.gaveanews.com\/index.php\/2025\/04\/19\/vasco-x-flamengo-a-declaracao-de-gerson\/\"]}]},{\"@type\":\"ImageObject\",\"inLanguage\":\"pt-BR\",\"@id\":\"https:\/\/www.gaveanews.com\/index.php\/2025\/04\/19\/vasco-x-flamengo-a-declaracao-de-gerson\/#primaryimage\",\"url\":\"https:\/\/www.gaveanews.com\/wp-content\/uploads\/gerson-flamengo-1.webp\",\"contentUrl\":\"https:\/\/www.gaveanews.com\/wp-content\/uploads\/gerson-flamengo-1.webp\",\"width\":900,\"height\":592,\"caption\":\"Gerson em a\u00e7\u00e3o pelo Flamengo (Foto: Gilvan de Souza\/Flamengo)\"},{\"@type\":\"BreadcrumbList\",\"@id\":\"https:\/\/www.gaveanews.com\/index.php\/2025\/04\/19\/vasco-x-flamengo-a-declaracao-de-gerson\/#breadcrumb\",\"itemListElement\":[{\"@type\":\"ListItem\",\"position\":1,\"name\":\"Home\",\"item\":\"https:\/\/www.gaveanews.com\/\"},{\"@type\":\"ListItem\",\"position\":2,\"name\":\"Vasco x Flamengo: a declara\u00e7\u00e3o de Gerson\"}]},{\"@type\":\"WebSite\",\"@id\":\"https:\/\/www.gaveanews.com\/#website\",\"url\":\"https:\/\/www.gaveanews.com\/\",\"name\":\"G\u00e1vea News\",\"description\":\"Veja todas as not\u00edcias sobre o Flamengo: Contrata\u00e7\u00f5es, categorias de base, resultados das partidas, tabela de classifica\u00e7\u00e3o, pr\u00f3ximos jogos!\",\"potentialAction\":[{\"@type\":\"SearchAction\",\"target\":{\"@type\":\"EntryPoint\",\"urlTemplate\":\"https:\/\/www.gaveanews.com\/?s={search_term_string}\"},\"query-input\":{\"@type\":\"PropertyValueSpecification\",\"valueRequired\":true,\"valueName\":\"search_term_string\"}}],\"inLanguage\":\"pt-BR\"},{\"@type\":\"Person\",\"@id\":\"https:\/\/www.gaveanews.com\/#\/schema\/person\/daf63eec72e1164eb13dc35096c2b8da\",\"name\":\"Paula Silva\",\"image\":{\"@type\":\"ImageObject\",\"inLanguage\":\"pt-BR\",\"@id\":\"https:\/\/www.gaveanews.com\/#\/schema\/person\/image\/\",\"url\":\"https:\/\/secure.gravatar.com\/avatar\/eda381c845527cc5d64c13b901833cda29d97500ba040d3e6461f76f51d163bb?s=96&d=mm&r=g\",\"contentUrl\":\"https:\/\/secure.gravatar.com\/avatar\/eda381c845527cc5d64c13b901833cda29d97500ba040d3e6461f76f51d163bb?s=96&d=mm&r=g\",\"caption\":\"Paula Silva\"}}]}<\/script>\n<!-- \/ Yoast SEO Premium plugin. -->","yoast_head_json":{"title":"Vasco x Flamengo: a declara\u00e7\u00e3o de Gerson","robots":{"index":"index","follow":"follow","max-snippet":"max-snippet:-1","max-image-preview":"max-image-preview:large","max-video-preview":"max-video-preview:-1"},"canonical":"https:\/\/www.gaveanews.com\/index.php\/2025\/04\/19\/vasco-x-flamengo-a-declaracao-de-gerson\/","og_locale":"pt_BR","og_type":"article","og_title":"Vasco x Flamengo: a declara\u00e7\u00e3o de Gerson","og_description":"Flamengo e Vasco da Gama se enfrentaram neste s\u00e1bado (19), no Maracan\u00e3, em jogo v\u00e1lido pela quinta rodada do Campeonato Brasileiro. Em jogo bem disputado, as equipes n\u00e3o sa\u00edram do 0 a 0, e cada uma conquistou apenas um ponto na tabela. Ao final do jogo, Gerson, capit\u00e3o do Flamengo, concedeu entrevista. Ele elogiou a [&hellip;]","og_url":"https:\/\/www.gaveanews.com\/index.php\/2025\/04\/19\/vasco-x-flamengo-a-declaracao-de-gerson\/","og_site_name":"G\u00e1vea News","article_publisher":"https:\/\/facebook.com\/gaveaNews\/","article_published_time":"2025-04-19T23:51:51+00:00","article_modified_time":"2025-04-19T23:51:55+00:00","og_image":[{"width":900,"height":592,"url":"http:\/\/www.gaveanews.com\/wp-content\/uploads\/gerson-flamengo-1.webp","type":"image\/jpeg"}],"author":"Paula Silva","twitter_card":"summary_large_image","twitter_misc":{"Escrito por":"Paula Silva","Est. tempo de leitura":"3 minutos"},"schema":{"@context":"https:\/\/schema.org","@graph":[{"@type":"NewsArticle","@id":"https:\/\/www.gaveanews.com\/index.php\/2025\/04\/19\/vasco-x-flamengo-a-declaracao-de-gerson\/#article","isPartOf":{"@id":"https:\/\/www.gaveanews.com\/index.php\/2025\/04\/19\/vasco-x-flamengo-a-declaracao-de-gerson\/"},"author":{"name":"Paula Silva","@id":"https:\/\/www.gaveanews.com\/#\/schema\/person\/daf63eec72e1164eb13dc35096c2b8da"},"headline":"Vasco x Flamengo: a declara\u00e7\u00e3o de Gerson","datePublished":"2025-04-19T23:51:51+00:00","dateModified":"2025-04-19T23:51:55+00:00","mainEntityOfPage":{"@id":"https:\/\/www.gaveanews.com\/index.php\/2025\/04\/19\/vasco-x-flamengo-a-declaracao-de-gerson\/"},"wordCount":365,"commentCount":0,"image":{"@id":"https:\/\/www.gaveanews.com\/index.php\/2025\/04\/19\/vasco-x-flamengo-a-declaracao-de-gerson\/#primaryimage"},"thumbnailUrl":"https:\/\/www.gaveanews.com\/wp-content\/uploads\/gerson-flamengo-1.webp","articleSection":["Flamengo"],"inLanguage":"pt-BR","potentialAction":[{"@type":"CommentAction","name":"Comment","target":["https:\/\/www.gaveanews.com\/index.php\/2025\/04\/19\/vasco-x-flamengo-a-declaracao-de-gerson\/#respond"]}],"copyrightYear":"2025","copyrightHolder":{"@id":"https:\/\/www.gaveanews.com\/#organization"}},{"@type":"WebPage","@id":"https:\/\/www.gaveanews.com\/index.php\/2025\/04\/19\/vasco-x-flamengo-a-declaracao-de-gerson\/","url":"https:\/\/www.gaveanews.com\/index.php\/2025\/04\/19\/vasco-x-flamengo-a-declaracao-de-gerson\/","name":"Vasco x Flamengo: a declara\u00e7\u00e3o de Gerson","isPartOf":{"@id":"https:\/\/www.gaveanews.com\/#website"},"primaryImageOfPage":{"@id":"https:\/\/www.gaveanews.com\/index.php\/2025\/04\/19\/vasco-x-flamengo-a-declaracao-de-gerson\/#primaryimage"},"image":{"@id":"https:\/\/www.gaveanews.com\/index.php\/2025\/04\/19\/vasco-x-flamengo-a-declaracao-de-gerson\/#primaryimage"},"thumbnailUrl":"https:\/\/www.gaveanews.com\/wp-content\/uploads\/gerson-flamengo-1.webp","datePublished":"2025-04-19T23:51:51+00:00","dateModified":"2025-04-19T23:51:55+00:00","author":{"@id":"https:\/\/www.gaveanews.com\/#\/schema\/person\/daf63eec72e1164eb13dc35096c2b8da"},"breadcrumb":{"@id":"https:\/\/www.gaveanews.com\/index.php\/2025\/04\/19\/vasco-x-flamengo-a-declaracao-de-gerson\/#breadcrumb"},"inLanguage":"pt-BR","potentialAction":[{"@type":"ReadAction","target":["https:\/\/www.gaveanews.com\/index.php\/2025\/04\/19\/vasco-x-flamengo-a-declaracao-de-gerson\/"]}]},{"@type":"ImageObject","inLanguage":"pt-BR","@id":"https:\/\/www.gaveanews.com\/index.php\/2025\/04\/19\/vasco-x-flamengo-a-declaracao-de-gerson\/#primaryimage","url":"https:\/\/www.gaveanews.com\/wp-content\/uploads\/gerson-flamengo-1.webp","contentUrl":"https:\/\/www.gaveanews.com\/wp-content\/uploads\/gerson-flamengo-1.webp","width":900,"height":592,"caption":"Gerson em a\u00e7\u00e3o pelo Flamengo (Foto: Gilvan de Souza\/Flamengo)"},{"@type":"BreadcrumbList","@id":"https:\/\/www.gaveanews.com\/index.php\/2025\/04\/19\/vasco-x-flamengo-a-declaracao-de-gerson\/#breadcrumb","itemListElement":[{"@type":"ListItem","position":1,"name":"Home","item":"https:\/\/www.gaveanews.com\/"},{"@type":"ListItem","position":2,"name":"Vasco x Flamengo: a declara\u00e7\u00e3o de Gerson"}]},{"@type":"WebSite","@id":"https:\/\/www.gaveanews.com\/#website","url":"https:\/\/www.gaveanews.com\/","name":"G\u00e1vea News","description":"Veja todas as not\u00edcias sobre o Flamengo: Contrata\u00e7\u00f5es, categorias de base, resultados das partidas, tabela de classifica\u00e7\u00e3o, pr\u00f3ximos jogos!","potentialAction":[{"@type":"SearchAction","target":{"@type":"EntryPoint","urlTemplate":"https:\/\/www.gaveanews.com\/?s={search_term_string}"},"query-input":{"@type":"PropertyValueSpecification","valueRequired":true,"valueName":"search_term_string"}}],"inLanguage":"pt-BR"},{"@type":"Person","@id":"https:\/\/www.gaveanews.com\/#\/schema\/person\/daf63eec72e1164eb13dc35096c2b8da","name":"Paula Silva","image":{"@type":"ImageObject","inLanguage":"pt-BR","@id":"https:\/\/www.gaveanews.com\/#\/schema\/person\/image\/","url":"https:\/\/secure.gravatar.com\/avatar\/eda381c845527cc5d64c13b901833cda29d97500ba040d3e6461f76f51d163bb?s=96&d=mm&r=g","contentUrl":"https:\/\/secure.gravatar.com\/avatar\/eda381c845527cc5d64c13b901833cda29d97500ba040d3e6461f76f51d163bb?s=96&d=mm&r=g","caption":"Paula Silva"}}]}},"_links":{"self":[{"href":"https:\/\/www.gaveanews.com\/index.php\/wp-json\/wp\/v2\/posts\/255676","targetHints":{"allow":["GET"]}}],"collection":[{"href":"https:\/\/www.gaveanews.com\/index.php\/wp-json\/wp\/v2\/posts"}],"about":[{"href":"https:\/\/www.gaveanews.com\/index.php\/wp-json\/wp\/v2\/types\/post"}],"author":[{"embeddable":true,"href":"https:\/\/www.gaveanews.com\/index.php\/wp-json\/wp\/v2\/users\/18"}],"replies":[{"embeddable":true,"href":"https:\/\/www.gaveanews.com\/index.php\/wp-json\/wp\/v2\/comments?post=255676"}],"version-history":[{"count":1,"href":"https:\/\/www.gaveanews.com\/index.php\/wp-json\/wp\/v2\/posts\/255676\/revisions"}],"predecessor-version":[{"id":255677,"href":"https:\/\/www.gaveanews.com\/index.php\/wp-json\/wp\/v2\/posts\/255676\/revisions\/255677"}],"wp:featuredmedia":[{"embeddable":true,"href":"https:\/\/www.gaveanews.com\/index.php\/wp-json\/wp\/v2\/media\/148164"}],"wp:attachment":[{"href":"https:\/\/www.gaveanews.com\/index.php\/wp-json\/wp\/v2\/media?parent=255676"}],"wp:term":[{"taxonomy":"category","embeddable":true,"href":"https:\/\/www.gaveanews.com\/index.php\/wp-json\/wp\/v2\/categories?post=255676"},{"taxonomy":"post_tag","embeddable":true,"href":"https:\/\/www.gaveanews.com\/index.php\/wp-json\/wp\/v2\/tags?post=255676"}],"curies":[{"name":"wp","href":"https:\/\/api.w.org\/{rel}","templated":true}]}}