{"id":255679,"date":"2025-04-19T21:05:38","date_gmt":"2025-04-20T00:05:38","guid":{"rendered":"https:\/\/www.gaveanews.com\/?p=255679"},"modified":"2025-04-19T21:05:42","modified_gmt":"2025-04-20T00:05:42","slug":"vasco-x-flamengo-a-declaracao-de-leo-jardim","status":"publish","type":"post","link":"https:\/\/www.gaveanews.com\/index.php\/2025\/04\/19\/vasco-x-flamengo-a-declaracao-de-leo-jardim\/","title":{"rendered":"Vasco x Flamengo: a declara\u00e7\u00e3o de L\u00e9o Jardim"},"content":{"rendered":"\n<p>Neste s\u00e1bado (19), no Maracan\u00e3, Flamengo e Vasco da Gama n\u00e3o sa\u00edram do 0 a 0, em jogo v\u00e1lido pela quinta rodada do Campeonato Brasileiro. A partida foi bem disputada, mas os times n\u00e3o conseguiram estufar as redes, e cada uma conquistou apenas um ponto na tabela. <\/p>\n\n\n\n<p>Respons\u00e1vel direto pelo Vasco n\u00e3o ter sido vazado, L\u00e9o Jardim foi eleito o craque do jogo, e concedeu entrevista ao final do embate.<\/p>\n\n\n\n<p>&#8220;Fico feliz em poder ajudar a equipe. Eu acredito que o jogo foi como um cl\u00e1ssico tem que ser. Eu acredito que foi um jogo muito disputado, muito aberto. N\u00f3s tivemos oportunidades tamb\u00e9m de poder fazer o gol, de poder ganhar a partida. E eu estou l\u00e1 para poder ajudar quando a equipe precisar. \u00c9 para isso que eu trabalho, \u00e9 para isso que eu me dedico todos os dias. Ent\u00e3o eu fico feliz em poder ajudar. \u00c9 claro que a gente queria a vit\u00f3ria, mas \u00e9 um ponto que a gente n\u00e3o pode desperdi\u00e7ar&#8221;, iniciou: <\/p>\n\n\n\n<p>&#8220;Eu fico muito feliz pelo carinho da torcida. Desde que eu cheguei, sempre tive um carinho espetacular da torcida. Sempre me receberam, me deram apoio. Ent\u00e3o eu fico feliz em poder retribuir. A forma que eu posso retribuir \u00e9 assim, trabalhando, ajudando a equipe nos jogos. Fico feliz, fico feliz pelo carinho, pelo apoio e por poder ajudar&#8221;, concluiu.<\/p>\n\n\n\n<p>Comentarista da partida, Rom\u00e1rio elogiou muito a atua\u00e7\u00e3o do goleiro cruzmaltino e o convidou a participar do seu canal Rom\u00e1rio TV. L\u00e9o Jardim agradeceu.<\/p>\n\n\n\n<p>&#8220;Agrade\u00e7o, \u00e9 uma honra receber um elogio da Rom\u00e1rio. E com certeza vamos organizar uma data para poder participar. Vai ser uma honra para mim&#8221;.<\/p>\n\n\n\n<p>Ap\u00f3s empatar com o Flamengo, o Vasco da Gama se prepara para o pr\u00f3ximo desafio, o jogo contra o Lan\u00fas, pela Sul-Americana. A partida ser\u00e1 dia 22, em S\u00e3o Janu\u00e1rio, \u00e0s 21h30 (de Bras\u00edlia). <\/p>\n","protected":false},"excerpt":{"rendered":"<p>Neste s\u00e1bado (19), no Maracan\u00e3, Flamengo e Vasco da Gama n\u00e3o sa\u00edram do 0 a 0, em jogo v\u00e1lido pela quinta rodada do Campeonato Brasileiro. A partida foi bem disputada, mas os times n\u00e3o conseguiram estufar as redes, e cada uma conquistou apenas um ponto na tabela. Respons\u00e1vel direto pelo Vasco n\u00e3o ter sido vazado, [&hellip;]<\/p>\n","protected":false},"author":18,"featured_media":169868,"comment_status":"open","ping_status":"closed","sticky":false,"template":"","format":"standard","meta":{"footnotes":""},"categories":[152],"tags":[],"class_list":["post-255679","post","type-post","status-publish","format-standard","has-post-thumbnail","hentry","category-vasco"],"yoast_head":"<!-- This site is optimized with the Yoast SEO Premium plugin v24.2 (Yoast SEO v26.9) - https:\/\/yoast.com\/product\/yoast-seo-premium-wordpress\/ -->\n<title>Vasco x Flamengo: a declara\u00e7\u00e3o de L\u00e9o Jardim<\/title>\n<meta name=\"robots\" content=\"index, follow, max-snippet:-1, max-image-preview:large, max-video-preview:-1\" \/>\n<link rel=\"canonical\" href=\"https:\/\/www.gaveanews.com\/index.php\/2025\/04\/19\/vasco-x-flamengo-a-declaracao-de-leo-jardim\/\" \/>\n<meta property=\"og:locale\" content=\"pt_BR\" \/>\n<meta property=\"og:type\" content=\"article\" \/>\n<meta property=\"og:title\" content=\"Vasco x Flamengo: a declara\u00e7\u00e3o de L\u00e9o Jardim\" \/>\n<meta property=\"og:description\" content=\"Neste s\u00e1bado (19), no Maracan\u00e3, Flamengo e Vasco da Gama n\u00e3o sa\u00edram do 0 a 0, em jogo v\u00e1lido pela quinta rodada do Campeonato Brasileiro. A partida foi bem disputada, mas os times n\u00e3o conseguiram estufar as redes, e cada uma conquistou apenas um ponto na tabela. Respons\u00e1vel direto pelo Vasco n\u00e3o ter sido vazado, [&hellip;]\" \/>\n<meta property=\"og:url\" content=\"https:\/\/www.gaveanews.com\/index.php\/2025\/04\/19\/vasco-x-flamengo-a-declaracao-de-leo-jardim\/\" \/>\n<meta property=\"og:site_name\" content=\"G\u00e1vea News\" \/>\n<meta property=\"article:publisher\" content=\"https:\/\/facebook.com\/gaveaNews\/\" \/>\n<meta property=\"article:published_time\" content=\"2025-04-20T00:05:38+00:00\" \/>\n<meta property=\"article:modified_time\" content=\"2025-04-20T00:05:42+00:00\" \/>\n<meta property=\"og:image\" content=\"http:\/\/www.gaveanews.com\/wp-content\/uploads\/Leo-Jardim-em-acao-pelo-Vasco.webp\" \/>\n\t<meta property=\"og:image:width\" content=\"1600\" \/>\n\t<meta property=\"og:image:height\" content=\"1000\" \/>\n\t<meta property=\"og:image:type\" content=\"image\/jpeg\" \/>\n<meta name=\"author\" content=\"Paula Silva\" \/>\n<meta name=\"twitter:card\" content=\"summary_large_image\" \/>\n<meta name=\"twitter:label1\" content=\"Escrito por\" \/>\n\t<meta name=\"twitter:data1\" content=\"Paula Silva\" \/>\n\t<meta name=\"twitter:label2\" content=\"Est. tempo de leitura\" \/>\n\t<meta name=\"twitter:data2\" content=\"2 minutos\" \/>\n<script type=\"application\/ld+json\" class=\"yoast-schema-graph\">{\"@context\":\"https:\/\/schema.org\",\"@graph\":[{\"@type\":\"NewsArticle\",\"@id\":\"https:\/\/www.gaveanews.com\/index.php\/2025\/04\/19\/vasco-x-flamengo-a-declaracao-de-leo-jardim\/#article\",\"isPartOf\":{\"@id\":\"https:\/\/www.gaveanews.com\/index.php\/2025\/04\/19\/vasco-x-flamengo-a-declaracao-de-leo-jardim\/\"},\"author\":{\"name\":\"Paula Silva\",\"@id\":\"https:\/\/www.gaveanews.com\/#\/schema\/person\/daf63eec72e1164eb13dc35096c2b8da\"},\"headline\":\"Vasco x Flamengo: a declara\u00e7\u00e3o de L\u00e9o Jardim\",\"datePublished\":\"2025-04-20T00:05:38+00:00\",\"dateModified\":\"2025-04-20T00:05:42+00:00\",\"mainEntityOfPage\":{\"@id\":\"https:\/\/www.gaveanews.com\/index.php\/2025\/04\/19\/vasco-x-flamengo-a-declaracao-de-leo-jardim\/\"},\"wordCount\":336,\"commentCount\":0,\"image\":{\"@id\":\"https:\/\/www.gaveanews.com\/index.php\/2025\/04\/19\/vasco-x-flamengo-a-declaracao-de-leo-jardim\/#primaryimage\"},\"thumbnailUrl\":\"https:\/\/www.gaveanews.com\/wp-content\/uploads\/Leo-Jardim-em-acao-pelo-Vasco.webp\",\"articleSection\":[\"Vasco\"],\"inLanguage\":\"pt-BR\",\"potentialAction\":[{\"@type\":\"CommentAction\",\"name\":\"Comment\",\"target\":[\"https:\/\/www.gaveanews.com\/index.php\/2025\/04\/19\/vasco-x-flamengo-a-declaracao-de-leo-jardim\/#respond\"]}],\"copyrightYear\":\"2025\",\"copyrightHolder\":{\"@id\":\"https:\/\/www.gaveanews.com\/#organization\"}},{\"@type\":\"WebPage\",\"@id\":\"https:\/\/www.gaveanews.com\/index.php\/2025\/04\/19\/vasco-x-flamengo-a-declaracao-de-leo-jardim\/\",\"url\":\"https:\/\/www.gaveanews.com\/index.php\/2025\/04\/19\/vasco-x-flamengo-a-declaracao-de-leo-jardim\/\",\"name\":\"Vasco x Flamengo: a declara\u00e7\u00e3o de L\u00e9o Jardim\",\"isPartOf\":{\"@id\":\"https:\/\/www.gaveanews.com\/#website\"},\"primaryImageOfPage\":{\"@id\":\"https:\/\/www.gaveanews.com\/index.php\/2025\/04\/19\/vasco-x-flamengo-a-declaracao-de-leo-jardim\/#primaryimage\"},\"image\":{\"@id\":\"https:\/\/www.gaveanews.com\/index.php\/2025\/04\/19\/vasco-x-flamengo-a-declaracao-de-leo-jardim\/#primaryimage\"},\"thumbnailUrl\":\"https:\/\/www.gaveanews.com\/wp-content\/uploads\/Leo-Jardim-em-acao-pelo-Vasco.webp\",\"datePublished\":\"2025-04-20T00:05:38+00:00\",\"dateModified\":\"2025-04-20T00:05:42+00:00\",\"author\":{\"@id\":\"https:\/\/www.gaveanews.com\/#\/schema\/person\/daf63eec72e1164eb13dc35096c2b8da\"},\"breadcrumb\":{\"@id\":\"https:\/\/www.gaveanews.com\/index.php\/2025\/04\/19\/vasco-x-flamengo-a-declaracao-de-leo-jardim\/#breadcrumb\"},\"inLanguage\":\"pt-BR\",\"potentialAction\":[{\"@type\":\"ReadAction\",\"target\":[\"https:\/\/www.gaveanews.com\/index.php\/2025\/04\/19\/vasco-x-flamengo-a-declaracao-de-leo-jardim\/\"]}]},{\"@type\":\"ImageObject\",\"inLanguage\":\"pt-BR\",\"@id\":\"https:\/\/www.gaveanews.com\/index.php\/2025\/04\/19\/vasco-x-flamengo-a-declaracao-de-leo-jardim\/#primaryimage\",\"url\":\"https:\/\/www.gaveanews.com\/wp-content\/uploads\/Leo-Jardim-em-acao-pelo-Vasco.webp\",\"contentUrl\":\"https:\/\/www.gaveanews.com\/wp-content\/uploads\/Leo-Jardim-em-acao-pelo-Vasco.webp\",\"width\":1600,\"height\":1000,\"caption\":\"L\u00e9o Jardim em a\u00e7\u00e3o pelo Vasco (Foto: Leandro Amorim\/Vasco)\"},{\"@type\":\"BreadcrumbList\",\"@id\":\"https:\/\/www.gaveanews.com\/index.php\/2025\/04\/19\/vasco-x-flamengo-a-declaracao-de-leo-jardim\/#breadcrumb\",\"itemListElement\":[{\"@type\":\"ListItem\",\"position\":1,\"name\":\"Home\",\"item\":\"https:\/\/www.gaveanews.com\/\"},{\"@type\":\"ListItem\",\"position\":2,\"name\":\"Vasco x Flamengo: a declara\u00e7\u00e3o de L\u00e9o Jardim\"}]},{\"@type\":\"WebSite\",\"@id\":\"https:\/\/www.gaveanews.com\/#website\",\"url\":\"https:\/\/www.gaveanews.com\/\",\"name\":\"G\u00e1vea News\",\"description\":\"Veja todas as not\u00edcias sobre o Flamengo: Contrata\u00e7\u00f5es, categorias de base, resultados das partidas, tabela de classifica\u00e7\u00e3o, pr\u00f3ximos jogos!\",\"potentialAction\":[{\"@type\":\"SearchAction\",\"target\":{\"@type\":\"EntryPoint\",\"urlTemplate\":\"https:\/\/www.gaveanews.com\/?s={search_term_string}\"},\"query-input\":{\"@type\":\"PropertyValueSpecification\",\"valueRequired\":true,\"valueName\":\"search_term_string\"}}],\"inLanguage\":\"pt-BR\"},{\"@type\":\"Person\",\"@id\":\"https:\/\/www.gaveanews.com\/#\/schema\/person\/daf63eec72e1164eb13dc35096c2b8da\",\"name\":\"Paula Silva\",\"image\":{\"@type\":\"ImageObject\",\"inLanguage\":\"pt-BR\",\"@id\":\"https:\/\/www.gaveanews.com\/#\/schema\/person\/image\/\",\"url\":\"https:\/\/secure.gravatar.com\/avatar\/eda381c845527cc5d64c13b901833cda29d97500ba040d3e6461f76f51d163bb?s=96&d=mm&r=g\",\"contentUrl\":\"https:\/\/secure.gravatar.com\/avatar\/eda381c845527cc5d64c13b901833cda29d97500ba040d3e6461f76f51d163bb?s=96&d=mm&r=g\",\"caption\":\"Paula Silva\"}}]}<\/script>\n<!-- \/ Yoast SEO Premium plugin. -->","yoast_head_json":{"title":"Vasco x Flamengo: a declara\u00e7\u00e3o de L\u00e9o Jardim","robots":{"index":"index","follow":"follow","max-snippet":"max-snippet:-1","max-image-preview":"max-image-preview:large","max-video-preview":"max-video-preview:-1"},"canonical":"https:\/\/www.gaveanews.com\/index.php\/2025\/04\/19\/vasco-x-flamengo-a-declaracao-de-leo-jardim\/","og_locale":"pt_BR","og_type":"article","og_title":"Vasco x Flamengo: a declara\u00e7\u00e3o de L\u00e9o Jardim","og_description":"Neste s\u00e1bado (19), no Maracan\u00e3, Flamengo e Vasco da Gama n\u00e3o sa\u00edram do 0 a 0, em jogo v\u00e1lido pela quinta rodada do Campeonato Brasileiro. A partida foi bem disputada, mas os times n\u00e3o conseguiram estufar as redes, e cada uma conquistou apenas um ponto na tabela. Respons\u00e1vel direto pelo Vasco n\u00e3o ter sido vazado, [&hellip;]","og_url":"https:\/\/www.gaveanews.com\/index.php\/2025\/04\/19\/vasco-x-flamengo-a-declaracao-de-leo-jardim\/","og_site_name":"G\u00e1vea News","article_publisher":"https:\/\/facebook.com\/gaveaNews\/","article_published_time":"2025-04-20T00:05:38+00:00","article_modified_time":"2025-04-20T00:05:42+00:00","og_image":[{"width":1600,"height":1000,"url":"http:\/\/www.gaveanews.com\/wp-content\/uploads\/Leo-Jardim-em-acao-pelo-Vasco.webp","type":"image\/jpeg"}],"author":"Paula Silva","twitter_card":"summary_large_image","twitter_misc":{"Escrito por":"Paula Silva","Est. tempo de leitura":"2 minutos"},"schema":{"@context":"https:\/\/schema.org","@graph":[{"@type":"NewsArticle","@id":"https:\/\/www.gaveanews.com\/index.php\/2025\/04\/19\/vasco-x-flamengo-a-declaracao-de-leo-jardim\/#article","isPartOf":{"@id":"https:\/\/www.gaveanews.com\/index.php\/2025\/04\/19\/vasco-x-flamengo-a-declaracao-de-leo-jardim\/"},"author":{"name":"Paula Silva","@id":"https:\/\/www.gaveanews.com\/#\/schema\/person\/daf63eec72e1164eb13dc35096c2b8da"},"headline":"Vasco x Flamengo: a declara\u00e7\u00e3o de L\u00e9o Jardim","datePublished":"2025-04-20T00:05:38+00:00","dateModified":"2025-04-20T00:05:42+00:00","mainEntityOfPage":{"@id":"https:\/\/www.gaveanews.com\/index.php\/2025\/04\/19\/vasco-x-flamengo-a-declaracao-de-leo-jardim\/"},"wordCount":336,"commentCount":0,"image":{"@id":"https:\/\/www.gaveanews.com\/index.php\/2025\/04\/19\/vasco-x-flamengo-a-declaracao-de-leo-jardim\/#primaryimage"},"thumbnailUrl":"https:\/\/www.gaveanews.com\/wp-content\/uploads\/Leo-Jardim-em-acao-pelo-Vasco.webp","articleSection":["Vasco"],"inLanguage":"pt-BR","potentialAction":[{"@type":"CommentAction","name":"Comment","target":["https:\/\/www.gaveanews.com\/index.php\/2025\/04\/19\/vasco-x-flamengo-a-declaracao-de-leo-jardim\/#respond"]}],"copyrightYear":"2025","copyrightHolder":{"@id":"https:\/\/www.gaveanews.com\/#organization"}},{"@type":"WebPage","@id":"https:\/\/www.gaveanews.com\/index.php\/2025\/04\/19\/vasco-x-flamengo-a-declaracao-de-leo-jardim\/","url":"https:\/\/www.gaveanews.com\/index.php\/2025\/04\/19\/vasco-x-flamengo-a-declaracao-de-leo-jardim\/","name":"Vasco x Flamengo: a declara\u00e7\u00e3o de L\u00e9o Jardim","isPartOf":{"@id":"https:\/\/www.gaveanews.com\/#website"},"primaryImageOfPage":{"@id":"https:\/\/www.gaveanews.com\/index.php\/2025\/04\/19\/vasco-x-flamengo-a-declaracao-de-leo-jardim\/#primaryimage"},"image":{"@id":"https:\/\/www.gaveanews.com\/index.php\/2025\/04\/19\/vasco-x-flamengo-a-declaracao-de-leo-jardim\/#primaryimage"},"thumbnailUrl":"https:\/\/www.gaveanews.com\/wp-content\/uploads\/Leo-Jardim-em-acao-pelo-Vasco.webp","datePublished":"2025-04-20T00:05:38+00:00","dateModified":"2025-04-20T00:05:42+00:00","author":{"@id":"https:\/\/www.gaveanews.com\/#\/schema\/person\/daf63eec72e1164eb13dc35096c2b8da"},"breadcrumb":{"@id":"https:\/\/www.gaveanews.com\/index.php\/2025\/04\/19\/vasco-x-flamengo-a-declaracao-de-leo-jardim\/#breadcrumb"},"inLanguage":"pt-BR","potentialAction":[{"@type":"ReadAction","target":["https:\/\/www.gaveanews.com\/index.php\/2025\/04\/19\/vasco-x-flamengo-a-declaracao-de-leo-jardim\/"]}]},{"@type":"ImageObject","inLanguage":"pt-BR","@id":"https:\/\/www.gaveanews.com\/index.php\/2025\/04\/19\/vasco-x-flamengo-a-declaracao-de-leo-jardim\/#primaryimage","url":"https:\/\/www.gaveanews.com\/wp-content\/uploads\/Leo-Jardim-em-acao-pelo-Vasco.webp","contentUrl":"https:\/\/www.gaveanews.com\/wp-content\/uploads\/Leo-Jardim-em-acao-pelo-Vasco.webp","width":1600,"height":1000,"caption":"L\u00e9o Jardim em a\u00e7\u00e3o pelo Vasco (Foto: Leandro Amorim\/Vasco)"},{"@type":"BreadcrumbList","@id":"https:\/\/www.gaveanews.com\/index.php\/2025\/04\/19\/vasco-x-flamengo-a-declaracao-de-leo-jardim\/#breadcrumb","itemListElement":[{"@type":"ListItem","position":1,"name":"Home","item":"https:\/\/www.gaveanews.com\/"},{"@type":"ListItem","position":2,"name":"Vasco x Flamengo: a declara\u00e7\u00e3o de L\u00e9o Jardim"}]},{"@type":"WebSite","@id":"https:\/\/www.gaveanews.com\/#website","url":"https:\/\/www.gaveanews.com\/","name":"G\u00e1vea News","description":"Veja todas as not\u00edcias sobre o Flamengo: Contrata\u00e7\u00f5es, categorias de base, resultados das partidas, tabela de classifica\u00e7\u00e3o, pr\u00f3ximos jogos!","potentialAction":[{"@type":"SearchAction","target":{"@type":"EntryPoint","urlTemplate":"https:\/\/www.gaveanews.com\/?s={search_term_string}"},"query-input":{"@type":"PropertyValueSpecification","valueRequired":true,"valueName":"search_term_string"}}],"inLanguage":"pt-BR"},{"@type":"Person","@id":"https:\/\/www.gaveanews.com\/#\/schema\/person\/daf63eec72e1164eb13dc35096c2b8da","name":"Paula Silva","image":{"@type":"ImageObject","inLanguage":"pt-BR","@id":"https:\/\/www.gaveanews.com\/#\/schema\/person\/image\/","url":"https:\/\/secure.gravatar.com\/avatar\/eda381c845527cc5d64c13b901833cda29d97500ba040d3e6461f76f51d163bb?s=96&d=mm&r=g","contentUrl":"https:\/\/secure.gravatar.com\/avatar\/eda381c845527cc5d64c13b901833cda29d97500ba040d3e6461f76f51d163bb?s=96&d=mm&r=g","caption":"Paula Silva"}}]}},"_links":{"self":[{"href":"https:\/\/www.gaveanews.com\/index.php\/wp-json\/wp\/v2\/posts\/255679","targetHints":{"allow":["GET"]}}],"collection":[{"href":"https:\/\/www.gaveanews.com\/index.php\/wp-json\/wp\/v2\/posts"}],"about":[{"href":"https:\/\/www.gaveanews.com\/index.php\/wp-json\/wp\/v2\/types\/post"}],"author":[{"embeddable":true,"href":"https:\/\/www.gaveanews.com\/index.php\/wp-json\/wp\/v2\/users\/18"}],"replies":[{"embeddable":true,"href":"https:\/\/www.gaveanews.com\/index.php\/wp-json\/wp\/v2\/comments?post=255679"}],"version-history":[{"count":1,"href":"https:\/\/www.gaveanews.com\/index.php\/wp-json\/wp\/v2\/posts\/255679\/revisions"}],"predecessor-version":[{"id":255680,"href":"https:\/\/www.gaveanews.com\/index.php\/wp-json\/wp\/v2\/posts\/255679\/revisions\/255680"}],"wp:featuredmedia":[{"embeddable":true,"href":"https:\/\/www.gaveanews.com\/index.php\/wp-json\/wp\/v2\/media\/169868"}],"wp:attachment":[{"href":"https:\/\/www.gaveanews.com\/index.php\/wp-json\/wp\/v2\/media?parent=255679"}],"wp:term":[{"taxonomy":"category","embeddable":true,"href":"https:\/\/www.gaveanews.com\/index.php\/wp-json\/wp\/v2\/categories?post=255679"},{"taxonomy":"post_tag","embeddable":true,"href":"https:\/\/www.gaveanews.com\/index.php\/wp-json\/wp\/v2\/tags?post=255679"}],"curies":[{"name":"wp","href":"https:\/\/api.w.org\/{rel}","templated":true}]}}