{"id":255690,"date":"2025-04-19T21:15:52","date_gmt":"2025-04-20T00:15:52","guid":{"rendered":"https:\/\/www.gaveanews.com\/?p=255690"},"modified":"2025-04-19T21:15:55","modified_gmt":"2025-04-20T00:15:55","slug":"flamengo-faz-publicacao-direcionada-ao-goleiro-do-vasco","status":"publish","type":"post","link":"https:\/\/www.gaveanews.com\/index.php\/2025\/04\/19\/flamengo-faz-publicacao-direcionada-ao-goleiro-do-vasco\/","title":{"rendered":"Flamengo faz publica\u00e7\u00e3o direcionada ao goleiro do Vasco"},"content":{"rendered":"\n<p>Na noite de s\u00e1bado (19), o Maracan\u00e3 foi palco de um cl\u00e1ssico bastante disputado entre Vasco e Flamengo, v\u00e1lido pela quinta rodada do Campeonato Brasileiro. O empate em 0 a 0, embora sem gols, foi marcado por muita intensidade e por uma atua\u00e7\u00e3o de destaque do goleiro vasca\u00edno L\u00e9o Jardim, que impediu diversas investidas do rival.<\/p>\n\n\n\n<p>A partida teve um in\u00edcio animado, com o Vasco surpreendendo ao adotar postura ofensiva, apesar da press\u00e3o sobre o t\u00e9cnico Fabio Carille. Aos 6 minutos, Paulo Henrique finalizou de fora da \u00e1rea e acertou a trave de Rossi, dando o primeiro grande susto ao Flamengo. O Rubro-Negro, no entanto, reagiu ainda na etapa inicial, principalmente com Gerson, que exigiu defesa dif\u00edcil de L\u00e9o Jardim.<\/p>\n\n\n\n<p>Na segunda etapa, o dom\u00ednio territorial foi do Flamengo. O t\u00e9cnico Filipe Lu\u00eds colocou Pedro em campo aos 21 minutos, e a resposta foi imediata. Aos 28, o atacante cabeceou com perigo e obrigou L\u00e9o Jardim a operar o que muitos consideraram um milagre. Pouco depois, Plata teve outra chance de cabe\u00e7a, mas o goleiro novamente interveio com seguran\u00e7a.<\/p>\n\n\n\n<p>A boa atua\u00e7\u00e3o de L\u00e9o Jardim e as grandes defesas surpreenderam, e o Flamengo fez uma publica\u00e7\u00e3o destinada ao goleiro. No &#8216;X&#8217;, antigo Twitter, o Mengo narrou uma jogada de perigo, que terminou com defesa do atleta vasca\u00edno, e escreveu: &#8220;virou o Neuer&#8221;. A compara\u00e7\u00e3o \u00e9 ao ex\u00edmio goleiro do Bayern de Munique.<\/p>\n\n\n\n<blockquote class=\"twitter-tweet\"><p lang=\"pt\" dir=\"ltr\">Virou o Neuer.<\/p>&mdash; Flamengo (@Flamengo) <a href=\"https:\/\/twitter.com\/Flamengo\/status\/1913734518114062799?ref_src=twsrc%5Etfw\">April 19, 2025<\/a><\/blockquote> <script async src=\"https:\/\/platform.twitter.com\/widgets.js\" charset=\"utf-8\"><\/script>\n\n\n\n<p><\/p>\n\n\n\n<p>Com o resultado, o Flamengo se manteve na lideran\u00e7a provis\u00f3ria da competi\u00e7\u00e3o com 11 pontos, podendo ser ultrapassado no domingo por Palmeiras ou Fluminense. O Vasco chegou aos sete pontos e caiu para a oitava coloca\u00e7\u00e3o, aliviando um pouco a press\u00e3o sobre Carille, que ainda busca estabilidade no comando.<\/p>\n\n\n\n<p>Agora, as equipes se preparam para compromissos internacionais. O Vasco recebe o Lan\u00fas na ter\u00e7a-feira (22 de abril), pela Copa Sul-Americana, enquanto o Flamengo enfrenta a LDU, no Equador, pela Libertadores, no mesmo dia. Ambos ter\u00e3o pouco tempo de prepara\u00e7\u00e3o.<\/p>\n","protected":false},"excerpt":{"rendered":"<p>Na noite de s\u00e1bado (19), o Maracan\u00e3 foi palco de um cl\u00e1ssico bastante disputado entre Vasco e Flamengo, v\u00e1lido pela quinta rodada do Campeonato Brasileiro. O empate em 0 a 0, embora sem gols, foi marcado por muita intensidade e por uma atua\u00e7\u00e3o de destaque do goleiro vasca\u00edno L\u00e9o Jardim, que impediu diversas investidas do [&hellip;]<\/p>\n","protected":false},"author":18,"featured_media":169868,"comment_status":"open","ping_status":"closed","sticky":false,"template":"","format":"standard","meta":{"footnotes":""},"categories":[1,152],"tags":[],"class_list":["post-255690","post","type-post","status-publish","format-standard","has-post-thumbnail","hentry","category-flamengo","category-vasco"],"yoast_head":"<!-- This site is optimized with the Yoast SEO Premium plugin v24.2 (Yoast SEO v26.9) - https:\/\/yoast.com\/product\/yoast-seo-premium-wordpress\/ -->\n<title>Flamengo faz publica\u00e7\u00e3o direcionada ao goleiro do Vasco<\/title>\n<meta name=\"robots\" content=\"index, follow, max-snippet:-1, max-image-preview:large, max-video-preview:-1\" \/>\n<link rel=\"canonical\" href=\"https:\/\/www.gaveanews.com\/index.php\/2025\/04\/19\/flamengo-faz-publicacao-direcionada-ao-goleiro-do-vasco\/\" \/>\n<meta property=\"og:locale\" content=\"pt_BR\" \/>\n<meta property=\"og:type\" content=\"article\" \/>\n<meta property=\"og:title\" content=\"Flamengo faz publica\u00e7\u00e3o direcionada ao goleiro do Vasco\" \/>\n<meta property=\"og:description\" content=\"Na noite de s\u00e1bado (19), o Maracan\u00e3 foi palco de um cl\u00e1ssico bastante disputado entre Vasco e Flamengo, v\u00e1lido pela quinta rodada do Campeonato Brasileiro. O empate em 0 a 0, embora sem gols, foi marcado por muita intensidade e por uma atua\u00e7\u00e3o de destaque do goleiro vasca\u00edno L\u00e9o Jardim, que impediu diversas investidas do [&hellip;]\" \/>\n<meta property=\"og:url\" content=\"https:\/\/www.gaveanews.com\/index.php\/2025\/04\/19\/flamengo-faz-publicacao-direcionada-ao-goleiro-do-vasco\/\" \/>\n<meta property=\"og:site_name\" content=\"G\u00e1vea News\" \/>\n<meta property=\"article:publisher\" content=\"https:\/\/facebook.com\/gaveaNews\/\" \/>\n<meta property=\"article:published_time\" content=\"2025-04-20T00:15:52+00:00\" \/>\n<meta property=\"article:modified_time\" content=\"2025-04-20T00:15:55+00:00\" \/>\n<meta property=\"og:image\" content=\"http:\/\/www.gaveanews.com\/wp-content\/uploads\/Leo-Jardim-em-acao-pelo-Vasco.webp\" \/>\n\t<meta property=\"og:image:width\" content=\"1600\" \/>\n\t<meta property=\"og:image:height\" content=\"1000\" \/>\n\t<meta property=\"og:image:type\" content=\"image\/jpeg\" \/>\n<meta name=\"author\" content=\"Paula Silva\" \/>\n<meta name=\"twitter:card\" content=\"summary_large_image\" \/>\n<meta name=\"twitter:label1\" content=\"Escrito por\" \/>\n\t<meta name=\"twitter:data1\" content=\"Paula Silva\" \/>\n\t<meta name=\"twitter:label2\" content=\"Est. tempo de leitura\" \/>\n\t<meta name=\"twitter:data2\" content=\"2 minutos\" \/>\n<script type=\"application\/ld+json\" class=\"yoast-schema-graph\">{\"@context\":\"https:\/\/schema.org\",\"@graph\":[{\"@type\":\"NewsArticle\",\"@id\":\"https:\/\/www.gaveanews.com\/index.php\/2025\/04\/19\/flamengo-faz-publicacao-direcionada-ao-goleiro-do-vasco\/#article\",\"isPartOf\":{\"@id\":\"https:\/\/www.gaveanews.com\/index.php\/2025\/04\/19\/flamengo-faz-publicacao-direcionada-ao-goleiro-do-vasco\/\"},\"author\":{\"name\":\"Paula Silva\",\"@id\":\"https:\/\/www.gaveanews.com\/#\/schema\/person\/daf63eec72e1164eb13dc35096c2b8da\"},\"headline\":\"Flamengo faz publica\u00e7\u00e3o direcionada ao goleiro do Vasco\",\"datePublished\":\"2025-04-20T00:15:52+00:00\",\"dateModified\":\"2025-04-20T00:15:55+00:00\",\"mainEntityOfPage\":{\"@id\":\"https:\/\/www.gaveanews.com\/index.php\/2025\/04\/19\/flamengo-faz-publicacao-direcionada-ao-goleiro-do-vasco\/\"},\"wordCount\":360,\"commentCount\":0,\"image\":{\"@id\":\"https:\/\/www.gaveanews.com\/index.php\/2025\/04\/19\/flamengo-faz-publicacao-direcionada-ao-goleiro-do-vasco\/#primaryimage\"},\"thumbnailUrl\":\"https:\/\/www.gaveanews.com\/wp-content\/uploads\/Leo-Jardim-em-acao-pelo-Vasco.webp\",\"articleSection\":[\"Flamengo\",\"Vasco\"],\"inLanguage\":\"pt-BR\",\"potentialAction\":[{\"@type\":\"CommentAction\",\"name\":\"Comment\",\"target\":[\"https:\/\/www.gaveanews.com\/index.php\/2025\/04\/19\/flamengo-faz-publicacao-direcionada-ao-goleiro-do-vasco\/#respond\"]}],\"copyrightYear\":\"2025\",\"copyrightHolder\":{\"@id\":\"https:\/\/www.gaveanews.com\/#organization\"}},{\"@type\":\"WebPage\",\"@id\":\"https:\/\/www.gaveanews.com\/index.php\/2025\/04\/19\/flamengo-faz-publicacao-direcionada-ao-goleiro-do-vasco\/\",\"url\":\"https:\/\/www.gaveanews.com\/index.php\/2025\/04\/19\/flamengo-faz-publicacao-direcionada-ao-goleiro-do-vasco\/\",\"name\":\"Flamengo faz publica\u00e7\u00e3o direcionada ao goleiro do Vasco\",\"isPartOf\":{\"@id\":\"https:\/\/www.gaveanews.com\/#website\"},\"primaryImageOfPage\":{\"@id\":\"https:\/\/www.gaveanews.com\/index.php\/2025\/04\/19\/flamengo-faz-publicacao-direcionada-ao-goleiro-do-vasco\/#primaryimage\"},\"image\":{\"@id\":\"https:\/\/www.gaveanews.com\/index.php\/2025\/04\/19\/flamengo-faz-publicacao-direcionada-ao-goleiro-do-vasco\/#primaryimage\"},\"thumbnailUrl\":\"https:\/\/www.gaveanews.com\/wp-content\/uploads\/Leo-Jardim-em-acao-pelo-Vasco.webp\",\"datePublished\":\"2025-04-20T00:15:52+00:00\",\"dateModified\":\"2025-04-20T00:15:55+00:00\",\"author\":{\"@id\":\"https:\/\/www.gaveanews.com\/#\/schema\/person\/daf63eec72e1164eb13dc35096c2b8da\"},\"breadcrumb\":{\"@id\":\"https:\/\/www.gaveanews.com\/index.php\/2025\/04\/19\/flamengo-faz-publicacao-direcionada-ao-goleiro-do-vasco\/#breadcrumb\"},\"inLanguage\":\"pt-BR\",\"potentialAction\":[{\"@type\":\"ReadAction\",\"target\":[\"https:\/\/www.gaveanews.com\/index.php\/2025\/04\/19\/flamengo-faz-publicacao-direcionada-ao-goleiro-do-vasco\/\"]}]},{\"@type\":\"ImageObject\",\"inLanguage\":\"pt-BR\",\"@id\":\"https:\/\/www.gaveanews.com\/index.php\/2025\/04\/19\/flamengo-faz-publicacao-direcionada-ao-goleiro-do-vasco\/#primaryimage\",\"url\":\"https:\/\/www.gaveanews.com\/wp-content\/uploads\/Leo-Jardim-em-acao-pelo-Vasco.webp\",\"contentUrl\":\"https:\/\/www.gaveanews.com\/wp-content\/uploads\/Leo-Jardim-em-acao-pelo-Vasco.webp\",\"width\":1600,\"height\":1000,\"caption\":\"L\u00e9o Jardim em a\u00e7\u00e3o pelo Vasco (Foto: Leandro Amorim\/Vasco)\"},{\"@type\":\"BreadcrumbList\",\"@id\":\"https:\/\/www.gaveanews.com\/index.php\/2025\/04\/19\/flamengo-faz-publicacao-direcionada-ao-goleiro-do-vasco\/#breadcrumb\",\"itemListElement\":[{\"@type\":\"ListItem\",\"position\":1,\"name\":\"Home\",\"item\":\"https:\/\/www.gaveanews.com\/\"},{\"@type\":\"ListItem\",\"position\":2,\"name\":\"Flamengo faz publica\u00e7\u00e3o direcionada ao goleiro do Vasco\"}]},{\"@type\":\"WebSite\",\"@id\":\"https:\/\/www.gaveanews.com\/#website\",\"url\":\"https:\/\/www.gaveanews.com\/\",\"name\":\"G\u00e1vea News\",\"description\":\"Veja todas as not\u00edcias sobre o Flamengo: Contrata\u00e7\u00f5es, categorias de base, resultados das partidas, tabela de classifica\u00e7\u00e3o, pr\u00f3ximos jogos!\",\"potentialAction\":[{\"@type\":\"SearchAction\",\"target\":{\"@type\":\"EntryPoint\",\"urlTemplate\":\"https:\/\/www.gaveanews.com\/?s={search_term_string}\"},\"query-input\":{\"@type\":\"PropertyValueSpecification\",\"valueRequired\":true,\"valueName\":\"search_term_string\"}}],\"inLanguage\":\"pt-BR\"},{\"@type\":\"Person\",\"@id\":\"https:\/\/www.gaveanews.com\/#\/schema\/person\/daf63eec72e1164eb13dc35096c2b8da\",\"name\":\"Paula Silva\",\"image\":{\"@type\":\"ImageObject\",\"inLanguage\":\"pt-BR\",\"@id\":\"https:\/\/www.gaveanews.com\/#\/schema\/person\/image\/\",\"url\":\"https:\/\/secure.gravatar.com\/avatar\/eda381c845527cc5d64c13b901833cda29d97500ba040d3e6461f76f51d163bb?s=96&d=mm&r=g\",\"contentUrl\":\"https:\/\/secure.gravatar.com\/avatar\/eda381c845527cc5d64c13b901833cda29d97500ba040d3e6461f76f51d163bb?s=96&d=mm&r=g\",\"caption\":\"Paula Silva\"}}]}<\/script>\n<!-- \/ Yoast SEO Premium plugin. -->","yoast_head_json":{"title":"Flamengo faz publica\u00e7\u00e3o direcionada ao goleiro do Vasco","robots":{"index":"index","follow":"follow","max-snippet":"max-snippet:-1","max-image-preview":"max-image-preview:large","max-video-preview":"max-video-preview:-1"},"canonical":"https:\/\/www.gaveanews.com\/index.php\/2025\/04\/19\/flamengo-faz-publicacao-direcionada-ao-goleiro-do-vasco\/","og_locale":"pt_BR","og_type":"article","og_title":"Flamengo faz publica\u00e7\u00e3o direcionada ao goleiro do Vasco","og_description":"Na noite de s\u00e1bado (19), o Maracan\u00e3 foi palco de um cl\u00e1ssico bastante disputado entre Vasco e Flamengo, v\u00e1lido pela quinta rodada do Campeonato Brasileiro. O empate em 0 a 0, embora sem gols, foi marcado por muita intensidade e por uma atua\u00e7\u00e3o de destaque do goleiro vasca\u00edno L\u00e9o Jardim, que impediu diversas investidas do [&hellip;]","og_url":"https:\/\/www.gaveanews.com\/index.php\/2025\/04\/19\/flamengo-faz-publicacao-direcionada-ao-goleiro-do-vasco\/","og_site_name":"G\u00e1vea News","article_publisher":"https:\/\/facebook.com\/gaveaNews\/","article_published_time":"2025-04-20T00:15:52+00:00","article_modified_time":"2025-04-20T00:15:55+00:00","og_image":[{"width":1600,"height":1000,"url":"http:\/\/www.gaveanews.com\/wp-content\/uploads\/Leo-Jardim-em-acao-pelo-Vasco.webp","type":"image\/jpeg"}],"author":"Paula Silva","twitter_card":"summary_large_image","twitter_misc":{"Escrito por":"Paula Silva","Est. tempo de leitura":"2 minutos"},"schema":{"@context":"https:\/\/schema.org","@graph":[{"@type":"NewsArticle","@id":"https:\/\/www.gaveanews.com\/index.php\/2025\/04\/19\/flamengo-faz-publicacao-direcionada-ao-goleiro-do-vasco\/#article","isPartOf":{"@id":"https:\/\/www.gaveanews.com\/index.php\/2025\/04\/19\/flamengo-faz-publicacao-direcionada-ao-goleiro-do-vasco\/"},"author":{"name":"Paula Silva","@id":"https:\/\/www.gaveanews.com\/#\/schema\/person\/daf63eec72e1164eb13dc35096c2b8da"},"headline":"Flamengo faz publica\u00e7\u00e3o direcionada ao goleiro do Vasco","datePublished":"2025-04-20T00:15:52+00:00","dateModified":"2025-04-20T00:15:55+00:00","mainEntityOfPage":{"@id":"https:\/\/www.gaveanews.com\/index.php\/2025\/04\/19\/flamengo-faz-publicacao-direcionada-ao-goleiro-do-vasco\/"},"wordCount":360,"commentCount":0,"image":{"@id":"https:\/\/www.gaveanews.com\/index.php\/2025\/04\/19\/flamengo-faz-publicacao-direcionada-ao-goleiro-do-vasco\/#primaryimage"},"thumbnailUrl":"https:\/\/www.gaveanews.com\/wp-content\/uploads\/Leo-Jardim-em-acao-pelo-Vasco.webp","articleSection":["Flamengo","Vasco"],"inLanguage":"pt-BR","potentialAction":[{"@type":"CommentAction","name":"Comment","target":["https:\/\/www.gaveanews.com\/index.php\/2025\/04\/19\/flamengo-faz-publicacao-direcionada-ao-goleiro-do-vasco\/#respond"]}],"copyrightYear":"2025","copyrightHolder":{"@id":"https:\/\/www.gaveanews.com\/#organization"}},{"@type":"WebPage","@id":"https:\/\/www.gaveanews.com\/index.php\/2025\/04\/19\/flamengo-faz-publicacao-direcionada-ao-goleiro-do-vasco\/","url":"https:\/\/www.gaveanews.com\/index.php\/2025\/04\/19\/flamengo-faz-publicacao-direcionada-ao-goleiro-do-vasco\/","name":"Flamengo faz publica\u00e7\u00e3o direcionada ao goleiro do Vasco","isPartOf":{"@id":"https:\/\/www.gaveanews.com\/#website"},"primaryImageOfPage":{"@id":"https:\/\/www.gaveanews.com\/index.php\/2025\/04\/19\/flamengo-faz-publicacao-direcionada-ao-goleiro-do-vasco\/#primaryimage"},"image":{"@id":"https:\/\/www.gaveanews.com\/index.php\/2025\/04\/19\/flamengo-faz-publicacao-direcionada-ao-goleiro-do-vasco\/#primaryimage"},"thumbnailUrl":"https:\/\/www.gaveanews.com\/wp-content\/uploads\/Leo-Jardim-em-acao-pelo-Vasco.webp","datePublished":"2025-04-20T00:15:52+00:00","dateModified":"2025-04-20T00:15:55+00:00","author":{"@id":"https:\/\/www.gaveanews.com\/#\/schema\/person\/daf63eec72e1164eb13dc35096c2b8da"},"breadcrumb":{"@id":"https:\/\/www.gaveanews.com\/index.php\/2025\/04\/19\/flamengo-faz-publicacao-direcionada-ao-goleiro-do-vasco\/#breadcrumb"},"inLanguage":"pt-BR","potentialAction":[{"@type":"ReadAction","target":["https:\/\/www.gaveanews.com\/index.php\/2025\/04\/19\/flamengo-faz-publicacao-direcionada-ao-goleiro-do-vasco\/"]}]},{"@type":"ImageObject","inLanguage":"pt-BR","@id":"https:\/\/www.gaveanews.com\/index.php\/2025\/04\/19\/flamengo-faz-publicacao-direcionada-ao-goleiro-do-vasco\/#primaryimage","url":"https:\/\/www.gaveanews.com\/wp-content\/uploads\/Leo-Jardim-em-acao-pelo-Vasco.webp","contentUrl":"https:\/\/www.gaveanews.com\/wp-content\/uploads\/Leo-Jardim-em-acao-pelo-Vasco.webp","width":1600,"height":1000,"caption":"L\u00e9o Jardim em a\u00e7\u00e3o pelo Vasco (Foto: Leandro Amorim\/Vasco)"},{"@type":"BreadcrumbList","@id":"https:\/\/www.gaveanews.com\/index.php\/2025\/04\/19\/flamengo-faz-publicacao-direcionada-ao-goleiro-do-vasco\/#breadcrumb","itemListElement":[{"@type":"ListItem","position":1,"name":"Home","item":"https:\/\/www.gaveanews.com\/"},{"@type":"ListItem","position":2,"name":"Flamengo faz publica\u00e7\u00e3o direcionada ao goleiro do Vasco"}]},{"@type":"WebSite","@id":"https:\/\/www.gaveanews.com\/#website","url":"https:\/\/www.gaveanews.com\/","name":"G\u00e1vea News","description":"Veja todas as not\u00edcias sobre o Flamengo: Contrata\u00e7\u00f5es, categorias de base, resultados das partidas, tabela de classifica\u00e7\u00e3o, pr\u00f3ximos jogos!","potentialAction":[{"@type":"SearchAction","target":{"@type":"EntryPoint","urlTemplate":"https:\/\/www.gaveanews.com\/?s={search_term_string}"},"query-input":{"@type":"PropertyValueSpecification","valueRequired":true,"valueName":"search_term_string"}}],"inLanguage":"pt-BR"},{"@type":"Person","@id":"https:\/\/www.gaveanews.com\/#\/schema\/person\/daf63eec72e1164eb13dc35096c2b8da","name":"Paula Silva","image":{"@type":"ImageObject","inLanguage":"pt-BR","@id":"https:\/\/www.gaveanews.com\/#\/schema\/person\/image\/","url":"https:\/\/secure.gravatar.com\/avatar\/eda381c845527cc5d64c13b901833cda29d97500ba040d3e6461f76f51d163bb?s=96&d=mm&r=g","contentUrl":"https:\/\/secure.gravatar.com\/avatar\/eda381c845527cc5d64c13b901833cda29d97500ba040d3e6461f76f51d163bb?s=96&d=mm&r=g","caption":"Paula Silva"}}]}},"_links":{"self":[{"href":"https:\/\/www.gaveanews.com\/index.php\/wp-json\/wp\/v2\/posts\/255690","targetHints":{"allow":["GET"]}}],"collection":[{"href":"https:\/\/www.gaveanews.com\/index.php\/wp-json\/wp\/v2\/posts"}],"about":[{"href":"https:\/\/www.gaveanews.com\/index.php\/wp-json\/wp\/v2\/types\/post"}],"author":[{"embeddable":true,"href":"https:\/\/www.gaveanews.com\/index.php\/wp-json\/wp\/v2\/users\/18"}],"replies":[{"embeddable":true,"href":"https:\/\/www.gaveanews.com\/index.php\/wp-json\/wp\/v2\/comments?post=255690"}],"version-history":[{"count":1,"href":"https:\/\/www.gaveanews.com\/index.php\/wp-json\/wp\/v2\/posts\/255690\/revisions"}],"predecessor-version":[{"id":255691,"href":"https:\/\/www.gaveanews.com\/index.php\/wp-json\/wp\/v2\/posts\/255690\/revisions\/255691"}],"wp:featuredmedia":[{"embeddable":true,"href":"https:\/\/www.gaveanews.com\/index.php\/wp-json\/wp\/v2\/media\/169868"}],"wp:attachment":[{"href":"https:\/\/www.gaveanews.com\/index.php\/wp-json\/wp\/v2\/media?parent=255690"}],"wp:term":[{"taxonomy":"category","embeddable":true,"href":"https:\/\/www.gaveanews.com\/index.php\/wp-json\/wp\/v2\/categories?post=255690"},{"taxonomy":"post_tag","embeddable":true,"href":"https:\/\/www.gaveanews.com\/index.php\/wp-json\/wp\/v2\/tags?post=255690"}],"curies":[{"name":"wp","href":"https:\/\/api.w.org\/{rel}","templated":true}]}}