{"id":255697,"date":"2025-04-19T21:34:13","date_gmt":"2025-04-20T00:34:13","guid":{"rendered":"https:\/\/www.gaveanews.com\/?p=255697"},"modified":"2025-04-19T21:34:15","modified_gmt":"2025-04-20T00:34:15","slug":"vasco-x-flamengo-a-declaracao-de-filipe-luis-2","status":"publish","type":"post","link":"https:\/\/www.gaveanews.com\/index.php\/2025\/04\/19\/vasco-x-flamengo-a-declaracao-de-filipe-luis-2\/","title":{"rendered":"Vasco x Flamengo: a declara\u00e7\u00e3o de Filipe Lu\u00eds"},"content":{"rendered":"\n<p>Em entrevista coletiva concedida ap\u00f3s o empate sem gols diante do Vasco, no s\u00e1bado (19), no Maracan\u00e3, Filipe Lu\u00eds expressou satisfa\u00e7\u00e3o com a atua\u00e7\u00e3o do Flamengo, mas lamentou o resultado. Segundo ele, o time teve \u201cdom\u00ednio total\u201d da partida, controlando a posse de bola e criando as principais oportunidades. No entanto, esbarrou na forte organiza\u00e7\u00e3o defensiva advers\u00e1ria e nas defesas do goleiro L\u00e9o Jardim, considerado o melhor em campo.<\/p>\n\n\n\n<p>O treinador destacou a intensidade do elenco rubro-negro e a busca constante pelo gol, mesmo reconhecendo que houve precipita\u00e7\u00e3o nas jogadas ofensivas, especialmente no primeiro tempo. \u201cN\u00e3o \u00e9 f\u00e1cil entrar na defesa do Vasco\u201d, afirmou Filipe, elogiando o trabalho defensivo do rival e o desempenho do seu pr\u00f3prio grupo, que, segundo ele, merecia sair com a vit\u00f3ria.<\/p>\n\n\n\n<p>Filipe tamb\u00e9m comentou decis\u00f5es t\u00e1ticas da partida, como a entrada de Allan para aumentar a circula\u00e7\u00e3o da bola e manter o controle das a\u00e7\u00f5es. Optou por n\u00e3o utilizar Luiz Ara\u00fajo no segundo tempo, priorizando ajustes de posicionamento com Plata e Pedro no ataque. Ressaltou ainda a boa atua\u00e7\u00e3o individual de atletas como Bruno Henrique e Michael, apesar da aus\u00eancia de gols.<\/p>\n\n\n\n<p>Ali\u00e1s, o comandante defendeu seus jogadores das cr\u00edticas da torcida, afirmando que n\u00e3o viu ningu\u00e9m atuando mal. \u201cN\u00e3o fizemos gol, mas dizer que algu\u00e9m esteve mal \u00e9 injusto\u201d, disse. Sobre o cansa\u00e7o f\u00edsico da equipe, destacou o calend\u00e1rio apertado e celebrou a pausa entre o confronto com a LDU, na ter\u00e7a-feira (22 de abril), e a pr\u00f3xima rodada, no domingo.<\/p>\n\n\n\n<p>Al\u00e9m disso, Filipe revelou considerar o uso de tr\u00eas zagueiros em futuras partidas, a depender da necessidade t\u00e1tica. \u201cUm time que briga por t\u00edtulos tem que dominar dois sistemas\u201d, afirmou, citando a flexibilidade da equipe entre o 4-4-2 e o 3-4-3 durante os jogos.<\/p>\n\n\n\n<p>Por fim, o treinador elogiou o comprometimento de Varela e refor\u00e7ou que Matheus Gon\u00e7alves segue nos planos, embora a concorr\u00eancia atual limite suas oportunidades. Enfatizou que o grupo est\u00e1 em constante evolu\u00e7\u00e3o e que cada jogo serve como aprendizado para o pr\u00f3ximo desafio.<\/p>\n","protected":false},"excerpt":{"rendered":"<p>Em entrevista coletiva concedida ap\u00f3s o empate sem gols diante do Vasco, no s\u00e1bado (19), no Maracan\u00e3, Filipe Lu\u00eds expressou satisfa\u00e7\u00e3o com a atua\u00e7\u00e3o do Flamengo, mas lamentou o resultado. Segundo ele, o time teve \u201cdom\u00ednio total\u201d da partida, controlando a posse de bola e criando as principais oportunidades. No entanto, esbarrou na forte organiza\u00e7\u00e3o [&hellip;]<\/p>\n","protected":false},"author":18,"featured_media":251455,"comment_status":"open","ping_status":"closed","sticky":false,"template":"","format":"standard","meta":{"footnotes":""},"categories":[1],"tags":[],"class_list":["post-255697","post","type-post","status-publish","format-standard","has-post-thumbnail","hentry","category-flamengo"],"yoast_head":"<!-- This site is optimized with the Yoast SEO Premium plugin v24.2 (Yoast SEO v26.9) - https:\/\/yoast.com\/product\/yoast-seo-premium-wordpress\/ -->\n<title>Vasco x Flamengo: a declara\u00e7\u00e3o de Filipe Lu\u00eds<\/title>\n<meta name=\"robots\" content=\"index, follow, max-snippet:-1, max-image-preview:large, max-video-preview:-1\" \/>\n<link rel=\"canonical\" href=\"https:\/\/www.gaveanews.com\/index.php\/2025\/04\/19\/vasco-x-flamengo-a-declaracao-de-filipe-luis-2\/\" \/>\n<meta property=\"og:locale\" content=\"pt_BR\" \/>\n<meta property=\"og:type\" content=\"article\" \/>\n<meta property=\"og:title\" content=\"Vasco x Flamengo: a declara\u00e7\u00e3o de Filipe Lu\u00eds\" \/>\n<meta property=\"og:description\" content=\"Em entrevista coletiva concedida ap\u00f3s o empate sem gols diante do Vasco, no s\u00e1bado (19), no Maracan\u00e3, Filipe Lu\u00eds expressou satisfa\u00e7\u00e3o com a atua\u00e7\u00e3o do Flamengo, mas lamentou o resultado. Segundo ele, o time teve \u201cdom\u00ednio total\u201d da partida, controlando a posse de bola e criando as principais oportunidades. No entanto, esbarrou na forte organiza\u00e7\u00e3o [&hellip;]\" \/>\n<meta property=\"og:url\" content=\"https:\/\/www.gaveanews.com\/index.php\/2025\/04\/19\/vasco-x-flamengo-a-declaracao-de-filipe-luis-2\/\" \/>\n<meta property=\"og:site_name\" content=\"G\u00e1vea News\" \/>\n<meta property=\"article:publisher\" content=\"https:\/\/facebook.com\/gaveaNews\/\" \/>\n<meta property=\"article:published_time\" content=\"2025-04-20T00:34:13+00:00\" \/>\n<meta property=\"article:modified_time\" content=\"2025-04-20T00:34:15+00:00\" \/>\n<meta property=\"og:image\" content=\"http:\/\/www.gaveanews.com\/wp-content\/uploads\/Filipe-Luis-pelo-Flamengo.webp\" \/>\n\t<meta property=\"og:image:width\" content=\"477\" \/>\n\t<meta property=\"og:image:height\" content=\"291\" \/>\n\t<meta property=\"og:image:type\" content=\"image\/jpeg\" \/>\n<meta name=\"author\" content=\"Paula Silva\" \/>\n<meta name=\"twitter:card\" content=\"summary_large_image\" \/>\n<meta name=\"twitter:label1\" content=\"Escrito por\" \/>\n\t<meta name=\"twitter:data1\" content=\"Paula Silva\" \/>\n\t<meta name=\"twitter:label2\" content=\"Est. tempo de leitura\" \/>\n\t<meta name=\"twitter:data2\" content=\"3 minutos\" \/>\n<script type=\"application\/ld+json\" class=\"yoast-schema-graph\">{\"@context\":\"https:\/\/schema.org\",\"@graph\":[{\"@type\":\"NewsArticle\",\"@id\":\"https:\/\/www.gaveanews.com\/index.php\/2025\/04\/19\/vasco-x-flamengo-a-declaracao-de-filipe-luis-2\/#article\",\"isPartOf\":{\"@id\":\"https:\/\/www.gaveanews.com\/index.php\/2025\/04\/19\/vasco-x-flamengo-a-declaracao-de-filipe-luis-2\/\"},\"author\":{\"name\":\"Paula Silva\",\"@id\":\"https:\/\/www.gaveanews.com\/#\/schema\/person\/daf63eec72e1164eb13dc35096c2b8da\"},\"headline\":\"Vasco x Flamengo: a declara\u00e7\u00e3o de Filipe Lu\u00eds\",\"datePublished\":\"2025-04-20T00:34:13+00:00\",\"dateModified\":\"2025-04-20T00:34:15+00:00\",\"mainEntityOfPage\":{\"@id\":\"https:\/\/www.gaveanews.com\/index.php\/2025\/04\/19\/vasco-x-flamengo-a-declaracao-de-filipe-luis-2\/\"},\"wordCount\":385,\"commentCount\":0,\"image\":{\"@id\":\"https:\/\/www.gaveanews.com\/index.php\/2025\/04\/19\/vasco-x-flamengo-a-declaracao-de-filipe-luis-2\/#primaryimage\"},\"thumbnailUrl\":\"https:\/\/www.gaveanews.com\/wp-content\/uploads\/Filipe-Luis-pelo-Flamengo.webp\",\"articleSection\":[\"Flamengo\"],\"inLanguage\":\"pt-BR\",\"potentialAction\":[{\"@type\":\"CommentAction\",\"name\":\"Comment\",\"target\":[\"https:\/\/www.gaveanews.com\/index.php\/2025\/04\/19\/vasco-x-flamengo-a-declaracao-de-filipe-luis-2\/#respond\"]}],\"copyrightYear\":\"2025\",\"copyrightHolder\":{\"@id\":\"https:\/\/www.gaveanews.com\/#organization\"}},{\"@type\":\"WebPage\",\"@id\":\"https:\/\/www.gaveanews.com\/index.php\/2025\/04\/19\/vasco-x-flamengo-a-declaracao-de-filipe-luis-2\/\",\"url\":\"https:\/\/www.gaveanews.com\/index.php\/2025\/04\/19\/vasco-x-flamengo-a-declaracao-de-filipe-luis-2\/\",\"name\":\"Vasco x Flamengo: a declara\u00e7\u00e3o de Filipe Lu\u00eds\",\"isPartOf\":{\"@id\":\"https:\/\/www.gaveanews.com\/#website\"},\"primaryImageOfPage\":{\"@id\":\"https:\/\/www.gaveanews.com\/index.php\/2025\/04\/19\/vasco-x-flamengo-a-declaracao-de-filipe-luis-2\/#primaryimage\"},\"image\":{\"@id\":\"https:\/\/www.gaveanews.com\/index.php\/2025\/04\/19\/vasco-x-flamengo-a-declaracao-de-filipe-luis-2\/#primaryimage\"},\"thumbnailUrl\":\"https:\/\/www.gaveanews.com\/wp-content\/uploads\/Filipe-Luis-pelo-Flamengo.webp\",\"datePublished\":\"2025-04-20T00:34:13+00:00\",\"dateModified\":\"2025-04-20T00:34:15+00:00\",\"author\":{\"@id\":\"https:\/\/www.gaveanews.com\/#\/schema\/person\/daf63eec72e1164eb13dc35096c2b8da\"},\"breadcrumb\":{\"@id\":\"https:\/\/www.gaveanews.com\/index.php\/2025\/04\/19\/vasco-x-flamengo-a-declaracao-de-filipe-luis-2\/#breadcrumb\"},\"inLanguage\":\"pt-BR\",\"potentialAction\":[{\"@type\":\"ReadAction\",\"target\":[\"https:\/\/www.gaveanews.com\/index.php\/2025\/04\/19\/vasco-x-flamengo-a-declaracao-de-filipe-luis-2\/\"]}]},{\"@type\":\"ImageObject\",\"inLanguage\":\"pt-BR\",\"@id\":\"https:\/\/www.gaveanews.com\/index.php\/2025\/04\/19\/vasco-x-flamengo-a-declaracao-de-filipe-luis-2\/#primaryimage\",\"url\":\"https:\/\/www.gaveanews.com\/wp-content\/uploads\/Filipe-Luis-pelo-Flamengo.webp\",\"contentUrl\":\"https:\/\/www.gaveanews.com\/wp-content\/uploads\/Filipe-Luis-pelo-Flamengo.webp\",\"width\":477,\"height\":291,\"caption\":\"Filipe Lu\u00eds pelo Flamengo (Fotos: Gilvan de Souza\/Flamengo)\"},{\"@type\":\"BreadcrumbList\",\"@id\":\"https:\/\/www.gaveanews.com\/index.php\/2025\/04\/19\/vasco-x-flamengo-a-declaracao-de-filipe-luis-2\/#breadcrumb\",\"itemListElement\":[{\"@type\":\"ListItem\",\"position\":1,\"name\":\"Home\",\"item\":\"https:\/\/www.gaveanews.com\/\"},{\"@type\":\"ListItem\",\"position\":2,\"name\":\"Vasco x Flamengo: a declara\u00e7\u00e3o de Filipe Lu\u00eds\"}]},{\"@type\":\"WebSite\",\"@id\":\"https:\/\/www.gaveanews.com\/#website\",\"url\":\"https:\/\/www.gaveanews.com\/\",\"name\":\"G\u00e1vea News\",\"description\":\"Veja todas as not\u00edcias sobre o Flamengo: Contrata\u00e7\u00f5es, categorias de base, resultados das partidas, tabela de classifica\u00e7\u00e3o, pr\u00f3ximos jogos!\",\"potentialAction\":[{\"@type\":\"SearchAction\",\"target\":{\"@type\":\"EntryPoint\",\"urlTemplate\":\"https:\/\/www.gaveanews.com\/?s={search_term_string}\"},\"query-input\":{\"@type\":\"PropertyValueSpecification\",\"valueRequired\":true,\"valueName\":\"search_term_string\"}}],\"inLanguage\":\"pt-BR\"},{\"@type\":\"Person\",\"@id\":\"https:\/\/www.gaveanews.com\/#\/schema\/person\/daf63eec72e1164eb13dc35096c2b8da\",\"name\":\"Paula Silva\",\"image\":{\"@type\":\"ImageObject\",\"inLanguage\":\"pt-BR\",\"@id\":\"https:\/\/www.gaveanews.com\/#\/schema\/person\/image\/\",\"url\":\"https:\/\/secure.gravatar.com\/avatar\/eda381c845527cc5d64c13b901833cda29d97500ba040d3e6461f76f51d163bb?s=96&d=mm&r=g\",\"contentUrl\":\"https:\/\/secure.gravatar.com\/avatar\/eda381c845527cc5d64c13b901833cda29d97500ba040d3e6461f76f51d163bb?s=96&d=mm&r=g\",\"caption\":\"Paula Silva\"}}]}<\/script>\n<!-- \/ Yoast SEO Premium plugin. -->","yoast_head_json":{"title":"Vasco x Flamengo: a declara\u00e7\u00e3o de Filipe Lu\u00eds","robots":{"index":"index","follow":"follow","max-snippet":"max-snippet:-1","max-image-preview":"max-image-preview:large","max-video-preview":"max-video-preview:-1"},"canonical":"https:\/\/www.gaveanews.com\/index.php\/2025\/04\/19\/vasco-x-flamengo-a-declaracao-de-filipe-luis-2\/","og_locale":"pt_BR","og_type":"article","og_title":"Vasco x Flamengo: a declara\u00e7\u00e3o de Filipe Lu\u00eds","og_description":"Em entrevista coletiva concedida ap\u00f3s o empate sem gols diante do Vasco, no s\u00e1bado (19), no Maracan\u00e3, Filipe Lu\u00eds expressou satisfa\u00e7\u00e3o com a atua\u00e7\u00e3o do Flamengo, mas lamentou o resultado. Segundo ele, o time teve \u201cdom\u00ednio total\u201d da partida, controlando a posse de bola e criando as principais oportunidades. No entanto, esbarrou na forte organiza\u00e7\u00e3o [&hellip;]","og_url":"https:\/\/www.gaveanews.com\/index.php\/2025\/04\/19\/vasco-x-flamengo-a-declaracao-de-filipe-luis-2\/","og_site_name":"G\u00e1vea News","article_publisher":"https:\/\/facebook.com\/gaveaNews\/","article_published_time":"2025-04-20T00:34:13+00:00","article_modified_time":"2025-04-20T00:34:15+00:00","og_image":[{"width":477,"height":291,"url":"http:\/\/www.gaveanews.com\/wp-content\/uploads\/Filipe-Luis-pelo-Flamengo.webp","type":"image\/jpeg"}],"author":"Paula Silva","twitter_card":"summary_large_image","twitter_misc":{"Escrito por":"Paula Silva","Est. tempo de leitura":"3 minutos"},"schema":{"@context":"https:\/\/schema.org","@graph":[{"@type":"NewsArticle","@id":"https:\/\/www.gaveanews.com\/index.php\/2025\/04\/19\/vasco-x-flamengo-a-declaracao-de-filipe-luis-2\/#article","isPartOf":{"@id":"https:\/\/www.gaveanews.com\/index.php\/2025\/04\/19\/vasco-x-flamengo-a-declaracao-de-filipe-luis-2\/"},"author":{"name":"Paula Silva","@id":"https:\/\/www.gaveanews.com\/#\/schema\/person\/daf63eec72e1164eb13dc35096c2b8da"},"headline":"Vasco x Flamengo: a declara\u00e7\u00e3o de Filipe Lu\u00eds","datePublished":"2025-04-20T00:34:13+00:00","dateModified":"2025-04-20T00:34:15+00:00","mainEntityOfPage":{"@id":"https:\/\/www.gaveanews.com\/index.php\/2025\/04\/19\/vasco-x-flamengo-a-declaracao-de-filipe-luis-2\/"},"wordCount":385,"commentCount":0,"image":{"@id":"https:\/\/www.gaveanews.com\/index.php\/2025\/04\/19\/vasco-x-flamengo-a-declaracao-de-filipe-luis-2\/#primaryimage"},"thumbnailUrl":"https:\/\/www.gaveanews.com\/wp-content\/uploads\/Filipe-Luis-pelo-Flamengo.webp","articleSection":["Flamengo"],"inLanguage":"pt-BR","potentialAction":[{"@type":"CommentAction","name":"Comment","target":["https:\/\/www.gaveanews.com\/index.php\/2025\/04\/19\/vasco-x-flamengo-a-declaracao-de-filipe-luis-2\/#respond"]}],"copyrightYear":"2025","copyrightHolder":{"@id":"https:\/\/www.gaveanews.com\/#organization"}},{"@type":"WebPage","@id":"https:\/\/www.gaveanews.com\/index.php\/2025\/04\/19\/vasco-x-flamengo-a-declaracao-de-filipe-luis-2\/","url":"https:\/\/www.gaveanews.com\/index.php\/2025\/04\/19\/vasco-x-flamengo-a-declaracao-de-filipe-luis-2\/","name":"Vasco x Flamengo: a declara\u00e7\u00e3o de Filipe Lu\u00eds","isPartOf":{"@id":"https:\/\/www.gaveanews.com\/#website"},"primaryImageOfPage":{"@id":"https:\/\/www.gaveanews.com\/index.php\/2025\/04\/19\/vasco-x-flamengo-a-declaracao-de-filipe-luis-2\/#primaryimage"},"image":{"@id":"https:\/\/www.gaveanews.com\/index.php\/2025\/04\/19\/vasco-x-flamengo-a-declaracao-de-filipe-luis-2\/#primaryimage"},"thumbnailUrl":"https:\/\/www.gaveanews.com\/wp-content\/uploads\/Filipe-Luis-pelo-Flamengo.webp","datePublished":"2025-04-20T00:34:13+00:00","dateModified":"2025-04-20T00:34:15+00:00","author":{"@id":"https:\/\/www.gaveanews.com\/#\/schema\/person\/daf63eec72e1164eb13dc35096c2b8da"},"breadcrumb":{"@id":"https:\/\/www.gaveanews.com\/index.php\/2025\/04\/19\/vasco-x-flamengo-a-declaracao-de-filipe-luis-2\/#breadcrumb"},"inLanguage":"pt-BR","potentialAction":[{"@type":"ReadAction","target":["https:\/\/www.gaveanews.com\/index.php\/2025\/04\/19\/vasco-x-flamengo-a-declaracao-de-filipe-luis-2\/"]}]},{"@type":"ImageObject","inLanguage":"pt-BR","@id":"https:\/\/www.gaveanews.com\/index.php\/2025\/04\/19\/vasco-x-flamengo-a-declaracao-de-filipe-luis-2\/#primaryimage","url":"https:\/\/www.gaveanews.com\/wp-content\/uploads\/Filipe-Luis-pelo-Flamengo.webp","contentUrl":"https:\/\/www.gaveanews.com\/wp-content\/uploads\/Filipe-Luis-pelo-Flamengo.webp","width":477,"height":291,"caption":"Filipe Lu\u00eds pelo Flamengo (Fotos: Gilvan de Souza\/Flamengo)"},{"@type":"BreadcrumbList","@id":"https:\/\/www.gaveanews.com\/index.php\/2025\/04\/19\/vasco-x-flamengo-a-declaracao-de-filipe-luis-2\/#breadcrumb","itemListElement":[{"@type":"ListItem","position":1,"name":"Home","item":"https:\/\/www.gaveanews.com\/"},{"@type":"ListItem","position":2,"name":"Vasco x Flamengo: a declara\u00e7\u00e3o de Filipe Lu\u00eds"}]},{"@type":"WebSite","@id":"https:\/\/www.gaveanews.com\/#website","url":"https:\/\/www.gaveanews.com\/","name":"G\u00e1vea News","description":"Veja todas as not\u00edcias sobre o Flamengo: Contrata\u00e7\u00f5es, categorias de base, resultados das partidas, tabela de classifica\u00e7\u00e3o, pr\u00f3ximos jogos!","potentialAction":[{"@type":"SearchAction","target":{"@type":"EntryPoint","urlTemplate":"https:\/\/www.gaveanews.com\/?s={search_term_string}"},"query-input":{"@type":"PropertyValueSpecification","valueRequired":true,"valueName":"search_term_string"}}],"inLanguage":"pt-BR"},{"@type":"Person","@id":"https:\/\/www.gaveanews.com\/#\/schema\/person\/daf63eec72e1164eb13dc35096c2b8da","name":"Paula Silva","image":{"@type":"ImageObject","inLanguage":"pt-BR","@id":"https:\/\/www.gaveanews.com\/#\/schema\/person\/image\/","url":"https:\/\/secure.gravatar.com\/avatar\/eda381c845527cc5d64c13b901833cda29d97500ba040d3e6461f76f51d163bb?s=96&d=mm&r=g","contentUrl":"https:\/\/secure.gravatar.com\/avatar\/eda381c845527cc5d64c13b901833cda29d97500ba040d3e6461f76f51d163bb?s=96&d=mm&r=g","caption":"Paula Silva"}}]}},"_links":{"self":[{"href":"https:\/\/www.gaveanews.com\/index.php\/wp-json\/wp\/v2\/posts\/255697","targetHints":{"allow":["GET"]}}],"collection":[{"href":"https:\/\/www.gaveanews.com\/index.php\/wp-json\/wp\/v2\/posts"}],"about":[{"href":"https:\/\/www.gaveanews.com\/index.php\/wp-json\/wp\/v2\/types\/post"}],"author":[{"embeddable":true,"href":"https:\/\/www.gaveanews.com\/index.php\/wp-json\/wp\/v2\/users\/18"}],"replies":[{"embeddable":true,"href":"https:\/\/www.gaveanews.com\/index.php\/wp-json\/wp\/v2\/comments?post=255697"}],"version-history":[{"count":1,"href":"https:\/\/www.gaveanews.com\/index.php\/wp-json\/wp\/v2\/posts\/255697\/revisions"}],"predecessor-version":[{"id":255698,"href":"https:\/\/www.gaveanews.com\/index.php\/wp-json\/wp\/v2\/posts\/255697\/revisions\/255698"}],"wp:featuredmedia":[{"embeddable":true,"href":"https:\/\/www.gaveanews.com\/index.php\/wp-json\/wp\/v2\/media\/251455"}],"wp:attachment":[{"href":"https:\/\/www.gaveanews.com\/index.php\/wp-json\/wp\/v2\/media?parent=255697"}],"wp:term":[{"taxonomy":"category","embeddable":true,"href":"https:\/\/www.gaveanews.com\/index.php\/wp-json\/wp\/v2\/categories?post=255697"},{"taxonomy":"post_tag","embeddable":true,"href":"https:\/\/www.gaveanews.com\/index.php\/wp-json\/wp\/v2\/tags?post=255697"}],"curies":[{"name":"wp","href":"https:\/\/api.w.org\/{rel}","templated":true}]}}