{"id":255782,"date":"2025-04-21T10:41:05","date_gmt":"2025-04-21T13:41:05","guid":{"rendered":"https:\/\/www.gaveanews.com\/?p=255782"},"modified":"2025-04-21T10:41:09","modified_gmt":"2025-04-21T13:41:09","slug":"jogos-na-europa-sofrem-mudancas-apos-morte-do-papa-francisco","status":"publish","type":"post","link":"https:\/\/www.gaveanews.com\/index.php\/2025\/04\/21\/jogos-na-europa-sofrem-mudancas-apos-morte-do-papa-francisco\/","title":{"rendered":"Jogos na Europa sofrem mudan\u00e7as ap\u00f3s morte do Papa Francisco"},"content":{"rendered":"\n<p>A morte do Papa Francisco, ocorrida na manh\u00e3 desta segunda-feira (21), provocou uma rea\u00e7\u00e3o imediata no calend\u00e1rio esportivo da It\u00e1lia. A Serie A, respons\u00e1vel pela primeira divis\u00e3o do futebol italiano, decidiu adiar os quatro jogos restantes da 33\u00aa rodada do Campeonato Italiano, em respeito \u00e0 figura do pont\u00edfice, falecido aos 88 anos. A a\u00e7\u00e3o contou com apoio do Comit\u00ea Ol\u00edmpico Nacional Italiano e da Federa\u00e7\u00e3o Italiana de Futebol.<\/p>\n\n\n\n<p>A princ\u00edpio, o an\u00fancio oficial da morte foi feito pelo cardeal Kevin Farrell, camerlengo do Vaticano, que declarou: \u201cQueridos irm\u00e3os e irm\u00e3s, \u00e9 com profunda tristeza que comunico a morte do nosso Santo Padre Francisco\u201d. Segundo ele, \u201c\u00e0s 7h35 desta manh\u00e3 (hor\u00e1rio local), o Bispo de Roma, Francisco, retornou \u00e0 casa do Pai\u201d.<\/p>\n\n\n\n<p>Com isso, os confrontos entre Torino x Udinese, Cagliari x Fiorentina, Genoa x Lazio e Parma x Juventus, que ocorreriam ao longo desta segunda-feira, foram remarcados para quarta-feira (23), \u00e0s 13h30 (de Bras\u00edlia). Conforme destacado pelas autoridades do futebol italiano, as partidas foram adiadas \u201ca fim de que o pa\u00eds possa prestar as devidas homenagens\u201d ao l\u00edder religioso.<\/p>\n\n\n\n<p>A paralisa\u00e7\u00e3o n\u00e3o se limitou apenas \u00e0 elite do futebol. Tamb\u00e9m foram suspensos todos os jogos das divis\u00f5es inferiores e das categorias de base, bem como competi\u00e7\u00f5es esportivas de outras modalidades que ocorreriam em solo italiano nesta data. O Comit\u00ea Ol\u00edmpico refor\u00e7ou que a pausa era uma decis\u00e3o simb\u00f3lica, mas necess\u00e1ria, diante da import\u00e2ncia do momento.<\/p>\n\n\n\n<h2 class=\"wp-block-heading\" id=\"h-papa-francisco\">Papa Francisco<\/h2>\n\n\n\n<p>Francisco, nascido Jorge Mario Bergoglio, foi o primeiro papa latino-americano e tamb\u00e9m o primeiro jesu\u00edta a ocupar o cargo m\u00e1ximo da Igreja Cat\u00f3lica. Ele assumiu o papado em mar\u00e7o de 2013 e ficou conhecido mundialmente por seu carisma, postura reformista e sensibilidade social. Recentemente, enfrentava problemas respirat\u00f3rios e havia sido internado por quase 40 dias no Hospital Gemelli, em Roma. <\/p>\n\n\n\n<p>Segundo o Vaticano, ele apresentava um quadro de pneumonia nos dois pulm\u00f5es e anemia associada \u00e0 baixa contagem de plaquetas. Ainda assim, seu falecimento causou como\u00e7\u00e3o inesperada e imediata em todo o pa\u00eds.<\/p>\n\n\n\n<p>Al\u00e9m de l\u00edder religioso, o Papa tamb\u00e9m era not\u00f3rio por sua paix\u00e3o pelo futebol. Torcedor declarado do San Lorenzo, da Argentina, Francisco mantinha uma rela\u00e7\u00e3o estreita com o clube desde a inf\u00e2ncia. Em 2008, recebeu uma carteirinha de s\u00f3cio-torcedor em comemora\u00e7\u00e3o ao centen\u00e1rio da equipe. J\u00e1 em 2014, ap\u00f3s o t\u00edtulo da Copa Libertadores conquistado pelo San Lorenzo, o papa recebeu o elenco e a ta\u00e7a no Vaticano, em um encontro considerado hist\u00f3rico. <\/p>\n\n\n\n<p>Em homenagem ao torcedor mais ilustre, o clube argentino pretende nomear seu novo est\u00e1dio como &#8220;Papa Francisco&#8221;, com in\u00edcio das obras previsto ainda para este ano, segundo informou Marcelo Moretti, presidente do clube.<\/p>\n\n\n\n<p><\/p>\n","protected":false},"excerpt":{"rendered":"<p>A morte do Papa Francisco, ocorrida na manh\u00e3 desta segunda-feira (21), provocou uma rea\u00e7\u00e3o imediata no calend\u00e1rio esportivo da It\u00e1lia. A Serie A, respons\u00e1vel pela primeira divis\u00e3o do futebol italiano, decidiu adiar os quatro jogos restantes da 33\u00aa rodada do Campeonato Italiano, em respeito \u00e0 figura do pont\u00edfice, falecido aos 88 anos. A a\u00e7\u00e3o contou [&hellip;]<\/p>\n","protected":false},"author":30,"featured_media":255785,"comment_status":"open","ping_status":"closed","sticky":false,"template":"","format":"standard","meta":{"footnotes":""},"categories":[78,108,109,106,105],"tags":[],"class_list":["post-255782","post","type-post","status-publish","format-standard","has-post-thumbnail","hentry","category-futebol-internacional","category-juventus","category-milan","category-roma","category-serie-a"],"yoast_head":"<!-- This site is optimized with the Yoast SEO Premium plugin v24.2 (Yoast SEO v26.9) - https:\/\/yoast.com\/product\/yoast-seo-premium-wordpress\/ -->\n<title>Jogos na Europa sofrem mudan\u00e7as ap\u00f3s morte do Papa Francisco<\/title>\n<meta name=\"robots\" content=\"index, follow, max-snippet:-1, max-image-preview:large, max-video-preview:-1\" \/>\n<link rel=\"canonical\" href=\"https:\/\/www.gaveanews.com\/index.php\/2025\/04\/21\/jogos-na-europa-sofrem-mudancas-apos-morte-do-papa-francisco\/\" \/>\n<meta property=\"og:locale\" content=\"pt_BR\" \/>\n<meta property=\"og:type\" content=\"article\" \/>\n<meta property=\"og:title\" content=\"Jogos na Europa sofrem mudan\u00e7as ap\u00f3s morte do Papa Francisco\" \/>\n<meta property=\"og:description\" content=\"A morte do Papa Francisco, ocorrida na manh\u00e3 desta segunda-feira (21), provocou uma rea\u00e7\u00e3o imediata no calend\u00e1rio esportivo da It\u00e1lia. A Serie A, respons\u00e1vel pela primeira divis\u00e3o do futebol italiano, decidiu adiar os quatro jogos restantes da 33\u00aa rodada do Campeonato Italiano, em respeito \u00e0 figura do pont\u00edfice, falecido aos 88 anos. A a\u00e7\u00e3o contou [&hellip;]\" \/>\n<meta property=\"og:url\" content=\"https:\/\/www.gaveanews.com\/index.php\/2025\/04\/21\/jogos-na-europa-sofrem-mudancas-apos-morte-do-papa-francisco\/\" \/>\n<meta property=\"og:site_name\" content=\"G\u00e1vea News\" \/>\n<meta property=\"article:publisher\" content=\"https:\/\/facebook.com\/gaveaNews\/\" \/>\n<meta property=\"article:published_time\" content=\"2025-04-21T13:41:05+00:00\" \/>\n<meta property=\"article:modified_time\" content=\"2025-04-21T13:41:09+00:00\" \/>\n<meta property=\"og:image\" content=\"http:\/\/www.gaveanews.com\/wp-content\/uploads\/Papa-Francisco-torcedor-fanatico-do-San-Lorenzo-morre-nesta-segunda-feira-aos-88-anos-de-idade.webp\" \/>\n\t<meta property=\"og:image:width\" content=\"1280\" \/>\n\t<meta property=\"og:image:height\" content=\"853\" \/>\n\t<meta property=\"og:image:type\" content=\"image\/jpeg\" \/>\n<meta name=\"author\" content=\"Ana Teixeira\" \/>\n<meta name=\"twitter:card\" content=\"summary_large_image\" \/>\n<meta name=\"twitter:label1\" content=\"Escrito por\" \/>\n\t<meta name=\"twitter:data1\" content=\"Ana Teixeira\" \/>\n\t<meta name=\"twitter:label2\" content=\"Est. tempo de leitura\" \/>\n\t<meta name=\"twitter:data2\" content=\"3 minutos\" \/>\n<script type=\"application\/ld+json\" class=\"yoast-schema-graph\">{\"@context\":\"https:\/\/schema.org\",\"@graph\":[{\"@type\":\"NewsArticle\",\"@id\":\"https:\/\/www.gaveanews.com\/index.php\/2025\/04\/21\/jogos-na-europa-sofrem-mudancas-apos-morte-do-papa-francisco\/#article\",\"isPartOf\":{\"@id\":\"https:\/\/www.gaveanews.com\/index.php\/2025\/04\/21\/jogos-na-europa-sofrem-mudancas-apos-morte-do-papa-francisco\/\"},\"author\":{\"name\":\"Ana Teixeira\",\"@id\":\"https:\/\/www.gaveanews.com\/#\/schema\/person\/3b19f7288b0ce20372991275e4f2e6c2\"},\"headline\":\"Jogos na Europa sofrem mudan\u00e7as ap\u00f3s morte do Papa Francisco\",\"datePublished\":\"2025-04-21T13:41:05+00:00\",\"dateModified\":\"2025-04-21T13:41:09+00:00\",\"mainEntityOfPage\":{\"@id\":\"https:\/\/www.gaveanews.com\/index.php\/2025\/04\/21\/jogos-na-europa-sofrem-mudancas-apos-morte-do-papa-francisco\/\"},\"wordCount\":488,\"commentCount\":0,\"image\":{\"@id\":\"https:\/\/www.gaveanews.com\/index.php\/2025\/04\/21\/jogos-na-europa-sofrem-mudancas-apos-morte-do-papa-francisco\/#primaryimage\"},\"thumbnailUrl\":\"https:\/\/www.gaveanews.com\/wp-content\/uploads\/Papa-Francisco-torcedor-fanatico-do-San-Lorenzo-morre-nesta-segunda-feira-aos-88-anos-de-idade.webp\",\"articleSection\":[\"Futebol Internacional\",\"Juventus\",\"Milan\",\"Roma\",\"S\u00e9rie A\"],\"inLanguage\":\"pt-BR\",\"potentialAction\":[{\"@type\":\"CommentAction\",\"name\":\"Comment\",\"target\":[\"https:\/\/www.gaveanews.com\/index.php\/2025\/04\/21\/jogos-na-europa-sofrem-mudancas-apos-morte-do-papa-francisco\/#respond\"]}],\"copyrightYear\":\"2025\",\"copyrightHolder\":{\"@id\":\"https:\/\/www.gaveanews.com\/#organization\"}},{\"@type\":\"WebPage\",\"@id\":\"https:\/\/www.gaveanews.com\/index.php\/2025\/04\/21\/jogos-na-europa-sofrem-mudancas-apos-morte-do-papa-francisco\/\",\"url\":\"https:\/\/www.gaveanews.com\/index.php\/2025\/04\/21\/jogos-na-europa-sofrem-mudancas-apos-morte-do-papa-francisco\/\",\"name\":\"Jogos na Europa sofrem mudan\u00e7as ap\u00f3s morte do Papa Francisco\",\"isPartOf\":{\"@id\":\"https:\/\/www.gaveanews.com\/#website\"},\"primaryImageOfPage\":{\"@id\":\"https:\/\/www.gaveanews.com\/index.php\/2025\/04\/21\/jogos-na-europa-sofrem-mudancas-apos-morte-do-papa-francisco\/#primaryimage\"},\"image\":{\"@id\":\"https:\/\/www.gaveanews.com\/index.php\/2025\/04\/21\/jogos-na-europa-sofrem-mudancas-apos-morte-do-papa-francisco\/#primaryimage\"},\"thumbnailUrl\":\"https:\/\/www.gaveanews.com\/wp-content\/uploads\/Papa-Francisco-torcedor-fanatico-do-San-Lorenzo-morre-nesta-segunda-feira-aos-88-anos-de-idade.webp\",\"datePublished\":\"2025-04-21T13:41:05+00:00\",\"dateModified\":\"2025-04-21T13:41:09+00:00\",\"author\":{\"@id\":\"https:\/\/www.gaveanews.com\/#\/schema\/person\/3b19f7288b0ce20372991275e4f2e6c2\"},\"breadcrumb\":{\"@id\":\"https:\/\/www.gaveanews.com\/index.php\/2025\/04\/21\/jogos-na-europa-sofrem-mudancas-apos-morte-do-papa-francisco\/#breadcrumb\"},\"inLanguage\":\"pt-BR\",\"potentialAction\":[{\"@type\":\"ReadAction\",\"target\":[\"https:\/\/www.gaveanews.com\/index.php\/2025\/04\/21\/jogos-na-europa-sofrem-mudancas-apos-morte-do-papa-francisco\/\"]}]},{\"@type\":\"ImageObject\",\"inLanguage\":\"pt-BR\",\"@id\":\"https:\/\/www.gaveanews.com\/index.php\/2025\/04\/21\/jogos-na-europa-sofrem-mudancas-apos-morte-do-papa-francisco\/#primaryimage\",\"url\":\"https:\/\/www.gaveanews.com\/wp-content\/uploads\/Papa-Francisco-torcedor-fanatico-do-San-Lorenzo-morre-nesta-segunda-feira-aos-88-anos-de-idade.webp\",\"contentUrl\":\"https:\/\/www.gaveanews.com\/wp-content\/uploads\/Papa-Francisco-torcedor-fanatico-do-San-Lorenzo-morre-nesta-segunda-feira-aos-88-anos-de-idade.webp\",\"width\":1280,\"height\":853},{\"@type\":\"BreadcrumbList\",\"@id\":\"https:\/\/www.gaveanews.com\/index.php\/2025\/04\/21\/jogos-na-europa-sofrem-mudancas-apos-morte-do-papa-francisco\/#breadcrumb\",\"itemListElement\":[{\"@type\":\"ListItem\",\"position\":1,\"name\":\"Home\",\"item\":\"https:\/\/www.gaveanews.com\/\"},{\"@type\":\"ListItem\",\"position\":2,\"name\":\"Jogos na Europa sofrem mudan\u00e7as ap\u00f3s morte do Papa Francisco\"}]},{\"@type\":\"WebSite\",\"@id\":\"https:\/\/www.gaveanews.com\/#website\",\"url\":\"https:\/\/www.gaveanews.com\/\",\"name\":\"G\u00e1vea News\",\"description\":\"Veja todas as not\u00edcias sobre o Flamengo: Contrata\u00e7\u00f5es, categorias de base, resultados das partidas, tabela de classifica\u00e7\u00e3o, pr\u00f3ximos jogos!\",\"potentialAction\":[{\"@type\":\"SearchAction\",\"target\":{\"@type\":\"EntryPoint\",\"urlTemplate\":\"https:\/\/www.gaveanews.com\/?s={search_term_string}\"},\"query-input\":{\"@type\":\"PropertyValueSpecification\",\"valueRequired\":true,\"valueName\":\"search_term_string\"}}],\"inLanguage\":\"pt-BR\"},{\"@type\":\"Person\",\"@id\":\"https:\/\/www.gaveanews.com\/#\/schema\/person\/3b19f7288b0ce20372991275e4f2e6c2\",\"name\":\"Ana Teixeira\",\"image\":{\"@type\":\"ImageObject\",\"inLanguage\":\"pt-BR\",\"@id\":\"https:\/\/www.gaveanews.com\/#\/schema\/person\/image\/\",\"url\":\"https:\/\/secure.gravatar.com\/avatar\/0a73f5a5258f3fed37fc2fa641892f3f7a4748456d4d4792f9bc550e6c19e06c?s=96&d=mm&r=g\",\"contentUrl\":\"https:\/\/secure.gravatar.com\/avatar\/0a73f5a5258f3fed37fc2fa641892f3f7a4748456d4d4792f9bc550e6c19e06c?s=96&d=mm&r=g\",\"caption\":\"Ana Teixeira\"}}]}<\/script>\n<!-- \/ Yoast SEO Premium plugin. -->","yoast_head_json":{"title":"Jogos na Europa sofrem mudan\u00e7as ap\u00f3s morte do Papa Francisco","robots":{"index":"index","follow":"follow","max-snippet":"max-snippet:-1","max-image-preview":"max-image-preview:large","max-video-preview":"max-video-preview:-1"},"canonical":"https:\/\/www.gaveanews.com\/index.php\/2025\/04\/21\/jogos-na-europa-sofrem-mudancas-apos-morte-do-papa-francisco\/","og_locale":"pt_BR","og_type":"article","og_title":"Jogos na Europa sofrem mudan\u00e7as ap\u00f3s morte do Papa Francisco","og_description":"A morte do Papa Francisco, ocorrida na manh\u00e3 desta segunda-feira (21), provocou uma rea\u00e7\u00e3o imediata no calend\u00e1rio esportivo da It\u00e1lia. A Serie A, respons\u00e1vel pela primeira divis\u00e3o do futebol italiano, decidiu adiar os quatro jogos restantes da 33\u00aa rodada do Campeonato Italiano, em respeito \u00e0 figura do pont\u00edfice, falecido aos 88 anos. A a\u00e7\u00e3o contou [&hellip;]","og_url":"https:\/\/www.gaveanews.com\/index.php\/2025\/04\/21\/jogos-na-europa-sofrem-mudancas-apos-morte-do-papa-francisco\/","og_site_name":"G\u00e1vea News","article_publisher":"https:\/\/facebook.com\/gaveaNews\/","article_published_time":"2025-04-21T13:41:05+00:00","article_modified_time":"2025-04-21T13:41:09+00:00","og_image":[{"width":1280,"height":853,"url":"http:\/\/www.gaveanews.com\/wp-content\/uploads\/Papa-Francisco-torcedor-fanatico-do-San-Lorenzo-morre-nesta-segunda-feira-aos-88-anos-de-idade.webp","type":"image\/jpeg"}],"author":"Ana Teixeira","twitter_card":"summary_large_image","twitter_misc":{"Escrito por":"Ana Teixeira","Est. tempo de leitura":"3 minutos"},"schema":{"@context":"https:\/\/schema.org","@graph":[{"@type":"NewsArticle","@id":"https:\/\/www.gaveanews.com\/index.php\/2025\/04\/21\/jogos-na-europa-sofrem-mudancas-apos-morte-do-papa-francisco\/#article","isPartOf":{"@id":"https:\/\/www.gaveanews.com\/index.php\/2025\/04\/21\/jogos-na-europa-sofrem-mudancas-apos-morte-do-papa-francisco\/"},"author":{"name":"Ana Teixeira","@id":"https:\/\/www.gaveanews.com\/#\/schema\/person\/3b19f7288b0ce20372991275e4f2e6c2"},"headline":"Jogos na Europa sofrem mudan\u00e7as ap\u00f3s morte do Papa Francisco","datePublished":"2025-04-21T13:41:05+00:00","dateModified":"2025-04-21T13:41:09+00:00","mainEntityOfPage":{"@id":"https:\/\/www.gaveanews.com\/index.php\/2025\/04\/21\/jogos-na-europa-sofrem-mudancas-apos-morte-do-papa-francisco\/"},"wordCount":488,"commentCount":0,"image":{"@id":"https:\/\/www.gaveanews.com\/index.php\/2025\/04\/21\/jogos-na-europa-sofrem-mudancas-apos-morte-do-papa-francisco\/#primaryimage"},"thumbnailUrl":"https:\/\/www.gaveanews.com\/wp-content\/uploads\/Papa-Francisco-torcedor-fanatico-do-San-Lorenzo-morre-nesta-segunda-feira-aos-88-anos-de-idade.webp","articleSection":["Futebol Internacional","Juventus","Milan","Roma","S\u00e9rie A"],"inLanguage":"pt-BR","potentialAction":[{"@type":"CommentAction","name":"Comment","target":["https:\/\/www.gaveanews.com\/index.php\/2025\/04\/21\/jogos-na-europa-sofrem-mudancas-apos-morte-do-papa-francisco\/#respond"]}],"copyrightYear":"2025","copyrightHolder":{"@id":"https:\/\/www.gaveanews.com\/#organization"}},{"@type":"WebPage","@id":"https:\/\/www.gaveanews.com\/index.php\/2025\/04\/21\/jogos-na-europa-sofrem-mudancas-apos-morte-do-papa-francisco\/","url":"https:\/\/www.gaveanews.com\/index.php\/2025\/04\/21\/jogos-na-europa-sofrem-mudancas-apos-morte-do-papa-francisco\/","name":"Jogos na Europa sofrem mudan\u00e7as ap\u00f3s morte do Papa Francisco","isPartOf":{"@id":"https:\/\/www.gaveanews.com\/#website"},"primaryImageOfPage":{"@id":"https:\/\/www.gaveanews.com\/index.php\/2025\/04\/21\/jogos-na-europa-sofrem-mudancas-apos-morte-do-papa-francisco\/#primaryimage"},"image":{"@id":"https:\/\/www.gaveanews.com\/index.php\/2025\/04\/21\/jogos-na-europa-sofrem-mudancas-apos-morte-do-papa-francisco\/#primaryimage"},"thumbnailUrl":"https:\/\/www.gaveanews.com\/wp-content\/uploads\/Papa-Francisco-torcedor-fanatico-do-San-Lorenzo-morre-nesta-segunda-feira-aos-88-anos-de-idade.webp","datePublished":"2025-04-21T13:41:05+00:00","dateModified":"2025-04-21T13:41:09+00:00","author":{"@id":"https:\/\/www.gaveanews.com\/#\/schema\/person\/3b19f7288b0ce20372991275e4f2e6c2"},"breadcrumb":{"@id":"https:\/\/www.gaveanews.com\/index.php\/2025\/04\/21\/jogos-na-europa-sofrem-mudancas-apos-morte-do-papa-francisco\/#breadcrumb"},"inLanguage":"pt-BR","potentialAction":[{"@type":"ReadAction","target":["https:\/\/www.gaveanews.com\/index.php\/2025\/04\/21\/jogos-na-europa-sofrem-mudancas-apos-morte-do-papa-francisco\/"]}]},{"@type":"ImageObject","inLanguage":"pt-BR","@id":"https:\/\/www.gaveanews.com\/index.php\/2025\/04\/21\/jogos-na-europa-sofrem-mudancas-apos-morte-do-papa-francisco\/#primaryimage","url":"https:\/\/www.gaveanews.com\/wp-content\/uploads\/Papa-Francisco-torcedor-fanatico-do-San-Lorenzo-morre-nesta-segunda-feira-aos-88-anos-de-idade.webp","contentUrl":"https:\/\/www.gaveanews.com\/wp-content\/uploads\/Papa-Francisco-torcedor-fanatico-do-San-Lorenzo-morre-nesta-segunda-feira-aos-88-anos-de-idade.webp","width":1280,"height":853},{"@type":"BreadcrumbList","@id":"https:\/\/www.gaveanews.com\/index.php\/2025\/04\/21\/jogos-na-europa-sofrem-mudancas-apos-morte-do-papa-francisco\/#breadcrumb","itemListElement":[{"@type":"ListItem","position":1,"name":"Home","item":"https:\/\/www.gaveanews.com\/"},{"@type":"ListItem","position":2,"name":"Jogos na Europa sofrem mudan\u00e7as ap\u00f3s morte do Papa Francisco"}]},{"@type":"WebSite","@id":"https:\/\/www.gaveanews.com\/#website","url":"https:\/\/www.gaveanews.com\/","name":"G\u00e1vea News","description":"Veja todas as not\u00edcias sobre o Flamengo: Contrata\u00e7\u00f5es, categorias de base, resultados das partidas, tabela de classifica\u00e7\u00e3o, pr\u00f3ximos jogos!","potentialAction":[{"@type":"SearchAction","target":{"@type":"EntryPoint","urlTemplate":"https:\/\/www.gaveanews.com\/?s={search_term_string}"},"query-input":{"@type":"PropertyValueSpecification","valueRequired":true,"valueName":"search_term_string"}}],"inLanguage":"pt-BR"},{"@type":"Person","@id":"https:\/\/www.gaveanews.com\/#\/schema\/person\/3b19f7288b0ce20372991275e4f2e6c2","name":"Ana Teixeira","image":{"@type":"ImageObject","inLanguage":"pt-BR","@id":"https:\/\/www.gaveanews.com\/#\/schema\/person\/image\/","url":"https:\/\/secure.gravatar.com\/avatar\/0a73f5a5258f3fed37fc2fa641892f3f7a4748456d4d4792f9bc550e6c19e06c?s=96&d=mm&r=g","contentUrl":"https:\/\/secure.gravatar.com\/avatar\/0a73f5a5258f3fed37fc2fa641892f3f7a4748456d4d4792f9bc550e6c19e06c?s=96&d=mm&r=g","caption":"Ana Teixeira"}}]}},"_links":{"self":[{"href":"https:\/\/www.gaveanews.com\/index.php\/wp-json\/wp\/v2\/posts\/255782","targetHints":{"allow":["GET"]}}],"collection":[{"href":"https:\/\/www.gaveanews.com\/index.php\/wp-json\/wp\/v2\/posts"}],"about":[{"href":"https:\/\/www.gaveanews.com\/index.php\/wp-json\/wp\/v2\/types\/post"}],"author":[{"embeddable":true,"href":"https:\/\/www.gaveanews.com\/index.php\/wp-json\/wp\/v2\/users\/30"}],"replies":[{"embeddable":true,"href":"https:\/\/www.gaveanews.com\/index.php\/wp-json\/wp\/v2\/comments?post=255782"}],"version-history":[{"count":1,"href":"https:\/\/www.gaveanews.com\/index.php\/wp-json\/wp\/v2\/posts\/255782\/revisions"}],"predecessor-version":[{"id":255787,"href":"https:\/\/www.gaveanews.com\/index.php\/wp-json\/wp\/v2\/posts\/255782\/revisions\/255787"}],"wp:featuredmedia":[{"embeddable":true,"href":"https:\/\/www.gaveanews.com\/index.php\/wp-json\/wp\/v2\/media\/255785"}],"wp:attachment":[{"href":"https:\/\/www.gaveanews.com\/index.php\/wp-json\/wp\/v2\/media?parent=255782"}],"wp:term":[{"taxonomy":"category","embeddable":true,"href":"https:\/\/www.gaveanews.com\/index.php\/wp-json\/wp\/v2\/categories?post=255782"},{"taxonomy":"post_tag","embeddable":true,"href":"https:\/\/www.gaveanews.com\/index.php\/wp-json\/wp\/v2\/tags?post=255782"}],"curies":[{"name":"wp","href":"https:\/\/api.w.org\/{rel}","templated":true}]}}