{"id":256073,"date":"2025-04-22T19:55:55","date_gmt":"2025-04-22T22:55:55","guid":{"rendered":"https:\/\/www.gaveanews.com\/?p=256073"},"modified":"2025-04-22T16:49:52","modified_gmt":"2025-04-22T19:49:52","slug":"a-declaracao-de-luis-zubeldia-direcionada-a-tiquinho-soares-do-santos","status":"publish","type":"post","link":"https:\/\/www.gaveanews.com\/index.php\/2025\/04\/22\/a-declaracao-de-luis-zubeldia-direcionada-a-tiquinho-soares-do-santos\/","title":{"rendered":"A declara\u00e7\u00e3o de Lu\u00eds Zubeld\u00eda direcionada a Tiquinho Soares, do Santos"},"content":{"rendered":"\n<p>Ap\u00f3s o empate em 1 a 1 entre S\u00e3o Paulo e Santos, no \u00faltimo domingo (20), no Morumbis, o t\u00e9cnico Luis Zubeld\u00eda criticou abertamente a atua\u00e7\u00e3o do \u00e1rbitro Wilton Pereira Sampaio. O treinador argentino questionou os crit\u00e9rios adotados durante o cl\u00e1ssico, sobretudo em rela\u00e7\u00e3o ao atacante santista Tiquinho Soares, autor do gol da equipe visitante.<\/p>\n\n\n\n<p>\u201cPassava um vento pelo Tiquinho, ele dava falta. No Andr\u00e9, no Alves, n\u00e3o deu uma. O p\u00eanalti que fazem no Alves\u2026\u201d, reclamou Zubeld\u00eda na entrevista coletiva. Segundo ele, o \u00e1rbitro beneficiou o advers\u00e1rio em lances interpretativos e mostrou crit\u00e9rios distintos ao apitar infra\u00e7\u00f5es para os dois lados.<\/p>\n\n\n\n<p>O treinador do S\u00e3o Paulo tamb\u00e9m revelou o motivo de sua advert\u00eancia durante o jogo. \u201cSabe por que ele me deu cart\u00e3o? Porque eu disse que ele dava faltas em Tiquinho porque \u00e9 um jogador experiente. Com n\u00f3s, que temos jogadores jovens, n\u00e3o deu nada\u201d, disse o t\u00e9cnico, insatisfeito com a condu\u00e7\u00e3o do cl\u00e1ssico.<\/p>\n\n\n\n<p>Pelo lado do Santos, o interino C\u00e9sar Sampaio, que comandou o time pela segunda vez desde a sa\u00edda de Pedro Caixinha, admitiu a dificuldade da partida e o desempenho abaixo da m\u00e9dia do Alvinegro. Apesar disso, avaliou o ponto conquistado fora de casa como positivo e voltou a ser questionado sobre a possibilidade de seguir no comando t\u00e9cnico.<\/p>\n\n\n\n<p>\u201c\u00c9 uma competi\u00e7\u00e3o que n\u00e3o d\u00e1 para esperar. Pontuar todo jogo. Se poss\u00edvel ganhar em casa e, jogando fora, num jogo como esse, acho que a equipe terminou bem\u201d, analisou. \u201cAprendi muito com o Caixinha. Tive tr\u00eas ou quatro treinos para que os atletas aprendessem o que est\u00e1 na minha cabe\u00e7a. Agrade\u00e7o a eles a entrega nesse per\u00edodo curto\u201d, completou o auxiliar.<\/p>\n\n\n\n<p>O presidente do Santos, Marcelo Teixeira, tamb\u00e9m se manifestou e demonstrou tranquilidade sobre a situa\u00e7\u00e3o do comando t\u00e9cnico. Ele afirmou que o clube n\u00e3o tem pressa para definir o novo treinador e pediu paci\u00eancia \u00e0 torcida. \u201cNenhuma preocupa\u00e7\u00e3o. O trabalho \u00e9 muito s\u00f3lido, seguro. O Santos hoje estava desfalcado de dois de seus principais jogadores. O Santos hoje tem um elenco bom\u201d, declarou o dirigente.<\/p>\n","protected":false},"excerpt":{"rendered":"<p>Ap\u00f3s o empate em 1 a 1 entre S\u00e3o Paulo e Santos, no \u00faltimo domingo (20), no Morumbis, o t\u00e9cnico Luis Zubeld\u00eda criticou abertamente a atua\u00e7\u00e3o do \u00e1rbitro Wilton Pereira Sampaio. O treinador argentino questionou os crit\u00e9rios adotados durante o cl\u00e1ssico, sobretudo em rela\u00e7\u00e3o ao atacante santista Tiquinho Soares, autor do gol da equipe visitante. [&hellip;]<\/p>\n","protected":false},"author":17,"featured_media":217553,"comment_status":"open","ping_status":"closed","sticky":false,"template":"","format":"standard","meta":{"footnotes":""},"categories":[139,151],"tags":[],"class_list":["post-256073","post","type-post","status-publish","format-standard","has-post-thumbnail","hentry","category-santos","category-sao-paulo"],"yoast_head":"<!-- This site is optimized with the Yoast SEO Premium plugin v24.2 (Yoast SEO v26.9) - https:\/\/yoast.com\/product\/yoast-seo-premium-wordpress\/ -->\n<title>A declara\u00e7\u00e3o de Lu\u00eds Zubeld\u00eda direcionada a Tiquinho Soares, do Santos<\/title>\n<meta name=\"robots\" content=\"index, follow, max-snippet:-1, max-image-preview:large, max-video-preview:-1\" \/>\n<link rel=\"canonical\" href=\"https:\/\/www.gaveanews.com\/index.php\/2025\/04\/22\/a-declaracao-de-luis-zubeldia-direcionada-a-tiquinho-soares-do-santos\/\" \/>\n<meta property=\"og:locale\" content=\"pt_BR\" \/>\n<meta property=\"og:type\" content=\"article\" \/>\n<meta property=\"og:title\" content=\"A declara\u00e7\u00e3o de Lu\u00eds Zubeld\u00eda direcionada a Tiquinho Soares, do Santos\" \/>\n<meta property=\"og:description\" content=\"Ap\u00f3s o empate em 1 a 1 entre S\u00e3o Paulo e Santos, no \u00faltimo domingo (20), no Morumbis, o t\u00e9cnico Luis Zubeld\u00eda criticou abertamente a atua\u00e7\u00e3o do \u00e1rbitro Wilton Pereira Sampaio. O treinador argentino questionou os crit\u00e9rios adotados durante o cl\u00e1ssico, sobretudo em rela\u00e7\u00e3o ao atacante santista Tiquinho Soares, autor do gol da equipe visitante. [&hellip;]\" \/>\n<meta property=\"og:url\" content=\"https:\/\/www.gaveanews.com\/index.php\/2025\/04\/22\/a-declaracao-de-luis-zubeldia-direcionada-a-tiquinho-soares-do-santos\/\" \/>\n<meta property=\"og:site_name\" content=\"G\u00e1vea News\" \/>\n<meta property=\"article:publisher\" content=\"https:\/\/facebook.com\/gaveaNews\/\" \/>\n<meta property=\"article:published_time\" content=\"2025-04-22T22:55:55+00:00\" \/>\n<meta property=\"og:image\" content=\"https:\/\/www.gaveanews.com\/wp-content\/uploads\/Tiquinho-Soares-no-Santos.webp\" \/>\n\t<meta property=\"og:image:width\" content=\"1023\" \/>\n\t<meta property=\"og:image:height\" content=\"1280\" \/>\n\t<meta property=\"og:image:type\" content=\"image\/jpeg\" \/>\n<meta name=\"author\" content=\"Geovanna Thomaz\" \/>\n<meta name=\"twitter:card\" content=\"summary_large_image\" \/>\n<meta name=\"twitter:label1\" content=\"Escrito por\" \/>\n\t<meta name=\"twitter:data1\" content=\"Geovanna Thomaz\" \/>\n\t<meta name=\"twitter:label2\" content=\"Est. tempo de leitura\" \/>\n\t<meta name=\"twitter:data2\" content=\"3 minutos\" \/>\n<script type=\"application\/ld+json\" class=\"yoast-schema-graph\">{\"@context\":\"https:\/\/schema.org\",\"@graph\":[{\"@type\":\"NewsArticle\",\"@id\":\"https:\/\/www.gaveanews.com\/index.php\/2025\/04\/22\/a-declaracao-de-luis-zubeldia-direcionada-a-tiquinho-soares-do-santos\/#article\",\"isPartOf\":{\"@id\":\"https:\/\/www.gaveanews.com\/index.php\/2025\/04\/22\/a-declaracao-de-luis-zubeldia-direcionada-a-tiquinho-soares-do-santos\/\"},\"author\":{\"name\":\"Geovanna Thomaz\",\"@id\":\"https:\/\/www.gaveanews.com\/#\/schema\/person\/f42654babcd2b2014a1a65af82b081f1\"},\"headline\":\"A declara\u00e7\u00e3o de Lu\u00eds Zubeld\u00eda direcionada a Tiquinho Soares, do Santos\",\"datePublished\":\"2025-04-22T22:55:55+00:00\",\"mainEntityOfPage\":{\"@id\":\"https:\/\/www.gaveanews.com\/index.php\/2025\/04\/22\/a-declaracao-de-luis-zubeldia-direcionada-a-tiquinho-soares-do-santos\/\"},\"wordCount\":389,\"commentCount\":0,\"image\":{\"@id\":\"https:\/\/www.gaveanews.com\/index.php\/2025\/04\/22\/a-declaracao-de-luis-zubeldia-direcionada-a-tiquinho-soares-do-santos\/#primaryimage\"},\"thumbnailUrl\":\"https:\/\/www.gaveanews.com\/wp-content\/uploads\/Tiquinho-Soares-no-Santos.webp\",\"articleSection\":[\"Santos\",\"S\u00e3o Paulo\"],\"inLanguage\":\"pt-BR\",\"potentialAction\":[{\"@type\":\"CommentAction\",\"name\":\"Comment\",\"target\":[\"https:\/\/www.gaveanews.com\/index.php\/2025\/04\/22\/a-declaracao-de-luis-zubeldia-direcionada-a-tiquinho-soares-do-santos\/#respond\"]}],\"copyrightYear\":\"2025\",\"copyrightHolder\":{\"@id\":\"https:\/\/www.gaveanews.com\/#organization\"}},{\"@type\":\"WebPage\",\"@id\":\"https:\/\/www.gaveanews.com\/index.php\/2025\/04\/22\/a-declaracao-de-luis-zubeldia-direcionada-a-tiquinho-soares-do-santos\/\",\"url\":\"https:\/\/www.gaveanews.com\/index.php\/2025\/04\/22\/a-declaracao-de-luis-zubeldia-direcionada-a-tiquinho-soares-do-santos\/\",\"name\":\"A declara\u00e7\u00e3o de Lu\u00eds Zubeld\u00eda direcionada a Tiquinho Soares, do Santos\",\"isPartOf\":{\"@id\":\"https:\/\/www.gaveanews.com\/#website\"},\"primaryImageOfPage\":{\"@id\":\"https:\/\/www.gaveanews.com\/index.php\/2025\/04\/22\/a-declaracao-de-luis-zubeldia-direcionada-a-tiquinho-soares-do-santos\/#primaryimage\"},\"image\":{\"@id\":\"https:\/\/www.gaveanews.com\/index.php\/2025\/04\/22\/a-declaracao-de-luis-zubeldia-direcionada-a-tiquinho-soares-do-santos\/#primaryimage\"},\"thumbnailUrl\":\"https:\/\/www.gaveanews.com\/wp-content\/uploads\/Tiquinho-Soares-no-Santos.webp\",\"datePublished\":\"2025-04-22T22:55:55+00:00\",\"author\":{\"@id\":\"https:\/\/www.gaveanews.com\/#\/schema\/person\/f42654babcd2b2014a1a65af82b081f1\"},\"breadcrumb\":{\"@id\":\"https:\/\/www.gaveanews.com\/index.php\/2025\/04\/22\/a-declaracao-de-luis-zubeldia-direcionada-a-tiquinho-soares-do-santos\/#breadcrumb\"},\"inLanguage\":\"pt-BR\",\"potentialAction\":[{\"@type\":\"ReadAction\",\"target\":[\"https:\/\/www.gaveanews.com\/index.php\/2025\/04\/22\/a-declaracao-de-luis-zubeldia-direcionada-a-tiquinho-soares-do-santos\/\"]}]},{\"@type\":\"ImageObject\",\"inLanguage\":\"pt-BR\",\"@id\":\"https:\/\/www.gaveanews.com\/index.php\/2025\/04\/22\/a-declaracao-de-luis-zubeldia-direcionada-a-tiquinho-soares-do-santos\/#primaryimage\",\"url\":\"https:\/\/www.gaveanews.com\/wp-content\/uploads\/Tiquinho-Soares-no-Santos.webp\",\"contentUrl\":\"https:\/\/www.gaveanews.com\/wp-content\/uploads\/Tiquinho-Soares-no-Santos.webp\",\"width\":1023,\"height\":1280,\"caption\":\"Tiquinho Soares no Santos (Foto: Raul Baretta \/ Santos FC)\"},{\"@type\":\"BreadcrumbList\",\"@id\":\"https:\/\/www.gaveanews.com\/index.php\/2025\/04\/22\/a-declaracao-de-luis-zubeldia-direcionada-a-tiquinho-soares-do-santos\/#breadcrumb\",\"itemListElement\":[{\"@type\":\"ListItem\",\"position\":1,\"name\":\"Home\",\"item\":\"https:\/\/www.gaveanews.com\/\"},{\"@type\":\"ListItem\",\"position\":2,\"name\":\"A declara\u00e7\u00e3o de Lu\u00eds Zubeld\u00eda direcionada a Tiquinho Soares, do Santos\"}]},{\"@type\":\"WebSite\",\"@id\":\"https:\/\/www.gaveanews.com\/#website\",\"url\":\"https:\/\/www.gaveanews.com\/\",\"name\":\"G\u00e1vea News\",\"description\":\"Veja todas as not\u00edcias sobre o Flamengo: Contrata\u00e7\u00f5es, categorias de base, resultados das partidas, tabela de classifica\u00e7\u00e3o, pr\u00f3ximos jogos!\",\"potentialAction\":[{\"@type\":\"SearchAction\",\"target\":{\"@type\":\"EntryPoint\",\"urlTemplate\":\"https:\/\/www.gaveanews.com\/?s={search_term_string}\"},\"query-input\":{\"@type\":\"PropertyValueSpecification\",\"valueRequired\":true,\"valueName\":\"search_term_string\"}}],\"inLanguage\":\"pt-BR\"},{\"@type\":\"Person\",\"@id\":\"https:\/\/www.gaveanews.com\/#\/schema\/person\/f42654babcd2b2014a1a65af82b081f1\",\"name\":\"Geovanna Thomaz\",\"image\":{\"@type\":\"ImageObject\",\"inLanguage\":\"pt-BR\",\"@id\":\"https:\/\/www.gaveanews.com\/#\/schema\/person\/image\/\",\"url\":\"https:\/\/secure.gravatar.com\/avatar\/4092073255489533afb558984b49b64268c47198af8623cc82a925ae9fb7118a?s=96&d=mm&r=g\",\"contentUrl\":\"https:\/\/secure.gravatar.com\/avatar\/4092073255489533afb558984b49b64268c47198af8623cc82a925ae9fb7118a?s=96&d=mm&r=g\",\"caption\":\"Geovanna Thomaz\"}}]}<\/script>\n<!-- \/ Yoast SEO Premium plugin. -->","yoast_head_json":{"title":"A declara\u00e7\u00e3o de Lu\u00eds Zubeld\u00eda direcionada a Tiquinho Soares, do Santos","robots":{"index":"index","follow":"follow","max-snippet":"max-snippet:-1","max-image-preview":"max-image-preview:large","max-video-preview":"max-video-preview:-1"},"canonical":"https:\/\/www.gaveanews.com\/index.php\/2025\/04\/22\/a-declaracao-de-luis-zubeldia-direcionada-a-tiquinho-soares-do-santos\/","og_locale":"pt_BR","og_type":"article","og_title":"A declara\u00e7\u00e3o de Lu\u00eds Zubeld\u00eda direcionada a Tiquinho Soares, do Santos","og_description":"Ap\u00f3s o empate em 1 a 1 entre S\u00e3o Paulo e Santos, no \u00faltimo domingo (20), no Morumbis, o t\u00e9cnico Luis Zubeld\u00eda criticou abertamente a atua\u00e7\u00e3o do \u00e1rbitro Wilton Pereira Sampaio. O treinador argentino questionou os crit\u00e9rios adotados durante o cl\u00e1ssico, sobretudo em rela\u00e7\u00e3o ao atacante santista Tiquinho Soares, autor do gol da equipe visitante. [&hellip;]","og_url":"https:\/\/www.gaveanews.com\/index.php\/2025\/04\/22\/a-declaracao-de-luis-zubeldia-direcionada-a-tiquinho-soares-do-santos\/","og_site_name":"G\u00e1vea News","article_publisher":"https:\/\/facebook.com\/gaveaNews\/","article_published_time":"2025-04-22T22:55:55+00:00","og_image":[{"width":1023,"height":1280,"url":"https:\/\/www.gaveanews.com\/wp-content\/uploads\/Tiquinho-Soares-no-Santos.webp","type":"image\/jpeg"}],"author":"Geovanna Thomaz","twitter_card":"summary_large_image","twitter_misc":{"Escrito por":"Geovanna Thomaz","Est. tempo de leitura":"3 minutos"},"schema":{"@context":"https:\/\/schema.org","@graph":[{"@type":"NewsArticle","@id":"https:\/\/www.gaveanews.com\/index.php\/2025\/04\/22\/a-declaracao-de-luis-zubeldia-direcionada-a-tiquinho-soares-do-santos\/#article","isPartOf":{"@id":"https:\/\/www.gaveanews.com\/index.php\/2025\/04\/22\/a-declaracao-de-luis-zubeldia-direcionada-a-tiquinho-soares-do-santos\/"},"author":{"name":"Geovanna Thomaz","@id":"https:\/\/www.gaveanews.com\/#\/schema\/person\/f42654babcd2b2014a1a65af82b081f1"},"headline":"A declara\u00e7\u00e3o de Lu\u00eds Zubeld\u00eda direcionada a Tiquinho Soares, do Santos","datePublished":"2025-04-22T22:55:55+00:00","mainEntityOfPage":{"@id":"https:\/\/www.gaveanews.com\/index.php\/2025\/04\/22\/a-declaracao-de-luis-zubeldia-direcionada-a-tiquinho-soares-do-santos\/"},"wordCount":389,"commentCount":0,"image":{"@id":"https:\/\/www.gaveanews.com\/index.php\/2025\/04\/22\/a-declaracao-de-luis-zubeldia-direcionada-a-tiquinho-soares-do-santos\/#primaryimage"},"thumbnailUrl":"https:\/\/www.gaveanews.com\/wp-content\/uploads\/Tiquinho-Soares-no-Santos.webp","articleSection":["Santos","S\u00e3o Paulo"],"inLanguage":"pt-BR","potentialAction":[{"@type":"CommentAction","name":"Comment","target":["https:\/\/www.gaveanews.com\/index.php\/2025\/04\/22\/a-declaracao-de-luis-zubeldia-direcionada-a-tiquinho-soares-do-santos\/#respond"]}],"copyrightYear":"2025","copyrightHolder":{"@id":"https:\/\/www.gaveanews.com\/#organization"}},{"@type":"WebPage","@id":"https:\/\/www.gaveanews.com\/index.php\/2025\/04\/22\/a-declaracao-de-luis-zubeldia-direcionada-a-tiquinho-soares-do-santos\/","url":"https:\/\/www.gaveanews.com\/index.php\/2025\/04\/22\/a-declaracao-de-luis-zubeldia-direcionada-a-tiquinho-soares-do-santos\/","name":"A declara\u00e7\u00e3o de Lu\u00eds Zubeld\u00eda direcionada a Tiquinho Soares, do Santos","isPartOf":{"@id":"https:\/\/www.gaveanews.com\/#website"},"primaryImageOfPage":{"@id":"https:\/\/www.gaveanews.com\/index.php\/2025\/04\/22\/a-declaracao-de-luis-zubeldia-direcionada-a-tiquinho-soares-do-santos\/#primaryimage"},"image":{"@id":"https:\/\/www.gaveanews.com\/index.php\/2025\/04\/22\/a-declaracao-de-luis-zubeldia-direcionada-a-tiquinho-soares-do-santos\/#primaryimage"},"thumbnailUrl":"https:\/\/www.gaveanews.com\/wp-content\/uploads\/Tiquinho-Soares-no-Santos.webp","datePublished":"2025-04-22T22:55:55+00:00","author":{"@id":"https:\/\/www.gaveanews.com\/#\/schema\/person\/f42654babcd2b2014a1a65af82b081f1"},"breadcrumb":{"@id":"https:\/\/www.gaveanews.com\/index.php\/2025\/04\/22\/a-declaracao-de-luis-zubeldia-direcionada-a-tiquinho-soares-do-santos\/#breadcrumb"},"inLanguage":"pt-BR","potentialAction":[{"@type":"ReadAction","target":["https:\/\/www.gaveanews.com\/index.php\/2025\/04\/22\/a-declaracao-de-luis-zubeldia-direcionada-a-tiquinho-soares-do-santos\/"]}]},{"@type":"ImageObject","inLanguage":"pt-BR","@id":"https:\/\/www.gaveanews.com\/index.php\/2025\/04\/22\/a-declaracao-de-luis-zubeldia-direcionada-a-tiquinho-soares-do-santos\/#primaryimage","url":"https:\/\/www.gaveanews.com\/wp-content\/uploads\/Tiquinho-Soares-no-Santos.webp","contentUrl":"https:\/\/www.gaveanews.com\/wp-content\/uploads\/Tiquinho-Soares-no-Santos.webp","width":1023,"height":1280,"caption":"Tiquinho Soares no Santos (Foto: Raul Baretta \/ Santos FC)"},{"@type":"BreadcrumbList","@id":"https:\/\/www.gaveanews.com\/index.php\/2025\/04\/22\/a-declaracao-de-luis-zubeldia-direcionada-a-tiquinho-soares-do-santos\/#breadcrumb","itemListElement":[{"@type":"ListItem","position":1,"name":"Home","item":"https:\/\/www.gaveanews.com\/"},{"@type":"ListItem","position":2,"name":"A declara\u00e7\u00e3o de Lu\u00eds Zubeld\u00eda direcionada a Tiquinho Soares, do Santos"}]},{"@type":"WebSite","@id":"https:\/\/www.gaveanews.com\/#website","url":"https:\/\/www.gaveanews.com\/","name":"G\u00e1vea News","description":"Veja todas as not\u00edcias sobre o Flamengo: Contrata\u00e7\u00f5es, categorias de base, resultados das partidas, tabela de classifica\u00e7\u00e3o, pr\u00f3ximos jogos!","potentialAction":[{"@type":"SearchAction","target":{"@type":"EntryPoint","urlTemplate":"https:\/\/www.gaveanews.com\/?s={search_term_string}"},"query-input":{"@type":"PropertyValueSpecification","valueRequired":true,"valueName":"search_term_string"}}],"inLanguage":"pt-BR"},{"@type":"Person","@id":"https:\/\/www.gaveanews.com\/#\/schema\/person\/f42654babcd2b2014a1a65af82b081f1","name":"Geovanna Thomaz","image":{"@type":"ImageObject","inLanguage":"pt-BR","@id":"https:\/\/www.gaveanews.com\/#\/schema\/person\/image\/","url":"https:\/\/secure.gravatar.com\/avatar\/4092073255489533afb558984b49b64268c47198af8623cc82a925ae9fb7118a?s=96&d=mm&r=g","contentUrl":"https:\/\/secure.gravatar.com\/avatar\/4092073255489533afb558984b49b64268c47198af8623cc82a925ae9fb7118a?s=96&d=mm&r=g","caption":"Geovanna Thomaz"}}]}},"_links":{"self":[{"href":"https:\/\/www.gaveanews.com\/index.php\/wp-json\/wp\/v2\/posts\/256073","targetHints":{"allow":["GET"]}}],"collection":[{"href":"https:\/\/www.gaveanews.com\/index.php\/wp-json\/wp\/v2\/posts"}],"about":[{"href":"https:\/\/www.gaveanews.com\/index.php\/wp-json\/wp\/v2\/types\/post"}],"author":[{"embeddable":true,"href":"https:\/\/www.gaveanews.com\/index.php\/wp-json\/wp\/v2\/users\/17"}],"replies":[{"embeddable":true,"href":"https:\/\/www.gaveanews.com\/index.php\/wp-json\/wp\/v2\/comments?post=256073"}],"version-history":[{"count":1,"href":"https:\/\/www.gaveanews.com\/index.php\/wp-json\/wp\/v2\/posts\/256073\/revisions"}],"predecessor-version":[{"id":256080,"href":"https:\/\/www.gaveanews.com\/index.php\/wp-json\/wp\/v2\/posts\/256073\/revisions\/256080"}],"wp:featuredmedia":[{"embeddable":true,"href":"https:\/\/www.gaveanews.com\/index.php\/wp-json\/wp\/v2\/media\/217553"}],"wp:attachment":[{"href":"https:\/\/www.gaveanews.com\/index.php\/wp-json\/wp\/v2\/media?parent=256073"}],"wp:term":[{"taxonomy":"category","embeddable":true,"href":"https:\/\/www.gaveanews.com\/index.php\/wp-json\/wp\/v2\/categories?post=256073"},{"taxonomy":"post_tag","embeddable":true,"href":"https:\/\/www.gaveanews.com\/index.php\/wp-json\/wp\/v2\/tags?post=256073"}],"curies":[{"name":"wp","href":"https:\/\/api.w.org\/{rel}","templated":true}]}}