{"id":256118,"date":"2025-04-21T21:45:00","date_gmt":"2025-04-22T00:45:00","guid":{"rendered":"https:\/\/www.gaveanews.com\/?p=256118"},"modified":"2025-04-21T20:05:20","modified_gmt":"2025-04-21T23:05:20","slug":"cbf-reconhece-erro-de-arbitragem-em-gre-nal","status":"publish","type":"post","link":"https:\/\/www.gaveanews.com\/index.php\/2025\/04\/21\/cbf-reconhece-erro-de-arbitragem-em-gre-nal\/","title":{"rendered":"CBF reconhece erro de arbitragem em Gre-Nal"},"content":{"rendered":"\n<p>A Confedera\u00e7\u00e3o Brasileira de Futebol (CBF) reconheceu um erro da arbitragem no cl\u00e1ssico Gre-Nal realizado no s\u00e1bado (19), v\u00e1lido pela quinta rodada do Campeonato Brasileiro. O Comit\u00ea Consultivo de Especialistas Internacionais (CCEI) apontou que houve p\u00eanalti n\u00e3o assinalado a favor do Gr\u00eamio, em lance envolvendo o atacante Aravena e o defensor Aguirre, do Internacional.<\/p>\n\n\n\n<p>O lance aconteceu aos 39 minutos do segundo tempo, quando Aravena entrou na \u00e1rea em velocidade e foi derrubado. O \u00e1rbitro Br\u00e1ulio da Silva Machado optou por seguir o jogo, mesmo ap\u00f3s ser chamado pelo VAR. A revis\u00e3o foi solicitada por Wagner Reway, que alertou para um contato imprudente. Apesar disso, Br\u00e1ulio manteve sua decis\u00e3o de campo, considerando o choque como disputa normal de jogo.<\/p>\n\n\n\n<p>Segundo o parecer t\u00e9cnico do CCEI, composto por nomes como Nicola Rizolli, Nestor Pitana, Sandro Meira Ricci, Rodrigo Cintra e Fabricio Vilarinho, a entrada de Aguirre foi considerada imprudente. O documento afirma que o defensor \u201cn\u00e3o toca na bola, d\u00e1 uma entrada imprudente e atinge o advers\u00e1rio com a perna direita dentro da \u00e1rea, fazendo-o trope\u00e7ar\u201d.<\/p>\n\n\n\n<p>O \u00e1udio do VAR, divulgado posteriormente, revela que os assistentes de v\u00eddeo concordaram com a exist\u00eancia do contato. Um deles destacou: \u201cContato imprudente da coxa na coxa esquerda do atacante\u201d. A an\u00e1lise refor\u00e7ou que o \u00e1rbitro deveria ter marcado a penalidade m\u00e1xima.<\/p>\n\n\n\n<p>O cl\u00e1ssico terminou empatado em 1 a 1. O Gr\u00eamio abriu o placar ainda no primeiro tempo, ap\u00f3s gol contra de Anthoni. O Internacional igualou o marcador no segundo tempo, com Alan Patrick convertendo p\u00eanalti assinalado por toque de m\u00e3o de Jo\u00e3o Pedro.<\/p>\n\n\n\n<p>A CBF informou que eventuais medidas administrativas referentes ao caso ser\u00e3o tratadas internamente. O parecer emitido tem car\u00e1ter consultivo, com objetivo de orientar decis\u00f5es da Diretoria de Arbitragem da entidade.<\/p>\n","protected":false},"excerpt":{"rendered":"<p>A Confedera\u00e7\u00e3o Brasileira de Futebol (CBF) reconheceu um erro da arbitragem no cl\u00e1ssico Gre-Nal realizado no s\u00e1bado (19), v\u00e1lido pela quinta rodada do Campeonato Brasileiro. O Comit\u00ea Consultivo de Especialistas Internacionais (CCEI) apontou que houve p\u00eanalti n\u00e3o assinalado a favor do Gr\u00eamio, em lance envolvendo o atacante Aravena e o defensor Aguirre, do Internacional. O [&hellip;]<\/p>\n","protected":false},"author":18,"featured_media":235209,"comment_status":"open","ping_status":"closed","sticky":false,"template":"","format":"standard","meta":{"footnotes":""},"categories":[147,148],"tags":[],"class_list":["post-256118","post","type-post","status-publish","format-standard","has-post-thumbnail","hentry","category-gremio","category-internacional"],"yoast_head":"<!-- This site is optimized with the Yoast SEO Premium plugin v24.2 (Yoast SEO v26.9) - https:\/\/yoast.com\/product\/yoast-seo-premium-wordpress\/ -->\n<title>CBF reconhece erro de arbitragem em Gre-Nal<\/title>\n<meta name=\"robots\" content=\"index, follow, max-snippet:-1, max-image-preview:large, max-video-preview:-1\" \/>\n<link rel=\"canonical\" href=\"https:\/\/www.gaveanews.com\/index.php\/2025\/04\/21\/cbf-reconhece-erro-de-arbitragem-em-gre-nal\/\" \/>\n<meta property=\"og:locale\" content=\"pt_BR\" \/>\n<meta property=\"og:type\" content=\"article\" \/>\n<meta property=\"og:title\" content=\"CBF reconhece erro de arbitragem em Gre-Nal\" \/>\n<meta property=\"og:description\" content=\"A Confedera\u00e7\u00e3o Brasileira de Futebol (CBF) reconheceu um erro da arbitragem no cl\u00e1ssico Gre-Nal realizado no s\u00e1bado (19), v\u00e1lido pela quinta rodada do Campeonato Brasileiro. O Comit\u00ea Consultivo de Especialistas Internacionais (CCEI) apontou que houve p\u00eanalti n\u00e3o assinalado a favor do Gr\u00eamio, em lance envolvendo o atacante Aravena e o defensor Aguirre, do Internacional. O [&hellip;]\" \/>\n<meta property=\"og:url\" content=\"https:\/\/www.gaveanews.com\/index.php\/2025\/04\/21\/cbf-reconhece-erro-de-arbitragem-em-gre-nal\/\" \/>\n<meta property=\"og:site_name\" content=\"G\u00e1vea News\" \/>\n<meta property=\"article:publisher\" content=\"https:\/\/facebook.com\/gaveaNews\/\" \/>\n<meta property=\"article:published_time\" content=\"2025-04-22T00:45:00+00:00\" \/>\n<meta property=\"og:image\" content=\"https:\/\/www.gaveanews.com\/wp-content\/uploads\/Gremio-x-Internacional-Grenal-444.webp\" \/>\n\t<meta property=\"og:image:width\" content=\"854\" \/>\n\t<meta property=\"og:image:height\" content=\"541\" \/>\n\t<meta property=\"og:image:type\" content=\"image\/jpeg\" \/>\n<meta name=\"author\" content=\"Paula Silva\" \/>\n<meta name=\"twitter:card\" content=\"summary_large_image\" \/>\n<meta name=\"twitter:label1\" content=\"Escrito por\" \/>\n\t<meta name=\"twitter:data1\" content=\"Paula Silva\" \/>\n\t<meta name=\"twitter:label2\" content=\"Est. tempo de leitura\" \/>\n\t<meta name=\"twitter:data2\" content=\"2 minutos\" \/>\n<script type=\"application\/ld+json\" class=\"yoast-schema-graph\">{\"@context\":\"https:\/\/schema.org\",\"@graph\":[{\"@type\":\"NewsArticle\",\"@id\":\"https:\/\/www.gaveanews.com\/index.php\/2025\/04\/21\/cbf-reconhece-erro-de-arbitragem-em-gre-nal\/#article\",\"isPartOf\":{\"@id\":\"https:\/\/www.gaveanews.com\/index.php\/2025\/04\/21\/cbf-reconhece-erro-de-arbitragem-em-gre-nal\/\"},\"author\":{\"name\":\"Paula Silva\",\"@id\":\"https:\/\/www.gaveanews.com\/#\/schema\/person\/daf63eec72e1164eb13dc35096c2b8da\"},\"headline\":\"CBF reconhece erro de arbitragem em Gre-Nal\",\"datePublished\":\"2025-04-22T00:45:00+00:00\",\"mainEntityOfPage\":{\"@id\":\"https:\/\/www.gaveanews.com\/index.php\/2025\/04\/21\/cbf-reconhece-erro-de-arbitragem-em-gre-nal\/\"},\"wordCount\":323,\"commentCount\":0,\"image\":{\"@id\":\"https:\/\/www.gaveanews.com\/index.php\/2025\/04\/21\/cbf-reconhece-erro-de-arbitragem-em-gre-nal\/#primaryimage\"},\"thumbnailUrl\":\"https:\/\/www.gaveanews.com\/wp-content\/uploads\/Gremio-x-Internacional-Grenal-444.webp\",\"articleSection\":[\"Gr\u00eamio\",\"Internacional\"],\"inLanguage\":\"pt-BR\",\"potentialAction\":[{\"@type\":\"CommentAction\",\"name\":\"Comment\",\"target\":[\"https:\/\/www.gaveanews.com\/index.php\/2025\/04\/21\/cbf-reconhece-erro-de-arbitragem-em-gre-nal\/#respond\"]}],\"copyrightYear\":\"2025\",\"copyrightHolder\":{\"@id\":\"https:\/\/www.gaveanews.com\/#organization\"}},{\"@type\":\"WebPage\",\"@id\":\"https:\/\/www.gaveanews.com\/index.php\/2025\/04\/21\/cbf-reconhece-erro-de-arbitragem-em-gre-nal\/\",\"url\":\"https:\/\/www.gaveanews.com\/index.php\/2025\/04\/21\/cbf-reconhece-erro-de-arbitragem-em-gre-nal\/\",\"name\":\"CBF reconhece erro de arbitragem em Gre-Nal\",\"isPartOf\":{\"@id\":\"https:\/\/www.gaveanews.com\/#website\"},\"primaryImageOfPage\":{\"@id\":\"https:\/\/www.gaveanews.com\/index.php\/2025\/04\/21\/cbf-reconhece-erro-de-arbitragem-em-gre-nal\/#primaryimage\"},\"image\":{\"@id\":\"https:\/\/www.gaveanews.com\/index.php\/2025\/04\/21\/cbf-reconhece-erro-de-arbitragem-em-gre-nal\/#primaryimage\"},\"thumbnailUrl\":\"https:\/\/www.gaveanews.com\/wp-content\/uploads\/Gremio-x-Internacional-Grenal-444.webp\",\"datePublished\":\"2025-04-22T00:45:00+00:00\",\"author\":{\"@id\":\"https:\/\/www.gaveanews.com\/#\/schema\/person\/daf63eec72e1164eb13dc35096c2b8da\"},\"breadcrumb\":{\"@id\":\"https:\/\/www.gaveanews.com\/index.php\/2025\/04\/21\/cbf-reconhece-erro-de-arbitragem-em-gre-nal\/#breadcrumb\"},\"inLanguage\":\"pt-BR\",\"potentialAction\":[{\"@type\":\"ReadAction\",\"target\":[\"https:\/\/www.gaveanews.com\/index.php\/2025\/04\/21\/cbf-reconhece-erro-de-arbitragem-em-gre-nal\/\"]}]},{\"@type\":\"ImageObject\",\"inLanguage\":\"pt-BR\",\"@id\":\"https:\/\/www.gaveanews.com\/index.php\/2025\/04\/21\/cbf-reconhece-erro-de-arbitragem-em-gre-nal\/#primaryimage\",\"url\":\"https:\/\/www.gaveanews.com\/wp-content\/uploads\/Gremio-x-Internacional-Grenal-444.webp\",\"contentUrl\":\"https:\/\/www.gaveanews.com\/wp-content\/uploads\/Gremio-x-Internacional-Grenal-444.webp\",\"width\":854,\"height\":541,\"caption\":\"Gr\u00eamio x Internacional - Grenal 444 (FOTO: LUCAS UEBEL\/GREMIO FBPA)\"},{\"@type\":\"BreadcrumbList\",\"@id\":\"https:\/\/www.gaveanews.com\/index.php\/2025\/04\/21\/cbf-reconhece-erro-de-arbitragem-em-gre-nal\/#breadcrumb\",\"itemListElement\":[{\"@type\":\"ListItem\",\"position\":1,\"name\":\"Home\",\"item\":\"https:\/\/www.gaveanews.com\/\"},{\"@type\":\"ListItem\",\"position\":2,\"name\":\"CBF reconhece erro de arbitragem em Gre-Nal\"}]},{\"@type\":\"WebSite\",\"@id\":\"https:\/\/www.gaveanews.com\/#website\",\"url\":\"https:\/\/www.gaveanews.com\/\",\"name\":\"G\u00e1vea News\",\"description\":\"Veja todas as not\u00edcias sobre o Flamengo: Contrata\u00e7\u00f5es, categorias de base, resultados das partidas, tabela de classifica\u00e7\u00e3o, pr\u00f3ximos jogos!\",\"potentialAction\":[{\"@type\":\"SearchAction\",\"target\":{\"@type\":\"EntryPoint\",\"urlTemplate\":\"https:\/\/www.gaveanews.com\/?s={search_term_string}\"},\"query-input\":{\"@type\":\"PropertyValueSpecification\",\"valueRequired\":true,\"valueName\":\"search_term_string\"}}],\"inLanguage\":\"pt-BR\"},{\"@type\":\"Person\",\"@id\":\"https:\/\/www.gaveanews.com\/#\/schema\/person\/daf63eec72e1164eb13dc35096c2b8da\",\"name\":\"Paula Silva\",\"image\":{\"@type\":\"ImageObject\",\"inLanguage\":\"pt-BR\",\"@id\":\"https:\/\/www.gaveanews.com\/#\/schema\/person\/image\/\",\"url\":\"https:\/\/secure.gravatar.com\/avatar\/eda381c845527cc5d64c13b901833cda29d97500ba040d3e6461f76f51d163bb?s=96&d=mm&r=g\",\"contentUrl\":\"https:\/\/secure.gravatar.com\/avatar\/eda381c845527cc5d64c13b901833cda29d97500ba040d3e6461f76f51d163bb?s=96&d=mm&r=g\",\"caption\":\"Paula Silva\"}}]}<\/script>\n<!-- \/ Yoast SEO Premium plugin. -->","yoast_head_json":{"title":"CBF reconhece erro de arbitragem em Gre-Nal","robots":{"index":"index","follow":"follow","max-snippet":"max-snippet:-1","max-image-preview":"max-image-preview:large","max-video-preview":"max-video-preview:-1"},"canonical":"https:\/\/www.gaveanews.com\/index.php\/2025\/04\/21\/cbf-reconhece-erro-de-arbitragem-em-gre-nal\/","og_locale":"pt_BR","og_type":"article","og_title":"CBF reconhece erro de arbitragem em Gre-Nal","og_description":"A Confedera\u00e7\u00e3o Brasileira de Futebol (CBF) reconheceu um erro da arbitragem no cl\u00e1ssico Gre-Nal realizado no s\u00e1bado (19), v\u00e1lido pela quinta rodada do Campeonato Brasileiro. O Comit\u00ea Consultivo de Especialistas Internacionais (CCEI) apontou que houve p\u00eanalti n\u00e3o assinalado a favor do Gr\u00eamio, em lance envolvendo o atacante Aravena e o defensor Aguirre, do Internacional. O [&hellip;]","og_url":"https:\/\/www.gaveanews.com\/index.php\/2025\/04\/21\/cbf-reconhece-erro-de-arbitragem-em-gre-nal\/","og_site_name":"G\u00e1vea News","article_publisher":"https:\/\/facebook.com\/gaveaNews\/","article_published_time":"2025-04-22T00:45:00+00:00","og_image":[{"width":854,"height":541,"url":"https:\/\/www.gaveanews.com\/wp-content\/uploads\/Gremio-x-Internacional-Grenal-444.webp","type":"image\/jpeg"}],"author":"Paula Silva","twitter_card":"summary_large_image","twitter_misc":{"Escrito por":"Paula Silva","Est. tempo de leitura":"2 minutos"},"schema":{"@context":"https:\/\/schema.org","@graph":[{"@type":"NewsArticle","@id":"https:\/\/www.gaveanews.com\/index.php\/2025\/04\/21\/cbf-reconhece-erro-de-arbitragem-em-gre-nal\/#article","isPartOf":{"@id":"https:\/\/www.gaveanews.com\/index.php\/2025\/04\/21\/cbf-reconhece-erro-de-arbitragem-em-gre-nal\/"},"author":{"name":"Paula Silva","@id":"https:\/\/www.gaveanews.com\/#\/schema\/person\/daf63eec72e1164eb13dc35096c2b8da"},"headline":"CBF reconhece erro de arbitragem em Gre-Nal","datePublished":"2025-04-22T00:45:00+00:00","mainEntityOfPage":{"@id":"https:\/\/www.gaveanews.com\/index.php\/2025\/04\/21\/cbf-reconhece-erro-de-arbitragem-em-gre-nal\/"},"wordCount":323,"commentCount":0,"image":{"@id":"https:\/\/www.gaveanews.com\/index.php\/2025\/04\/21\/cbf-reconhece-erro-de-arbitragem-em-gre-nal\/#primaryimage"},"thumbnailUrl":"https:\/\/www.gaveanews.com\/wp-content\/uploads\/Gremio-x-Internacional-Grenal-444.webp","articleSection":["Gr\u00eamio","Internacional"],"inLanguage":"pt-BR","potentialAction":[{"@type":"CommentAction","name":"Comment","target":["https:\/\/www.gaveanews.com\/index.php\/2025\/04\/21\/cbf-reconhece-erro-de-arbitragem-em-gre-nal\/#respond"]}],"copyrightYear":"2025","copyrightHolder":{"@id":"https:\/\/www.gaveanews.com\/#organization"}},{"@type":"WebPage","@id":"https:\/\/www.gaveanews.com\/index.php\/2025\/04\/21\/cbf-reconhece-erro-de-arbitragem-em-gre-nal\/","url":"https:\/\/www.gaveanews.com\/index.php\/2025\/04\/21\/cbf-reconhece-erro-de-arbitragem-em-gre-nal\/","name":"CBF reconhece erro de arbitragem em Gre-Nal","isPartOf":{"@id":"https:\/\/www.gaveanews.com\/#website"},"primaryImageOfPage":{"@id":"https:\/\/www.gaveanews.com\/index.php\/2025\/04\/21\/cbf-reconhece-erro-de-arbitragem-em-gre-nal\/#primaryimage"},"image":{"@id":"https:\/\/www.gaveanews.com\/index.php\/2025\/04\/21\/cbf-reconhece-erro-de-arbitragem-em-gre-nal\/#primaryimage"},"thumbnailUrl":"https:\/\/www.gaveanews.com\/wp-content\/uploads\/Gremio-x-Internacional-Grenal-444.webp","datePublished":"2025-04-22T00:45:00+00:00","author":{"@id":"https:\/\/www.gaveanews.com\/#\/schema\/person\/daf63eec72e1164eb13dc35096c2b8da"},"breadcrumb":{"@id":"https:\/\/www.gaveanews.com\/index.php\/2025\/04\/21\/cbf-reconhece-erro-de-arbitragem-em-gre-nal\/#breadcrumb"},"inLanguage":"pt-BR","potentialAction":[{"@type":"ReadAction","target":["https:\/\/www.gaveanews.com\/index.php\/2025\/04\/21\/cbf-reconhece-erro-de-arbitragem-em-gre-nal\/"]}]},{"@type":"ImageObject","inLanguage":"pt-BR","@id":"https:\/\/www.gaveanews.com\/index.php\/2025\/04\/21\/cbf-reconhece-erro-de-arbitragem-em-gre-nal\/#primaryimage","url":"https:\/\/www.gaveanews.com\/wp-content\/uploads\/Gremio-x-Internacional-Grenal-444.webp","contentUrl":"https:\/\/www.gaveanews.com\/wp-content\/uploads\/Gremio-x-Internacional-Grenal-444.webp","width":854,"height":541,"caption":"Gr\u00eamio x Internacional - Grenal 444 (FOTO: LUCAS UEBEL\/GREMIO FBPA)"},{"@type":"BreadcrumbList","@id":"https:\/\/www.gaveanews.com\/index.php\/2025\/04\/21\/cbf-reconhece-erro-de-arbitragem-em-gre-nal\/#breadcrumb","itemListElement":[{"@type":"ListItem","position":1,"name":"Home","item":"https:\/\/www.gaveanews.com\/"},{"@type":"ListItem","position":2,"name":"CBF reconhece erro de arbitragem em Gre-Nal"}]},{"@type":"WebSite","@id":"https:\/\/www.gaveanews.com\/#website","url":"https:\/\/www.gaveanews.com\/","name":"G\u00e1vea News","description":"Veja todas as not\u00edcias sobre o Flamengo: Contrata\u00e7\u00f5es, categorias de base, resultados das partidas, tabela de classifica\u00e7\u00e3o, pr\u00f3ximos jogos!","potentialAction":[{"@type":"SearchAction","target":{"@type":"EntryPoint","urlTemplate":"https:\/\/www.gaveanews.com\/?s={search_term_string}"},"query-input":{"@type":"PropertyValueSpecification","valueRequired":true,"valueName":"search_term_string"}}],"inLanguage":"pt-BR"},{"@type":"Person","@id":"https:\/\/www.gaveanews.com\/#\/schema\/person\/daf63eec72e1164eb13dc35096c2b8da","name":"Paula Silva","image":{"@type":"ImageObject","inLanguage":"pt-BR","@id":"https:\/\/www.gaveanews.com\/#\/schema\/person\/image\/","url":"https:\/\/secure.gravatar.com\/avatar\/eda381c845527cc5d64c13b901833cda29d97500ba040d3e6461f76f51d163bb?s=96&d=mm&r=g","contentUrl":"https:\/\/secure.gravatar.com\/avatar\/eda381c845527cc5d64c13b901833cda29d97500ba040d3e6461f76f51d163bb?s=96&d=mm&r=g","caption":"Paula Silva"}}]}},"_links":{"self":[{"href":"https:\/\/www.gaveanews.com\/index.php\/wp-json\/wp\/v2\/posts\/256118","targetHints":{"allow":["GET"]}}],"collection":[{"href":"https:\/\/www.gaveanews.com\/index.php\/wp-json\/wp\/v2\/posts"}],"about":[{"href":"https:\/\/www.gaveanews.com\/index.php\/wp-json\/wp\/v2\/types\/post"}],"author":[{"embeddable":true,"href":"https:\/\/www.gaveanews.com\/index.php\/wp-json\/wp\/v2\/users\/18"}],"replies":[{"embeddable":true,"href":"https:\/\/www.gaveanews.com\/index.php\/wp-json\/wp\/v2\/comments?post=256118"}],"version-history":[{"count":1,"href":"https:\/\/www.gaveanews.com\/index.php\/wp-json\/wp\/v2\/posts\/256118\/revisions"}],"predecessor-version":[{"id":256121,"href":"https:\/\/www.gaveanews.com\/index.php\/wp-json\/wp\/v2\/posts\/256118\/revisions\/256121"}],"wp:featuredmedia":[{"embeddable":true,"href":"https:\/\/www.gaveanews.com\/index.php\/wp-json\/wp\/v2\/media\/235209"}],"wp:attachment":[{"href":"https:\/\/www.gaveanews.com\/index.php\/wp-json\/wp\/v2\/media?parent=256118"}],"wp:term":[{"taxonomy":"category","embeddable":true,"href":"https:\/\/www.gaveanews.com\/index.php\/wp-json\/wp\/v2\/categories?post=256118"},{"taxonomy":"post_tag","embeddable":true,"href":"https:\/\/www.gaveanews.com\/index.php\/wp-json\/wp\/v2\/tags?post=256118"}],"curies":[{"name":"wp","href":"https:\/\/api.w.org\/{rel}","templated":true}]}}