{"id":256176,"date":"2025-04-22T11:05:00","date_gmt":"2025-04-22T14:05:00","guid":{"rendered":"https:\/\/www.gaveanews.com\/?p=256176"},"modified":"2025-04-22T10:42:39","modified_gmt":"2025-04-22T13:42:39","slug":"retorno-de-lucas-moura-ao-sao-paulo-e-atualizado-por-andre-hernan","status":"publish","type":"post","link":"https:\/\/www.gaveanews.com\/index.php\/2025\/04\/22\/retorno-de-lucas-moura-ao-sao-paulo-e-atualizado-por-andre-hernan\/","title":{"rendered":"Retorno de Lucas Moura ao S\u00e3o Paulo \u00e9 atualizado por Andr\u00e9 Hernan"},"content":{"rendered":"\n<p>O S\u00e3o Paulo n\u00e3o contar\u00e1 com Lucas Moura para os pr\u00f3ximos compromissos da temporada. Conforme revelou o jornalista Andr\u00e9 Hernan, o meia-atacante ainda n\u00e3o est\u00e1 liberado pelo departamento m\u00e9dico e segue em fase de transi\u00e7\u00e3o f\u00edsica. \u201cLucas est\u00e1 na transi\u00e7\u00e3o e ainda n\u00e3o treinou com o grupo\u201d, explicou o comunicador, afastando qualquer possibilidade de retorno imediato.<\/p>\n\n\n\n<p>Dessa forma, o camisa 7 est\u00e1 fora das partidas contra o Libertad, nesta quarta-feira (23 de abril), pela fase de grupos da Libertadores, e tamb\u00e9m do duelo contra o Cear\u00e1, no s\u00e1bado (26 de abril), v\u00e1lido pelo Campeonato Brasileiro. A aus\u00eancia de um dos principais nomes do elenco representa um desafio para o t\u00e9cnico Luis Zubeld\u00eda em um momento de calend\u00e1rio apertado.<\/p>\n\n\n\n<figure class=\"wp-block-image size-large\"><img loading=\"lazy\" decoding=\"async\" width=\"819\" height=\"1024\" src=\"http:\/\/www.gaveanews.com\/wp-content\/uploads\/Andre-Hernan-posa-para-foto-com-o-microfone-da-Prime-Video-Sport-Brasil-no-estadio-do-Maracana-819x1024.webp\" alt=\"\" class=\"wp-image-118152\" srcset=\"https:\/\/www.gaveanews.com\/wp-content\/uploads\/Andre-Hernan-posa-para-foto-com-o-microfone-da-Prime-Video-Sport-Brasil-no-estadio-do-Maracana-819x1024.webp 819w, https:\/\/www.gaveanews.com\/wp-content\/uploads\/Andre-Hernan-posa-para-foto-com-o-microfone-da-Prime-Video-Sport-Brasil-no-estadio-do-Maracana-240x300.webp 240w, https:\/\/www.gaveanews.com\/wp-content\/uploads\/Andre-Hernan-posa-para-foto-com-o-microfone-da-Prime-Video-Sport-Brasil-no-estadio-do-Maracana-768x960.webp 768w, https:\/\/www.gaveanews.com\/wp-content\/uploads\/Andre-Hernan-posa-para-foto-com-o-microfone-da-Prime-Video-Sport-Brasil-no-estadio-do-Maracana-336x420.webp 336w, https:\/\/www.gaveanews.com\/wp-content\/uploads\/Andre-Hernan-posa-para-foto-com-o-microfone-da-Prime-Video-Sport-Brasil-no-estadio-do-Maracana-672x840.webp 672w, https:\/\/www.gaveanews.com\/wp-content\/uploads\/Andre-Hernan-posa-para-foto-com-o-microfone-da-Prime-Video-Sport-Brasil-no-estadio-do-Maracana-640x800.webp 640w, https:\/\/www.gaveanews.com\/wp-content\/uploads\/Andre-Hernan-posa-para-foto-com-o-microfone-da-Prime-Video-Sport-Brasil-no-estadio-do-Maracana-681x851.webp 681w, https:\/\/www.gaveanews.com\/wp-content\/uploads\/Andre-Hernan-posa-para-foto-com-o-microfone-da-Prime-Video-Sport-Brasil-no-estadio-do-Maracana-100x125.webp 100w, https:\/\/www.gaveanews.com\/wp-content\/uploads\/Andre-Hernan-posa-para-foto-com-o-microfone-da-Prime-Video-Sport-Brasil-no-estadio-do-Maracana.webp 1080w\" sizes=\"auto, (max-width: 819px) 100vw, 819px\" \/><figcaption class=\"wp-element-caption\">Andr\u00e9 Hernan posa para foto com o microfone da Prime Video Sport Brasil no est\u00e1dio do Maracan\u00e3 (Foto: Reprodu\u00e7\u00e3o\/Instagram)<\/figcaption><\/figure>\n\n\n\n<p>A comiss\u00e3o t\u00e9cnica trabalha com a expectativa de ter Lucas dispon\u00edvel apenas a partir da pr\u00f3xima ter\u00e7a-feira (29 de abril), quando o Tricolor receber\u00e1 o N\u00e1utico, no Morumbi, pela partida de ida da terceira fase da Copa do Brasil. O S\u00e3o Paulo entrou diretamente nesta fase do torneio por ter se classificado \u00e0 fase de grupos da atual edi\u00e7\u00e3o da Libertadores.<\/p>\n\n\n\n<p>Enquanto isso, o elenco s\u00e3o-paulino se divide entre as diferentes competi\u00e7\u00f5es. Ap\u00f3s a vit\u00f3ria no cl\u00e1ssico contra o Santos no \u00faltimo domingo (20), a equipe agora volta seu foco para a maratona de jogos que envolve compromissos nacionais e continentais em curto espa\u00e7o de tempo. O planejamento do clube, portanto, exige um alto n\u00edvel de rota\u00e7\u00e3o e aten\u00e7\u00e3o ao condicionamento f\u00edsico dos atletas.<\/p>\n\n\n\n<p>Outro nome que tamb\u00e9m segue como baixa \u00e9 o meia Oscar. O jogador ainda se recupera de uma les\u00e3o na coxa esquerda e, apesar do tratamento intensivo, n\u00e3o h\u00e1 previs\u00e3o para seu retorno aos gramados. Os profissionais do Reffis seguem monitorando sua condi\u00e7\u00e3o com testes f\u00edsicos frequentes, mas a libera\u00e7\u00e3o m\u00e9dica depende da aus\u00eancia completa de dores na regi\u00e3o.<\/p>\n\n\n\n<p>Assim sendo, o S\u00e3o Paulo enfrenta esse momento decisivo da temporada com desfalques importantes no setor ofensivo. A equipe aposta na recupera\u00e7\u00e3o gradual de seus atletas e na consist\u00eancia do elenco para manter o desempenho nas tr\u00eas frentes de disputa.<\/p>\n","protected":false},"excerpt":{"rendered":"<p>O S\u00e3o Paulo n\u00e3o contar\u00e1 com Lucas Moura para os pr\u00f3ximos compromissos da temporada. Conforme revelou o jornalista Andr\u00e9 Hernan, o meia-atacante ainda n\u00e3o est\u00e1 liberado pelo departamento m\u00e9dico e segue em fase de transi\u00e7\u00e3o f\u00edsica. \u201cLucas est\u00e1 na transi\u00e7\u00e3o e ainda n\u00e3o treinou com o grupo\u201d, explicou o comunicador, afastando qualquer possibilidade de retorno [&hellip;]<\/p>\n","protected":false},"author":33,"featured_media":157849,"comment_status":"open","ping_status":"closed","sticky":false,"template":"","format":"standard","meta":{"footnotes":""},"categories":[151],"tags":[],"class_list":["post-256176","post","type-post","status-publish","format-standard","has-post-thumbnail","hentry","category-sao-paulo"],"yoast_head":"<!-- This site is optimized with the Yoast SEO Premium plugin v24.2 (Yoast SEO v26.9) - https:\/\/yoast.com\/product\/yoast-seo-premium-wordpress\/ -->\n<title>Retorno de Lucas Moura ao S\u00e3o Paulo \u00e9 atualizado por Andr\u00e9 Hernan<\/title>\n<meta name=\"robots\" content=\"index, follow, max-snippet:-1, max-image-preview:large, max-video-preview:-1\" \/>\n<link rel=\"canonical\" href=\"https:\/\/www.gaveanews.com\/index.php\/2025\/04\/22\/retorno-de-lucas-moura-ao-sao-paulo-e-atualizado-por-andre-hernan\/\" \/>\n<meta property=\"og:locale\" content=\"pt_BR\" \/>\n<meta property=\"og:type\" content=\"article\" \/>\n<meta property=\"og:title\" content=\"Retorno de Lucas Moura ao S\u00e3o Paulo \u00e9 atualizado por Andr\u00e9 Hernan\" \/>\n<meta property=\"og:description\" content=\"O S\u00e3o Paulo n\u00e3o contar\u00e1 com Lucas Moura para os pr\u00f3ximos compromissos da temporada. Conforme revelou o jornalista Andr\u00e9 Hernan, o meia-atacante ainda n\u00e3o est\u00e1 liberado pelo departamento m\u00e9dico e segue em fase de transi\u00e7\u00e3o f\u00edsica. \u201cLucas est\u00e1 na transi\u00e7\u00e3o e ainda n\u00e3o treinou com o grupo\u201d, explicou o comunicador, afastando qualquer possibilidade de retorno [&hellip;]\" \/>\n<meta property=\"og:url\" content=\"https:\/\/www.gaveanews.com\/index.php\/2025\/04\/22\/retorno-de-lucas-moura-ao-sao-paulo-e-atualizado-por-andre-hernan\/\" \/>\n<meta property=\"og:site_name\" content=\"G\u00e1vea News\" \/>\n<meta property=\"article:publisher\" content=\"https:\/\/facebook.com\/gaveaNews\/\" \/>\n<meta property=\"article:published_time\" content=\"2025-04-22T14:05:00+00:00\" \/>\n<meta property=\"og:image\" content=\"https:\/\/www.gaveanews.com\/wp-content\/uploads\/Lucas-Moura-corre-e-vibra-apos-marcar-um-gol-pelo-Sao-Paulo-no-estadio-do-Morumbi.webp\" \/>\n\t<meta property=\"og:image:width\" content=\"1066\" \/>\n\t<meta property=\"og:image:height\" content=\"1332\" \/>\n\t<meta property=\"og:image:type\" content=\"image\/jpeg\" \/>\n<meta name=\"author\" content=\"Brenda Cezillo\" \/>\n<meta name=\"twitter:card\" content=\"summary_large_image\" \/>\n<meta name=\"twitter:label1\" content=\"Escrito por\" \/>\n\t<meta name=\"twitter:data1\" content=\"Brenda Cezillo\" \/>\n\t<meta name=\"twitter:label2\" content=\"Est. tempo de leitura\" \/>\n\t<meta name=\"twitter:data2\" content=\"3 minutos\" \/>\n<script type=\"application\/ld+json\" class=\"yoast-schema-graph\">{\"@context\":\"https:\/\/schema.org\",\"@graph\":[{\"@type\":\"NewsArticle\",\"@id\":\"https:\/\/www.gaveanews.com\/index.php\/2025\/04\/22\/retorno-de-lucas-moura-ao-sao-paulo-e-atualizado-por-andre-hernan\/#article\",\"isPartOf\":{\"@id\":\"https:\/\/www.gaveanews.com\/index.php\/2025\/04\/22\/retorno-de-lucas-moura-ao-sao-paulo-e-atualizado-por-andre-hernan\/\"},\"author\":{\"name\":\"Brenda Cezillo\",\"@id\":\"https:\/\/www.gaveanews.com\/#\/schema\/person\/c79759ca337c40791ae8d08e2923d403\"},\"headline\":\"Retorno de Lucas Moura ao S\u00e3o Paulo \u00e9 atualizado por Andr\u00e9 Hernan\",\"datePublished\":\"2025-04-22T14:05:00+00:00\",\"mainEntityOfPage\":{\"@id\":\"https:\/\/www.gaveanews.com\/index.php\/2025\/04\/22\/retorno-de-lucas-moura-ao-sao-paulo-e-atualizado-por-andre-hernan\/\"},\"wordCount\":416,\"commentCount\":0,\"image\":{\"@id\":\"https:\/\/www.gaveanews.com\/index.php\/2025\/04\/22\/retorno-de-lucas-moura-ao-sao-paulo-e-atualizado-por-andre-hernan\/#primaryimage\"},\"thumbnailUrl\":\"https:\/\/www.gaveanews.com\/wp-content\/uploads\/Lucas-Moura-corre-e-vibra-apos-marcar-um-gol-pelo-Sao-Paulo-no-estadio-do-Morumbi.webp\",\"articleSection\":[\"S\u00e3o Paulo\"],\"inLanguage\":\"pt-BR\",\"potentialAction\":[{\"@type\":\"CommentAction\",\"name\":\"Comment\",\"target\":[\"https:\/\/www.gaveanews.com\/index.php\/2025\/04\/22\/retorno-de-lucas-moura-ao-sao-paulo-e-atualizado-por-andre-hernan\/#respond\"]}],\"copyrightYear\":\"2025\",\"copyrightHolder\":{\"@id\":\"https:\/\/www.gaveanews.com\/#organization\"}},{\"@type\":\"WebPage\",\"@id\":\"https:\/\/www.gaveanews.com\/index.php\/2025\/04\/22\/retorno-de-lucas-moura-ao-sao-paulo-e-atualizado-por-andre-hernan\/\",\"url\":\"https:\/\/www.gaveanews.com\/index.php\/2025\/04\/22\/retorno-de-lucas-moura-ao-sao-paulo-e-atualizado-por-andre-hernan\/\",\"name\":\"Retorno de Lucas Moura ao S\u00e3o Paulo \u00e9 atualizado por Andr\u00e9 Hernan\",\"isPartOf\":{\"@id\":\"https:\/\/www.gaveanews.com\/#website\"},\"primaryImageOfPage\":{\"@id\":\"https:\/\/www.gaveanews.com\/index.php\/2025\/04\/22\/retorno-de-lucas-moura-ao-sao-paulo-e-atualizado-por-andre-hernan\/#primaryimage\"},\"image\":{\"@id\":\"https:\/\/www.gaveanews.com\/index.php\/2025\/04\/22\/retorno-de-lucas-moura-ao-sao-paulo-e-atualizado-por-andre-hernan\/#primaryimage\"},\"thumbnailUrl\":\"https:\/\/www.gaveanews.com\/wp-content\/uploads\/Lucas-Moura-corre-e-vibra-apos-marcar-um-gol-pelo-Sao-Paulo-no-estadio-do-Morumbi.webp\",\"datePublished\":\"2025-04-22T14:05:00+00:00\",\"author\":{\"@id\":\"https:\/\/www.gaveanews.com\/#\/schema\/person\/c79759ca337c40791ae8d08e2923d403\"},\"breadcrumb\":{\"@id\":\"https:\/\/www.gaveanews.com\/index.php\/2025\/04\/22\/retorno-de-lucas-moura-ao-sao-paulo-e-atualizado-por-andre-hernan\/#breadcrumb\"},\"inLanguage\":\"pt-BR\",\"potentialAction\":[{\"@type\":\"ReadAction\",\"target\":[\"https:\/\/www.gaveanews.com\/index.php\/2025\/04\/22\/retorno-de-lucas-moura-ao-sao-paulo-e-atualizado-por-andre-hernan\/\"]}]},{\"@type\":\"ImageObject\",\"inLanguage\":\"pt-BR\",\"@id\":\"https:\/\/www.gaveanews.com\/index.php\/2025\/04\/22\/retorno-de-lucas-moura-ao-sao-paulo-e-atualizado-por-andre-hernan\/#primaryimage\",\"url\":\"https:\/\/www.gaveanews.com\/wp-content\/uploads\/Lucas-Moura-corre-e-vibra-apos-marcar-um-gol-pelo-Sao-Paulo-no-estadio-do-Morumbi.webp\",\"contentUrl\":\"https:\/\/www.gaveanews.com\/wp-content\/uploads\/Lucas-Moura-corre-e-vibra-apos-marcar-um-gol-pelo-Sao-Paulo-no-estadio-do-Morumbi.webp\",\"width\":1066,\"height\":1332,\"caption\":\"Lucas Moura corre e vibra ap\u00f3s marcar um gol pelo S\u00e3o Paulo no est\u00e1dio do Morumbi (Foto: Reprodu\u00e7\u00e3o\/Instagram)\"},{\"@type\":\"BreadcrumbList\",\"@id\":\"https:\/\/www.gaveanews.com\/index.php\/2025\/04\/22\/retorno-de-lucas-moura-ao-sao-paulo-e-atualizado-por-andre-hernan\/#breadcrumb\",\"itemListElement\":[{\"@type\":\"ListItem\",\"position\":1,\"name\":\"Home\",\"item\":\"https:\/\/www.gaveanews.com\/\"},{\"@type\":\"ListItem\",\"position\":2,\"name\":\"Retorno de Lucas Moura ao S\u00e3o Paulo \u00e9 atualizado por Andr\u00e9 Hernan\"}]},{\"@type\":\"WebSite\",\"@id\":\"https:\/\/www.gaveanews.com\/#website\",\"url\":\"https:\/\/www.gaveanews.com\/\",\"name\":\"G\u00e1vea News\",\"description\":\"Veja todas as not\u00edcias sobre o Flamengo: Contrata\u00e7\u00f5es, categorias de base, resultados das partidas, tabela de classifica\u00e7\u00e3o, pr\u00f3ximos jogos!\",\"potentialAction\":[{\"@type\":\"SearchAction\",\"target\":{\"@type\":\"EntryPoint\",\"urlTemplate\":\"https:\/\/www.gaveanews.com\/?s={search_term_string}\"},\"query-input\":{\"@type\":\"PropertyValueSpecification\",\"valueRequired\":true,\"valueName\":\"search_term_string\"}}],\"inLanguage\":\"pt-BR\"},{\"@type\":\"Person\",\"@id\":\"https:\/\/www.gaveanews.com\/#\/schema\/person\/c79759ca337c40791ae8d08e2923d403\",\"name\":\"Brenda Cezillo\",\"image\":{\"@type\":\"ImageObject\",\"inLanguage\":\"pt-BR\",\"@id\":\"https:\/\/www.gaveanews.com\/#\/schema\/person\/image\/\",\"url\":\"https:\/\/secure.gravatar.com\/avatar\/1738d75cee7317f9c29ae61dd67620c5883d80a92e42a6fff88ae5d527af217a?s=96&d=mm&r=g\",\"contentUrl\":\"https:\/\/secure.gravatar.com\/avatar\/1738d75cee7317f9c29ae61dd67620c5883d80a92e42a6fff88ae5d527af217a?s=96&d=mm&r=g\",\"caption\":\"Brenda Cezillo\"}}]}<\/script>\n<!-- \/ Yoast SEO Premium plugin. -->","yoast_head_json":{"title":"Retorno de Lucas Moura ao S\u00e3o Paulo \u00e9 atualizado por Andr\u00e9 Hernan","robots":{"index":"index","follow":"follow","max-snippet":"max-snippet:-1","max-image-preview":"max-image-preview:large","max-video-preview":"max-video-preview:-1"},"canonical":"https:\/\/www.gaveanews.com\/index.php\/2025\/04\/22\/retorno-de-lucas-moura-ao-sao-paulo-e-atualizado-por-andre-hernan\/","og_locale":"pt_BR","og_type":"article","og_title":"Retorno de Lucas Moura ao S\u00e3o Paulo \u00e9 atualizado por Andr\u00e9 Hernan","og_description":"O S\u00e3o Paulo n\u00e3o contar\u00e1 com Lucas Moura para os pr\u00f3ximos compromissos da temporada. Conforme revelou o jornalista Andr\u00e9 Hernan, o meia-atacante ainda n\u00e3o est\u00e1 liberado pelo departamento m\u00e9dico e segue em fase de transi\u00e7\u00e3o f\u00edsica. \u201cLucas est\u00e1 na transi\u00e7\u00e3o e ainda n\u00e3o treinou com o grupo\u201d, explicou o comunicador, afastando qualquer possibilidade de retorno [&hellip;]","og_url":"https:\/\/www.gaveanews.com\/index.php\/2025\/04\/22\/retorno-de-lucas-moura-ao-sao-paulo-e-atualizado-por-andre-hernan\/","og_site_name":"G\u00e1vea News","article_publisher":"https:\/\/facebook.com\/gaveaNews\/","article_published_time":"2025-04-22T14:05:00+00:00","og_image":[{"width":1066,"height":1332,"url":"https:\/\/www.gaveanews.com\/wp-content\/uploads\/Lucas-Moura-corre-e-vibra-apos-marcar-um-gol-pelo-Sao-Paulo-no-estadio-do-Morumbi.webp","type":"image\/jpeg"}],"author":"Brenda Cezillo","twitter_card":"summary_large_image","twitter_misc":{"Escrito por":"Brenda Cezillo","Est. tempo de leitura":"3 minutos"},"schema":{"@context":"https:\/\/schema.org","@graph":[{"@type":"NewsArticle","@id":"https:\/\/www.gaveanews.com\/index.php\/2025\/04\/22\/retorno-de-lucas-moura-ao-sao-paulo-e-atualizado-por-andre-hernan\/#article","isPartOf":{"@id":"https:\/\/www.gaveanews.com\/index.php\/2025\/04\/22\/retorno-de-lucas-moura-ao-sao-paulo-e-atualizado-por-andre-hernan\/"},"author":{"name":"Brenda Cezillo","@id":"https:\/\/www.gaveanews.com\/#\/schema\/person\/c79759ca337c40791ae8d08e2923d403"},"headline":"Retorno de Lucas Moura ao S\u00e3o Paulo \u00e9 atualizado por Andr\u00e9 Hernan","datePublished":"2025-04-22T14:05:00+00:00","mainEntityOfPage":{"@id":"https:\/\/www.gaveanews.com\/index.php\/2025\/04\/22\/retorno-de-lucas-moura-ao-sao-paulo-e-atualizado-por-andre-hernan\/"},"wordCount":416,"commentCount":0,"image":{"@id":"https:\/\/www.gaveanews.com\/index.php\/2025\/04\/22\/retorno-de-lucas-moura-ao-sao-paulo-e-atualizado-por-andre-hernan\/#primaryimage"},"thumbnailUrl":"https:\/\/www.gaveanews.com\/wp-content\/uploads\/Lucas-Moura-corre-e-vibra-apos-marcar-um-gol-pelo-Sao-Paulo-no-estadio-do-Morumbi.webp","articleSection":["S\u00e3o Paulo"],"inLanguage":"pt-BR","potentialAction":[{"@type":"CommentAction","name":"Comment","target":["https:\/\/www.gaveanews.com\/index.php\/2025\/04\/22\/retorno-de-lucas-moura-ao-sao-paulo-e-atualizado-por-andre-hernan\/#respond"]}],"copyrightYear":"2025","copyrightHolder":{"@id":"https:\/\/www.gaveanews.com\/#organization"}},{"@type":"WebPage","@id":"https:\/\/www.gaveanews.com\/index.php\/2025\/04\/22\/retorno-de-lucas-moura-ao-sao-paulo-e-atualizado-por-andre-hernan\/","url":"https:\/\/www.gaveanews.com\/index.php\/2025\/04\/22\/retorno-de-lucas-moura-ao-sao-paulo-e-atualizado-por-andre-hernan\/","name":"Retorno de Lucas Moura ao S\u00e3o Paulo \u00e9 atualizado por Andr\u00e9 Hernan","isPartOf":{"@id":"https:\/\/www.gaveanews.com\/#website"},"primaryImageOfPage":{"@id":"https:\/\/www.gaveanews.com\/index.php\/2025\/04\/22\/retorno-de-lucas-moura-ao-sao-paulo-e-atualizado-por-andre-hernan\/#primaryimage"},"image":{"@id":"https:\/\/www.gaveanews.com\/index.php\/2025\/04\/22\/retorno-de-lucas-moura-ao-sao-paulo-e-atualizado-por-andre-hernan\/#primaryimage"},"thumbnailUrl":"https:\/\/www.gaveanews.com\/wp-content\/uploads\/Lucas-Moura-corre-e-vibra-apos-marcar-um-gol-pelo-Sao-Paulo-no-estadio-do-Morumbi.webp","datePublished":"2025-04-22T14:05:00+00:00","author":{"@id":"https:\/\/www.gaveanews.com\/#\/schema\/person\/c79759ca337c40791ae8d08e2923d403"},"breadcrumb":{"@id":"https:\/\/www.gaveanews.com\/index.php\/2025\/04\/22\/retorno-de-lucas-moura-ao-sao-paulo-e-atualizado-por-andre-hernan\/#breadcrumb"},"inLanguage":"pt-BR","potentialAction":[{"@type":"ReadAction","target":["https:\/\/www.gaveanews.com\/index.php\/2025\/04\/22\/retorno-de-lucas-moura-ao-sao-paulo-e-atualizado-por-andre-hernan\/"]}]},{"@type":"ImageObject","inLanguage":"pt-BR","@id":"https:\/\/www.gaveanews.com\/index.php\/2025\/04\/22\/retorno-de-lucas-moura-ao-sao-paulo-e-atualizado-por-andre-hernan\/#primaryimage","url":"https:\/\/www.gaveanews.com\/wp-content\/uploads\/Lucas-Moura-corre-e-vibra-apos-marcar-um-gol-pelo-Sao-Paulo-no-estadio-do-Morumbi.webp","contentUrl":"https:\/\/www.gaveanews.com\/wp-content\/uploads\/Lucas-Moura-corre-e-vibra-apos-marcar-um-gol-pelo-Sao-Paulo-no-estadio-do-Morumbi.webp","width":1066,"height":1332,"caption":"Lucas Moura corre e vibra ap\u00f3s marcar um gol pelo S\u00e3o Paulo no est\u00e1dio do Morumbi (Foto: Reprodu\u00e7\u00e3o\/Instagram)"},{"@type":"BreadcrumbList","@id":"https:\/\/www.gaveanews.com\/index.php\/2025\/04\/22\/retorno-de-lucas-moura-ao-sao-paulo-e-atualizado-por-andre-hernan\/#breadcrumb","itemListElement":[{"@type":"ListItem","position":1,"name":"Home","item":"https:\/\/www.gaveanews.com\/"},{"@type":"ListItem","position":2,"name":"Retorno de Lucas Moura ao S\u00e3o Paulo \u00e9 atualizado por Andr\u00e9 Hernan"}]},{"@type":"WebSite","@id":"https:\/\/www.gaveanews.com\/#website","url":"https:\/\/www.gaveanews.com\/","name":"G\u00e1vea News","description":"Veja todas as not\u00edcias sobre o Flamengo: Contrata\u00e7\u00f5es, categorias de base, resultados das partidas, tabela de classifica\u00e7\u00e3o, pr\u00f3ximos jogos!","potentialAction":[{"@type":"SearchAction","target":{"@type":"EntryPoint","urlTemplate":"https:\/\/www.gaveanews.com\/?s={search_term_string}"},"query-input":{"@type":"PropertyValueSpecification","valueRequired":true,"valueName":"search_term_string"}}],"inLanguage":"pt-BR"},{"@type":"Person","@id":"https:\/\/www.gaveanews.com\/#\/schema\/person\/c79759ca337c40791ae8d08e2923d403","name":"Brenda Cezillo","image":{"@type":"ImageObject","inLanguage":"pt-BR","@id":"https:\/\/www.gaveanews.com\/#\/schema\/person\/image\/","url":"https:\/\/secure.gravatar.com\/avatar\/1738d75cee7317f9c29ae61dd67620c5883d80a92e42a6fff88ae5d527af217a?s=96&d=mm&r=g","contentUrl":"https:\/\/secure.gravatar.com\/avatar\/1738d75cee7317f9c29ae61dd67620c5883d80a92e42a6fff88ae5d527af217a?s=96&d=mm&r=g","caption":"Brenda Cezillo"}}]}},"_links":{"self":[{"href":"https:\/\/www.gaveanews.com\/index.php\/wp-json\/wp\/v2\/posts\/256176","targetHints":{"allow":["GET"]}}],"collection":[{"href":"https:\/\/www.gaveanews.com\/index.php\/wp-json\/wp\/v2\/posts"}],"about":[{"href":"https:\/\/www.gaveanews.com\/index.php\/wp-json\/wp\/v2\/types\/post"}],"author":[{"embeddable":true,"href":"https:\/\/www.gaveanews.com\/index.php\/wp-json\/wp\/v2\/users\/33"}],"replies":[{"embeddable":true,"href":"https:\/\/www.gaveanews.com\/index.php\/wp-json\/wp\/v2\/comments?post=256176"}],"version-history":[{"count":1,"href":"https:\/\/www.gaveanews.com\/index.php\/wp-json\/wp\/v2\/posts\/256176\/revisions"}],"predecessor-version":[{"id":256178,"href":"https:\/\/www.gaveanews.com\/index.php\/wp-json\/wp\/v2\/posts\/256176\/revisions\/256178"}],"wp:featuredmedia":[{"embeddable":true,"href":"https:\/\/www.gaveanews.com\/index.php\/wp-json\/wp\/v2\/media\/157849"}],"wp:attachment":[{"href":"https:\/\/www.gaveanews.com\/index.php\/wp-json\/wp\/v2\/media?parent=256176"}],"wp:term":[{"taxonomy":"category","embeddable":true,"href":"https:\/\/www.gaveanews.com\/index.php\/wp-json\/wp\/v2\/categories?post=256176"},{"taxonomy":"post_tag","embeddable":true,"href":"https:\/\/www.gaveanews.com\/index.php\/wp-json\/wp\/v2\/tags?post=256176"}],"curies":[{"name":"wp","href":"https:\/\/api.w.org\/{rel}","templated":true}]}}