{"id":256232,"date":"2025-04-22T13:10:00","date_gmt":"2025-04-22T16:10:00","guid":{"rendered":"https:\/\/www.gaveanews.com\/?p=256232"},"modified":"2025-04-22T12:26:49","modified_gmt":"2025-04-22T15:26:49","slug":"a-declaracao-de-andre-rizek-direcionada-a-renato-paiva-do-botafogo","status":"publish","type":"post","link":"https:\/\/www.gaveanews.com\/index.php\/2025\/04\/22\/a-declaracao-de-andre-rizek-direcionada-a-renato-paiva-do-botafogo\/","title":{"rendered":"A declara\u00e7\u00e3o de Andr\u00e9 Rizek direcionada a Renato Paiva, do Botafogo"},"content":{"rendered":"\n<p>O momento do Botafogo no Campeonato Brasileiro Betano n\u00e3o \u00e9 nada f\u00e1cil, e as recentes derrotas e empates t\u00eam gerado um clima de incerteza em torno do trabalho de Renato Paiva. No entanto, foi a an\u00e1lise do apresentador Andr\u00e9 Rizek, do &#8220;Sele\u00e7\u00e3o SporTV&#8221;, que trouxe \u00e0 tona uma discuss\u00e3o importante sobre o desempenho da equipe e o futuro do treinador.&nbsp;<\/p>\n\n\n\n<p>Rizek fez duras observa\u00e7\u00f5es sobre as contrata\u00e7\u00f5es e as dificuldades que o time tem enfrentado no torneio, o que levou a um acirramento da press\u00e3o sobre Paiva.<\/p>\n\n\n\n<h2 class=\"wp-block-heading\" id=\"h-rizek-sobre-o-impacto-das-perdas-no-botafogo\"><strong>Rizek sobre o impacto das perdas no Botafogo<\/strong><\/h2>\n\n\n\n<p>Para Andr\u00e9 Rizek, as derrotas e o rendimento abaixo do esperado s\u00e3o reflexos de mudan\u00e7as no elenco que ainda n\u00e3o foram devidamente supridas. O apresentador afirmou que o time atual est\u00e1 distante da qualidade apresentada nos primeiros meses da temporada, e isso se deve, principalmente, \u00e0s perdas de jogadores importantes como Luiz Henrique e Almada.<\/p>\n\n\n\n<p>\u201cEu acho que tem uma diferen\u00e7a para os times do Lu\u00eds Castro e para o time do Artur Jorge no passado. Eu acho que o Botafogo, por causa das perdas, e ontem n\u00e3o tinha Bastos e Alexander Barboza, a zaga titular, sendo que Jair e David Ricardo n\u00e3o est\u00e3o no n\u00edvel dos titulares de jogo\u201d, disse Rizek, destacando que a queda no n\u00edvel do time est\u00e1 diretamente ligada \u00e0 sa\u00edda desses atletas.<\/p>\n\n\n\n<h2 class=\"wp-block-heading\" id=\"h-rizek-questiona-as-contratacoes\"><strong>Rizek questiona as contrata\u00e7\u00f5es<\/strong><\/h2>\n\n\n\n<p>Rizek n\u00e3o poupou cr\u00edticas \u00e0s contrata\u00e7\u00f5es feitas pelo Botafogo para repor as sa\u00eddas de Luiz Henrique e Almada. Para ele, os jogadores que chegaram n\u00e3o conseguiram suprir \u00e0 altura as lacunas deixadas por essas perdas. Em um momento, o apresentador afirmou que a adapta\u00e7\u00e3o dos novos atletas foi quase imediata, mas sem o mesmo impacto que o antigo elenco tinha.<\/p>\n\n\n\n<p>\u201cJ\u00e1 chegaram e come\u00e7aram a jogar para caramba. N\u00e3o precisam nem de tempo de adapta\u00e7\u00e3o, porque eles s\u00e3o jogadores muito acima da m\u00e9dia\u201d, afirmou Rizek, destacando que, mesmo com boa performance inicial, as reposi\u00e7\u00f5es n\u00e3o atingiram o n\u00edvel dos jogadores que sa\u00edram.<\/p>\n\n\n\n<h2 class=\"wp-block-heading\" id=\"h-o-impacto-no-titulo-do-brasileirao-e-o-futuro-de-renato-paiva\"><strong>O impacto no t\u00edtulo do Brasileir\u00e3o e o futuro de Renato Paiva<\/strong><\/h2>\n\n\n\n<p>Ao ser questionado sobre o futuro do Botafogo e se o time ainda poderia brigar pelo t\u00edtulo, Rizek foi enf\u00e1tico: &#8220;Com o time que tem hoje, eu n\u00e3o enxergo o Botafogo brigando pelo t\u00edtulo&#8221;. Ele acredita que, mesmo com a janela de transfer\u00eancias se aproximando, a equipe de Renato Paiva ainda est\u00e1 atr\u00e1s das principais for\u00e7as do campeonato e precisa de refor\u00e7os pontuais para voltar \u00e0 disputa pelo topo.<\/p>\n\n\n\n<h2 class=\"wp-block-heading\" id=\"h-perspectivas-para-o-botafogo\"><strong>Perspectivas para o Botafogo<\/strong><\/h2>\n\n\n\n<p>Apesar da an\u00e1lise dura, Rizek n\u00e3o descartou a possibilidade de o Botafogo se reestruturar ao longo da temporada, mas ressalta que as mudan\u00e7as precisam ser r\u00e1pidas. &#8220;O time pode at\u00e9 se acertar depois da janela, mas com o que tem hoje, est\u00e1 atr\u00e1s das outras equipes&#8221;, afirmou o apresentador.<\/p>\n\n\n\n<p>Com isso, Renato Paiva e o Botafogo t\u00eam pela frente um grande desafio, n\u00e3o s\u00f3 para melhorar a performance dentro de campo, mas tamb\u00e9m para lidar com a press\u00e3o que cresce a cada jogo.<\/p>\n","protected":false},"excerpt":{"rendered":"<p>O momento do Botafogo no Campeonato Brasileiro Betano n\u00e3o \u00e9 nada f\u00e1cil, e as recentes derrotas e empates t\u00eam gerado um clima de incerteza em torno do trabalho de Renato Paiva. No entanto, foi a an\u00e1lise do apresentador Andr\u00e9 Rizek, do &#8220;Sele\u00e7\u00e3o SporTV&#8221;, que trouxe \u00e0 tona uma discuss\u00e3o importante sobre o desempenho da equipe [&hellip;]<\/p>\n","protected":false},"author":25,"featured_media":243531,"comment_status":"open","ping_status":"closed","sticky":false,"template":"","format":"standard","meta":{"footnotes":""},"categories":[138],"tags":[],"class_list":["post-256232","post","type-post","status-publish","format-standard","has-post-thumbnail","hentry","category-botafogo"],"yoast_head":"<!-- This site is optimized with the Yoast SEO Premium plugin v24.2 (Yoast SEO v26.9) - https:\/\/yoast.com\/product\/yoast-seo-premium-wordpress\/ -->\n<title>A declara\u00e7\u00e3o de Andr\u00e9 Rizek direcionada a Renato Paiva, do Botafogo<\/title>\n<meta name=\"robots\" content=\"index, follow, max-snippet:-1, max-image-preview:large, max-video-preview:-1\" \/>\n<link rel=\"canonical\" href=\"https:\/\/www.gaveanews.com\/index.php\/2025\/04\/22\/a-declaracao-de-andre-rizek-direcionada-a-renato-paiva-do-botafogo\/\" \/>\n<meta property=\"og:locale\" content=\"pt_BR\" \/>\n<meta property=\"og:type\" content=\"article\" \/>\n<meta property=\"og:title\" content=\"A declara\u00e7\u00e3o de Andr\u00e9 Rizek direcionada a Renato Paiva, do Botafogo\" \/>\n<meta property=\"og:description\" content=\"O momento do Botafogo no Campeonato Brasileiro Betano n\u00e3o \u00e9 nada f\u00e1cil, e as recentes derrotas e empates t\u00eam gerado um clima de incerteza em torno do trabalho de Renato Paiva. No entanto, foi a an\u00e1lise do apresentador Andr\u00e9 Rizek, do &#8220;Sele\u00e7\u00e3o SporTV&#8221;, que trouxe \u00e0 tona uma discuss\u00e3o importante sobre o desempenho da equipe [&hellip;]\" \/>\n<meta property=\"og:url\" content=\"https:\/\/www.gaveanews.com\/index.php\/2025\/04\/22\/a-declaracao-de-andre-rizek-direcionada-a-renato-paiva-do-botafogo\/\" \/>\n<meta property=\"og:site_name\" content=\"G\u00e1vea News\" \/>\n<meta property=\"article:publisher\" content=\"https:\/\/facebook.com\/gaveaNews\/\" \/>\n<meta property=\"article:published_time\" content=\"2025-04-22T16:10:00+00:00\" \/>\n<meta property=\"og:image\" content=\"https:\/\/www.gaveanews.com\/wp-content\/uploads\/Renato-Paiva-pelo-Botafogo.webp\" \/>\n\t<meta property=\"og:image:width\" content=\"988\" \/>\n\t<meta property=\"og:image:height\" content=\"615\" \/>\n\t<meta property=\"og:image:type\" content=\"image\/jpeg\" \/>\n<meta name=\"author\" content=\"Rafaela Ladeira\" \/>\n<meta name=\"twitter:card\" content=\"summary_large_image\" \/>\n<meta name=\"twitter:label1\" content=\"Escrito por\" \/>\n\t<meta name=\"twitter:data1\" content=\"Rafaela Ladeira\" \/>\n\t<meta name=\"twitter:label2\" content=\"Est. tempo de leitura\" \/>\n\t<meta name=\"twitter:data2\" content=\"3 minutos\" \/>\n<script type=\"application\/ld+json\" class=\"yoast-schema-graph\">{\"@context\":\"https:\/\/schema.org\",\"@graph\":[{\"@type\":\"NewsArticle\",\"@id\":\"https:\/\/www.gaveanews.com\/index.php\/2025\/04\/22\/a-declaracao-de-andre-rizek-direcionada-a-renato-paiva-do-botafogo\/#article\",\"isPartOf\":{\"@id\":\"https:\/\/www.gaveanews.com\/index.php\/2025\/04\/22\/a-declaracao-de-andre-rizek-direcionada-a-renato-paiva-do-botafogo\/\"},\"author\":{\"name\":\"Rafaela Ladeira\",\"@id\":\"https:\/\/www.gaveanews.com\/#\/schema\/person\/0eb3e3fe1754f0205218538adbe8f5ed\"},\"headline\":\"A declara\u00e7\u00e3o de Andr\u00e9 Rizek direcionada a Renato Paiva, do Botafogo\",\"datePublished\":\"2025-04-22T16:10:00+00:00\",\"mainEntityOfPage\":{\"@id\":\"https:\/\/www.gaveanews.com\/index.php\/2025\/04\/22\/a-declaracao-de-andre-rizek-direcionada-a-renato-paiva-do-botafogo\/\"},\"wordCount\":559,\"commentCount\":0,\"image\":{\"@id\":\"https:\/\/www.gaveanews.com\/index.php\/2025\/04\/22\/a-declaracao-de-andre-rizek-direcionada-a-renato-paiva-do-botafogo\/#primaryimage\"},\"thumbnailUrl\":\"https:\/\/www.gaveanews.com\/wp-content\/uploads\/Renato-Paiva-pelo-Botafogo.webp\",\"articleSection\":[\"Botafogo\"],\"inLanguage\":\"pt-BR\",\"potentialAction\":[{\"@type\":\"CommentAction\",\"name\":\"Comment\",\"target\":[\"https:\/\/www.gaveanews.com\/index.php\/2025\/04\/22\/a-declaracao-de-andre-rizek-direcionada-a-renato-paiva-do-botafogo\/#respond\"]}],\"copyrightYear\":\"2025\",\"copyrightHolder\":{\"@id\":\"https:\/\/www.gaveanews.com\/#organization\"}},{\"@type\":\"WebPage\",\"@id\":\"https:\/\/www.gaveanews.com\/index.php\/2025\/04\/22\/a-declaracao-de-andre-rizek-direcionada-a-renato-paiva-do-botafogo\/\",\"url\":\"https:\/\/www.gaveanews.com\/index.php\/2025\/04\/22\/a-declaracao-de-andre-rizek-direcionada-a-renato-paiva-do-botafogo\/\",\"name\":\"A declara\u00e7\u00e3o de Andr\u00e9 Rizek direcionada a Renato Paiva, do Botafogo\",\"isPartOf\":{\"@id\":\"https:\/\/www.gaveanews.com\/#website\"},\"primaryImageOfPage\":{\"@id\":\"https:\/\/www.gaveanews.com\/index.php\/2025\/04\/22\/a-declaracao-de-andre-rizek-direcionada-a-renato-paiva-do-botafogo\/#primaryimage\"},\"image\":{\"@id\":\"https:\/\/www.gaveanews.com\/index.php\/2025\/04\/22\/a-declaracao-de-andre-rizek-direcionada-a-renato-paiva-do-botafogo\/#primaryimage\"},\"thumbnailUrl\":\"https:\/\/www.gaveanews.com\/wp-content\/uploads\/Renato-Paiva-pelo-Botafogo.webp\",\"datePublished\":\"2025-04-22T16:10:00+00:00\",\"author\":{\"@id\":\"https:\/\/www.gaveanews.com\/#\/schema\/person\/0eb3e3fe1754f0205218538adbe8f5ed\"},\"breadcrumb\":{\"@id\":\"https:\/\/www.gaveanews.com\/index.php\/2025\/04\/22\/a-declaracao-de-andre-rizek-direcionada-a-renato-paiva-do-botafogo\/#breadcrumb\"},\"inLanguage\":\"pt-BR\",\"potentialAction\":[{\"@type\":\"ReadAction\",\"target\":[\"https:\/\/www.gaveanews.com\/index.php\/2025\/04\/22\/a-declaracao-de-andre-rizek-direcionada-a-renato-paiva-do-botafogo\/\"]}]},{\"@type\":\"ImageObject\",\"inLanguage\":\"pt-BR\",\"@id\":\"https:\/\/www.gaveanews.com\/index.php\/2025\/04\/22\/a-declaracao-de-andre-rizek-direcionada-a-renato-paiva-do-botafogo\/#primaryimage\",\"url\":\"https:\/\/www.gaveanews.com\/wp-content\/uploads\/Renato-Paiva-pelo-Botafogo.webp\",\"contentUrl\":\"https:\/\/www.gaveanews.com\/wp-content\/uploads\/Renato-Paiva-pelo-Botafogo.webp\",\"width\":988,\"height\":615,\"caption\":\"Renato Paiva pelo Botafogo (Foto: Vitor Silva\/Botafogo)\"},{\"@type\":\"BreadcrumbList\",\"@id\":\"https:\/\/www.gaveanews.com\/index.php\/2025\/04\/22\/a-declaracao-de-andre-rizek-direcionada-a-renato-paiva-do-botafogo\/#breadcrumb\",\"itemListElement\":[{\"@type\":\"ListItem\",\"position\":1,\"name\":\"Home\",\"item\":\"https:\/\/www.gaveanews.com\/\"},{\"@type\":\"ListItem\",\"position\":2,\"name\":\"A declara\u00e7\u00e3o de Andr\u00e9 Rizek direcionada a Renato Paiva, do Botafogo\"}]},{\"@type\":\"WebSite\",\"@id\":\"https:\/\/www.gaveanews.com\/#website\",\"url\":\"https:\/\/www.gaveanews.com\/\",\"name\":\"G\u00e1vea News\",\"description\":\"Veja todas as not\u00edcias sobre o Flamengo: Contrata\u00e7\u00f5es, categorias de base, resultados das partidas, tabela de classifica\u00e7\u00e3o, pr\u00f3ximos jogos!\",\"potentialAction\":[{\"@type\":\"SearchAction\",\"target\":{\"@type\":\"EntryPoint\",\"urlTemplate\":\"https:\/\/www.gaveanews.com\/?s={search_term_string}\"},\"query-input\":{\"@type\":\"PropertyValueSpecification\",\"valueRequired\":true,\"valueName\":\"search_term_string\"}}],\"inLanguage\":\"pt-BR\"},{\"@type\":\"Person\",\"@id\":\"https:\/\/www.gaveanews.com\/#\/schema\/person\/0eb3e3fe1754f0205218538adbe8f5ed\",\"name\":\"Rafaela Ladeira\",\"image\":{\"@type\":\"ImageObject\",\"inLanguage\":\"pt-BR\",\"@id\":\"https:\/\/www.gaveanews.com\/#\/schema\/person\/image\/\",\"url\":\"https:\/\/secure.gravatar.com\/avatar\/c31f513acffd85eacab5730cbdfdbbf59f21ba5aeada8cd890acea879fbb2455?s=96&d=mm&r=g\",\"contentUrl\":\"https:\/\/secure.gravatar.com\/avatar\/c31f513acffd85eacab5730cbdfdbbf59f21ba5aeada8cd890acea879fbb2455?s=96&d=mm&r=g\",\"caption\":\"Rafaela Ladeira\"}}]}<\/script>\n<!-- \/ Yoast SEO Premium plugin. -->","yoast_head_json":{"title":"A declara\u00e7\u00e3o de Andr\u00e9 Rizek direcionada a Renato Paiva, do Botafogo","robots":{"index":"index","follow":"follow","max-snippet":"max-snippet:-1","max-image-preview":"max-image-preview:large","max-video-preview":"max-video-preview:-1"},"canonical":"https:\/\/www.gaveanews.com\/index.php\/2025\/04\/22\/a-declaracao-de-andre-rizek-direcionada-a-renato-paiva-do-botafogo\/","og_locale":"pt_BR","og_type":"article","og_title":"A declara\u00e7\u00e3o de Andr\u00e9 Rizek direcionada a Renato Paiva, do Botafogo","og_description":"O momento do Botafogo no Campeonato Brasileiro Betano n\u00e3o \u00e9 nada f\u00e1cil, e as recentes derrotas e empates t\u00eam gerado um clima de incerteza em torno do trabalho de Renato Paiva. No entanto, foi a an\u00e1lise do apresentador Andr\u00e9 Rizek, do &#8220;Sele\u00e7\u00e3o SporTV&#8221;, que trouxe \u00e0 tona uma discuss\u00e3o importante sobre o desempenho da equipe [&hellip;]","og_url":"https:\/\/www.gaveanews.com\/index.php\/2025\/04\/22\/a-declaracao-de-andre-rizek-direcionada-a-renato-paiva-do-botafogo\/","og_site_name":"G\u00e1vea News","article_publisher":"https:\/\/facebook.com\/gaveaNews\/","article_published_time":"2025-04-22T16:10:00+00:00","og_image":[{"width":988,"height":615,"url":"https:\/\/www.gaveanews.com\/wp-content\/uploads\/Renato-Paiva-pelo-Botafogo.webp","type":"image\/jpeg"}],"author":"Rafaela Ladeira","twitter_card":"summary_large_image","twitter_misc":{"Escrito por":"Rafaela Ladeira","Est. tempo de leitura":"3 minutos"},"schema":{"@context":"https:\/\/schema.org","@graph":[{"@type":"NewsArticle","@id":"https:\/\/www.gaveanews.com\/index.php\/2025\/04\/22\/a-declaracao-de-andre-rizek-direcionada-a-renato-paiva-do-botafogo\/#article","isPartOf":{"@id":"https:\/\/www.gaveanews.com\/index.php\/2025\/04\/22\/a-declaracao-de-andre-rizek-direcionada-a-renato-paiva-do-botafogo\/"},"author":{"name":"Rafaela Ladeira","@id":"https:\/\/www.gaveanews.com\/#\/schema\/person\/0eb3e3fe1754f0205218538adbe8f5ed"},"headline":"A declara\u00e7\u00e3o de Andr\u00e9 Rizek direcionada a Renato Paiva, do Botafogo","datePublished":"2025-04-22T16:10:00+00:00","mainEntityOfPage":{"@id":"https:\/\/www.gaveanews.com\/index.php\/2025\/04\/22\/a-declaracao-de-andre-rizek-direcionada-a-renato-paiva-do-botafogo\/"},"wordCount":559,"commentCount":0,"image":{"@id":"https:\/\/www.gaveanews.com\/index.php\/2025\/04\/22\/a-declaracao-de-andre-rizek-direcionada-a-renato-paiva-do-botafogo\/#primaryimage"},"thumbnailUrl":"https:\/\/www.gaveanews.com\/wp-content\/uploads\/Renato-Paiva-pelo-Botafogo.webp","articleSection":["Botafogo"],"inLanguage":"pt-BR","potentialAction":[{"@type":"CommentAction","name":"Comment","target":["https:\/\/www.gaveanews.com\/index.php\/2025\/04\/22\/a-declaracao-de-andre-rizek-direcionada-a-renato-paiva-do-botafogo\/#respond"]}],"copyrightYear":"2025","copyrightHolder":{"@id":"https:\/\/www.gaveanews.com\/#organization"}},{"@type":"WebPage","@id":"https:\/\/www.gaveanews.com\/index.php\/2025\/04\/22\/a-declaracao-de-andre-rizek-direcionada-a-renato-paiva-do-botafogo\/","url":"https:\/\/www.gaveanews.com\/index.php\/2025\/04\/22\/a-declaracao-de-andre-rizek-direcionada-a-renato-paiva-do-botafogo\/","name":"A declara\u00e7\u00e3o de Andr\u00e9 Rizek direcionada a Renato Paiva, do Botafogo","isPartOf":{"@id":"https:\/\/www.gaveanews.com\/#website"},"primaryImageOfPage":{"@id":"https:\/\/www.gaveanews.com\/index.php\/2025\/04\/22\/a-declaracao-de-andre-rizek-direcionada-a-renato-paiva-do-botafogo\/#primaryimage"},"image":{"@id":"https:\/\/www.gaveanews.com\/index.php\/2025\/04\/22\/a-declaracao-de-andre-rizek-direcionada-a-renato-paiva-do-botafogo\/#primaryimage"},"thumbnailUrl":"https:\/\/www.gaveanews.com\/wp-content\/uploads\/Renato-Paiva-pelo-Botafogo.webp","datePublished":"2025-04-22T16:10:00+00:00","author":{"@id":"https:\/\/www.gaveanews.com\/#\/schema\/person\/0eb3e3fe1754f0205218538adbe8f5ed"},"breadcrumb":{"@id":"https:\/\/www.gaveanews.com\/index.php\/2025\/04\/22\/a-declaracao-de-andre-rizek-direcionada-a-renato-paiva-do-botafogo\/#breadcrumb"},"inLanguage":"pt-BR","potentialAction":[{"@type":"ReadAction","target":["https:\/\/www.gaveanews.com\/index.php\/2025\/04\/22\/a-declaracao-de-andre-rizek-direcionada-a-renato-paiva-do-botafogo\/"]}]},{"@type":"ImageObject","inLanguage":"pt-BR","@id":"https:\/\/www.gaveanews.com\/index.php\/2025\/04\/22\/a-declaracao-de-andre-rizek-direcionada-a-renato-paiva-do-botafogo\/#primaryimage","url":"https:\/\/www.gaveanews.com\/wp-content\/uploads\/Renato-Paiva-pelo-Botafogo.webp","contentUrl":"https:\/\/www.gaveanews.com\/wp-content\/uploads\/Renato-Paiva-pelo-Botafogo.webp","width":988,"height":615,"caption":"Renato Paiva pelo Botafogo (Foto: Vitor Silva\/Botafogo)"},{"@type":"BreadcrumbList","@id":"https:\/\/www.gaveanews.com\/index.php\/2025\/04\/22\/a-declaracao-de-andre-rizek-direcionada-a-renato-paiva-do-botafogo\/#breadcrumb","itemListElement":[{"@type":"ListItem","position":1,"name":"Home","item":"https:\/\/www.gaveanews.com\/"},{"@type":"ListItem","position":2,"name":"A declara\u00e7\u00e3o de Andr\u00e9 Rizek direcionada a Renato Paiva, do Botafogo"}]},{"@type":"WebSite","@id":"https:\/\/www.gaveanews.com\/#website","url":"https:\/\/www.gaveanews.com\/","name":"G\u00e1vea News","description":"Veja todas as not\u00edcias sobre o Flamengo: Contrata\u00e7\u00f5es, categorias de base, resultados das partidas, tabela de classifica\u00e7\u00e3o, pr\u00f3ximos jogos!","potentialAction":[{"@type":"SearchAction","target":{"@type":"EntryPoint","urlTemplate":"https:\/\/www.gaveanews.com\/?s={search_term_string}"},"query-input":{"@type":"PropertyValueSpecification","valueRequired":true,"valueName":"search_term_string"}}],"inLanguage":"pt-BR"},{"@type":"Person","@id":"https:\/\/www.gaveanews.com\/#\/schema\/person\/0eb3e3fe1754f0205218538adbe8f5ed","name":"Rafaela Ladeira","image":{"@type":"ImageObject","inLanguage":"pt-BR","@id":"https:\/\/www.gaveanews.com\/#\/schema\/person\/image\/","url":"https:\/\/secure.gravatar.com\/avatar\/c31f513acffd85eacab5730cbdfdbbf59f21ba5aeada8cd890acea879fbb2455?s=96&d=mm&r=g","contentUrl":"https:\/\/secure.gravatar.com\/avatar\/c31f513acffd85eacab5730cbdfdbbf59f21ba5aeada8cd890acea879fbb2455?s=96&d=mm&r=g","caption":"Rafaela Ladeira"}}]}},"_links":{"self":[{"href":"https:\/\/www.gaveanews.com\/index.php\/wp-json\/wp\/v2\/posts\/256232","targetHints":{"allow":["GET"]}}],"collection":[{"href":"https:\/\/www.gaveanews.com\/index.php\/wp-json\/wp\/v2\/posts"}],"about":[{"href":"https:\/\/www.gaveanews.com\/index.php\/wp-json\/wp\/v2\/types\/post"}],"author":[{"embeddable":true,"href":"https:\/\/www.gaveanews.com\/index.php\/wp-json\/wp\/v2\/users\/25"}],"replies":[{"embeddable":true,"href":"https:\/\/www.gaveanews.com\/index.php\/wp-json\/wp\/v2\/comments?post=256232"}],"version-history":[{"count":1,"href":"https:\/\/www.gaveanews.com\/index.php\/wp-json\/wp\/v2\/posts\/256232\/revisions"}],"predecessor-version":[{"id":256233,"href":"https:\/\/www.gaveanews.com\/index.php\/wp-json\/wp\/v2\/posts\/256232\/revisions\/256233"}],"wp:featuredmedia":[{"embeddable":true,"href":"https:\/\/www.gaveanews.com\/index.php\/wp-json\/wp\/v2\/media\/243531"}],"wp:attachment":[{"href":"https:\/\/www.gaveanews.com\/index.php\/wp-json\/wp\/v2\/media?parent=256232"}],"wp:term":[{"taxonomy":"category","embeddable":true,"href":"https:\/\/www.gaveanews.com\/index.php\/wp-json\/wp\/v2\/categories?post=256232"},{"taxonomy":"post_tag","embeddable":true,"href":"https:\/\/www.gaveanews.com\/index.php\/wp-json\/wp\/v2\/tags?post=256232"}],"curies":[{"name":"wp","href":"https:\/\/api.w.org\/{rel}","templated":true}]}}