{"id":256234,"date":"2025-04-22T13:15:00","date_gmt":"2025-04-22T16:15:00","guid":{"rendered":"https:\/\/www.gaveanews.com\/?p=256234"},"modified":"2025-04-22T12:34:46","modified_gmt":"2025-04-22T15:34:46","slug":"botafogo-a-declaracao-de-rizek-direcionada-a-almada-e-luiz-henrique","status":"publish","type":"post","link":"https:\/\/www.gaveanews.com\/index.php\/2025\/04\/22\/botafogo-a-declaracao-de-rizek-direcionada-a-almada-e-luiz-henrique\/","title":{"rendered":"Botafogo: a declara\u00e7\u00e3o de Rizek direcionada a Almada e Luiz Henrique"},"content":{"rendered":"\n<p>Ap\u00f3s um 2024 marcante, em que o Botafogo conquistou tanto o Campeonato Brasileiro quanto a Libertadores, o clube iniciou 2025 com desafios inesperados. Com a sa\u00edda de dois pilares do time, Thiago Almada e Luiz Henrique, o elenco do Glorioso enfrentou um impacto significativo. O jornalista Andr\u00e9 Rizek, em suas an\u00e1lises, revelou a magnitude dessa perda e as consequ\u00eancias para a equipe.<\/p>\n\n\n\n<h2 class=\"wp-block-heading\" id=\"h-a-importancia-de-almada-e-luiz-henrique-para-o-botafogo\"><strong>A import\u00e2ncia de Almada e Luiz Henrique para o Botafogo<\/strong><\/h2>\n\n\n\n<p>Com as sa\u00eddas de Thiago Almada e Luiz Henrique, o Botafogo perdeu dois jogadores fundamentais para suas conquistas. Rizek, durante o programa Sele\u00e7\u00e3o SporTV, n\u00e3o poupou elogios aos ex-atletas, destacando que ambos eram insubstitu\u00edveis.&nbsp;<\/p>\n\n\n\n<p>\u201cAlmada e Luiz Henrique, que j\u00e1 chegaram e come\u00e7aram a jogar para caramba, n\u00e3o precisam nem de tempo de adapta\u00e7\u00e3o, porque eles s\u00e3o jogadores muito acima da m\u00e9dia\u201d, afirmou Rizek.&nbsp;<\/p>\n\n\n\n<p>Al\u00e9m disso, o jornalista comparou o impacto dessa perda com a qualidade dos substitutos. \u201cPor mais que o Artur seja um bom jogador, n\u00e3o est\u00e1 no n\u00edvel do Luiz Henrique. E voc\u00ea perde dois atletas desse n\u00edvel, voc\u00ea cai de patamar. Eu n\u00e3o vejo como n\u00e3o cair de patamar\u201d, explicou Rizek, destacando o desgaste coletivo causado pela aus\u00eancia desses craques.&nbsp;<\/p>\n\n\n\n<p>Isso porque, com suas sa\u00eddas, o Botafogo perdeu parte de sua for\u00e7a, o que resultou em uma performance abaixo das expectativas em 2025.<\/p>\n\n\n\n<h2 class=\"wp-block-heading\" id=\"h-o-futuro-do-botafogo-e-a-janela-de-transferencias-como-esperanca\"><strong>O futuro do Botafogo e a janela de transfer\u00eancias como esperan\u00e7a<\/strong><\/h2>\n\n\n\n<p>Com isso, a situa\u00e7\u00e3o do Botafogo parece complicada, mas n\u00e3o sem sa\u00edda. Andr\u00e9 Rizek ressaltou que a janela de transfer\u00eancias ser\u00e1 crucial para o time se reerguer.&nbsp;<\/p>\n\n\n\n<p>\u201cA gente sabe que a janela tem o potencial de transformar os times. Inclusive, o Botafogo do ano passado se transforma na janela. Como o Flamengo do Jorge Jesus se transformou\u201d, destacou, dando uma esperan\u00e7a de que o clube possa, novamente, refor\u00e7ar seu elenco e recuperar a for\u00e7a coletiva.<\/p>\n\n\n\n<p>Dessa maneira, as perspectivas para o Botafogo s\u00e3o desafiadoras, mas n\u00e3o desesperadoras.&nbsp;<\/p>\n\n\n\n<p>Para Rizek, o time ainda pode figurar na parte de cima da tabela, mas \u201cacho muito dif\u00edcil competir com o Flamengo, com o Palmeiras. Eu acho que essa \u00e9 a tend\u00eancia\u201d, concluiu o jornalista, deixando claro que a competitividade no topo ser\u00e1 dif\u00edcil sem a reposi\u00e7\u00e3o de qualidade que o time perdeu.<\/p>\n\n\n\n<h2 class=\"wp-block-heading\" id=\"h-ajustes-necessarios-para-o-glorioso\"><strong>Ajustes necess\u00e1rios para o Glorioso<\/strong><\/h2>\n\n\n\n<p>Cabe ressaltar que, embora o Botafogo tenha perdido dois jogadores-chave, a janela de transfer\u00eancias pode ser a chave para o time voltar a brigar por t\u00edtulos.&nbsp;<\/p>\n\n\n\n<p>Sendo assim, o Glorioso precisa agir rapidamente para manter sua competitividade, aproveitando as oportunidades do mercado para refor\u00e7ar um elenco que, com a sa\u00edda de Almada e Luiz Henrique, perdeu parte de sua for\u00e7a.<\/p>\n","protected":false},"excerpt":{"rendered":"<p>Ap\u00f3s um 2024 marcante, em que o Botafogo conquistou tanto o Campeonato Brasileiro quanto a Libertadores, o clube iniciou 2025 com desafios inesperados. Com a sa\u00edda de dois pilares do time, Thiago Almada e Luiz Henrique, o elenco do Glorioso enfrentou um impacto significativo. O jornalista Andr\u00e9 Rizek, em suas an\u00e1lises, revelou a magnitude dessa [&hellip;]<\/p>\n","protected":false},"author":25,"featured_media":168200,"comment_status":"open","ping_status":"closed","sticky":false,"template":"","format":"standard","meta":{"footnotes":""},"categories":[138],"tags":[],"class_list":["post-256234","post","type-post","status-publish","format-standard","has-post-thumbnail","hentry","category-botafogo"],"yoast_head":"<!-- This site is optimized with the Yoast SEO Premium plugin v24.2 (Yoast SEO v26.9) - https:\/\/yoast.com\/product\/yoast-seo-premium-wordpress\/ -->\n<title>Botafogo: a declara\u00e7\u00e3o de Rizek direcionada a Almada e Luiz Henrique<\/title>\n<meta name=\"robots\" content=\"index, follow, max-snippet:-1, max-image-preview:large, max-video-preview:-1\" \/>\n<link rel=\"canonical\" href=\"https:\/\/www.gaveanews.com\/index.php\/2025\/04\/22\/botafogo-a-declaracao-de-rizek-direcionada-a-almada-e-luiz-henrique\/\" \/>\n<meta property=\"og:locale\" content=\"pt_BR\" \/>\n<meta property=\"og:type\" content=\"article\" \/>\n<meta property=\"og:title\" content=\"Botafogo: a declara\u00e7\u00e3o de Rizek direcionada a Almada e Luiz Henrique\" \/>\n<meta property=\"og:description\" content=\"Ap\u00f3s um 2024 marcante, em que o Botafogo conquistou tanto o Campeonato Brasileiro quanto a Libertadores, o clube iniciou 2025 com desafios inesperados. Com a sa\u00edda de dois pilares do time, Thiago Almada e Luiz Henrique, o elenco do Glorioso enfrentou um impacto significativo. O jornalista Andr\u00e9 Rizek, em suas an\u00e1lises, revelou a magnitude dessa [&hellip;]\" \/>\n<meta property=\"og:url\" content=\"https:\/\/www.gaveanews.com\/index.php\/2025\/04\/22\/botafogo-a-declaracao-de-rizek-direcionada-a-almada-e-luiz-henrique\/\" \/>\n<meta property=\"og:site_name\" content=\"G\u00e1vea News\" \/>\n<meta property=\"article:publisher\" content=\"https:\/\/facebook.com\/gaveaNews\/\" \/>\n<meta property=\"article:published_time\" content=\"2025-04-22T16:15:00+00:00\" \/>\n<meta property=\"og:image\" content=\"https:\/\/www.gaveanews.com\/wp-content\/uploads\/Luiz-Henrique-Botafogo.webp\" \/>\n\t<meta property=\"og:image:width\" content=\"1200\" \/>\n\t<meta property=\"og:image:height\" content=\"750\" \/>\n\t<meta property=\"og:image:type\" content=\"image\/jpeg\" \/>\n<meta name=\"author\" content=\"Rafaela Ladeira\" \/>\n<meta name=\"twitter:card\" content=\"summary_large_image\" \/>\n<meta name=\"twitter:label1\" content=\"Escrito por\" \/>\n\t<meta name=\"twitter:data1\" content=\"Rafaela Ladeira\" \/>\n\t<meta name=\"twitter:label2\" content=\"Est. tempo de leitura\" \/>\n\t<meta name=\"twitter:data2\" content=\"3 minutos\" \/>\n<script type=\"application\/ld+json\" class=\"yoast-schema-graph\">{\"@context\":\"https:\/\/schema.org\",\"@graph\":[{\"@type\":\"NewsArticle\",\"@id\":\"https:\/\/www.gaveanews.com\/index.php\/2025\/04\/22\/botafogo-a-declaracao-de-rizek-direcionada-a-almada-e-luiz-henrique\/#article\",\"isPartOf\":{\"@id\":\"https:\/\/www.gaveanews.com\/index.php\/2025\/04\/22\/botafogo-a-declaracao-de-rizek-direcionada-a-almada-e-luiz-henrique\/\"},\"author\":{\"name\":\"Rafaela Ladeira\",\"@id\":\"https:\/\/www.gaveanews.com\/#\/schema\/person\/0eb3e3fe1754f0205218538adbe8f5ed\"},\"headline\":\"Botafogo: a declara\u00e7\u00e3o de Rizek direcionada a Almada e Luiz Henrique\",\"datePublished\":\"2025-04-22T16:15:00+00:00\",\"mainEntityOfPage\":{\"@id\":\"https:\/\/www.gaveanews.com\/index.php\/2025\/04\/22\/botafogo-a-declaracao-de-rizek-direcionada-a-almada-e-luiz-henrique\/\"},\"wordCount\":493,\"commentCount\":0,\"image\":{\"@id\":\"https:\/\/www.gaveanews.com\/index.php\/2025\/04\/22\/botafogo-a-declaracao-de-rizek-direcionada-a-almada-e-luiz-henrique\/#primaryimage\"},\"thumbnailUrl\":\"https:\/\/www.gaveanews.com\/wp-content\/uploads\/Luiz-Henrique-Botafogo.webp\",\"articleSection\":[\"Botafogo\"],\"inLanguage\":\"pt-BR\",\"potentialAction\":[{\"@type\":\"CommentAction\",\"name\":\"Comment\",\"target\":[\"https:\/\/www.gaveanews.com\/index.php\/2025\/04\/22\/botafogo-a-declaracao-de-rizek-direcionada-a-almada-e-luiz-henrique\/#respond\"]}],\"copyrightYear\":\"2025\",\"copyrightHolder\":{\"@id\":\"https:\/\/www.gaveanews.com\/#organization\"}},{\"@type\":\"WebPage\",\"@id\":\"https:\/\/www.gaveanews.com\/index.php\/2025\/04\/22\/botafogo-a-declaracao-de-rizek-direcionada-a-almada-e-luiz-henrique\/\",\"url\":\"https:\/\/www.gaveanews.com\/index.php\/2025\/04\/22\/botafogo-a-declaracao-de-rizek-direcionada-a-almada-e-luiz-henrique\/\",\"name\":\"Botafogo: a declara\u00e7\u00e3o de Rizek direcionada a Almada e Luiz Henrique\",\"isPartOf\":{\"@id\":\"https:\/\/www.gaveanews.com\/#website\"},\"primaryImageOfPage\":{\"@id\":\"https:\/\/www.gaveanews.com\/index.php\/2025\/04\/22\/botafogo-a-declaracao-de-rizek-direcionada-a-almada-e-luiz-henrique\/#primaryimage\"},\"image\":{\"@id\":\"https:\/\/www.gaveanews.com\/index.php\/2025\/04\/22\/botafogo-a-declaracao-de-rizek-direcionada-a-almada-e-luiz-henrique\/#primaryimage\"},\"thumbnailUrl\":\"https:\/\/www.gaveanews.com\/wp-content\/uploads\/Luiz-Henrique-Botafogo.webp\",\"datePublished\":\"2025-04-22T16:15:00+00:00\",\"author\":{\"@id\":\"https:\/\/www.gaveanews.com\/#\/schema\/person\/0eb3e3fe1754f0205218538adbe8f5ed\"},\"breadcrumb\":{\"@id\":\"https:\/\/www.gaveanews.com\/index.php\/2025\/04\/22\/botafogo-a-declaracao-de-rizek-direcionada-a-almada-e-luiz-henrique\/#breadcrumb\"},\"inLanguage\":\"pt-BR\",\"potentialAction\":[{\"@type\":\"ReadAction\",\"target\":[\"https:\/\/www.gaveanews.com\/index.php\/2025\/04\/22\/botafogo-a-declaracao-de-rizek-direcionada-a-almada-e-luiz-henrique\/\"]}]},{\"@type\":\"ImageObject\",\"inLanguage\":\"pt-BR\",\"@id\":\"https:\/\/www.gaveanews.com\/index.php\/2025\/04\/22\/botafogo-a-declaracao-de-rizek-direcionada-a-almada-e-luiz-henrique\/#primaryimage\",\"url\":\"https:\/\/www.gaveanews.com\/wp-content\/uploads\/Luiz-Henrique-Botafogo.webp\",\"contentUrl\":\"https:\/\/www.gaveanews.com\/wp-content\/uploads\/Luiz-Henrique-Botafogo.webp\",\"width\":1200,\"height\":750,\"caption\":\"Luiz Henrique, jogador Botafogo (Foto: Vitor Silva\/Botafogo)\"},{\"@type\":\"BreadcrumbList\",\"@id\":\"https:\/\/www.gaveanews.com\/index.php\/2025\/04\/22\/botafogo-a-declaracao-de-rizek-direcionada-a-almada-e-luiz-henrique\/#breadcrumb\",\"itemListElement\":[{\"@type\":\"ListItem\",\"position\":1,\"name\":\"Home\",\"item\":\"https:\/\/www.gaveanews.com\/\"},{\"@type\":\"ListItem\",\"position\":2,\"name\":\"Botafogo: a declara\u00e7\u00e3o de Rizek direcionada a Almada e Luiz Henrique\"}]},{\"@type\":\"WebSite\",\"@id\":\"https:\/\/www.gaveanews.com\/#website\",\"url\":\"https:\/\/www.gaveanews.com\/\",\"name\":\"G\u00e1vea News\",\"description\":\"Veja todas as not\u00edcias sobre o Flamengo: Contrata\u00e7\u00f5es, categorias de base, resultados das partidas, tabela de classifica\u00e7\u00e3o, pr\u00f3ximos jogos!\",\"potentialAction\":[{\"@type\":\"SearchAction\",\"target\":{\"@type\":\"EntryPoint\",\"urlTemplate\":\"https:\/\/www.gaveanews.com\/?s={search_term_string}\"},\"query-input\":{\"@type\":\"PropertyValueSpecification\",\"valueRequired\":true,\"valueName\":\"search_term_string\"}}],\"inLanguage\":\"pt-BR\"},{\"@type\":\"Person\",\"@id\":\"https:\/\/www.gaveanews.com\/#\/schema\/person\/0eb3e3fe1754f0205218538adbe8f5ed\",\"name\":\"Rafaela Ladeira\",\"image\":{\"@type\":\"ImageObject\",\"inLanguage\":\"pt-BR\",\"@id\":\"https:\/\/www.gaveanews.com\/#\/schema\/person\/image\/\",\"url\":\"https:\/\/secure.gravatar.com\/avatar\/c31f513acffd85eacab5730cbdfdbbf59f21ba5aeada8cd890acea879fbb2455?s=96&d=mm&r=g\",\"contentUrl\":\"https:\/\/secure.gravatar.com\/avatar\/c31f513acffd85eacab5730cbdfdbbf59f21ba5aeada8cd890acea879fbb2455?s=96&d=mm&r=g\",\"caption\":\"Rafaela Ladeira\"}}]}<\/script>\n<!-- \/ Yoast SEO Premium plugin. -->","yoast_head_json":{"title":"Botafogo: a declara\u00e7\u00e3o de Rizek direcionada a Almada e Luiz Henrique","robots":{"index":"index","follow":"follow","max-snippet":"max-snippet:-1","max-image-preview":"max-image-preview:large","max-video-preview":"max-video-preview:-1"},"canonical":"https:\/\/www.gaveanews.com\/index.php\/2025\/04\/22\/botafogo-a-declaracao-de-rizek-direcionada-a-almada-e-luiz-henrique\/","og_locale":"pt_BR","og_type":"article","og_title":"Botafogo: a declara\u00e7\u00e3o de Rizek direcionada a Almada e Luiz Henrique","og_description":"Ap\u00f3s um 2024 marcante, em que o Botafogo conquistou tanto o Campeonato Brasileiro quanto a Libertadores, o clube iniciou 2025 com desafios inesperados. Com a sa\u00edda de dois pilares do time, Thiago Almada e Luiz Henrique, o elenco do Glorioso enfrentou um impacto significativo. O jornalista Andr\u00e9 Rizek, em suas an\u00e1lises, revelou a magnitude dessa [&hellip;]","og_url":"https:\/\/www.gaveanews.com\/index.php\/2025\/04\/22\/botafogo-a-declaracao-de-rizek-direcionada-a-almada-e-luiz-henrique\/","og_site_name":"G\u00e1vea News","article_publisher":"https:\/\/facebook.com\/gaveaNews\/","article_published_time":"2025-04-22T16:15:00+00:00","og_image":[{"width":1200,"height":750,"url":"https:\/\/www.gaveanews.com\/wp-content\/uploads\/Luiz-Henrique-Botafogo.webp","type":"image\/jpeg"}],"author":"Rafaela Ladeira","twitter_card":"summary_large_image","twitter_misc":{"Escrito por":"Rafaela Ladeira","Est. tempo de leitura":"3 minutos"},"schema":{"@context":"https:\/\/schema.org","@graph":[{"@type":"NewsArticle","@id":"https:\/\/www.gaveanews.com\/index.php\/2025\/04\/22\/botafogo-a-declaracao-de-rizek-direcionada-a-almada-e-luiz-henrique\/#article","isPartOf":{"@id":"https:\/\/www.gaveanews.com\/index.php\/2025\/04\/22\/botafogo-a-declaracao-de-rizek-direcionada-a-almada-e-luiz-henrique\/"},"author":{"name":"Rafaela Ladeira","@id":"https:\/\/www.gaveanews.com\/#\/schema\/person\/0eb3e3fe1754f0205218538adbe8f5ed"},"headline":"Botafogo: a declara\u00e7\u00e3o de Rizek direcionada a Almada e Luiz Henrique","datePublished":"2025-04-22T16:15:00+00:00","mainEntityOfPage":{"@id":"https:\/\/www.gaveanews.com\/index.php\/2025\/04\/22\/botafogo-a-declaracao-de-rizek-direcionada-a-almada-e-luiz-henrique\/"},"wordCount":493,"commentCount":0,"image":{"@id":"https:\/\/www.gaveanews.com\/index.php\/2025\/04\/22\/botafogo-a-declaracao-de-rizek-direcionada-a-almada-e-luiz-henrique\/#primaryimage"},"thumbnailUrl":"https:\/\/www.gaveanews.com\/wp-content\/uploads\/Luiz-Henrique-Botafogo.webp","articleSection":["Botafogo"],"inLanguage":"pt-BR","potentialAction":[{"@type":"CommentAction","name":"Comment","target":["https:\/\/www.gaveanews.com\/index.php\/2025\/04\/22\/botafogo-a-declaracao-de-rizek-direcionada-a-almada-e-luiz-henrique\/#respond"]}],"copyrightYear":"2025","copyrightHolder":{"@id":"https:\/\/www.gaveanews.com\/#organization"}},{"@type":"WebPage","@id":"https:\/\/www.gaveanews.com\/index.php\/2025\/04\/22\/botafogo-a-declaracao-de-rizek-direcionada-a-almada-e-luiz-henrique\/","url":"https:\/\/www.gaveanews.com\/index.php\/2025\/04\/22\/botafogo-a-declaracao-de-rizek-direcionada-a-almada-e-luiz-henrique\/","name":"Botafogo: a declara\u00e7\u00e3o de Rizek direcionada a Almada e Luiz Henrique","isPartOf":{"@id":"https:\/\/www.gaveanews.com\/#website"},"primaryImageOfPage":{"@id":"https:\/\/www.gaveanews.com\/index.php\/2025\/04\/22\/botafogo-a-declaracao-de-rizek-direcionada-a-almada-e-luiz-henrique\/#primaryimage"},"image":{"@id":"https:\/\/www.gaveanews.com\/index.php\/2025\/04\/22\/botafogo-a-declaracao-de-rizek-direcionada-a-almada-e-luiz-henrique\/#primaryimage"},"thumbnailUrl":"https:\/\/www.gaveanews.com\/wp-content\/uploads\/Luiz-Henrique-Botafogo.webp","datePublished":"2025-04-22T16:15:00+00:00","author":{"@id":"https:\/\/www.gaveanews.com\/#\/schema\/person\/0eb3e3fe1754f0205218538adbe8f5ed"},"breadcrumb":{"@id":"https:\/\/www.gaveanews.com\/index.php\/2025\/04\/22\/botafogo-a-declaracao-de-rizek-direcionada-a-almada-e-luiz-henrique\/#breadcrumb"},"inLanguage":"pt-BR","potentialAction":[{"@type":"ReadAction","target":["https:\/\/www.gaveanews.com\/index.php\/2025\/04\/22\/botafogo-a-declaracao-de-rizek-direcionada-a-almada-e-luiz-henrique\/"]}]},{"@type":"ImageObject","inLanguage":"pt-BR","@id":"https:\/\/www.gaveanews.com\/index.php\/2025\/04\/22\/botafogo-a-declaracao-de-rizek-direcionada-a-almada-e-luiz-henrique\/#primaryimage","url":"https:\/\/www.gaveanews.com\/wp-content\/uploads\/Luiz-Henrique-Botafogo.webp","contentUrl":"https:\/\/www.gaveanews.com\/wp-content\/uploads\/Luiz-Henrique-Botafogo.webp","width":1200,"height":750,"caption":"Luiz Henrique, jogador Botafogo (Foto: Vitor Silva\/Botafogo)"},{"@type":"BreadcrumbList","@id":"https:\/\/www.gaveanews.com\/index.php\/2025\/04\/22\/botafogo-a-declaracao-de-rizek-direcionada-a-almada-e-luiz-henrique\/#breadcrumb","itemListElement":[{"@type":"ListItem","position":1,"name":"Home","item":"https:\/\/www.gaveanews.com\/"},{"@type":"ListItem","position":2,"name":"Botafogo: a declara\u00e7\u00e3o de Rizek direcionada a Almada e Luiz Henrique"}]},{"@type":"WebSite","@id":"https:\/\/www.gaveanews.com\/#website","url":"https:\/\/www.gaveanews.com\/","name":"G\u00e1vea News","description":"Veja todas as not\u00edcias sobre o Flamengo: Contrata\u00e7\u00f5es, categorias de base, resultados das partidas, tabela de classifica\u00e7\u00e3o, pr\u00f3ximos jogos!","potentialAction":[{"@type":"SearchAction","target":{"@type":"EntryPoint","urlTemplate":"https:\/\/www.gaveanews.com\/?s={search_term_string}"},"query-input":{"@type":"PropertyValueSpecification","valueRequired":true,"valueName":"search_term_string"}}],"inLanguage":"pt-BR"},{"@type":"Person","@id":"https:\/\/www.gaveanews.com\/#\/schema\/person\/0eb3e3fe1754f0205218538adbe8f5ed","name":"Rafaela Ladeira","image":{"@type":"ImageObject","inLanguage":"pt-BR","@id":"https:\/\/www.gaveanews.com\/#\/schema\/person\/image\/","url":"https:\/\/secure.gravatar.com\/avatar\/c31f513acffd85eacab5730cbdfdbbf59f21ba5aeada8cd890acea879fbb2455?s=96&d=mm&r=g","contentUrl":"https:\/\/secure.gravatar.com\/avatar\/c31f513acffd85eacab5730cbdfdbbf59f21ba5aeada8cd890acea879fbb2455?s=96&d=mm&r=g","caption":"Rafaela Ladeira"}}]}},"_links":{"self":[{"href":"https:\/\/www.gaveanews.com\/index.php\/wp-json\/wp\/v2\/posts\/256234","targetHints":{"allow":["GET"]}}],"collection":[{"href":"https:\/\/www.gaveanews.com\/index.php\/wp-json\/wp\/v2\/posts"}],"about":[{"href":"https:\/\/www.gaveanews.com\/index.php\/wp-json\/wp\/v2\/types\/post"}],"author":[{"embeddable":true,"href":"https:\/\/www.gaveanews.com\/index.php\/wp-json\/wp\/v2\/users\/25"}],"replies":[{"embeddable":true,"href":"https:\/\/www.gaveanews.com\/index.php\/wp-json\/wp\/v2\/comments?post=256234"}],"version-history":[{"count":1,"href":"https:\/\/www.gaveanews.com\/index.php\/wp-json\/wp\/v2\/posts\/256234\/revisions"}],"predecessor-version":[{"id":256235,"href":"https:\/\/www.gaveanews.com\/index.php\/wp-json\/wp\/v2\/posts\/256234\/revisions\/256235"}],"wp:featuredmedia":[{"embeddable":true,"href":"https:\/\/www.gaveanews.com\/index.php\/wp-json\/wp\/v2\/media\/168200"}],"wp:attachment":[{"href":"https:\/\/www.gaveanews.com\/index.php\/wp-json\/wp\/v2\/media?parent=256234"}],"wp:term":[{"taxonomy":"category","embeddable":true,"href":"https:\/\/www.gaveanews.com\/index.php\/wp-json\/wp\/v2\/categories?post=256234"},{"taxonomy":"post_tag","embeddable":true,"href":"https:\/\/www.gaveanews.com\/index.php\/wp-json\/wp\/v2\/tags?post=256234"}],"curies":[{"name":"wp","href":"https:\/\/api.w.org\/{rel}","templated":true}]}}