{"id":256245,"date":"2025-04-22T13:35:00","date_gmt":"2025-04-22T16:35:00","guid":{"rendered":"https:\/\/www.gaveanews.com\/?p=256245"},"modified":"2025-04-22T13:05:58","modified_gmt":"2025-04-22T16:05:58","slug":"corinthians-x-racing-hugo-souza-vai-jogar","status":"publish","type":"post","link":"https:\/\/www.gaveanews.com\/index.php\/2025\/04\/22\/corinthians-x-racing-hugo-souza-vai-jogar\/","title":{"rendered":"Corinthians X Racing: Hugo Souza vai jogar?"},"content":{"rendered":"\n<p>O Corinthians est\u00e1 se preparando para um confronto decisivo contra o Racing, do Uruguai, pela terceira rodada da fase de grupos da Copa Sul-Americana, nesta quinta-feira (24). A grande expectativa, no entanto, gira em torno do retorno do goleiro Hugo Souza, pe\u00e7a fundamental para a equipe.&nbsp;<\/p>\n\n\n\n<h2 class=\"wp-block-heading\" id=\"h-hugo-souza-faz-falta\">Hugo Souza faz falta<\/h2>\n\n\n\n<p>Al\u00e9m de ser um dos maiores destaques do Corinthians, Hugo Souza \u00e9 tamb\u00e9m um dos l\u00edderes do time, assumindo a bra\u00e7adeira de capit\u00e3o sempre que \u00c1ngel Romero n\u00e3o est\u00e1 em campo. Sua aus\u00eancia tem sido sentida, principalmente por conta das falhas de Matheus Donelli, que n\u00e3o tem passado a confian\u00e7a necess\u00e1ria para a torcida.&nbsp;<\/p>\n\n\n\n<p>Por isso, a volta de Hugo Souza \u00e9 um al\u00edvio para o time e a Fiel Torcida, que espera ver novamente o goleiro titular comandando a defesa do time.<\/p>\n\n\n\n<h2 class=\"wp-block-heading\" id=\"h-proximidade-do-retorno\">Proximidade do retorno<\/h2>\n\n\n\n<p>Hugo Souza retomou os treinamentos com bola na \u00faltima segunda-feira (21), o que significa que seu retorno est\u00e1 bem pr\u00f3ximo. Dessa maneira, o goleiro pode estar dispon\u00edvel para o jogo contra o Racing, uma vez que o Corinthians precisa da sua presen\u00e7a para melhorar o desempenho na Copa Sul-Americana.&nbsp;<\/p>\n\n\n\n<p>Vale destacar que a presen\u00e7a de Hugo Souza na partida vai depender dos resultados dos treinamentos nesta ter\u00e7a e quarta-feira (22 e 23) no CT Joaquim Grava. Portanto, a decis\u00e3o sobre sua participa\u00e7\u00e3o no jogo ser\u00e1 tomada com base no seu estado f\u00edsico ap\u00f3s esses treinos.<\/p>\n\n\n\n<h2 class=\"wp-block-heading\" id=\"h-decisao-crucial\">Decis\u00e3o crucial<\/h2>\n\n\n\n<p>Com um ponto conquistado em dois jogos, o Corinthians precisa vencer para continuar com chances de classifica\u00e7\u00e3o. Isso porque, caso n\u00e3o ven\u00e7a, a equipe fica com poucas perspectivas de avan\u00e7ar na competi\u00e7\u00e3o.&nbsp;<\/p>\n\n\n\n<p>Sendo assim, a volta de Hugo Souza n\u00e3o \u00e9 apenas desejada, mas fundamental. O goleiro \u00e9 um dos pilares da defesa, e sua presen\u00e7a em campo pode ser decisiva para que o time consiga sair com a vit\u00f3ria no duelo contra o Racing.<\/p>\n\n\n\n<h2 class=\"wp-block-heading\" id=\"h-esperanca-do-retorno\">Esperan\u00e7a do retorno<\/h2>\n\n\n\n<p>Com isso, a grande d\u00favida que resta \u00e9 se Hugo Souza estar\u00e1 liberado pelo departamento m\u00e9dico a tempo para este confronto crucial. Caso ele seja liberado, sua presen\u00e7a ser\u00e1 uma das armas mais importantes do Corinthians para buscar a classifica\u00e7\u00e3o.&nbsp;<\/p>\n\n\n\n<p>A torcida est\u00e1 ansiosa e espera que, com o goleiro de volta, a equipe consiga reencontrar a solidez defensiva que tanto precisa nesta competi\u00e7\u00e3o internacional.<\/p>\n","protected":false},"excerpt":{"rendered":"<p>O Corinthians est\u00e1 se preparando para um confronto decisivo contra o Racing, do Uruguai, pela terceira rodada da fase de grupos da Copa Sul-Americana, nesta quinta-feira (24). A grande expectativa, no entanto, gira em torno do retorno do goleiro Hugo Souza, pe\u00e7a fundamental para a equipe.&nbsp; Hugo Souza faz falta Al\u00e9m de ser um dos [&hellip;]<\/p>\n","protected":false},"author":25,"featured_media":152721,"comment_status":"open","ping_status":"closed","sticky":false,"template":"","format":"standard","meta":{"footnotes":""},"categories":[141],"tags":[],"class_list":["post-256245","post","type-post","status-publish","format-standard","has-post-thumbnail","hentry","category-corinthians"],"yoast_head":"<!-- This site is optimized with the Yoast SEO Premium plugin v24.2 (Yoast SEO v26.9) - https:\/\/yoast.com\/product\/yoast-seo-premium-wordpress\/ -->\n<title>Corinthians X Racing: Hugo Souza vai jogar?<\/title>\n<meta name=\"robots\" content=\"index, follow, max-snippet:-1, max-image-preview:large, max-video-preview:-1\" \/>\n<link rel=\"canonical\" href=\"https:\/\/www.gaveanews.com\/index.php\/2025\/04\/22\/corinthians-x-racing-hugo-souza-vai-jogar\/\" \/>\n<meta property=\"og:locale\" content=\"pt_BR\" \/>\n<meta property=\"og:type\" content=\"article\" \/>\n<meta property=\"og:title\" content=\"Corinthians X Racing: Hugo Souza vai jogar?\" \/>\n<meta property=\"og:description\" content=\"O Corinthians est\u00e1 se preparando para um confronto decisivo contra o Racing, do Uruguai, pela terceira rodada da fase de grupos da Copa Sul-Americana, nesta quinta-feira (24). A grande expectativa, no entanto, gira em torno do retorno do goleiro Hugo Souza, pe\u00e7a fundamental para a equipe.&nbsp; Hugo Souza faz falta Al\u00e9m de ser um dos [&hellip;]\" \/>\n<meta property=\"og:url\" content=\"https:\/\/www.gaveanews.com\/index.php\/2025\/04\/22\/corinthians-x-racing-hugo-souza-vai-jogar\/\" \/>\n<meta property=\"og:site_name\" content=\"G\u00e1vea News\" \/>\n<meta property=\"article:publisher\" content=\"https:\/\/facebook.com\/gaveaNews\/\" \/>\n<meta property=\"article:published_time\" content=\"2025-04-22T16:35:00+00:00\" \/>\n<meta property=\"og:image\" content=\"https:\/\/www.gaveanews.com\/wp-content\/uploads\/Hugo-Souza-vibra-durante-sua-estreia-pelo-Corinthians.webp\" \/>\n\t<meta property=\"og:image:width\" content=\"1080\" \/>\n\t<meta property=\"og:image:height\" content=\"1346\" \/>\n\t<meta property=\"og:image:type\" content=\"image\/jpeg\" \/>\n<meta name=\"author\" content=\"Rafaela Ladeira\" \/>\n<meta name=\"twitter:card\" content=\"summary_large_image\" \/>\n<meta name=\"twitter:label1\" content=\"Escrito por\" \/>\n\t<meta name=\"twitter:data1\" content=\"Rafaela Ladeira\" \/>\n\t<meta name=\"twitter:label2\" content=\"Est. tempo de leitura\" \/>\n\t<meta name=\"twitter:data2\" content=\"3 minutos\" \/>\n<script type=\"application\/ld+json\" class=\"yoast-schema-graph\">{\"@context\":\"https:\/\/schema.org\",\"@graph\":[{\"@type\":\"NewsArticle\",\"@id\":\"https:\/\/www.gaveanews.com\/index.php\/2025\/04\/22\/corinthians-x-racing-hugo-souza-vai-jogar\/#article\",\"isPartOf\":{\"@id\":\"https:\/\/www.gaveanews.com\/index.php\/2025\/04\/22\/corinthians-x-racing-hugo-souza-vai-jogar\/\"},\"author\":{\"name\":\"Rafaela Ladeira\",\"@id\":\"https:\/\/www.gaveanews.com\/#\/schema\/person\/0eb3e3fe1754f0205218538adbe8f5ed\"},\"headline\":\"Corinthians X Racing: Hugo Souza vai jogar?\",\"datePublished\":\"2025-04-22T16:35:00+00:00\",\"mainEntityOfPage\":{\"@id\":\"https:\/\/www.gaveanews.com\/index.php\/2025\/04\/22\/corinthians-x-racing-hugo-souza-vai-jogar\/\"},\"wordCount\":415,\"commentCount\":0,\"image\":{\"@id\":\"https:\/\/www.gaveanews.com\/index.php\/2025\/04\/22\/corinthians-x-racing-hugo-souza-vai-jogar\/#primaryimage\"},\"thumbnailUrl\":\"https:\/\/www.gaveanews.com\/wp-content\/uploads\/Hugo-Souza-vibra-durante-sua-estreia-pelo-Corinthians.webp\",\"articleSection\":[\"Corinthians\"],\"inLanguage\":\"pt-BR\",\"potentialAction\":[{\"@type\":\"CommentAction\",\"name\":\"Comment\",\"target\":[\"https:\/\/www.gaveanews.com\/index.php\/2025\/04\/22\/corinthians-x-racing-hugo-souza-vai-jogar\/#respond\"]}],\"copyrightYear\":\"2025\",\"copyrightHolder\":{\"@id\":\"https:\/\/www.gaveanews.com\/#organization\"}},{\"@type\":\"WebPage\",\"@id\":\"https:\/\/www.gaveanews.com\/index.php\/2025\/04\/22\/corinthians-x-racing-hugo-souza-vai-jogar\/\",\"url\":\"https:\/\/www.gaveanews.com\/index.php\/2025\/04\/22\/corinthians-x-racing-hugo-souza-vai-jogar\/\",\"name\":\"Corinthians X Racing: Hugo Souza vai jogar?\",\"isPartOf\":{\"@id\":\"https:\/\/www.gaveanews.com\/#website\"},\"primaryImageOfPage\":{\"@id\":\"https:\/\/www.gaveanews.com\/index.php\/2025\/04\/22\/corinthians-x-racing-hugo-souza-vai-jogar\/#primaryimage\"},\"image\":{\"@id\":\"https:\/\/www.gaveanews.com\/index.php\/2025\/04\/22\/corinthians-x-racing-hugo-souza-vai-jogar\/#primaryimage\"},\"thumbnailUrl\":\"https:\/\/www.gaveanews.com\/wp-content\/uploads\/Hugo-Souza-vibra-durante-sua-estreia-pelo-Corinthians.webp\",\"datePublished\":\"2025-04-22T16:35:00+00:00\",\"author\":{\"@id\":\"https:\/\/www.gaveanews.com\/#\/schema\/person\/0eb3e3fe1754f0205218538adbe8f5ed\"},\"breadcrumb\":{\"@id\":\"https:\/\/www.gaveanews.com\/index.php\/2025\/04\/22\/corinthians-x-racing-hugo-souza-vai-jogar\/#breadcrumb\"},\"inLanguage\":\"pt-BR\",\"potentialAction\":[{\"@type\":\"ReadAction\",\"target\":[\"https:\/\/www.gaveanews.com\/index.php\/2025\/04\/22\/corinthians-x-racing-hugo-souza-vai-jogar\/\"]}]},{\"@type\":\"ImageObject\",\"inLanguage\":\"pt-BR\",\"@id\":\"https:\/\/www.gaveanews.com\/index.php\/2025\/04\/22\/corinthians-x-racing-hugo-souza-vai-jogar\/#primaryimage\",\"url\":\"https:\/\/www.gaveanews.com\/wp-content\/uploads\/Hugo-Souza-vibra-durante-sua-estreia-pelo-Corinthians.webp\",\"contentUrl\":\"https:\/\/www.gaveanews.com\/wp-content\/uploads\/Hugo-Souza-vibra-durante-sua-estreia-pelo-Corinthians.webp\",\"width\":1080,\"height\":1346,\"caption\":\"Hugo Souza vibra durante sua estreia pelo Corinthians (Foto: Reprodu\u00e7\u00e3o\/Instagram)\"},{\"@type\":\"BreadcrumbList\",\"@id\":\"https:\/\/www.gaveanews.com\/index.php\/2025\/04\/22\/corinthians-x-racing-hugo-souza-vai-jogar\/#breadcrumb\",\"itemListElement\":[{\"@type\":\"ListItem\",\"position\":1,\"name\":\"Home\",\"item\":\"https:\/\/www.gaveanews.com\/\"},{\"@type\":\"ListItem\",\"position\":2,\"name\":\"Corinthians X Racing: Hugo Souza vai jogar?\"}]},{\"@type\":\"WebSite\",\"@id\":\"https:\/\/www.gaveanews.com\/#website\",\"url\":\"https:\/\/www.gaveanews.com\/\",\"name\":\"G\u00e1vea News\",\"description\":\"Veja todas as not\u00edcias sobre o Flamengo: Contrata\u00e7\u00f5es, categorias de base, resultados das partidas, tabela de classifica\u00e7\u00e3o, pr\u00f3ximos jogos!\",\"potentialAction\":[{\"@type\":\"SearchAction\",\"target\":{\"@type\":\"EntryPoint\",\"urlTemplate\":\"https:\/\/www.gaveanews.com\/?s={search_term_string}\"},\"query-input\":{\"@type\":\"PropertyValueSpecification\",\"valueRequired\":true,\"valueName\":\"search_term_string\"}}],\"inLanguage\":\"pt-BR\"},{\"@type\":\"Person\",\"@id\":\"https:\/\/www.gaveanews.com\/#\/schema\/person\/0eb3e3fe1754f0205218538adbe8f5ed\",\"name\":\"Rafaela Ladeira\",\"image\":{\"@type\":\"ImageObject\",\"inLanguage\":\"pt-BR\",\"@id\":\"https:\/\/www.gaveanews.com\/#\/schema\/person\/image\/\",\"url\":\"https:\/\/secure.gravatar.com\/avatar\/c31f513acffd85eacab5730cbdfdbbf59f21ba5aeada8cd890acea879fbb2455?s=96&d=mm&r=g\",\"contentUrl\":\"https:\/\/secure.gravatar.com\/avatar\/c31f513acffd85eacab5730cbdfdbbf59f21ba5aeada8cd890acea879fbb2455?s=96&d=mm&r=g\",\"caption\":\"Rafaela Ladeira\"}}]}<\/script>\n<!-- \/ Yoast SEO Premium plugin. -->","yoast_head_json":{"title":"Corinthians X Racing: Hugo Souza vai jogar?","robots":{"index":"index","follow":"follow","max-snippet":"max-snippet:-1","max-image-preview":"max-image-preview:large","max-video-preview":"max-video-preview:-1"},"canonical":"https:\/\/www.gaveanews.com\/index.php\/2025\/04\/22\/corinthians-x-racing-hugo-souza-vai-jogar\/","og_locale":"pt_BR","og_type":"article","og_title":"Corinthians X Racing: Hugo Souza vai jogar?","og_description":"O Corinthians est\u00e1 se preparando para um confronto decisivo contra o Racing, do Uruguai, pela terceira rodada da fase de grupos da Copa Sul-Americana, nesta quinta-feira (24). A grande expectativa, no entanto, gira em torno do retorno do goleiro Hugo Souza, pe\u00e7a fundamental para a equipe.&nbsp; Hugo Souza faz falta Al\u00e9m de ser um dos [&hellip;]","og_url":"https:\/\/www.gaveanews.com\/index.php\/2025\/04\/22\/corinthians-x-racing-hugo-souza-vai-jogar\/","og_site_name":"G\u00e1vea News","article_publisher":"https:\/\/facebook.com\/gaveaNews\/","article_published_time":"2025-04-22T16:35:00+00:00","og_image":[{"width":1080,"height":1346,"url":"https:\/\/www.gaveanews.com\/wp-content\/uploads\/Hugo-Souza-vibra-durante-sua-estreia-pelo-Corinthians.webp","type":"image\/jpeg"}],"author":"Rafaela Ladeira","twitter_card":"summary_large_image","twitter_misc":{"Escrito por":"Rafaela Ladeira","Est. tempo de leitura":"3 minutos"},"schema":{"@context":"https:\/\/schema.org","@graph":[{"@type":"NewsArticle","@id":"https:\/\/www.gaveanews.com\/index.php\/2025\/04\/22\/corinthians-x-racing-hugo-souza-vai-jogar\/#article","isPartOf":{"@id":"https:\/\/www.gaveanews.com\/index.php\/2025\/04\/22\/corinthians-x-racing-hugo-souza-vai-jogar\/"},"author":{"name":"Rafaela Ladeira","@id":"https:\/\/www.gaveanews.com\/#\/schema\/person\/0eb3e3fe1754f0205218538adbe8f5ed"},"headline":"Corinthians X Racing: Hugo Souza vai jogar?","datePublished":"2025-04-22T16:35:00+00:00","mainEntityOfPage":{"@id":"https:\/\/www.gaveanews.com\/index.php\/2025\/04\/22\/corinthians-x-racing-hugo-souza-vai-jogar\/"},"wordCount":415,"commentCount":0,"image":{"@id":"https:\/\/www.gaveanews.com\/index.php\/2025\/04\/22\/corinthians-x-racing-hugo-souza-vai-jogar\/#primaryimage"},"thumbnailUrl":"https:\/\/www.gaveanews.com\/wp-content\/uploads\/Hugo-Souza-vibra-durante-sua-estreia-pelo-Corinthians.webp","articleSection":["Corinthians"],"inLanguage":"pt-BR","potentialAction":[{"@type":"CommentAction","name":"Comment","target":["https:\/\/www.gaveanews.com\/index.php\/2025\/04\/22\/corinthians-x-racing-hugo-souza-vai-jogar\/#respond"]}],"copyrightYear":"2025","copyrightHolder":{"@id":"https:\/\/www.gaveanews.com\/#organization"}},{"@type":"WebPage","@id":"https:\/\/www.gaveanews.com\/index.php\/2025\/04\/22\/corinthians-x-racing-hugo-souza-vai-jogar\/","url":"https:\/\/www.gaveanews.com\/index.php\/2025\/04\/22\/corinthians-x-racing-hugo-souza-vai-jogar\/","name":"Corinthians X Racing: Hugo Souza vai jogar?","isPartOf":{"@id":"https:\/\/www.gaveanews.com\/#website"},"primaryImageOfPage":{"@id":"https:\/\/www.gaveanews.com\/index.php\/2025\/04\/22\/corinthians-x-racing-hugo-souza-vai-jogar\/#primaryimage"},"image":{"@id":"https:\/\/www.gaveanews.com\/index.php\/2025\/04\/22\/corinthians-x-racing-hugo-souza-vai-jogar\/#primaryimage"},"thumbnailUrl":"https:\/\/www.gaveanews.com\/wp-content\/uploads\/Hugo-Souza-vibra-durante-sua-estreia-pelo-Corinthians.webp","datePublished":"2025-04-22T16:35:00+00:00","author":{"@id":"https:\/\/www.gaveanews.com\/#\/schema\/person\/0eb3e3fe1754f0205218538adbe8f5ed"},"breadcrumb":{"@id":"https:\/\/www.gaveanews.com\/index.php\/2025\/04\/22\/corinthians-x-racing-hugo-souza-vai-jogar\/#breadcrumb"},"inLanguage":"pt-BR","potentialAction":[{"@type":"ReadAction","target":["https:\/\/www.gaveanews.com\/index.php\/2025\/04\/22\/corinthians-x-racing-hugo-souza-vai-jogar\/"]}]},{"@type":"ImageObject","inLanguage":"pt-BR","@id":"https:\/\/www.gaveanews.com\/index.php\/2025\/04\/22\/corinthians-x-racing-hugo-souza-vai-jogar\/#primaryimage","url":"https:\/\/www.gaveanews.com\/wp-content\/uploads\/Hugo-Souza-vibra-durante-sua-estreia-pelo-Corinthians.webp","contentUrl":"https:\/\/www.gaveanews.com\/wp-content\/uploads\/Hugo-Souza-vibra-durante-sua-estreia-pelo-Corinthians.webp","width":1080,"height":1346,"caption":"Hugo Souza vibra durante sua estreia pelo Corinthians (Foto: Reprodu\u00e7\u00e3o\/Instagram)"},{"@type":"BreadcrumbList","@id":"https:\/\/www.gaveanews.com\/index.php\/2025\/04\/22\/corinthians-x-racing-hugo-souza-vai-jogar\/#breadcrumb","itemListElement":[{"@type":"ListItem","position":1,"name":"Home","item":"https:\/\/www.gaveanews.com\/"},{"@type":"ListItem","position":2,"name":"Corinthians X Racing: Hugo Souza vai jogar?"}]},{"@type":"WebSite","@id":"https:\/\/www.gaveanews.com\/#website","url":"https:\/\/www.gaveanews.com\/","name":"G\u00e1vea News","description":"Veja todas as not\u00edcias sobre o Flamengo: Contrata\u00e7\u00f5es, categorias de base, resultados das partidas, tabela de classifica\u00e7\u00e3o, pr\u00f3ximos jogos!","potentialAction":[{"@type":"SearchAction","target":{"@type":"EntryPoint","urlTemplate":"https:\/\/www.gaveanews.com\/?s={search_term_string}"},"query-input":{"@type":"PropertyValueSpecification","valueRequired":true,"valueName":"search_term_string"}}],"inLanguage":"pt-BR"},{"@type":"Person","@id":"https:\/\/www.gaveanews.com\/#\/schema\/person\/0eb3e3fe1754f0205218538adbe8f5ed","name":"Rafaela Ladeira","image":{"@type":"ImageObject","inLanguage":"pt-BR","@id":"https:\/\/www.gaveanews.com\/#\/schema\/person\/image\/","url":"https:\/\/secure.gravatar.com\/avatar\/c31f513acffd85eacab5730cbdfdbbf59f21ba5aeada8cd890acea879fbb2455?s=96&d=mm&r=g","contentUrl":"https:\/\/secure.gravatar.com\/avatar\/c31f513acffd85eacab5730cbdfdbbf59f21ba5aeada8cd890acea879fbb2455?s=96&d=mm&r=g","caption":"Rafaela Ladeira"}}]}},"_links":{"self":[{"href":"https:\/\/www.gaveanews.com\/index.php\/wp-json\/wp\/v2\/posts\/256245","targetHints":{"allow":["GET"]}}],"collection":[{"href":"https:\/\/www.gaveanews.com\/index.php\/wp-json\/wp\/v2\/posts"}],"about":[{"href":"https:\/\/www.gaveanews.com\/index.php\/wp-json\/wp\/v2\/types\/post"}],"author":[{"embeddable":true,"href":"https:\/\/www.gaveanews.com\/index.php\/wp-json\/wp\/v2\/users\/25"}],"replies":[{"embeddable":true,"href":"https:\/\/www.gaveanews.com\/index.php\/wp-json\/wp\/v2\/comments?post=256245"}],"version-history":[{"count":1,"href":"https:\/\/www.gaveanews.com\/index.php\/wp-json\/wp\/v2\/posts\/256245\/revisions"}],"predecessor-version":[{"id":256247,"href":"https:\/\/www.gaveanews.com\/index.php\/wp-json\/wp\/v2\/posts\/256245\/revisions\/256247"}],"wp:featuredmedia":[{"embeddable":true,"href":"https:\/\/www.gaveanews.com\/index.php\/wp-json\/wp\/v2\/media\/152721"}],"wp:attachment":[{"href":"https:\/\/www.gaveanews.com\/index.php\/wp-json\/wp\/v2\/media?parent=256245"}],"wp:term":[{"taxonomy":"category","embeddable":true,"href":"https:\/\/www.gaveanews.com\/index.php\/wp-json\/wp\/v2\/categories?post=256245"},{"taxonomy":"post_tag","embeddable":true,"href":"https:\/\/www.gaveanews.com\/index.php\/wp-json\/wp\/v2\/tags?post=256245"}],"curies":[{"name":"wp","href":"https:\/\/api.w.org\/{rel}","templated":true}]}}