{"id":256246,"date":"2025-04-22T13:40:00","date_gmt":"2025-04-22T16:40:00","guid":{"rendered":"https:\/\/www.gaveanews.com\/?p=256246"},"modified":"2025-04-22T13:07:43","modified_gmt":"2025-04-22T16:07:43","slug":"abel-ferreira-fez-pedido-especial-aos-jogadores-do-palmeiras","status":"publish","type":"post","link":"https:\/\/www.gaveanews.com\/index.php\/2025\/04\/22\/abel-ferreira-fez-pedido-especial-aos-jogadores-do-palmeiras\/","title":{"rendered":"Abel Ferreira fez pedido especial aos jogadores do Palmeiras"},"content":{"rendered":"\n<p>A temporada 2025 do Palmeiras come\u00e7ou com muitas d\u00favidas, mas o time de Abel Ferreira superou os obst\u00e1culos e, hoje, vive uma fase de excel\u00eancia. Se voc\u00ea est\u00e1 curioso para entender como o Verd\u00e3o deu a volta por cima ap\u00f3s um in\u00edcio conturbado, o goleiro Weverton, um dos grandes protagonistas desse processo, fez um desabafo revelador sobre a supera\u00e7\u00e3o do elenco.<\/p>\n\n\n\n<h2 class=\"wp-block-heading\" id=\"h-o-pedido-de-abel-e-a-mentalidade-vencedora\">O pedido de Abel e a mentalidade vencedora<\/h2>\n\n\n\n<p>Em entrevista ao programa <em>Galv\u00e3o e Amigos<\/em>, na Band, Weverton revelou o pedido constante do t\u00e9cnico Abel Ferreira: foco no que pode ser controlado. \u201cA gente tem sempre essa mentalidade, \u00e9 focar naquilo que a gente controla, \u00e9 o que o Abel pede todos os dias. \u00c9 focar em nossas a\u00e7\u00f5es, evoluir e n\u00e3o se importar com as cr\u00edticas, focar em nossa melhora!\u201d afirmou o goleiro, destacando como a cobran\u00e7a interna e o trabalho constante s\u00e3o essenciais para a recupera\u00e7\u00e3o do time.<\/p>\n\n\n\n<p>Al\u00e9m disso, Weverton destacou a import\u00e2ncia de sempre disputar decis\u00f5es, porque isso traz a experi\u00eancia necess\u00e1ria para conquistar vit\u00f3rias. \u201cPerder um cl\u00e1ssico na decis\u00e3o \u00e9 muito dif\u00edcil, \u00e9 normal a cobran\u00e7a. O torcedor quer ganhar sempre, a gente tamb\u00e9m, mas sabemos que \u00e9 dif\u00edcil ganhar sempre. Mas, o importante \u00e9 estar sempre disputando decis\u00f5es, pois se fica mais perto das vit\u00f3rias\u201d, disse o goleiro, refletindo sobre o impacto das derrotas nas primeiras semanas da temporada.<\/p>\n\n\n\n<h2 class=\"wp-block-heading\" id=\"h-palmeiras-tem-reformulado-o-elenco-em-2025\">Palmeiras tem reformulado o elenco em 2025<\/h2>\n\n\n\n<p>Vale destacar que o principal motivo para o in\u00edcio dif\u00edcil do Palmeiras foi a reformula\u00e7\u00e3o do elenco. \u201cEste ano foi o que o Palmeiras mais mudou, com sa\u00eddas e chegadas e muitos atletas novos. H\u00e1 uma demora na adapta\u00e7\u00e3o, uns s\u00e3o mais r\u00e1pidos, outros demoram mais tempo\u201d, explicou Weverton. Isso porque, em um elenco com tantas novidades, a integra\u00e7\u00e3o dos jogadores leva um tempo. Sendo assim, o time precisou de paci\u00eancia para se ajustar ao novo modelo e \u00e0 din\u00e2mica de Abel Ferreira.<\/p>\n\n\n\n<p>Por isso, quando a adapta\u00e7\u00e3o come\u00e7ou a dar frutos, o Verd\u00e3o deslanchou. \u201cAgora vemos as coisas entrando no caminho, jogadores evoluindo, como at\u00e9 mesmo os que voltam de les\u00f5es, como Maur\u00edcio e Paulinho\u201d, completou o goleiro. Com isso, o Palmeiras superou as dificuldades e alcan\u00e7ou uma sequ\u00eancia invicta de seis vit\u00f3rias no Campeonato Brasileiro Betano e na Copa Libertadores, com 100% de aproveitamento.<\/p>\n\n\n\n<h2 class=\"wp-block-heading\" id=\"h-palmeiras-valoriza-a-competitividade-do-elenco\">Palmeiras valoriza a competitividade do elenco<\/h2>\n\n\n\n<p>A competitividade interna tem sido outro fator determinante para o sucesso do time. \u201cH\u00e1 uma competitividade grande entre a gente, porque s\u00e3o grandes jogadores no elenco. Quem ganha \u00e9 o Palmeiras\u201d, afirmou Weverton, deixando claro que o entrosamento e a qualidade dos jogadores est\u00e3o ajudando o clube a alcan\u00e7ar o protagonismo que se espera de um time de elite.<\/p>\n\n\n\n<p>Dessa maneira, o Palmeiras vai mostrando que, ap\u00f3s os altos e baixos do in\u00edcio do ano, se encontra mais forte e focado, pronto para enfrentar os maiores desafios do futebol brasileiro e mundial.<\/p>\n","protected":false},"excerpt":{"rendered":"<p>A temporada 2025 do Palmeiras come\u00e7ou com muitas d\u00favidas, mas o time de Abel Ferreira superou os obst\u00e1culos e, hoje, vive uma fase de excel\u00eancia. Se voc\u00ea est\u00e1 curioso para entender como o Verd\u00e3o deu a volta por cima ap\u00f3s um in\u00edcio conturbado, o goleiro Weverton, um dos grandes protagonistas desse processo, fez um desabafo [&hellip;]<\/p>\n","protected":false},"author":24,"featured_media":102760,"comment_status":"open","ping_status":"closed","sticky":false,"template":"","format":"standard","meta":{"footnotes":""},"categories":[150],"tags":[],"class_list":["post-256246","post","type-post","status-publish","format-standard","has-post-thumbnail","hentry","category-palmeiras"],"yoast_head":"<!-- This site is optimized with the Yoast SEO Premium plugin v24.2 (Yoast SEO v26.9) - https:\/\/yoast.com\/product\/yoast-seo-premium-wordpress\/ -->\n<title>Abel Ferreira fez pedido especial aos jogadores do Palmeiras<\/title>\n<meta name=\"robots\" content=\"index, follow, max-snippet:-1, max-image-preview:large, max-video-preview:-1\" \/>\n<link rel=\"canonical\" href=\"https:\/\/www.gaveanews.com\/index.php\/2025\/04\/22\/abel-ferreira-fez-pedido-especial-aos-jogadores-do-palmeiras\/\" \/>\n<meta property=\"og:locale\" content=\"pt_BR\" \/>\n<meta property=\"og:type\" content=\"article\" \/>\n<meta property=\"og:title\" content=\"Abel Ferreira fez pedido especial aos jogadores do Palmeiras\" \/>\n<meta property=\"og:description\" content=\"A temporada 2025 do Palmeiras come\u00e7ou com muitas d\u00favidas, mas o time de Abel Ferreira superou os obst\u00e1culos e, hoje, vive uma fase de excel\u00eancia. Se voc\u00ea est\u00e1 curioso para entender como o Verd\u00e3o deu a volta por cima ap\u00f3s um in\u00edcio conturbado, o goleiro Weverton, um dos grandes protagonistas desse processo, fez um desabafo [&hellip;]\" \/>\n<meta property=\"og:url\" content=\"https:\/\/www.gaveanews.com\/index.php\/2025\/04\/22\/abel-ferreira-fez-pedido-especial-aos-jogadores-do-palmeiras\/\" \/>\n<meta property=\"og:site_name\" content=\"G\u00e1vea News\" \/>\n<meta property=\"article:publisher\" content=\"https:\/\/facebook.com\/gaveaNews\/\" \/>\n<meta property=\"article:published_time\" content=\"2025-04-22T16:40:00+00:00\" \/>\n<meta property=\"og:image\" content=\"https:\/\/www.gaveanews.com\/wp-content\/uploads\/chrome_ODu3uwWaKP.webp\" \/>\n\t<meta property=\"og:image:width\" content=\"840\" \/>\n\t<meta property=\"og:image:height\" content=\"510\" \/>\n\t<meta property=\"og:image:type\" content=\"image\/png\" \/>\n<meta name=\"author\" content=\"Leandro Cardoso\" \/>\n<meta name=\"twitter:card\" content=\"summary_large_image\" \/>\n<meta name=\"twitter:label1\" content=\"Escrito por\" \/>\n\t<meta name=\"twitter:data1\" content=\"Leandro Cardoso\" \/>\n\t<meta name=\"twitter:label2\" content=\"Est. tempo de leitura\" \/>\n\t<meta name=\"twitter:data2\" content=\"3 minutos\" \/>\n<script type=\"application\/ld+json\" class=\"yoast-schema-graph\">{\"@context\":\"https:\/\/schema.org\",\"@graph\":[{\"@type\":\"NewsArticle\",\"@id\":\"https:\/\/www.gaveanews.com\/index.php\/2025\/04\/22\/abel-ferreira-fez-pedido-especial-aos-jogadores-do-palmeiras\/#article\",\"isPartOf\":{\"@id\":\"https:\/\/www.gaveanews.com\/index.php\/2025\/04\/22\/abel-ferreira-fez-pedido-especial-aos-jogadores-do-palmeiras\/\"},\"author\":{\"name\":\"Leandro Cardoso\",\"@id\":\"https:\/\/www.gaveanews.com\/#\/schema\/person\/2424ec6409bc3f068411fc5e4e9b6168\"},\"headline\":\"Abel Ferreira fez pedido especial aos jogadores do Palmeiras\",\"datePublished\":\"2025-04-22T16:40:00+00:00\",\"mainEntityOfPage\":{\"@id\":\"https:\/\/www.gaveanews.com\/index.php\/2025\/04\/22\/abel-ferreira-fez-pedido-especial-aos-jogadores-do-palmeiras\/\"},\"wordCount\":527,\"commentCount\":0,\"image\":{\"@id\":\"https:\/\/www.gaveanews.com\/index.php\/2025\/04\/22\/abel-ferreira-fez-pedido-especial-aos-jogadores-do-palmeiras\/#primaryimage\"},\"thumbnailUrl\":\"https:\/\/www.gaveanews.com\/wp-content\/uploads\/chrome_ODu3uwWaKP.webp\",\"articleSection\":[\"Palmeiras\"],\"inLanguage\":\"pt-BR\",\"potentialAction\":[{\"@type\":\"CommentAction\",\"name\":\"Comment\",\"target\":[\"https:\/\/www.gaveanews.com\/index.php\/2025\/04\/22\/abel-ferreira-fez-pedido-especial-aos-jogadores-do-palmeiras\/#respond\"]}],\"copyrightYear\":\"2025\",\"copyrightHolder\":{\"@id\":\"https:\/\/www.gaveanews.com\/#organization\"}},{\"@type\":\"WebPage\",\"@id\":\"https:\/\/www.gaveanews.com\/index.php\/2025\/04\/22\/abel-ferreira-fez-pedido-especial-aos-jogadores-do-palmeiras\/\",\"url\":\"https:\/\/www.gaveanews.com\/index.php\/2025\/04\/22\/abel-ferreira-fez-pedido-especial-aos-jogadores-do-palmeiras\/\",\"name\":\"Abel Ferreira fez pedido especial aos jogadores do Palmeiras\",\"isPartOf\":{\"@id\":\"https:\/\/www.gaveanews.com\/#website\"},\"primaryImageOfPage\":{\"@id\":\"https:\/\/www.gaveanews.com\/index.php\/2025\/04\/22\/abel-ferreira-fez-pedido-especial-aos-jogadores-do-palmeiras\/#primaryimage\"},\"image\":{\"@id\":\"https:\/\/www.gaveanews.com\/index.php\/2025\/04\/22\/abel-ferreira-fez-pedido-especial-aos-jogadores-do-palmeiras\/#primaryimage\"},\"thumbnailUrl\":\"https:\/\/www.gaveanews.com\/wp-content\/uploads\/chrome_ODu3uwWaKP.webp\",\"datePublished\":\"2025-04-22T16:40:00+00:00\",\"author\":{\"@id\":\"https:\/\/www.gaveanews.com\/#\/schema\/person\/2424ec6409bc3f068411fc5e4e9b6168\"},\"breadcrumb\":{\"@id\":\"https:\/\/www.gaveanews.com\/index.php\/2025\/04\/22\/abel-ferreira-fez-pedido-especial-aos-jogadores-do-palmeiras\/#breadcrumb\"},\"inLanguage\":\"pt-BR\",\"potentialAction\":[{\"@type\":\"ReadAction\",\"target\":[\"https:\/\/www.gaveanews.com\/index.php\/2025\/04\/22\/abel-ferreira-fez-pedido-especial-aos-jogadores-do-palmeiras\/\"]}]},{\"@type\":\"ImageObject\",\"inLanguage\":\"pt-BR\",\"@id\":\"https:\/\/www.gaveanews.com\/index.php\/2025\/04\/22\/abel-ferreira-fez-pedido-especial-aos-jogadores-do-palmeiras\/#primaryimage\",\"url\":\"https:\/\/www.gaveanews.com\/wp-content\/uploads\/chrome_ODu3uwWaKP.webp\",\"contentUrl\":\"https:\/\/www.gaveanews.com\/wp-content\/uploads\/chrome_ODu3uwWaKP.webp\",\"width\":840,\"height\":510,\"caption\":\"Abel Ferreira em Jogo pelo Palmeiras - Foto Reprodu\u00e7\u00e3o\"},{\"@type\":\"BreadcrumbList\",\"@id\":\"https:\/\/www.gaveanews.com\/index.php\/2025\/04\/22\/abel-ferreira-fez-pedido-especial-aos-jogadores-do-palmeiras\/#breadcrumb\",\"itemListElement\":[{\"@type\":\"ListItem\",\"position\":1,\"name\":\"Home\",\"item\":\"https:\/\/www.gaveanews.com\/\"},{\"@type\":\"ListItem\",\"position\":2,\"name\":\"Abel Ferreira fez pedido especial aos jogadores do Palmeiras\"}]},{\"@type\":\"WebSite\",\"@id\":\"https:\/\/www.gaveanews.com\/#website\",\"url\":\"https:\/\/www.gaveanews.com\/\",\"name\":\"G\u00e1vea News\",\"description\":\"Veja todas as not\u00edcias sobre o Flamengo: Contrata\u00e7\u00f5es, categorias de base, resultados das partidas, tabela de classifica\u00e7\u00e3o, pr\u00f3ximos jogos!\",\"potentialAction\":[{\"@type\":\"SearchAction\",\"target\":{\"@type\":\"EntryPoint\",\"urlTemplate\":\"https:\/\/www.gaveanews.com\/?s={search_term_string}\"},\"query-input\":{\"@type\":\"PropertyValueSpecification\",\"valueRequired\":true,\"valueName\":\"search_term_string\"}}],\"inLanguage\":\"pt-BR\"},{\"@type\":\"Person\",\"@id\":\"https:\/\/www.gaveanews.com\/#\/schema\/person\/2424ec6409bc3f068411fc5e4e9b6168\",\"name\":\"Leandro Cardoso\",\"image\":{\"@type\":\"ImageObject\",\"inLanguage\":\"pt-BR\",\"@id\":\"https:\/\/www.gaveanews.com\/#\/schema\/person\/image\/\",\"url\":\"https:\/\/secure.gravatar.com\/avatar\/8ca179f9b55eefe9f376f5493ef25475bfa59fbc28ce937f6076ce20e523098f?s=96&d=mm&r=g\",\"contentUrl\":\"https:\/\/secure.gravatar.com\/avatar\/8ca179f9b55eefe9f376f5493ef25475bfa59fbc28ce937f6076ce20e523098f?s=96&d=mm&r=g\",\"caption\":\"Leandro Cardoso\"}}]}<\/script>\n<!-- \/ Yoast SEO Premium plugin. -->","yoast_head_json":{"title":"Abel Ferreira fez pedido especial aos jogadores do Palmeiras","robots":{"index":"index","follow":"follow","max-snippet":"max-snippet:-1","max-image-preview":"max-image-preview:large","max-video-preview":"max-video-preview:-1"},"canonical":"https:\/\/www.gaveanews.com\/index.php\/2025\/04\/22\/abel-ferreira-fez-pedido-especial-aos-jogadores-do-palmeiras\/","og_locale":"pt_BR","og_type":"article","og_title":"Abel Ferreira fez pedido especial aos jogadores do Palmeiras","og_description":"A temporada 2025 do Palmeiras come\u00e7ou com muitas d\u00favidas, mas o time de Abel Ferreira superou os obst\u00e1culos e, hoje, vive uma fase de excel\u00eancia. Se voc\u00ea est\u00e1 curioso para entender como o Verd\u00e3o deu a volta por cima ap\u00f3s um in\u00edcio conturbado, o goleiro Weverton, um dos grandes protagonistas desse processo, fez um desabafo [&hellip;]","og_url":"https:\/\/www.gaveanews.com\/index.php\/2025\/04\/22\/abel-ferreira-fez-pedido-especial-aos-jogadores-do-palmeiras\/","og_site_name":"G\u00e1vea News","article_publisher":"https:\/\/facebook.com\/gaveaNews\/","article_published_time":"2025-04-22T16:40:00+00:00","og_image":[{"width":840,"height":510,"url":"https:\/\/www.gaveanews.com\/wp-content\/uploads\/chrome_ODu3uwWaKP.webp","type":"image\/png"}],"author":"Leandro Cardoso","twitter_card":"summary_large_image","twitter_misc":{"Escrito por":"Leandro Cardoso","Est. tempo de leitura":"3 minutos"},"schema":{"@context":"https:\/\/schema.org","@graph":[{"@type":"NewsArticle","@id":"https:\/\/www.gaveanews.com\/index.php\/2025\/04\/22\/abel-ferreira-fez-pedido-especial-aos-jogadores-do-palmeiras\/#article","isPartOf":{"@id":"https:\/\/www.gaveanews.com\/index.php\/2025\/04\/22\/abel-ferreira-fez-pedido-especial-aos-jogadores-do-palmeiras\/"},"author":{"name":"Leandro Cardoso","@id":"https:\/\/www.gaveanews.com\/#\/schema\/person\/2424ec6409bc3f068411fc5e4e9b6168"},"headline":"Abel Ferreira fez pedido especial aos jogadores do Palmeiras","datePublished":"2025-04-22T16:40:00+00:00","mainEntityOfPage":{"@id":"https:\/\/www.gaveanews.com\/index.php\/2025\/04\/22\/abel-ferreira-fez-pedido-especial-aos-jogadores-do-palmeiras\/"},"wordCount":527,"commentCount":0,"image":{"@id":"https:\/\/www.gaveanews.com\/index.php\/2025\/04\/22\/abel-ferreira-fez-pedido-especial-aos-jogadores-do-palmeiras\/#primaryimage"},"thumbnailUrl":"https:\/\/www.gaveanews.com\/wp-content\/uploads\/chrome_ODu3uwWaKP.webp","articleSection":["Palmeiras"],"inLanguage":"pt-BR","potentialAction":[{"@type":"CommentAction","name":"Comment","target":["https:\/\/www.gaveanews.com\/index.php\/2025\/04\/22\/abel-ferreira-fez-pedido-especial-aos-jogadores-do-palmeiras\/#respond"]}],"copyrightYear":"2025","copyrightHolder":{"@id":"https:\/\/www.gaveanews.com\/#organization"}},{"@type":"WebPage","@id":"https:\/\/www.gaveanews.com\/index.php\/2025\/04\/22\/abel-ferreira-fez-pedido-especial-aos-jogadores-do-palmeiras\/","url":"https:\/\/www.gaveanews.com\/index.php\/2025\/04\/22\/abel-ferreira-fez-pedido-especial-aos-jogadores-do-palmeiras\/","name":"Abel Ferreira fez pedido especial aos jogadores do Palmeiras","isPartOf":{"@id":"https:\/\/www.gaveanews.com\/#website"},"primaryImageOfPage":{"@id":"https:\/\/www.gaveanews.com\/index.php\/2025\/04\/22\/abel-ferreira-fez-pedido-especial-aos-jogadores-do-palmeiras\/#primaryimage"},"image":{"@id":"https:\/\/www.gaveanews.com\/index.php\/2025\/04\/22\/abel-ferreira-fez-pedido-especial-aos-jogadores-do-palmeiras\/#primaryimage"},"thumbnailUrl":"https:\/\/www.gaveanews.com\/wp-content\/uploads\/chrome_ODu3uwWaKP.webp","datePublished":"2025-04-22T16:40:00+00:00","author":{"@id":"https:\/\/www.gaveanews.com\/#\/schema\/person\/2424ec6409bc3f068411fc5e4e9b6168"},"breadcrumb":{"@id":"https:\/\/www.gaveanews.com\/index.php\/2025\/04\/22\/abel-ferreira-fez-pedido-especial-aos-jogadores-do-palmeiras\/#breadcrumb"},"inLanguage":"pt-BR","potentialAction":[{"@type":"ReadAction","target":["https:\/\/www.gaveanews.com\/index.php\/2025\/04\/22\/abel-ferreira-fez-pedido-especial-aos-jogadores-do-palmeiras\/"]}]},{"@type":"ImageObject","inLanguage":"pt-BR","@id":"https:\/\/www.gaveanews.com\/index.php\/2025\/04\/22\/abel-ferreira-fez-pedido-especial-aos-jogadores-do-palmeiras\/#primaryimage","url":"https:\/\/www.gaveanews.com\/wp-content\/uploads\/chrome_ODu3uwWaKP.webp","contentUrl":"https:\/\/www.gaveanews.com\/wp-content\/uploads\/chrome_ODu3uwWaKP.webp","width":840,"height":510,"caption":"Abel Ferreira em Jogo pelo Palmeiras - Foto Reprodu\u00e7\u00e3o"},{"@type":"BreadcrumbList","@id":"https:\/\/www.gaveanews.com\/index.php\/2025\/04\/22\/abel-ferreira-fez-pedido-especial-aos-jogadores-do-palmeiras\/#breadcrumb","itemListElement":[{"@type":"ListItem","position":1,"name":"Home","item":"https:\/\/www.gaveanews.com\/"},{"@type":"ListItem","position":2,"name":"Abel Ferreira fez pedido especial aos jogadores do Palmeiras"}]},{"@type":"WebSite","@id":"https:\/\/www.gaveanews.com\/#website","url":"https:\/\/www.gaveanews.com\/","name":"G\u00e1vea News","description":"Veja todas as not\u00edcias sobre o Flamengo: Contrata\u00e7\u00f5es, categorias de base, resultados das partidas, tabela de classifica\u00e7\u00e3o, pr\u00f3ximos jogos!","potentialAction":[{"@type":"SearchAction","target":{"@type":"EntryPoint","urlTemplate":"https:\/\/www.gaveanews.com\/?s={search_term_string}"},"query-input":{"@type":"PropertyValueSpecification","valueRequired":true,"valueName":"search_term_string"}}],"inLanguage":"pt-BR"},{"@type":"Person","@id":"https:\/\/www.gaveanews.com\/#\/schema\/person\/2424ec6409bc3f068411fc5e4e9b6168","name":"Leandro Cardoso","image":{"@type":"ImageObject","inLanguage":"pt-BR","@id":"https:\/\/www.gaveanews.com\/#\/schema\/person\/image\/","url":"https:\/\/secure.gravatar.com\/avatar\/8ca179f9b55eefe9f376f5493ef25475bfa59fbc28ce937f6076ce20e523098f?s=96&d=mm&r=g","contentUrl":"https:\/\/secure.gravatar.com\/avatar\/8ca179f9b55eefe9f376f5493ef25475bfa59fbc28ce937f6076ce20e523098f?s=96&d=mm&r=g","caption":"Leandro Cardoso"}}]}},"_links":{"self":[{"href":"https:\/\/www.gaveanews.com\/index.php\/wp-json\/wp\/v2\/posts\/256246","targetHints":{"allow":["GET"]}}],"collection":[{"href":"https:\/\/www.gaveanews.com\/index.php\/wp-json\/wp\/v2\/posts"}],"about":[{"href":"https:\/\/www.gaveanews.com\/index.php\/wp-json\/wp\/v2\/types\/post"}],"author":[{"embeddable":true,"href":"https:\/\/www.gaveanews.com\/index.php\/wp-json\/wp\/v2\/users\/24"}],"replies":[{"embeddable":true,"href":"https:\/\/www.gaveanews.com\/index.php\/wp-json\/wp\/v2\/comments?post=256246"}],"version-history":[{"count":1,"href":"https:\/\/www.gaveanews.com\/index.php\/wp-json\/wp\/v2\/posts\/256246\/revisions"}],"predecessor-version":[{"id":256248,"href":"https:\/\/www.gaveanews.com\/index.php\/wp-json\/wp\/v2\/posts\/256246\/revisions\/256248"}],"wp:featuredmedia":[{"embeddable":true,"href":"https:\/\/www.gaveanews.com\/index.php\/wp-json\/wp\/v2\/media\/102760"}],"wp:attachment":[{"href":"https:\/\/www.gaveanews.com\/index.php\/wp-json\/wp\/v2\/media?parent=256246"}],"wp:term":[{"taxonomy":"category","embeddable":true,"href":"https:\/\/www.gaveanews.com\/index.php\/wp-json\/wp\/v2\/categories?post=256246"},{"taxonomy":"post_tag","embeddable":true,"href":"https:\/\/www.gaveanews.com\/index.php\/wp-json\/wp\/v2\/tags?post=256246"}],"curies":[{"name":"wp","href":"https:\/\/api.w.org\/{rel}","templated":true}]}}