{"id":256256,"date":"2025-04-22T14:00:00","date_gmt":"2025-04-22T17:00:00","guid":{"rendered":"https:\/\/www.gaveanews.com\/?p=256256"},"modified":"2025-04-22T13:24:28","modified_gmt":"2025-04-22T16:24:28","slug":"cicinho-crava-time-que-vai-decepcionar-no-super-mundial-de-clubes","status":"publish","type":"post","link":"https:\/\/www.gaveanews.com\/index.php\/2025\/04\/22\/cicinho-crava-time-que-vai-decepcionar-no-super-mundial-de-clubes\/","title":{"rendered":"Cicinho crava time que vai decepcionar no Super Mundial de Clubes"},"content":{"rendered":"\n<p>Cicinho, ex-lateral e \u00eddolo do S\u00e3o Paulo, sempre foi conhecido por suas provoca\u00e7\u00f5es afiadas, e n\u00e3o foi diferente quando o assunto foi o Palmeiras no Mundial de Clubes. Em uma das suas recentes interven\u00e7\u00f5es como comentarista da Band, ele n\u00e3o deixou de alfinetar o rival alviverde, que se prepara para mais uma edi\u00e7\u00e3o do torneio.&nbsp;<\/p>\n\n\n\n<p>O ex-jogador n\u00e3o poupou ironias e fez quest\u00e3o de destacar que j\u00e1 imagina o desfecho da participa\u00e7\u00e3o do Palmeiras: mais uma frustra\u00e7\u00e3o internacional.<\/p>\n\n\n\n<h2 class=\"wp-block-heading\" id=\"h-a-provocacao-de-cicinho\">A provoca\u00e7\u00e3o de Cicinho<\/h2>\n\n\n\n<p>Durante o programa Jogo Aberto, Renata Fan comentou sobre as expectativas do Palmeiras para o Mundial, e Cicinho n\u00e3o perdeu tempo: \u201cS\u00f3 pensa tamb\u00e9m! Vai gastar passagem, hospedagem\u2026 mas a gente j\u00e1 sabe o desfecho. \u00c9 aquele voo longo, 24 horas de volta, e com a derrota na bagagem. Eu n\u00e3o sei o que \u00e9 isso\u201d, alfinetou, relembrando sua experi\u00eancia com o S\u00e3o Paulo, que venceu o Mundial de Clubes em 2005.&nbsp;<\/p>\n\n\n\n<p>Sendo assim, o ex-lateral foi categ\u00f3rico em sua an\u00e1lise, deixando claro que n\u00e3o acredita em um bom desempenho do Palmeiras na competi\u00e7\u00e3o.<\/p>\n\n\n\n<h2 class=\"wp-block-heading\" id=\"h-a-visao-critica-mas-realista-sobre-o-palmeiras\">A vis\u00e3o cr\u00edtica, mas realista sobre o Palmeiras<\/h2>\n\n\n\n<p>Embora suas palavras carreguem uma boa dose de provoca\u00e7\u00e3o, Cicinho tamb\u00e9m reconheceu o trabalho de Abel Ferreira \u00e0 frente do Palmeiras. Ele destacou a mentalidade vencedora do t\u00e9cnico portugu\u00eas, que, apesar de n\u00e3o priorizar um futebol vistoso, tem mostrado efic\u00e1cia em alcan\u00e7ar resultados positivos.&nbsp;<\/p>\n\n\n\n<p>\u201cO Abel entendeu o futebol brasileiro. Ele quer ganhar, n\u00e3o importa se vai ser bonito ou feio. Se der show, \u00f3timo. Mas o foco \u00e9 vencer\u201d, comentou, valorizando a capacidade do treinador de entregar o que realmente importa: t\u00edtulos.<\/p>\n\n\n\n<h2 class=\"wp-block-heading\" id=\"h-palmeiras-e-confiavel-mas-o-mundial-sera-um-desafio\">Palmeiras \u00e9 confi\u00e1vel, mas o Mundial ser\u00e1 um desafio<\/h2>\n\n\n\n<p>Cicinho ainda foi claro ao elogiar o momento do Verd\u00e3o, especialmente ap\u00f3s as vit\u00f3rias fora de casa contra Inter e Fortaleza. \u201c\u00c9 um time que sabe sair de dificuldade. Pode n\u00e3o jogar bem sempre, mas entrega resultado. N\u00e3o d\u00e1 para duvidar do Palmeiras com esse treinador. Vai brigar pelo t\u00edtulo, sem d\u00favida\u201d, reconheceu o ex-lateral.&nbsp;<\/p>\n\n\n\n<p>No entanto, vale destacar que, para Cicinho, o time ainda tem um longo caminho a percorrer no Mundial de Clubes.<\/p>\n\n\n\n<p>Com isso, o Palmeiras segue se preparando para os desafios do torneio, mas o olhar c\u00e9tico de Cicinho coloca uma press\u00e3o extra sobre a equipe, que ter\u00e1 de provar que, dessa vez, pode superar as expectativas e conquistar o t\u00e3o sonhado t\u00edtulo mundial.<\/p>\n","protected":false},"excerpt":{"rendered":"<p>Cicinho, ex-lateral e \u00eddolo do S\u00e3o Paulo, sempre foi conhecido por suas provoca\u00e7\u00f5es afiadas, e n\u00e3o foi diferente quando o assunto foi o Palmeiras no Mundial de Clubes. Em uma das suas recentes interven\u00e7\u00f5es como comentarista da Band, ele n\u00e3o deixou de alfinetar o rival alviverde, que se prepara para mais uma edi\u00e7\u00e3o do torneio.&nbsp; [&hellip;]<\/p>\n","protected":false},"author":25,"featured_media":215675,"comment_status":"open","ping_status":"closed","sticky":false,"template":"","format":"standard","meta":{"footnotes":""},"categories":[150],"tags":[],"class_list":["post-256256","post","type-post","status-publish","format-standard","has-post-thumbnail","hentry","category-palmeiras"],"yoast_head":"<!-- This site is optimized with the Yoast SEO Premium plugin v24.2 (Yoast SEO v26.9) - https:\/\/yoast.com\/product\/yoast-seo-premium-wordpress\/ -->\n<title>Cicinho crava time que vai decepcionar no Super Mundial de Clubes<\/title>\n<meta name=\"robots\" content=\"index, follow, max-snippet:-1, max-image-preview:large, max-video-preview:-1\" \/>\n<link rel=\"canonical\" href=\"https:\/\/www.gaveanews.com\/index.php\/2025\/04\/22\/cicinho-crava-time-que-vai-decepcionar-no-super-mundial-de-clubes\/\" \/>\n<meta property=\"og:locale\" content=\"pt_BR\" \/>\n<meta property=\"og:type\" content=\"article\" \/>\n<meta property=\"og:title\" content=\"Cicinho crava time que vai decepcionar no Super Mundial de Clubes\" \/>\n<meta property=\"og:description\" content=\"Cicinho, ex-lateral e \u00eddolo do S\u00e3o Paulo, sempre foi conhecido por suas provoca\u00e7\u00f5es afiadas, e n\u00e3o foi diferente quando o assunto foi o Palmeiras no Mundial de Clubes. Em uma das suas recentes interven\u00e7\u00f5es como comentarista da Band, ele n\u00e3o deixou de alfinetar o rival alviverde, que se prepara para mais uma edi\u00e7\u00e3o do torneio.&nbsp; [&hellip;]\" \/>\n<meta property=\"og:url\" content=\"https:\/\/www.gaveanews.com\/index.php\/2025\/04\/22\/cicinho-crava-time-que-vai-decepcionar-no-super-mundial-de-clubes\/\" \/>\n<meta property=\"og:site_name\" content=\"G\u00e1vea News\" \/>\n<meta property=\"article:publisher\" content=\"https:\/\/facebook.com\/gaveaNews\/\" \/>\n<meta property=\"article:published_time\" content=\"2025-04-22T17:00:00+00:00\" \/>\n<meta property=\"og:image\" content=\"https:\/\/www.gaveanews.com\/wp-content\/uploads\/20210810-cicinho-arena-sbt.webp\" \/>\n\t<meta property=\"og:image:width\" content=\"941\" \/>\n\t<meta property=\"og:image:height\" content=\"589\" \/>\n\t<meta property=\"og:image:type\" content=\"image\/jpeg\" \/>\n<meta name=\"author\" content=\"Rafaela Ladeira\" \/>\n<meta name=\"twitter:card\" content=\"summary_large_image\" \/>\n<meta name=\"twitter:label1\" content=\"Escrito por\" \/>\n\t<meta name=\"twitter:data1\" content=\"Rafaela Ladeira\" \/>\n\t<meta name=\"twitter:label2\" content=\"Est. tempo de leitura\" \/>\n\t<meta name=\"twitter:data2\" content=\"3 minutos\" \/>\n<script type=\"application\/ld+json\" class=\"yoast-schema-graph\">{\"@context\":\"https:\/\/schema.org\",\"@graph\":[{\"@type\":\"NewsArticle\",\"@id\":\"https:\/\/www.gaveanews.com\/index.php\/2025\/04\/22\/cicinho-crava-time-que-vai-decepcionar-no-super-mundial-de-clubes\/#article\",\"isPartOf\":{\"@id\":\"https:\/\/www.gaveanews.com\/index.php\/2025\/04\/22\/cicinho-crava-time-que-vai-decepcionar-no-super-mundial-de-clubes\/\"},\"author\":{\"name\":\"Rafaela Ladeira\",\"@id\":\"https:\/\/www.gaveanews.com\/#\/schema\/person\/0eb3e3fe1754f0205218538adbe8f5ed\"},\"headline\":\"Cicinho crava time que vai decepcionar no Super Mundial de Clubes\",\"datePublished\":\"2025-04-22T17:00:00+00:00\",\"mainEntityOfPage\":{\"@id\":\"https:\/\/www.gaveanews.com\/index.php\/2025\/04\/22\/cicinho-crava-time-que-vai-decepcionar-no-super-mundial-de-clubes\/\"},\"wordCount\":444,\"commentCount\":0,\"image\":{\"@id\":\"https:\/\/www.gaveanews.com\/index.php\/2025\/04\/22\/cicinho-crava-time-que-vai-decepcionar-no-super-mundial-de-clubes\/#primaryimage\"},\"thumbnailUrl\":\"https:\/\/www.gaveanews.com\/wp-content\/uploads\/20210810-cicinho-arena-sbt.webp\",\"articleSection\":[\"Palmeiras\"],\"inLanguage\":\"pt-BR\",\"potentialAction\":[{\"@type\":\"CommentAction\",\"name\":\"Comment\",\"target\":[\"https:\/\/www.gaveanews.com\/index.php\/2025\/04\/22\/cicinho-crava-time-que-vai-decepcionar-no-super-mundial-de-clubes\/#respond\"]}],\"copyrightYear\":\"2025\",\"copyrightHolder\":{\"@id\":\"https:\/\/www.gaveanews.com\/#organization\"}},{\"@type\":\"WebPage\",\"@id\":\"https:\/\/www.gaveanews.com\/index.php\/2025\/04\/22\/cicinho-crava-time-que-vai-decepcionar-no-super-mundial-de-clubes\/\",\"url\":\"https:\/\/www.gaveanews.com\/index.php\/2025\/04\/22\/cicinho-crava-time-que-vai-decepcionar-no-super-mundial-de-clubes\/\",\"name\":\"Cicinho crava time que vai decepcionar no Super Mundial de Clubes\",\"isPartOf\":{\"@id\":\"https:\/\/www.gaveanews.com\/#website\"},\"primaryImageOfPage\":{\"@id\":\"https:\/\/www.gaveanews.com\/index.php\/2025\/04\/22\/cicinho-crava-time-que-vai-decepcionar-no-super-mundial-de-clubes\/#primaryimage\"},\"image\":{\"@id\":\"https:\/\/www.gaveanews.com\/index.php\/2025\/04\/22\/cicinho-crava-time-que-vai-decepcionar-no-super-mundial-de-clubes\/#primaryimage\"},\"thumbnailUrl\":\"https:\/\/www.gaveanews.com\/wp-content\/uploads\/20210810-cicinho-arena-sbt.webp\",\"datePublished\":\"2025-04-22T17:00:00+00:00\",\"author\":{\"@id\":\"https:\/\/www.gaveanews.com\/#\/schema\/person\/0eb3e3fe1754f0205218538adbe8f5ed\"},\"breadcrumb\":{\"@id\":\"https:\/\/www.gaveanews.com\/index.php\/2025\/04\/22\/cicinho-crava-time-que-vai-decepcionar-no-super-mundial-de-clubes\/#breadcrumb\"},\"inLanguage\":\"pt-BR\",\"potentialAction\":[{\"@type\":\"ReadAction\",\"target\":[\"https:\/\/www.gaveanews.com\/index.php\/2025\/04\/22\/cicinho-crava-time-que-vai-decepcionar-no-super-mundial-de-clubes\/\"]}]},{\"@type\":\"ImageObject\",\"inLanguage\":\"pt-BR\",\"@id\":\"https:\/\/www.gaveanews.com\/index.php\/2025\/04\/22\/cicinho-crava-time-que-vai-decepcionar-no-super-mundial-de-clubes\/#primaryimage\",\"url\":\"https:\/\/www.gaveanews.com\/wp-content\/uploads\/20210810-cicinho-arena-sbt.webp\",\"contentUrl\":\"https:\/\/www.gaveanews.com\/wp-content\/uploads\/20210810-cicinho-arena-sbt.webp\",\"width\":941,\"height\":589,\"caption\":\"Cicinho, comentarista do SBT (Foto: Reprodu\u00e7\u00e3o)\"},{\"@type\":\"BreadcrumbList\",\"@id\":\"https:\/\/www.gaveanews.com\/index.php\/2025\/04\/22\/cicinho-crava-time-que-vai-decepcionar-no-super-mundial-de-clubes\/#breadcrumb\",\"itemListElement\":[{\"@type\":\"ListItem\",\"position\":1,\"name\":\"Home\",\"item\":\"https:\/\/www.gaveanews.com\/\"},{\"@type\":\"ListItem\",\"position\":2,\"name\":\"Cicinho crava time que vai decepcionar no Super Mundial de Clubes\"}]},{\"@type\":\"WebSite\",\"@id\":\"https:\/\/www.gaveanews.com\/#website\",\"url\":\"https:\/\/www.gaveanews.com\/\",\"name\":\"G\u00e1vea News\",\"description\":\"Veja todas as not\u00edcias sobre o Flamengo: Contrata\u00e7\u00f5es, categorias de base, resultados das partidas, tabela de classifica\u00e7\u00e3o, pr\u00f3ximos jogos!\",\"potentialAction\":[{\"@type\":\"SearchAction\",\"target\":{\"@type\":\"EntryPoint\",\"urlTemplate\":\"https:\/\/www.gaveanews.com\/?s={search_term_string}\"},\"query-input\":{\"@type\":\"PropertyValueSpecification\",\"valueRequired\":true,\"valueName\":\"search_term_string\"}}],\"inLanguage\":\"pt-BR\"},{\"@type\":\"Person\",\"@id\":\"https:\/\/www.gaveanews.com\/#\/schema\/person\/0eb3e3fe1754f0205218538adbe8f5ed\",\"name\":\"Rafaela Ladeira\",\"image\":{\"@type\":\"ImageObject\",\"inLanguage\":\"pt-BR\",\"@id\":\"https:\/\/www.gaveanews.com\/#\/schema\/person\/image\/\",\"url\":\"https:\/\/secure.gravatar.com\/avatar\/c31f513acffd85eacab5730cbdfdbbf59f21ba5aeada8cd890acea879fbb2455?s=96&d=mm&r=g\",\"contentUrl\":\"https:\/\/secure.gravatar.com\/avatar\/c31f513acffd85eacab5730cbdfdbbf59f21ba5aeada8cd890acea879fbb2455?s=96&d=mm&r=g\",\"caption\":\"Rafaela Ladeira\"}}]}<\/script>\n<!-- \/ Yoast SEO Premium plugin. -->","yoast_head_json":{"title":"Cicinho crava time que vai decepcionar no Super Mundial de Clubes","robots":{"index":"index","follow":"follow","max-snippet":"max-snippet:-1","max-image-preview":"max-image-preview:large","max-video-preview":"max-video-preview:-1"},"canonical":"https:\/\/www.gaveanews.com\/index.php\/2025\/04\/22\/cicinho-crava-time-que-vai-decepcionar-no-super-mundial-de-clubes\/","og_locale":"pt_BR","og_type":"article","og_title":"Cicinho crava time que vai decepcionar no Super Mundial de Clubes","og_description":"Cicinho, ex-lateral e \u00eddolo do S\u00e3o Paulo, sempre foi conhecido por suas provoca\u00e7\u00f5es afiadas, e n\u00e3o foi diferente quando o assunto foi o Palmeiras no Mundial de Clubes. Em uma das suas recentes interven\u00e7\u00f5es como comentarista da Band, ele n\u00e3o deixou de alfinetar o rival alviverde, que se prepara para mais uma edi\u00e7\u00e3o do torneio.&nbsp; [&hellip;]","og_url":"https:\/\/www.gaveanews.com\/index.php\/2025\/04\/22\/cicinho-crava-time-que-vai-decepcionar-no-super-mundial-de-clubes\/","og_site_name":"G\u00e1vea News","article_publisher":"https:\/\/facebook.com\/gaveaNews\/","article_published_time":"2025-04-22T17:00:00+00:00","og_image":[{"width":941,"height":589,"url":"https:\/\/www.gaveanews.com\/wp-content\/uploads\/20210810-cicinho-arena-sbt.webp","type":"image\/jpeg"}],"author":"Rafaela Ladeira","twitter_card":"summary_large_image","twitter_misc":{"Escrito por":"Rafaela Ladeira","Est. tempo de leitura":"3 minutos"},"schema":{"@context":"https:\/\/schema.org","@graph":[{"@type":"NewsArticle","@id":"https:\/\/www.gaveanews.com\/index.php\/2025\/04\/22\/cicinho-crava-time-que-vai-decepcionar-no-super-mundial-de-clubes\/#article","isPartOf":{"@id":"https:\/\/www.gaveanews.com\/index.php\/2025\/04\/22\/cicinho-crava-time-que-vai-decepcionar-no-super-mundial-de-clubes\/"},"author":{"name":"Rafaela Ladeira","@id":"https:\/\/www.gaveanews.com\/#\/schema\/person\/0eb3e3fe1754f0205218538adbe8f5ed"},"headline":"Cicinho crava time que vai decepcionar no Super Mundial de Clubes","datePublished":"2025-04-22T17:00:00+00:00","mainEntityOfPage":{"@id":"https:\/\/www.gaveanews.com\/index.php\/2025\/04\/22\/cicinho-crava-time-que-vai-decepcionar-no-super-mundial-de-clubes\/"},"wordCount":444,"commentCount":0,"image":{"@id":"https:\/\/www.gaveanews.com\/index.php\/2025\/04\/22\/cicinho-crava-time-que-vai-decepcionar-no-super-mundial-de-clubes\/#primaryimage"},"thumbnailUrl":"https:\/\/www.gaveanews.com\/wp-content\/uploads\/20210810-cicinho-arena-sbt.webp","articleSection":["Palmeiras"],"inLanguage":"pt-BR","potentialAction":[{"@type":"CommentAction","name":"Comment","target":["https:\/\/www.gaveanews.com\/index.php\/2025\/04\/22\/cicinho-crava-time-que-vai-decepcionar-no-super-mundial-de-clubes\/#respond"]}],"copyrightYear":"2025","copyrightHolder":{"@id":"https:\/\/www.gaveanews.com\/#organization"}},{"@type":"WebPage","@id":"https:\/\/www.gaveanews.com\/index.php\/2025\/04\/22\/cicinho-crava-time-que-vai-decepcionar-no-super-mundial-de-clubes\/","url":"https:\/\/www.gaveanews.com\/index.php\/2025\/04\/22\/cicinho-crava-time-que-vai-decepcionar-no-super-mundial-de-clubes\/","name":"Cicinho crava time que vai decepcionar no Super Mundial de Clubes","isPartOf":{"@id":"https:\/\/www.gaveanews.com\/#website"},"primaryImageOfPage":{"@id":"https:\/\/www.gaveanews.com\/index.php\/2025\/04\/22\/cicinho-crava-time-que-vai-decepcionar-no-super-mundial-de-clubes\/#primaryimage"},"image":{"@id":"https:\/\/www.gaveanews.com\/index.php\/2025\/04\/22\/cicinho-crava-time-que-vai-decepcionar-no-super-mundial-de-clubes\/#primaryimage"},"thumbnailUrl":"https:\/\/www.gaveanews.com\/wp-content\/uploads\/20210810-cicinho-arena-sbt.webp","datePublished":"2025-04-22T17:00:00+00:00","author":{"@id":"https:\/\/www.gaveanews.com\/#\/schema\/person\/0eb3e3fe1754f0205218538adbe8f5ed"},"breadcrumb":{"@id":"https:\/\/www.gaveanews.com\/index.php\/2025\/04\/22\/cicinho-crava-time-que-vai-decepcionar-no-super-mundial-de-clubes\/#breadcrumb"},"inLanguage":"pt-BR","potentialAction":[{"@type":"ReadAction","target":["https:\/\/www.gaveanews.com\/index.php\/2025\/04\/22\/cicinho-crava-time-que-vai-decepcionar-no-super-mundial-de-clubes\/"]}]},{"@type":"ImageObject","inLanguage":"pt-BR","@id":"https:\/\/www.gaveanews.com\/index.php\/2025\/04\/22\/cicinho-crava-time-que-vai-decepcionar-no-super-mundial-de-clubes\/#primaryimage","url":"https:\/\/www.gaveanews.com\/wp-content\/uploads\/20210810-cicinho-arena-sbt.webp","contentUrl":"https:\/\/www.gaveanews.com\/wp-content\/uploads\/20210810-cicinho-arena-sbt.webp","width":941,"height":589,"caption":"Cicinho, comentarista do SBT (Foto: Reprodu\u00e7\u00e3o)"},{"@type":"BreadcrumbList","@id":"https:\/\/www.gaveanews.com\/index.php\/2025\/04\/22\/cicinho-crava-time-que-vai-decepcionar-no-super-mundial-de-clubes\/#breadcrumb","itemListElement":[{"@type":"ListItem","position":1,"name":"Home","item":"https:\/\/www.gaveanews.com\/"},{"@type":"ListItem","position":2,"name":"Cicinho crava time que vai decepcionar no Super Mundial de Clubes"}]},{"@type":"WebSite","@id":"https:\/\/www.gaveanews.com\/#website","url":"https:\/\/www.gaveanews.com\/","name":"G\u00e1vea News","description":"Veja todas as not\u00edcias sobre o Flamengo: Contrata\u00e7\u00f5es, categorias de base, resultados das partidas, tabela de classifica\u00e7\u00e3o, pr\u00f3ximos jogos!","potentialAction":[{"@type":"SearchAction","target":{"@type":"EntryPoint","urlTemplate":"https:\/\/www.gaveanews.com\/?s={search_term_string}"},"query-input":{"@type":"PropertyValueSpecification","valueRequired":true,"valueName":"search_term_string"}}],"inLanguage":"pt-BR"},{"@type":"Person","@id":"https:\/\/www.gaveanews.com\/#\/schema\/person\/0eb3e3fe1754f0205218538adbe8f5ed","name":"Rafaela Ladeira","image":{"@type":"ImageObject","inLanguage":"pt-BR","@id":"https:\/\/www.gaveanews.com\/#\/schema\/person\/image\/","url":"https:\/\/secure.gravatar.com\/avatar\/c31f513acffd85eacab5730cbdfdbbf59f21ba5aeada8cd890acea879fbb2455?s=96&d=mm&r=g","contentUrl":"https:\/\/secure.gravatar.com\/avatar\/c31f513acffd85eacab5730cbdfdbbf59f21ba5aeada8cd890acea879fbb2455?s=96&d=mm&r=g","caption":"Rafaela Ladeira"}}]}},"_links":{"self":[{"href":"https:\/\/www.gaveanews.com\/index.php\/wp-json\/wp\/v2\/posts\/256256","targetHints":{"allow":["GET"]}}],"collection":[{"href":"https:\/\/www.gaveanews.com\/index.php\/wp-json\/wp\/v2\/posts"}],"about":[{"href":"https:\/\/www.gaveanews.com\/index.php\/wp-json\/wp\/v2\/types\/post"}],"author":[{"embeddable":true,"href":"https:\/\/www.gaveanews.com\/index.php\/wp-json\/wp\/v2\/users\/25"}],"replies":[{"embeddable":true,"href":"https:\/\/www.gaveanews.com\/index.php\/wp-json\/wp\/v2\/comments?post=256256"}],"version-history":[{"count":1,"href":"https:\/\/www.gaveanews.com\/index.php\/wp-json\/wp\/v2\/posts\/256256\/revisions"}],"predecessor-version":[{"id":256261,"href":"https:\/\/www.gaveanews.com\/index.php\/wp-json\/wp\/v2\/posts\/256256\/revisions\/256261"}],"wp:featuredmedia":[{"embeddable":true,"href":"https:\/\/www.gaveanews.com\/index.php\/wp-json\/wp\/v2\/media\/215675"}],"wp:attachment":[{"href":"https:\/\/www.gaveanews.com\/index.php\/wp-json\/wp\/v2\/media?parent=256256"}],"wp:term":[{"taxonomy":"category","embeddable":true,"href":"https:\/\/www.gaveanews.com\/index.php\/wp-json\/wp\/v2\/categories?post=256256"},{"taxonomy":"post_tag","embeddable":true,"href":"https:\/\/www.gaveanews.com\/index.php\/wp-json\/wp\/v2\/tags?post=256256"}],"curies":[{"name":"wp","href":"https:\/\/api.w.org\/{rel}","templated":true}]}}