{"id":256257,"date":"2025-04-22T14:10:00","date_gmt":"2025-04-22T17:10:00","guid":{"rendered":"https:\/\/www.gaveanews.com\/?p=256257"},"modified":"2025-04-22T13:41:08","modified_gmt":"2025-04-22T16:41:08","slug":"ele-vive-uma-seca-no-cruzeiro-mas-continua-sendo-um-dos-queridinhos-de-leonardo-jardim","status":"publish","type":"post","link":"https:\/\/www.gaveanews.com\/index.php\/2025\/04\/22\/ele-vive-uma-seca-no-cruzeiro-mas-continua-sendo-um-dos-queridinhos-de-leonardo-jardim\/","title":{"rendered":"Ele vive uma seca no Cruzeiro, mas continua sendo um dos &#8220;queridinhos&#8221; de Leonardo Jardim"},"content":{"rendered":"\n<p>Matheus Pereira vive um momento de contrastes no Cruzeiro. Embora tenha alcan\u00e7ado sua maior sequ\u00eancia como titular em 2025, o meia-atacante acumula um jejum de 757 minutos sem envolvimento direto em gols, entre assist\u00eancias e finaliza\u00e7\u00f5es bem-sucedidas. A marca chama aten\u00e7\u00e3o, sobretudo porque ele j\u00e1 foi protagonista da equipe em temporadas anteriores.<\/p>\n\n\n\n<p>A volta de Matheus ao time titular aconteceu ap\u00f3s um per\u00edodo de afastamento por motivos extracampo. Primeiramente, o jogador esteve pr\u00f3ximo de ser negociado com o Zenit, da R\u00fassia. Em seguida, se ausentou de partidas longe de Belo Horizonte por causa do nascimento do filho. <\/p>\n\n\n\n<p>Ap\u00f3s esse momento pessoal, ele retomou sua rotina de treinos e passou a integrar consistentemente o time de Leonardo Jardim, participando de 395 dos \u00faltimos 418 minutos disputados pela equipe.<\/p>\n\n\n\n<p>Apesar da frequ\u00eancia em campo, a contribui\u00e7\u00e3o ofensiva do camisa 10 tem sido limitada. Desde a vit\u00f3ria por 4 a 1 sobre o Itabirito, em 30 de janeiro, Matheus n\u00e3o participa diretamente de um gol em partidas oficiais. Naquela ocasi\u00e3o, ele deu uma assist\u00eancia para Marquinhos marcar, o que permanece como sua \u00fanica contribui\u00e7\u00e3o estat\u00edstica no setor ofensivo na atual temporada. No total, s\u00e3o dez jogos seguidos sem participa\u00e7\u00e3o direta em gols.<\/p>\n\n\n\n<h2 class=\"wp-block-heading\" id=\"h-mudancas-com-leo-jardim\">Mudan\u00e7as com Leo Jardim<\/h2>\n\n\n\n<p>Antes da chegada de Jardim, Matheus vinha sendo utilizado de forma mais espor\u00e1dica, em raz\u00e3o da rotatividade promovida por Fernando Diniz e pelo t\u00e9cnico interino Wesley Carvalho durante as fases iniciais do Campeonato Mineiro. <\/p>\n\n\n\n<p>Com a mudan\u00e7a no comando t\u00e9cnico, o jogador passou a ser pe\u00e7a fixa na equipe titular, iniciando as \u00faltimas quatro partidas \u2013 contra Mushuc Runa, S\u00e3o Paulo, Bahia e Bragantino. Apenas diante do S\u00e3o Paulo ele foi substitu\u00eddo nos minutos finais.<\/p>\n\n\n\n<p>Mesmo sem destaque ofensivo recente, o desempenho de Matheus tem sido elogiado pelo treinador. &#8220;Ele contribui com intensidade, marca\u00e7\u00e3o e organiza\u00e7\u00e3o sem a bola&#8221;, destacou Leonardo Jardim, especialmente ap\u00f3s a vit\u00f3ria sobre o Bahia. Ainda assim, o n\u00famero crescente de minutos sem participa\u00e7\u00e3o direta em gols refor\u00e7a um sinal de alerta sobre seu rendimento em campo.<\/p>\n\n\n\n<h2 class=\"wp-block-heading\" id=\"h-numeros-na-temporada\">N\u00fameros na temporada<\/h2>\n\n\n\n<p>A temporada atual contrasta com o desempenho de 2024, quando Matheus Pereira liderou o time em n\u00fameros ofensivos, com 15 assist\u00eancias e 11 gols. Naquele mesmo recorte temporal, ele j\u00e1 somava seis assist\u00eancias e um gol, muito acima da produ\u00e7\u00e3o vista at\u00e9 agora em 2025, ano em que soma apenas 13 jogos oficiais.<\/p>\n\n\n\n<p>Cabe ressaltar que o Cruzeiro tamb\u00e9m enfrentou um per\u00edodo de inatividade recente, devido \u00e0 elimina\u00e7\u00e3o precoce no Campeonato Mineiro, o que contribuiu para a aus\u00eancia de jogos entre fevereiro e mar\u00e7o. A retomada veio apenas na sequ\u00eancia de compromissos pela Copa Sul-Americana e no in\u00edcio do Campeonato Brasileiro.<\/p>\n\n\n\n<p>Em termos de minutagem sem participa\u00e7\u00e3o em gols, os jogos que mais contribu\u00edram para a marca atual foram: 106 minutos contra o Bragantino, 101 diante do Bahia, 100 frente ao Mushuc Runa e 102 contra o Am\u00e9rica, entre outros.<\/p>\n\n\n\n<p>Ainda que viva uma fase de menor impacto ofensivo, Matheus Pereira segue como titular absoluto e importante na estrutura da equipe comandada por Leonardo Jardim. A expectativa interna \u00e9 de que o retorno \u00e0s participa\u00e7\u00f5es diretas em gols aconte\u00e7a naturalmente, conforme o ajuste coletivo da equipe se consolida nas competi\u00e7\u00f5es em andamento.<\/p>\n","protected":false},"excerpt":{"rendered":"<p>Matheus Pereira vive um momento de contrastes no Cruzeiro. Embora tenha alcan\u00e7ado sua maior sequ\u00eancia como titular em 2025, o meia-atacante acumula um jejum de 757 minutos sem envolvimento direto em gols, entre assist\u00eancias e finaliza\u00e7\u00f5es bem-sucedidas. A marca chama aten\u00e7\u00e3o, sobretudo porque ele j\u00e1 foi protagonista da equipe em temporadas anteriores. A volta de [&hellip;]<\/p>\n","protected":false},"author":30,"featured_media":175601,"comment_status":"open","ping_status":"closed","sticky":false,"template":"","format":"standard","meta":{"footnotes":""},"categories":[143],"tags":[],"class_list":["post-256257","post","type-post","status-publish","format-standard","has-post-thumbnail","hentry","category-cruzeiro"],"yoast_head":"<!-- This site is optimized with the Yoast SEO Premium plugin v24.2 (Yoast SEO v26.9) - https:\/\/yoast.com\/product\/yoast-seo-premium-wordpress\/ -->\n<title>Ele vive uma seca no Cruzeiro, mas continua sendo um dos &quot;queridinhos&quot; de Leonardo Jardim<\/title>\n<meta name=\"robots\" content=\"index, follow, max-snippet:-1, max-image-preview:large, max-video-preview:-1\" \/>\n<link rel=\"canonical\" href=\"https:\/\/www.gaveanews.com\/index.php\/2025\/04\/22\/ele-vive-uma-seca-no-cruzeiro-mas-continua-sendo-um-dos-queridinhos-de-leonardo-jardim\/\" \/>\n<meta property=\"og:locale\" content=\"pt_BR\" \/>\n<meta property=\"og:type\" content=\"article\" \/>\n<meta property=\"og:title\" content=\"Ele vive uma seca no Cruzeiro, mas continua sendo um dos &quot;queridinhos&quot; de Leonardo Jardim\" \/>\n<meta property=\"og:description\" content=\"Matheus Pereira vive um momento de contrastes no Cruzeiro. Embora tenha alcan\u00e7ado sua maior sequ\u00eancia como titular em 2025, o meia-atacante acumula um jejum de 757 minutos sem envolvimento direto em gols, entre assist\u00eancias e finaliza\u00e7\u00f5es bem-sucedidas. A marca chama aten\u00e7\u00e3o, sobretudo porque ele j\u00e1 foi protagonista da equipe em temporadas anteriores. A volta de [&hellip;]\" \/>\n<meta property=\"og:url\" content=\"https:\/\/www.gaveanews.com\/index.php\/2025\/04\/22\/ele-vive-uma-seca-no-cruzeiro-mas-continua-sendo-um-dos-queridinhos-de-leonardo-jardim\/\" \/>\n<meta property=\"og:site_name\" content=\"G\u00e1vea News\" \/>\n<meta property=\"article:publisher\" content=\"https:\/\/facebook.com\/gaveaNews\/\" \/>\n<meta property=\"article:published_time\" content=\"2025-04-22T17:10:00+00:00\" \/>\n<meta property=\"og:image\" content=\"https:\/\/www.gaveanews.com\/wp-content\/uploads\/Bandeira-do-Cruzeiro.webp\" \/>\n\t<meta property=\"og:image:width\" content=\"1062\" \/>\n\t<meta property=\"og:image:height\" content=\"708\" \/>\n\t<meta property=\"og:image:type\" content=\"image\/webp\" \/>\n<meta name=\"author\" content=\"Ana Teixeira\" \/>\n<meta name=\"twitter:card\" content=\"summary_large_image\" \/>\n<meta name=\"twitter:label1\" content=\"Escrito por\" \/>\n\t<meta name=\"twitter:data1\" content=\"Ana Teixeira\" \/>\n\t<meta name=\"twitter:label2\" content=\"Est. tempo de leitura\" \/>\n\t<meta name=\"twitter:data2\" content=\"4 minutos\" \/>\n<script type=\"application\/ld+json\" class=\"yoast-schema-graph\">{\"@context\":\"https:\/\/schema.org\",\"@graph\":[{\"@type\":\"NewsArticle\",\"@id\":\"https:\/\/www.gaveanews.com\/index.php\/2025\/04\/22\/ele-vive-uma-seca-no-cruzeiro-mas-continua-sendo-um-dos-queridinhos-de-leonardo-jardim\/#article\",\"isPartOf\":{\"@id\":\"https:\/\/www.gaveanews.com\/index.php\/2025\/04\/22\/ele-vive-uma-seca-no-cruzeiro-mas-continua-sendo-um-dos-queridinhos-de-leonardo-jardim\/\"},\"author\":{\"name\":\"Ana Teixeira\",\"@id\":\"https:\/\/www.gaveanews.com\/#\/schema\/person\/3b19f7288b0ce20372991275e4f2e6c2\"},\"headline\":\"Ele vive uma seca no Cruzeiro, mas continua sendo um dos &#8220;queridinhos&#8221; de Leonardo Jardim\",\"datePublished\":\"2025-04-22T17:10:00+00:00\",\"mainEntityOfPage\":{\"@id\":\"https:\/\/www.gaveanews.com\/index.php\/2025\/04\/22\/ele-vive-uma-seca-no-cruzeiro-mas-continua-sendo-um-dos-queridinhos-de-leonardo-jardim\/\"},\"wordCount\":579,\"commentCount\":0,\"image\":{\"@id\":\"https:\/\/www.gaveanews.com\/index.php\/2025\/04\/22\/ele-vive-uma-seca-no-cruzeiro-mas-continua-sendo-um-dos-queridinhos-de-leonardo-jardim\/#primaryimage\"},\"thumbnailUrl\":\"https:\/\/www.gaveanews.com\/wp-content\/uploads\/Bandeira-do-Cruzeiro.webp\",\"articleSection\":[\"Cruzeiro\"],\"inLanguage\":\"pt-BR\",\"potentialAction\":[{\"@type\":\"CommentAction\",\"name\":\"Comment\",\"target\":[\"https:\/\/www.gaveanews.com\/index.php\/2025\/04\/22\/ele-vive-uma-seca-no-cruzeiro-mas-continua-sendo-um-dos-queridinhos-de-leonardo-jardim\/#respond\"]}],\"copyrightYear\":\"2025\",\"copyrightHolder\":{\"@id\":\"https:\/\/www.gaveanews.com\/#organization\"}},{\"@type\":\"WebPage\",\"@id\":\"https:\/\/www.gaveanews.com\/index.php\/2025\/04\/22\/ele-vive-uma-seca-no-cruzeiro-mas-continua-sendo-um-dos-queridinhos-de-leonardo-jardim\/\",\"url\":\"https:\/\/www.gaveanews.com\/index.php\/2025\/04\/22\/ele-vive-uma-seca-no-cruzeiro-mas-continua-sendo-um-dos-queridinhos-de-leonardo-jardim\/\",\"name\":\"Ele vive uma seca no Cruzeiro, mas continua sendo um dos \\\"queridinhos\\\" de Leonardo Jardim\",\"isPartOf\":{\"@id\":\"https:\/\/www.gaveanews.com\/#website\"},\"primaryImageOfPage\":{\"@id\":\"https:\/\/www.gaveanews.com\/index.php\/2025\/04\/22\/ele-vive-uma-seca-no-cruzeiro-mas-continua-sendo-um-dos-queridinhos-de-leonardo-jardim\/#primaryimage\"},\"image\":{\"@id\":\"https:\/\/www.gaveanews.com\/index.php\/2025\/04\/22\/ele-vive-uma-seca-no-cruzeiro-mas-continua-sendo-um-dos-queridinhos-de-leonardo-jardim\/#primaryimage\"},\"thumbnailUrl\":\"https:\/\/www.gaveanews.com\/wp-content\/uploads\/Bandeira-do-Cruzeiro.webp\",\"datePublished\":\"2025-04-22T17:10:00+00:00\",\"author\":{\"@id\":\"https:\/\/www.gaveanews.com\/#\/schema\/person\/3b19f7288b0ce20372991275e4f2e6c2\"},\"breadcrumb\":{\"@id\":\"https:\/\/www.gaveanews.com\/index.php\/2025\/04\/22\/ele-vive-uma-seca-no-cruzeiro-mas-continua-sendo-um-dos-queridinhos-de-leonardo-jardim\/#breadcrumb\"},\"inLanguage\":\"pt-BR\",\"potentialAction\":[{\"@type\":\"ReadAction\",\"target\":[\"https:\/\/www.gaveanews.com\/index.php\/2025\/04\/22\/ele-vive-uma-seca-no-cruzeiro-mas-continua-sendo-um-dos-queridinhos-de-leonardo-jardim\/\"]}]},{\"@type\":\"ImageObject\",\"inLanguage\":\"pt-BR\",\"@id\":\"https:\/\/www.gaveanews.com\/index.php\/2025\/04\/22\/ele-vive-uma-seca-no-cruzeiro-mas-continua-sendo-um-dos-queridinhos-de-leonardo-jardim\/#primaryimage\",\"url\":\"https:\/\/www.gaveanews.com\/wp-content\/uploads\/Bandeira-do-Cruzeiro.webp\",\"contentUrl\":\"https:\/\/www.gaveanews.com\/wp-content\/uploads\/Bandeira-do-Cruzeiro.webp\",\"width\":1062,\"height\":708,\"caption\":\"Bandeira do Cruzeiro (Foto: Reprodu\u00e7\u00e3o\/Cruzeiro)\"},{\"@type\":\"BreadcrumbList\",\"@id\":\"https:\/\/www.gaveanews.com\/index.php\/2025\/04\/22\/ele-vive-uma-seca-no-cruzeiro-mas-continua-sendo-um-dos-queridinhos-de-leonardo-jardim\/#breadcrumb\",\"itemListElement\":[{\"@type\":\"ListItem\",\"position\":1,\"name\":\"Home\",\"item\":\"https:\/\/www.gaveanews.com\/\"},{\"@type\":\"ListItem\",\"position\":2,\"name\":\"Ele vive uma seca no Cruzeiro, mas continua sendo um dos &#8220;queridinhos&#8221; de Leonardo Jardim\"}]},{\"@type\":\"WebSite\",\"@id\":\"https:\/\/www.gaveanews.com\/#website\",\"url\":\"https:\/\/www.gaveanews.com\/\",\"name\":\"G\u00e1vea News\",\"description\":\"Veja todas as not\u00edcias sobre o Flamengo: Contrata\u00e7\u00f5es, categorias de base, resultados das partidas, tabela de classifica\u00e7\u00e3o, pr\u00f3ximos jogos!\",\"potentialAction\":[{\"@type\":\"SearchAction\",\"target\":{\"@type\":\"EntryPoint\",\"urlTemplate\":\"https:\/\/www.gaveanews.com\/?s={search_term_string}\"},\"query-input\":{\"@type\":\"PropertyValueSpecification\",\"valueRequired\":true,\"valueName\":\"search_term_string\"}}],\"inLanguage\":\"pt-BR\"},{\"@type\":\"Person\",\"@id\":\"https:\/\/www.gaveanews.com\/#\/schema\/person\/3b19f7288b0ce20372991275e4f2e6c2\",\"name\":\"Ana Teixeira\",\"image\":{\"@type\":\"ImageObject\",\"inLanguage\":\"pt-BR\",\"@id\":\"https:\/\/www.gaveanews.com\/#\/schema\/person\/image\/\",\"url\":\"https:\/\/secure.gravatar.com\/avatar\/0a73f5a5258f3fed37fc2fa641892f3f7a4748456d4d4792f9bc550e6c19e06c?s=96&d=mm&r=g\",\"contentUrl\":\"https:\/\/secure.gravatar.com\/avatar\/0a73f5a5258f3fed37fc2fa641892f3f7a4748456d4d4792f9bc550e6c19e06c?s=96&d=mm&r=g\",\"caption\":\"Ana Teixeira\"}}]}<\/script>\n<!-- \/ Yoast SEO Premium plugin. -->","yoast_head_json":{"title":"Ele vive uma seca no Cruzeiro, mas continua sendo um dos \"queridinhos\" de Leonardo Jardim","robots":{"index":"index","follow":"follow","max-snippet":"max-snippet:-1","max-image-preview":"max-image-preview:large","max-video-preview":"max-video-preview:-1"},"canonical":"https:\/\/www.gaveanews.com\/index.php\/2025\/04\/22\/ele-vive-uma-seca-no-cruzeiro-mas-continua-sendo-um-dos-queridinhos-de-leonardo-jardim\/","og_locale":"pt_BR","og_type":"article","og_title":"Ele vive uma seca no Cruzeiro, mas continua sendo um dos \"queridinhos\" de Leonardo Jardim","og_description":"Matheus Pereira vive um momento de contrastes no Cruzeiro. Embora tenha alcan\u00e7ado sua maior sequ\u00eancia como titular em 2025, o meia-atacante acumula um jejum de 757 minutos sem envolvimento direto em gols, entre assist\u00eancias e finaliza\u00e7\u00f5es bem-sucedidas. A marca chama aten\u00e7\u00e3o, sobretudo porque ele j\u00e1 foi protagonista da equipe em temporadas anteriores. A volta de [&hellip;]","og_url":"https:\/\/www.gaveanews.com\/index.php\/2025\/04\/22\/ele-vive-uma-seca-no-cruzeiro-mas-continua-sendo-um-dos-queridinhos-de-leonardo-jardim\/","og_site_name":"G\u00e1vea News","article_publisher":"https:\/\/facebook.com\/gaveaNews\/","article_published_time":"2025-04-22T17:10:00+00:00","og_image":[{"width":1062,"height":708,"url":"https:\/\/www.gaveanews.com\/wp-content\/uploads\/Bandeira-do-Cruzeiro.webp","type":"image\/webp"}],"author":"Ana Teixeira","twitter_card":"summary_large_image","twitter_misc":{"Escrito por":"Ana Teixeira","Est. tempo de leitura":"4 minutos"},"schema":{"@context":"https:\/\/schema.org","@graph":[{"@type":"NewsArticle","@id":"https:\/\/www.gaveanews.com\/index.php\/2025\/04\/22\/ele-vive-uma-seca-no-cruzeiro-mas-continua-sendo-um-dos-queridinhos-de-leonardo-jardim\/#article","isPartOf":{"@id":"https:\/\/www.gaveanews.com\/index.php\/2025\/04\/22\/ele-vive-uma-seca-no-cruzeiro-mas-continua-sendo-um-dos-queridinhos-de-leonardo-jardim\/"},"author":{"name":"Ana Teixeira","@id":"https:\/\/www.gaveanews.com\/#\/schema\/person\/3b19f7288b0ce20372991275e4f2e6c2"},"headline":"Ele vive uma seca no Cruzeiro, mas continua sendo um dos &#8220;queridinhos&#8221; de Leonardo Jardim","datePublished":"2025-04-22T17:10:00+00:00","mainEntityOfPage":{"@id":"https:\/\/www.gaveanews.com\/index.php\/2025\/04\/22\/ele-vive-uma-seca-no-cruzeiro-mas-continua-sendo-um-dos-queridinhos-de-leonardo-jardim\/"},"wordCount":579,"commentCount":0,"image":{"@id":"https:\/\/www.gaveanews.com\/index.php\/2025\/04\/22\/ele-vive-uma-seca-no-cruzeiro-mas-continua-sendo-um-dos-queridinhos-de-leonardo-jardim\/#primaryimage"},"thumbnailUrl":"https:\/\/www.gaveanews.com\/wp-content\/uploads\/Bandeira-do-Cruzeiro.webp","articleSection":["Cruzeiro"],"inLanguage":"pt-BR","potentialAction":[{"@type":"CommentAction","name":"Comment","target":["https:\/\/www.gaveanews.com\/index.php\/2025\/04\/22\/ele-vive-uma-seca-no-cruzeiro-mas-continua-sendo-um-dos-queridinhos-de-leonardo-jardim\/#respond"]}],"copyrightYear":"2025","copyrightHolder":{"@id":"https:\/\/www.gaveanews.com\/#organization"}},{"@type":"WebPage","@id":"https:\/\/www.gaveanews.com\/index.php\/2025\/04\/22\/ele-vive-uma-seca-no-cruzeiro-mas-continua-sendo-um-dos-queridinhos-de-leonardo-jardim\/","url":"https:\/\/www.gaveanews.com\/index.php\/2025\/04\/22\/ele-vive-uma-seca-no-cruzeiro-mas-continua-sendo-um-dos-queridinhos-de-leonardo-jardim\/","name":"Ele vive uma seca no Cruzeiro, mas continua sendo um dos \"queridinhos\" de Leonardo Jardim","isPartOf":{"@id":"https:\/\/www.gaveanews.com\/#website"},"primaryImageOfPage":{"@id":"https:\/\/www.gaveanews.com\/index.php\/2025\/04\/22\/ele-vive-uma-seca-no-cruzeiro-mas-continua-sendo-um-dos-queridinhos-de-leonardo-jardim\/#primaryimage"},"image":{"@id":"https:\/\/www.gaveanews.com\/index.php\/2025\/04\/22\/ele-vive-uma-seca-no-cruzeiro-mas-continua-sendo-um-dos-queridinhos-de-leonardo-jardim\/#primaryimage"},"thumbnailUrl":"https:\/\/www.gaveanews.com\/wp-content\/uploads\/Bandeira-do-Cruzeiro.webp","datePublished":"2025-04-22T17:10:00+00:00","author":{"@id":"https:\/\/www.gaveanews.com\/#\/schema\/person\/3b19f7288b0ce20372991275e4f2e6c2"},"breadcrumb":{"@id":"https:\/\/www.gaveanews.com\/index.php\/2025\/04\/22\/ele-vive-uma-seca-no-cruzeiro-mas-continua-sendo-um-dos-queridinhos-de-leonardo-jardim\/#breadcrumb"},"inLanguage":"pt-BR","potentialAction":[{"@type":"ReadAction","target":["https:\/\/www.gaveanews.com\/index.php\/2025\/04\/22\/ele-vive-uma-seca-no-cruzeiro-mas-continua-sendo-um-dos-queridinhos-de-leonardo-jardim\/"]}]},{"@type":"ImageObject","inLanguage":"pt-BR","@id":"https:\/\/www.gaveanews.com\/index.php\/2025\/04\/22\/ele-vive-uma-seca-no-cruzeiro-mas-continua-sendo-um-dos-queridinhos-de-leonardo-jardim\/#primaryimage","url":"https:\/\/www.gaveanews.com\/wp-content\/uploads\/Bandeira-do-Cruzeiro.webp","contentUrl":"https:\/\/www.gaveanews.com\/wp-content\/uploads\/Bandeira-do-Cruzeiro.webp","width":1062,"height":708,"caption":"Bandeira do Cruzeiro (Foto: Reprodu\u00e7\u00e3o\/Cruzeiro)"},{"@type":"BreadcrumbList","@id":"https:\/\/www.gaveanews.com\/index.php\/2025\/04\/22\/ele-vive-uma-seca-no-cruzeiro-mas-continua-sendo-um-dos-queridinhos-de-leonardo-jardim\/#breadcrumb","itemListElement":[{"@type":"ListItem","position":1,"name":"Home","item":"https:\/\/www.gaveanews.com\/"},{"@type":"ListItem","position":2,"name":"Ele vive uma seca no Cruzeiro, mas continua sendo um dos &#8220;queridinhos&#8221; de Leonardo Jardim"}]},{"@type":"WebSite","@id":"https:\/\/www.gaveanews.com\/#website","url":"https:\/\/www.gaveanews.com\/","name":"G\u00e1vea News","description":"Veja todas as not\u00edcias sobre o Flamengo: Contrata\u00e7\u00f5es, categorias de base, resultados das partidas, tabela de classifica\u00e7\u00e3o, pr\u00f3ximos jogos!","potentialAction":[{"@type":"SearchAction","target":{"@type":"EntryPoint","urlTemplate":"https:\/\/www.gaveanews.com\/?s={search_term_string}"},"query-input":{"@type":"PropertyValueSpecification","valueRequired":true,"valueName":"search_term_string"}}],"inLanguage":"pt-BR"},{"@type":"Person","@id":"https:\/\/www.gaveanews.com\/#\/schema\/person\/3b19f7288b0ce20372991275e4f2e6c2","name":"Ana Teixeira","image":{"@type":"ImageObject","inLanguage":"pt-BR","@id":"https:\/\/www.gaveanews.com\/#\/schema\/person\/image\/","url":"https:\/\/secure.gravatar.com\/avatar\/0a73f5a5258f3fed37fc2fa641892f3f7a4748456d4d4792f9bc550e6c19e06c?s=96&d=mm&r=g","contentUrl":"https:\/\/secure.gravatar.com\/avatar\/0a73f5a5258f3fed37fc2fa641892f3f7a4748456d4d4792f9bc550e6c19e06c?s=96&d=mm&r=g","caption":"Ana Teixeira"}}]}},"_links":{"self":[{"href":"https:\/\/www.gaveanews.com\/index.php\/wp-json\/wp\/v2\/posts\/256257","targetHints":{"allow":["GET"]}}],"collection":[{"href":"https:\/\/www.gaveanews.com\/index.php\/wp-json\/wp\/v2\/posts"}],"about":[{"href":"https:\/\/www.gaveanews.com\/index.php\/wp-json\/wp\/v2\/types\/post"}],"author":[{"embeddable":true,"href":"https:\/\/www.gaveanews.com\/index.php\/wp-json\/wp\/v2\/users\/30"}],"replies":[{"embeddable":true,"href":"https:\/\/www.gaveanews.com\/index.php\/wp-json\/wp\/v2\/comments?post=256257"}],"version-history":[{"count":1,"href":"https:\/\/www.gaveanews.com\/index.php\/wp-json\/wp\/v2\/posts\/256257\/revisions"}],"predecessor-version":[{"id":256264,"href":"https:\/\/www.gaveanews.com\/index.php\/wp-json\/wp\/v2\/posts\/256257\/revisions\/256264"}],"wp:featuredmedia":[{"embeddable":true,"href":"https:\/\/www.gaveanews.com\/index.php\/wp-json\/wp\/v2\/media\/175601"}],"wp:attachment":[{"href":"https:\/\/www.gaveanews.com\/index.php\/wp-json\/wp\/v2\/media?parent=256257"}],"wp:term":[{"taxonomy":"category","embeddable":true,"href":"https:\/\/www.gaveanews.com\/index.php\/wp-json\/wp\/v2\/categories?post=256257"},{"taxonomy":"post_tag","embeddable":true,"href":"https:\/\/www.gaveanews.com\/index.php\/wp-json\/wp\/v2\/tags?post=256257"}],"curies":[{"name":"wp","href":"https:\/\/api.w.org\/{rel}","templated":true}]}}