{"id":256259,"date":"2025-04-22T14:20:00","date_gmt":"2025-04-22T17:20:00","guid":{"rendered":"https:\/\/www.gaveanews.com\/?p=256259"},"modified":"2025-04-22T13:41:58","modified_gmt":"2025-04-22T16:41:58","slug":"varios-tecnicos-ja-recusaram-proposta-para-treinar-o-santos-entenda","status":"publish","type":"post","link":"https:\/\/www.gaveanews.com\/index.php\/2025\/04\/22\/varios-tecnicos-ja-recusaram-proposta-para-treinar-o-santos-entenda\/","title":{"rendered":"V\u00e1rios t\u00e9cnicos j\u00e1 recusaram proposta para treinar o Santos; entenda"},"content":{"rendered":"\n<p>O Santos atravessa uma fase delicada em seu planejamento t\u00e9cnico para a temporada de 2025. Desde a sa\u00edda de Pedro Caixinha, a diretoria do clube tem enfrentado recusas consecutivas de profissionais consultados para assumir o comando da equipe. As negativas de nomes de peso como Dorival J\u00fanior, Tite, Jorge Sampaoli e Luis Castro evidenciou os desafios estruturais e estrat\u00e9gicos enfrentados pelo time da Vila Belmiro.<\/p>\n\n\n\n<h3 class=\"wp-block-heading\" id=\"h-recusas-de-dorival-e-tite-marcam-inicio-da-busca\">Recusas de Dorival e Tite marcam in\u00edcio da busca<\/h3>\n\n\n\n<p>Dorival J\u00fanior foi um dos primeiros alvos da diretoria santista. Apesar da valoriza\u00e7\u00e3o interna de seu nome, o t\u00e9cnico recusou o convite alegando que necessita de um tempo de recupera\u00e7\u00e3o ap\u00f3s sua sa\u00edda da sele\u00e7\u00e3o brasileira. Segundo interlocutores pr\u00f3ximos, ele chegou a autorizar conversas com o Corinthians, mas optou por se afastar de qualquer compromisso imediato. <\/p>\n\n\n\n<p>\u201cEstou num momento em que preciso priorizar minha sa\u00fade mental e f\u00edsica\u201d, disse Dorival a pessoas pr\u00f3ximas.<\/p>\n\n\n\n<p>Similarmente, Tite foi consultado e tamb\u00e9m rejeitou a proposta santista. O treinador, que recentemente comandou o Flamengo, externou \u00e0 c\u00fapula o desejo de atuar fora do Brasil \u2014 ele, inclusive, estava conversando com o Al-Hilal. Dias depois, Adenor Bachi intensificou as tratativas com o Corinthians e estava pronto para assinar o retorno, quando anunciou a pausa na carreira por &#8220;problemas de sa\u00fade mental&#8221;. <\/p>\n\n\n\n<h2 class=\"wp-block-heading\" id=\"h-sampaoli-e-luis-castro-tambem-disseram-nao\">Sampaoli e Luis Castro tamb\u00e9m disseram \u201cn\u00e3o\u201d<\/h2>\n\n\n\n<p>A lista de negativas, ali\u00e1s, n\u00e3o para por a\u00ed. Jorge Sampaoli chegou a analisar o elenco santista, mas descartou o convite por considerar o grupo \u201cdesequilibrado\u201d e o tempo de prepara\u00e7\u00e3o \u201ccurto demais\u201d at\u00e9 a abertura da pr\u00f3xima janela de transfer\u00eancias, prevista para julho. Por sua vez, Luis Castro foi direto ao dizer que, neste momento, n\u00e3o pretende retornar ao futebol brasileiro.<\/p>\n\n\n\n<p>Essas recusas impactaram diretamente o andamento do planejamento do clube, que agora reavalia o mercado com mais cautela. Em meio a esse cen\u00e1rio, uma alternativa interna passou a ser cogitada: a efetiva\u00e7\u00e3o do auxiliar t\u00e9cnico C\u00e9sar Sampaio. Entretanto, a possibilidade perdeu for\u00e7a ap\u00f3s a derrota para o S\u00e3o Paulo por 2 a 1, no \u00faltimo domingo (20 de abril), resultado que causou frustra\u00e7\u00e3o entre os dirigentes e refor\u00e7ou a necessidade de um nome com maior experi\u00eancia para a fun\u00e7\u00e3o.<\/p>\n\n\n\n<h2 class=\"wp-block-heading\" id=\"h-fernando-diniz-entra-em-pauta\">Fernando Diniz entra em pauta<\/h2>\n\n\n\n<p>Outro nome considerado foi o de Fernando Diniz, que possui passagem anterior pelo clube. Apesar das discuss\u00f5es internas, o treinador n\u00e3o demonstrou entusiasmo com a ideia de voltar ao Santos. Avaliando outras possibilidades no mercado, Diniz tamb\u00e9m divide opini\u00f5es na diretoria, o que torna improv\u00e1vel a apresenta\u00e7\u00e3o de uma proposta oficial por parte do clube.<\/p>\n\n\n\n<h2 class=\"wp-block-heading\" id=\"h-diagnostico-interno\">Diagn\u00f3stico interno<\/h2>\n\n\n\n<p>Internamente, dirigentes reconhecem que o Santos tem enfrentado dificuldades para atrair t\u00e9cnicos de alto n\u00edvel. Mesmo com a visibilidade hist\u00f3rica do clube e o retorno de Neymar, o momento esportivo atual \u2014 marcado por elencos limitados e resultados inst\u00e1veis \u2014 n\u00e3o oferece aos treinadores a perspectiva de disputar t\u00edtulos, o que tem pesado nas decis\u00f5es. <\/p>\n\n\n\n<p>A rejei\u00e7\u00e3o por parte de profissionais que, ali\u00e1s, est\u00e3o dispostos a dialogar com outros clubes em situa\u00e7\u00f5es semelhantes, como o Corinthians, evidencia que o fator estrutura e proje\u00e7\u00e3o esportiva \u00e9 determinante.<\/p>\n\n\n\n<p>Conforme apurado, os treinadores t\u00eam demonstrado preocupa\u00e7\u00e3o com a aus\u00eancia de estabilidade no comando t\u00e9cnico do Santos. \u201c\u00c9 um clube com tradi\u00e7\u00e3o, mas que vive uma instabilidade que pesa na hora de aceitar um desafio como esse\u201d, disse uma fonte ligada ao estafe de um dos treinadores sondados.<\/p>\n","protected":false},"excerpt":{"rendered":"<p>O Santos atravessa uma fase delicada em seu planejamento t\u00e9cnico para a temporada de 2025. Desde a sa\u00edda de Pedro Caixinha, a diretoria do clube tem enfrentado recusas consecutivas de profissionais consultados para assumir o comando da equipe. As negativas de nomes de peso como Dorival J\u00fanior, Tite, Jorge Sampaoli e Luis Castro evidenciou os [&hellip;]<\/p>\n","protected":false},"author":30,"featured_media":152156,"comment_status":"open","ping_status":"closed","sticky":false,"template":"","format":"standard","meta":{"footnotes":""},"categories":[139],"tags":[],"class_list":["post-256259","post","type-post","status-publish","format-standard","has-post-thumbnail","hentry","category-santos"],"yoast_head":"<!-- This site is optimized with the Yoast SEO Premium plugin v24.2 (Yoast SEO v26.9) - https:\/\/yoast.com\/product\/yoast-seo-premium-wordpress\/ -->\n<title>V\u00e1rios t\u00e9cnicos j\u00e1 recusaram proposta para treinar o Santos; entenda<\/title>\n<meta name=\"robots\" content=\"index, follow, max-snippet:-1, max-image-preview:large, max-video-preview:-1\" \/>\n<link rel=\"canonical\" href=\"https:\/\/www.gaveanews.com\/index.php\/2025\/04\/22\/varios-tecnicos-ja-recusaram-proposta-para-treinar-o-santos-entenda\/\" \/>\n<meta property=\"og:locale\" content=\"pt_BR\" \/>\n<meta property=\"og:type\" content=\"article\" \/>\n<meta property=\"og:title\" content=\"V\u00e1rios t\u00e9cnicos j\u00e1 recusaram proposta para treinar o Santos; entenda\" \/>\n<meta property=\"og:description\" content=\"O Santos atravessa uma fase delicada em seu planejamento t\u00e9cnico para a temporada de 2025. Desde a sa\u00edda de Pedro Caixinha, a diretoria do clube tem enfrentado recusas consecutivas de profissionais consultados para assumir o comando da equipe. As negativas de nomes de peso como Dorival J\u00fanior, Tite, Jorge Sampaoli e Luis Castro evidenciou os [&hellip;]\" \/>\n<meta property=\"og:url\" content=\"https:\/\/www.gaveanews.com\/index.php\/2025\/04\/22\/varios-tecnicos-ja-recusaram-proposta-para-treinar-o-santos-entenda\/\" \/>\n<meta property=\"og:site_name\" content=\"G\u00e1vea News\" \/>\n<meta property=\"article:publisher\" content=\"https:\/\/facebook.com\/gaveaNews\/\" \/>\n<meta property=\"article:published_time\" content=\"2025-04-22T17:20:00+00:00\" \/>\n<meta property=\"og:image\" content=\"https:\/\/www.gaveanews.com\/wp-content\/uploads\/Escudo-do-Santos-1.webp\" \/>\n\t<meta property=\"og:image:width\" content=\"1300\" \/>\n\t<meta property=\"og:image:height\" content=\"1056\" \/>\n\t<meta property=\"og:image:type\" content=\"image\/webp\" \/>\n<meta name=\"author\" content=\"Ana Teixeira\" \/>\n<meta name=\"twitter:card\" content=\"summary_large_image\" \/>\n<meta name=\"twitter:label1\" content=\"Escrito por\" \/>\n\t<meta name=\"twitter:data1\" content=\"Ana Teixeira\" \/>\n\t<meta name=\"twitter:label2\" content=\"Est. tempo de leitura\" \/>\n\t<meta name=\"twitter:data2\" content=\"4 minutos\" \/>\n<script type=\"application\/ld+json\" class=\"yoast-schema-graph\">{\"@context\":\"https:\/\/schema.org\",\"@graph\":[{\"@type\":\"NewsArticle\",\"@id\":\"https:\/\/www.gaveanews.com\/index.php\/2025\/04\/22\/varios-tecnicos-ja-recusaram-proposta-para-treinar-o-santos-entenda\/#article\",\"isPartOf\":{\"@id\":\"https:\/\/www.gaveanews.com\/index.php\/2025\/04\/22\/varios-tecnicos-ja-recusaram-proposta-para-treinar-o-santos-entenda\/\"},\"author\":{\"name\":\"Ana Teixeira\",\"@id\":\"https:\/\/www.gaveanews.com\/#\/schema\/person\/3b19f7288b0ce20372991275e4f2e6c2\"},\"headline\":\"V\u00e1rios t\u00e9cnicos j\u00e1 recusaram proposta para treinar o Santos; entenda\",\"datePublished\":\"2025-04-22T17:20:00+00:00\",\"mainEntityOfPage\":{\"@id\":\"https:\/\/www.gaveanews.com\/index.php\/2025\/04\/22\/varios-tecnicos-ja-recusaram-proposta-para-treinar-o-santos-entenda\/\"},\"wordCount\":618,\"commentCount\":0,\"image\":{\"@id\":\"https:\/\/www.gaveanews.com\/index.php\/2025\/04\/22\/varios-tecnicos-ja-recusaram-proposta-para-treinar-o-santos-entenda\/#primaryimage\"},\"thumbnailUrl\":\"https:\/\/www.gaveanews.com\/wp-content\/uploads\/Escudo-do-Santos-1.webp\",\"articleSection\":[\"Santos\"],\"inLanguage\":\"pt-BR\",\"potentialAction\":[{\"@type\":\"CommentAction\",\"name\":\"Comment\",\"target\":[\"https:\/\/www.gaveanews.com\/index.php\/2025\/04\/22\/varios-tecnicos-ja-recusaram-proposta-para-treinar-o-santos-entenda\/#respond\"]}],\"copyrightYear\":\"2025\",\"copyrightHolder\":{\"@id\":\"https:\/\/www.gaveanews.com\/#organization\"}},{\"@type\":\"WebPage\",\"@id\":\"https:\/\/www.gaveanews.com\/index.php\/2025\/04\/22\/varios-tecnicos-ja-recusaram-proposta-para-treinar-o-santos-entenda\/\",\"url\":\"https:\/\/www.gaveanews.com\/index.php\/2025\/04\/22\/varios-tecnicos-ja-recusaram-proposta-para-treinar-o-santos-entenda\/\",\"name\":\"V\u00e1rios t\u00e9cnicos j\u00e1 recusaram proposta para treinar o Santos; entenda\",\"isPartOf\":{\"@id\":\"https:\/\/www.gaveanews.com\/#website\"},\"primaryImageOfPage\":{\"@id\":\"https:\/\/www.gaveanews.com\/index.php\/2025\/04\/22\/varios-tecnicos-ja-recusaram-proposta-para-treinar-o-santos-entenda\/#primaryimage\"},\"image\":{\"@id\":\"https:\/\/www.gaveanews.com\/index.php\/2025\/04\/22\/varios-tecnicos-ja-recusaram-proposta-para-treinar-o-santos-entenda\/#primaryimage\"},\"thumbnailUrl\":\"https:\/\/www.gaveanews.com\/wp-content\/uploads\/Escudo-do-Santos-1.webp\",\"datePublished\":\"2025-04-22T17:20:00+00:00\",\"author\":{\"@id\":\"https:\/\/www.gaveanews.com\/#\/schema\/person\/3b19f7288b0ce20372991275e4f2e6c2\"},\"breadcrumb\":{\"@id\":\"https:\/\/www.gaveanews.com\/index.php\/2025\/04\/22\/varios-tecnicos-ja-recusaram-proposta-para-treinar-o-santos-entenda\/#breadcrumb\"},\"inLanguage\":\"pt-BR\",\"potentialAction\":[{\"@type\":\"ReadAction\",\"target\":[\"https:\/\/www.gaveanews.com\/index.php\/2025\/04\/22\/varios-tecnicos-ja-recusaram-proposta-para-treinar-o-santos-entenda\/\"]}]},{\"@type\":\"ImageObject\",\"inLanguage\":\"pt-BR\",\"@id\":\"https:\/\/www.gaveanews.com\/index.php\/2025\/04\/22\/varios-tecnicos-ja-recusaram-proposta-para-treinar-o-santos-entenda\/#primaryimage\",\"url\":\"https:\/\/www.gaveanews.com\/wp-content\/uploads\/Escudo-do-Santos-1.webp\",\"contentUrl\":\"https:\/\/www.gaveanews.com\/wp-content\/uploads\/Escudo-do-Santos-1.webp\",\"width\":1300,\"height\":1056,\"caption\":\"Escudo do Santos (Foto: Reprodu\u00e7\u00e3o\/Instagram)\"},{\"@type\":\"BreadcrumbList\",\"@id\":\"https:\/\/www.gaveanews.com\/index.php\/2025\/04\/22\/varios-tecnicos-ja-recusaram-proposta-para-treinar-o-santos-entenda\/#breadcrumb\",\"itemListElement\":[{\"@type\":\"ListItem\",\"position\":1,\"name\":\"Home\",\"item\":\"https:\/\/www.gaveanews.com\/\"},{\"@type\":\"ListItem\",\"position\":2,\"name\":\"V\u00e1rios t\u00e9cnicos j\u00e1 recusaram proposta para treinar o Santos; entenda\"}]},{\"@type\":\"WebSite\",\"@id\":\"https:\/\/www.gaveanews.com\/#website\",\"url\":\"https:\/\/www.gaveanews.com\/\",\"name\":\"G\u00e1vea News\",\"description\":\"Veja todas as not\u00edcias sobre o Flamengo: Contrata\u00e7\u00f5es, categorias de base, resultados das partidas, tabela de classifica\u00e7\u00e3o, pr\u00f3ximos jogos!\",\"potentialAction\":[{\"@type\":\"SearchAction\",\"target\":{\"@type\":\"EntryPoint\",\"urlTemplate\":\"https:\/\/www.gaveanews.com\/?s={search_term_string}\"},\"query-input\":{\"@type\":\"PropertyValueSpecification\",\"valueRequired\":true,\"valueName\":\"search_term_string\"}}],\"inLanguage\":\"pt-BR\"},{\"@type\":\"Person\",\"@id\":\"https:\/\/www.gaveanews.com\/#\/schema\/person\/3b19f7288b0ce20372991275e4f2e6c2\",\"name\":\"Ana Teixeira\",\"image\":{\"@type\":\"ImageObject\",\"inLanguage\":\"pt-BR\",\"@id\":\"https:\/\/www.gaveanews.com\/#\/schema\/person\/image\/\",\"url\":\"https:\/\/secure.gravatar.com\/avatar\/0a73f5a5258f3fed37fc2fa641892f3f7a4748456d4d4792f9bc550e6c19e06c?s=96&d=mm&r=g\",\"contentUrl\":\"https:\/\/secure.gravatar.com\/avatar\/0a73f5a5258f3fed37fc2fa641892f3f7a4748456d4d4792f9bc550e6c19e06c?s=96&d=mm&r=g\",\"caption\":\"Ana Teixeira\"}}]}<\/script>\n<!-- \/ Yoast SEO Premium plugin. -->","yoast_head_json":{"title":"V\u00e1rios t\u00e9cnicos j\u00e1 recusaram proposta para treinar o Santos; entenda","robots":{"index":"index","follow":"follow","max-snippet":"max-snippet:-1","max-image-preview":"max-image-preview:large","max-video-preview":"max-video-preview:-1"},"canonical":"https:\/\/www.gaveanews.com\/index.php\/2025\/04\/22\/varios-tecnicos-ja-recusaram-proposta-para-treinar-o-santos-entenda\/","og_locale":"pt_BR","og_type":"article","og_title":"V\u00e1rios t\u00e9cnicos j\u00e1 recusaram proposta para treinar o Santos; entenda","og_description":"O Santos atravessa uma fase delicada em seu planejamento t\u00e9cnico para a temporada de 2025. Desde a sa\u00edda de Pedro Caixinha, a diretoria do clube tem enfrentado recusas consecutivas de profissionais consultados para assumir o comando da equipe. As negativas de nomes de peso como Dorival J\u00fanior, Tite, Jorge Sampaoli e Luis Castro evidenciou os [&hellip;]","og_url":"https:\/\/www.gaveanews.com\/index.php\/2025\/04\/22\/varios-tecnicos-ja-recusaram-proposta-para-treinar-o-santos-entenda\/","og_site_name":"G\u00e1vea News","article_publisher":"https:\/\/facebook.com\/gaveaNews\/","article_published_time":"2025-04-22T17:20:00+00:00","og_image":[{"width":1300,"height":1056,"url":"https:\/\/www.gaveanews.com\/wp-content\/uploads\/Escudo-do-Santos-1.webp","type":"image\/webp"}],"author":"Ana Teixeira","twitter_card":"summary_large_image","twitter_misc":{"Escrito por":"Ana Teixeira","Est. tempo de leitura":"4 minutos"},"schema":{"@context":"https:\/\/schema.org","@graph":[{"@type":"NewsArticle","@id":"https:\/\/www.gaveanews.com\/index.php\/2025\/04\/22\/varios-tecnicos-ja-recusaram-proposta-para-treinar-o-santos-entenda\/#article","isPartOf":{"@id":"https:\/\/www.gaveanews.com\/index.php\/2025\/04\/22\/varios-tecnicos-ja-recusaram-proposta-para-treinar-o-santos-entenda\/"},"author":{"name":"Ana Teixeira","@id":"https:\/\/www.gaveanews.com\/#\/schema\/person\/3b19f7288b0ce20372991275e4f2e6c2"},"headline":"V\u00e1rios t\u00e9cnicos j\u00e1 recusaram proposta para treinar o Santos; entenda","datePublished":"2025-04-22T17:20:00+00:00","mainEntityOfPage":{"@id":"https:\/\/www.gaveanews.com\/index.php\/2025\/04\/22\/varios-tecnicos-ja-recusaram-proposta-para-treinar-o-santos-entenda\/"},"wordCount":618,"commentCount":0,"image":{"@id":"https:\/\/www.gaveanews.com\/index.php\/2025\/04\/22\/varios-tecnicos-ja-recusaram-proposta-para-treinar-o-santos-entenda\/#primaryimage"},"thumbnailUrl":"https:\/\/www.gaveanews.com\/wp-content\/uploads\/Escudo-do-Santos-1.webp","articleSection":["Santos"],"inLanguage":"pt-BR","potentialAction":[{"@type":"CommentAction","name":"Comment","target":["https:\/\/www.gaveanews.com\/index.php\/2025\/04\/22\/varios-tecnicos-ja-recusaram-proposta-para-treinar-o-santos-entenda\/#respond"]}],"copyrightYear":"2025","copyrightHolder":{"@id":"https:\/\/www.gaveanews.com\/#organization"}},{"@type":"WebPage","@id":"https:\/\/www.gaveanews.com\/index.php\/2025\/04\/22\/varios-tecnicos-ja-recusaram-proposta-para-treinar-o-santos-entenda\/","url":"https:\/\/www.gaveanews.com\/index.php\/2025\/04\/22\/varios-tecnicos-ja-recusaram-proposta-para-treinar-o-santos-entenda\/","name":"V\u00e1rios t\u00e9cnicos j\u00e1 recusaram proposta para treinar o Santos; entenda","isPartOf":{"@id":"https:\/\/www.gaveanews.com\/#website"},"primaryImageOfPage":{"@id":"https:\/\/www.gaveanews.com\/index.php\/2025\/04\/22\/varios-tecnicos-ja-recusaram-proposta-para-treinar-o-santos-entenda\/#primaryimage"},"image":{"@id":"https:\/\/www.gaveanews.com\/index.php\/2025\/04\/22\/varios-tecnicos-ja-recusaram-proposta-para-treinar-o-santos-entenda\/#primaryimage"},"thumbnailUrl":"https:\/\/www.gaveanews.com\/wp-content\/uploads\/Escudo-do-Santos-1.webp","datePublished":"2025-04-22T17:20:00+00:00","author":{"@id":"https:\/\/www.gaveanews.com\/#\/schema\/person\/3b19f7288b0ce20372991275e4f2e6c2"},"breadcrumb":{"@id":"https:\/\/www.gaveanews.com\/index.php\/2025\/04\/22\/varios-tecnicos-ja-recusaram-proposta-para-treinar-o-santos-entenda\/#breadcrumb"},"inLanguage":"pt-BR","potentialAction":[{"@type":"ReadAction","target":["https:\/\/www.gaveanews.com\/index.php\/2025\/04\/22\/varios-tecnicos-ja-recusaram-proposta-para-treinar-o-santos-entenda\/"]}]},{"@type":"ImageObject","inLanguage":"pt-BR","@id":"https:\/\/www.gaveanews.com\/index.php\/2025\/04\/22\/varios-tecnicos-ja-recusaram-proposta-para-treinar-o-santos-entenda\/#primaryimage","url":"https:\/\/www.gaveanews.com\/wp-content\/uploads\/Escudo-do-Santos-1.webp","contentUrl":"https:\/\/www.gaveanews.com\/wp-content\/uploads\/Escudo-do-Santos-1.webp","width":1300,"height":1056,"caption":"Escudo do Santos (Foto: Reprodu\u00e7\u00e3o\/Instagram)"},{"@type":"BreadcrumbList","@id":"https:\/\/www.gaveanews.com\/index.php\/2025\/04\/22\/varios-tecnicos-ja-recusaram-proposta-para-treinar-o-santos-entenda\/#breadcrumb","itemListElement":[{"@type":"ListItem","position":1,"name":"Home","item":"https:\/\/www.gaveanews.com\/"},{"@type":"ListItem","position":2,"name":"V\u00e1rios t\u00e9cnicos j\u00e1 recusaram proposta para treinar o Santos; entenda"}]},{"@type":"WebSite","@id":"https:\/\/www.gaveanews.com\/#website","url":"https:\/\/www.gaveanews.com\/","name":"G\u00e1vea News","description":"Veja todas as not\u00edcias sobre o Flamengo: Contrata\u00e7\u00f5es, categorias de base, resultados das partidas, tabela de classifica\u00e7\u00e3o, pr\u00f3ximos jogos!","potentialAction":[{"@type":"SearchAction","target":{"@type":"EntryPoint","urlTemplate":"https:\/\/www.gaveanews.com\/?s={search_term_string}"},"query-input":{"@type":"PropertyValueSpecification","valueRequired":true,"valueName":"search_term_string"}}],"inLanguage":"pt-BR"},{"@type":"Person","@id":"https:\/\/www.gaveanews.com\/#\/schema\/person\/3b19f7288b0ce20372991275e4f2e6c2","name":"Ana Teixeira","image":{"@type":"ImageObject","inLanguage":"pt-BR","@id":"https:\/\/www.gaveanews.com\/#\/schema\/person\/image\/","url":"https:\/\/secure.gravatar.com\/avatar\/0a73f5a5258f3fed37fc2fa641892f3f7a4748456d4d4792f9bc550e6c19e06c?s=96&d=mm&r=g","contentUrl":"https:\/\/secure.gravatar.com\/avatar\/0a73f5a5258f3fed37fc2fa641892f3f7a4748456d4d4792f9bc550e6c19e06c?s=96&d=mm&r=g","caption":"Ana Teixeira"}}]}},"_links":{"self":[{"href":"https:\/\/www.gaveanews.com\/index.php\/wp-json\/wp\/v2\/posts\/256259","targetHints":{"allow":["GET"]}}],"collection":[{"href":"https:\/\/www.gaveanews.com\/index.php\/wp-json\/wp\/v2\/posts"}],"about":[{"href":"https:\/\/www.gaveanews.com\/index.php\/wp-json\/wp\/v2\/types\/post"}],"author":[{"embeddable":true,"href":"https:\/\/www.gaveanews.com\/index.php\/wp-json\/wp\/v2\/users\/30"}],"replies":[{"embeddable":true,"href":"https:\/\/www.gaveanews.com\/index.php\/wp-json\/wp\/v2\/comments?post=256259"}],"version-history":[{"count":1,"href":"https:\/\/www.gaveanews.com\/index.php\/wp-json\/wp\/v2\/posts\/256259\/revisions"}],"predecessor-version":[{"id":256265,"href":"https:\/\/www.gaveanews.com\/index.php\/wp-json\/wp\/v2\/posts\/256259\/revisions\/256265"}],"wp:featuredmedia":[{"embeddable":true,"href":"https:\/\/www.gaveanews.com\/index.php\/wp-json\/wp\/v2\/media\/152156"}],"wp:attachment":[{"href":"https:\/\/www.gaveanews.com\/index.php\/wp-json\/wp\/v2\/media?parent=256259"}],"wp:term":[{"taxonomy":"category","embeddable":true,"href":"https:\/\/www.gaveanews.com\/index.php\/wp-json\/wp\/v2\/categories?post=256259"},{"taxonomy":"post_tag","embeddable":true,"href":"https:\/\/www.gaveanews.com\/index.php\/wp-json\/wp\/v2\/tags?post=256259"}],"curies":[{"name":"wp","href":"https:\/\/api.w.org\/{rel}","templated":true}]}}