{"id":256266,"date":"2025-04-22T14:30:00","date_gmt":"2025-04-22T17:30:00","guid":{"rendered":"https:\/\/www.gaveanews.com\/?p=256266"},"modified":"2025-04-22T13:56:09","modified_gmt":"2025-04-22T16:56:09","slug":"flamengo-e-obrigado-a-mudar-os-planos-entenda","status":"publish","type":"post","link":"https:\/\/www.gaveanews.com\/index.php\/2025\/04\/22\/flamengo-e-obrigado-a-mudar-os-planos-entenda\/","title":{"rendered":"Flamengo \u00e9 obrigado a mudar os planos; entenda"},"content":{"rendered":"\n<p>Ap\u00f3s a inesperada derrota para o Central C\u00f3rdoba, em pleno Maracan\u00e3, o Flamengo se v\u00ea pressionado a alterar prioridades e colocar a Copa Libertadores no centro de seu planejamento imediato. O confronto contra a LDU, marcado para esta ter\u00e7a-feira (22), \u00e0s 19 horas, em Quito, passou a ser tratado com m\u00e1xima import\u00e2ncia no clube \u2014 diferentemente do duelo anterior, por exemplo. <\/p>\n\n\n\n<p>A diretoria rubro-negra garante a Libertadores como uma prioridade, mas h\u00e1 jogador que rebata a vers\u00e3o e cite ordens pelo Brasileiro. Contudo, a derrota em casa exp\u00f4s fragilidades e exigiu uma reavalia\u00e7\u00e3o estrat\u00e9gica, haja visto que Flamengo soma apenas tr\u00eas pontos em duas partidas no Grupo C, ocupando a terceira coloca\u00e7\u00e3o. <\/p>\n\n\n\n<h2 class=\"wp-block-heading\" id=\"h-elenco-ajustado-e-desgaste-fisico-no-radar\">Elenco ajustado e desgaste f\u00edsico no radar<\/h2>\n\n\n\n<p>O t\u00e9cnico Filipe Lu\u00eds reconheceu o desafio log\u00edstico e f\u00edsico que envolve a maratona de jogos. \u201cJogo a cada tr\u00eas dias \u00e9 desgastante, as les\u00f5es come\u00e7am a aparecer. Quando n\u00e3o tem a diferen\u00e7a de quatro dias \u00e9 muito pior\u201d, afirmou o treinador, ressaltando que o processo de recupera\u00e7\u00e3o dos atletas se torna ainda mais delicado com viagens longas e jogos decisivos.<\/p>\n\n\n\n<p>Nesse contexto, o Flamengo deve optar por preservar algumas pe\u00e7as importantes. O capit\u00e3o Gerson, por exemplo, foi substitu\u00eddo no cl\u00e1ssico contra o Vasco com anteced\u00eancia, j\u00e1 pensando no embate contra a LDU. J\u00e1 Arrascaeta, que atuou os 90 minutos, pode ser poupado por apresentar dificuldades fisiol\u00f3gicas em jogos na altitude. <\/p>\n\n\n\n<p>\u201cA longo prazo \u00e9 muito complicado, mas \u00e9 igual para todo mundo. N\u00e3o podemos reclamar, temos que nos adaptar\u201d, completou Filipe Lu\u00eds.<\/p>\n\n\n\n<p>Al\u00e9m de Arrascaeta, outros atletas como Allan e De La Cruz permaneceram no Rio justamente por precau\u00e7\u00e3o. A decis\u00e3o final sobre quem entra em campo ser\u00e1 tomada horas antes do jogo, com base em avalia\u00e7\u00f5es f\u00edsicas atualizadas. Por ora, os testes realizados n\u00e3o indicaram limita\u00e7\u00f5es severas entre os jogadores que viajaram.<\/p>\n\n\n\n<h2 class=\"wp-block-heading\" id=\"h-estrategia-tatica-e-alternativas-em-campo\">Estrat\u00e9gia t\u00e1tica e alternativas em campo<\/h2>\n\n\n\n<p>Com o desfalque de Alex Sandro por les\u00e3o, a lateral esquerda segue em aberto, sendo disputada entre Varela e Ayrton Lucas. Filipe Lu\u00eds tamb\u00e9m sinalizou a possibilidade de utilizar o esquema com tr\u00eas zagueiros, aproveitando o retorno de Danilo ap\u00f3s les\u00e3o. <\/p>\n\n\n\n<p>\u201cCom certeza, \u00e9 uma possibilidade que eu contemplo\u201d, disse o treinador, citando nomes como L\u00e9o Ortiz e L\u00e9o Pereira como pe\u00e7as vi\u00e1veis para a forma\u00e7\u00e3o.<\/p>\n\n\n\n<p>Entre os atletas mais cotados para come\u00e7ar a partida est\u00e3o Bruno Henrique, Plata e Michael \u2014 jogadores com maior vigor f\u00edsico e capacidade de manter intensidade em condi\u00e7\u00f5es extremas. O equil\u00edbrio entre t\u00e9cnica e preparo f\u00edsico ser\u00e1 essencial para enfrentar os desafios da altitude e o retrospecto pouco animador da equipe fora de casa em torneios sul-americanos.<\/p>\n\n\n\n<h2 class=\"wp-block-heading\" id=\"h-historico-na-altitude-e-peso-do-confronto\">Hist\u00f3rico na altitude e peso do confronto<\/h2>\n\n\n\n<p>Desde 2021, o Flamengo n\u00e3o vence a LDU fora de casa. Naquele ano, sob o comando de Rog\u00e9rio Ceni, o time conseguiu um triunfo por 3 a 2 em Quito, com destaque para os gols de Gabigol e Bruno Henrique, al\u00e9m de um p\u00eanalti sofrido por Arrascaeta. Entretanto, a hist\u00f3ria entre os clubes mostra equil\u00edbrio, com uma vit\u00f3ria para cada lado e um empate nos \u00faltimos tr\u00eas confrontos.<\/p>\n\n\n\n<p>A altitude, ali\u00e1s, \u00e9 um fator historicamente negativo para o rubro-negro. Em partidas disputadas acima dos 2.500 metros em competi\u00e7\u00f5es continentais, o time carioca soma apenas quatro vit\u00f3rias em 17 jogos \u2014 um aproveitamento de 31,37%. Esse hist\u00f3rico refor\u00e7a o peso e a complexidade do desafio desta noite.<\/p>\n\n\n\n<p><\/p>\n","protected":false},"excerpt":{"rendered":"<p>Ap\u00f3s a inesperada derrota para o Central C\u00f3rdoba, em pleno Maracan\u00e3, o Flamengo se v\u00ea pressionado a alterar prioridades e colocar a Copa Libertadores no centro de seu planejamento imediato. O confronto contra a LDU, marcado para esta ter\u00e7a-feira (22), \u00e0s 19 horas, em Quito, passou a ser tratado com m\u00e1xima import\u00e2ncia no clube \u2014 [&hellip;]<\/p>\n","protected":false},"author":30,"featured_media":249228,"comment_status":"open","ping_status":"closed","sticky":false,"template":"","format":"standard","meta":{"footnotes":""},"categories":[1],"tags":[],"class_list":["post-256266","post","type-post","status-publish","format-standard","has-post-thumbnail","hentry","category-flamengo"],"yoast_head":"<!-- This site is optimized with the Yoast SEO Premium plugin v24.2 (Yoast SEO v26.9) - https:\/\/yoast.com\/product\/yoast-seo-premium-wordpress\/ -->\n<title>Flamengo \u00e9 obrigado a mudar os planos; entenda<\/title>\n<meta name=\"robots\" content=\"index, follow, max-snippet:-1, max-image-preview:large, max-video-preview:-1\" \/>\n<link rel=\"canonical\" href=\"https:\/\/www.gaveanews.com\/index.php\/2025\/04\/22\/flamengo-e-obrigado-a-mudar-os-planos-entenda\/\" \/>\n<meta property=\"og:locale\" content=\"pt_BR\" \/>\n<meta property=\"og:type\" content=\"article\" \/>\n<meta property=\"og:title\" content=\"Flamengo \u00e9 obrigado a mudar os planos; entenda\" \/>\n<meta property=\"og:description\" content=\"Ap\u00f3s a inesperada derrota para o Central C\u00f3rdoba, em pleno Maracan\u00e3, o Flamengo se v\u00ea pressionado a alterar prioridades e colocar a Copa Libertadores no centro de seu planejamento imediato. O confronto contra a LDU, marcado para esta ter\u00e7a-feira (22), \u00e0s 19 horas, em Quito, passou a ser tratado com m\u00e1xima import\u00e2ncia no clube \u2014 [&hellip;]\" \/>\n<meta property=\"og:url\" content=\"https:\/\/www.gaveanews.com\/index.php\/2025\/04\/22\/flamengo-e-obrigado-a-mudar-os-planos-entenda\/\" \/>\n<meta property=\"og:site_name\" content=\"G\u00e1vea News\" \/>\n<meta property=\"article:publisher\" content=\"https:\/\/facebook.com\/gaveaNews\/\" \/>\n<meta property=\"article:published_time\" content=\"2025-04-22T17:30:00+00:00\" \/>\n<meta property=\"og:image\" content=\"https:\/\/www.gaveanews.com\/wp-content\/uploads\/Filipe-Luis-e-Jose-Boto-pelo-Flamengo.webp\" \/>\n\t<meta property=\"og:image:width\" content=\"805\" \/>\n\t<meta property=\"og:image:height\" content=\"538\" \/>\n\t<meta property=\"og:image:type\" content=\"image\/jpeg\" \/>\n<meta name=\"author\" content=\"Ana Teixeira\" \/>\n<meta name=\"twitter:card\" content=\"summary_large_image\" \/>\n<meta name=\"twitter:label1\" content=\"Escrito por\" \/>\n\t<meta name=\"twitter:data1\" content=\"Ana Teixeira\" \/>\n\t<meta name=\"twitter:label2\" content=\"Est. tempo de leitura\" \/>\n\t<meta name=\"twitter:data2\" content=\"4 minutos\" \/>\n<script type=\"application\/ld+json\" class=\"yoast-schema-graph\">{\"@context\":\"https:\/\/schema.org\",\"@graph\":[{\"@type\":\"NewsArticle\",\"@id\":\"https:\/\/www.gaveanews.com\/index.php\/2025\/04\/22\/flamengo-e-obrigado-a-mudar-os-planos-entenda\/#article\",\"isPartOf\":{\"@id\":\"https:\/\/www.gaveanews.com\/index.php\/2025\/04\/22\/flamengo-e-obrigado-a-mudar-os-planos-entenda\/\"},\"author\":{\"name\":\"Ana Teixeira\",\"@id\":\"https:\/\/www.gaveanews.com\/#\/schema\/person\/3b19f7288b0ce20372991275e4f2e6c2\"},\"headline\":\"Flamengo \u00e9 obrigado a mudar os planos; entenda\",\"datePublished\":\"2025-04-22T17:30:00+00:00\",\"mainEntityOfPage\":{\"@id\":\"https:\/\/www.gaveanews.com\/index.php\/2025\/04\/22\/flamengo-e-obrigado-a-mudar-os-planos-entenda\/\"},\"wordCount\":615,\"commentCount\":0,\"image\":{\"@id\":\"https:\/\/www.gaveanews.com\/index.php\/2025\/04\/22\/flamengo-e-obrigado-a-mudar-os-planos-entenda\/#primaryimage\"},\"thumbnailUrl\":\"https:\/\/www.gaveanews.com\/wp-content\/uploads\/Filipe-Luis-e-Jose-Boto-pelo-Flamengo.webp\",\"articleSection\":[\"Flamengo\"],\"inLanguage\":\"pt-BR\",\"potentialAction\":[{\"@type\":\"CommentAction\",\"name\":\"Comment\",\"target\":[\"https:\/\/www.gaveanews.com\/index.php\/2025\/04\/22\/flamengo-e-obrigado-a-mudar-os-planos-entenda\/#respond\"]}],\"copyrightYear\":\"2025\",\"copyrightHolder\":{\"@id\":\"https:\/\/www.gaveanews.com\/#organization\"}},{\"@type\":\"WebPage\",\"@id\":\"https:\/\/www.gaveanews.com\/index.php\/2025\/04\/22\/flamengo-e-obrigado-a-mudar-os-planos-entenda\/\",\"url\":\"https:\/\/www.gaveanews.com\/index.php\/2025\/04\/22\/flamengo-e-obrigado-a-mudar-os-planos-entenda\/\",\"name\":\"Flamengo \u00e9 obrigado a mudar os planos; entenda\",\"isPartOf\":{\"@id\":\"https:\/\/www.gaveanews.com\/#website\"},\"primaryImageOfPage\":{\"@id\":\"https:\/\/www.gaveanews.com\/index.php\/2025\/04\/22\/flamengo-e-obrigado-a-mudar-os-planos-entenda\/#primaryimage\"},\"image\":{\"@id\":\"https:\/\/www.gaveanews.com\/index.php\/2025\/04\/22\/flamengo-e-obrigado-a-mudar-os-planos-entenda\/#primaryimage\"},\"thumbnailUrl\":\"https:\/\/www.gaveanews.com\/wp-content\/uploads\/Filipe-Luis-e-Jose-Boto-pelo-Flamengo.webp\",\"datePublished\":\"2025-04-22T17:30:00+00:00\",\"author\":{\"@id\":\"https:\/\/www.gaveanews.com\/#\/schema\/person\/3b19f7288b0ce20372991275e4f2e6c2\"},\"breadcrumb\":{\"@id\":\"https:\/\/www.gaveanews.com\/index.php\/2025\/04\/22\/flamengo-e-obrigado-a-mudar-os-planos-entenda\/#breadcrumb\"},\"inLanguage\":\"pt-BR\",\"potentialAction\":[{\"@type\":\"ReadAction\",\"target\":[\"https:\/\/www.gaveanews.com\/index.php\/2025\/04\/22\/flamengo-e-obrigado-a-mudar-os-planos-entenda\/\"]}]},{\"@type\":\"ImageObject\",\"inLanguage\":\"pt-BR\",\"@id\":\"https:\/\/www.gaveanews.com\/index.php\/2025\/04\/22\/flamengo-e-obrigado-a-mudar-os-planos-entenda\/#primaryimage\",\"url\":\"https:\/\/www.gaveanews.com\/wp-content\/uploads\/Filipe-Luis-e-Jose-Boto-pelo-Flamengo.webp\",\"contentUrl\":\"https:\/\/www.gaveanews.com\/wp-content\/uploads\/Filipe-Luis-e-Jose-Boto-pelo-Flamengo.webp\",\"width\":805,\"height\":538,\"caption\":\"Filipe Lu\u00eds e Jos\u00e9 Boto pelo Flamengo (Foto: divulga\u00e7\u00e3o\/Flamengo)\"},{\"@type\":\"BreadcrumbList\",\"@id\":\"https:\/\/www.gaveanews.com\/index.php\/2025\/04\/22\/flamengo-e-obrigado-a-mudar-os-planos-entenda\/#breadcrumb\",\"itemListElement\":[{\"@type\":\"ListItem\",\"position\":1,\"name\":\"Home\",\"item\":\"https:\/\/www.gaveanews.com\/\"},{\"@type\":\"ListItem\",\"position\":2,\"name\":\"Flamengo \u00e9 obrigado a mudar os planos; entenda\"}]},{\"@type\":\"WebSite\",\"@id\":\"https:\/\/www.gaveanews.com\/#website\",\"url\":\"https:\/\/www.gaveanews.com\/\",\"name\":\"G\u00e1vea News\",\"description\":\"Veja todas as not\u00edcias sobre o Flamengo: Contrata\u00e7\u00f5es, categorias de base, resultados das partidas, tabela de classifica\u00e7\u00e3o, pr\u00f3ximos jogos!\",\"potentialAction\":[{\"@type\":\"SearchAction\",\"target\":{\"@type\":\"EntryPoint\",\"urlTemplate\":\"https:\/\/www.gaveanews.com\/?s={search_term_string}\"},\"query-input\":{\"@type\":\"PropertyValueSpecification\",\"valueRequired\":true,\"valueName\":\"search_term_string\"}}],\"inLanguage\":\"pt-BR\"},{\"@type\":\"Person\",\"@id\":\"https:\/\/www.gaveanews.com\/#\/schema\/person\/3b19f7288b0ce20372991275e4f2e6c2\",\"name\":\"Ana Teixeira\",\"image\":{\"@type\":\"ImageObject\",\"inLanguage\":\"pt-BR\",\"@id\":\"https:\/\/www.gaveanews.com\/#\/schema\/person\/image\/\",\"url\":\"https:\/\/secure.gravatar.com\/avatar\/0a73f5a5258f3fed37fc2fa641892f3f7a4748456d4d4792f9bc550e6c19e06c?s=96&d=mm&r=g\",\"contentUrl\":\"https:\/\/secure.gravatar.com\/avatar\/0a73f5a5258f3fed37fc2fa641892f3f7a4748456d4d4792f9bc550e6c19e06c?s=96&d=mm&r=g\",\"caption\":\"Ana Teixeira\"}}]}<\/script>\n<!-- \/ Yoast SEO Premium plugin. -->","yoast_head_json":{"title":"Flamengo \u00e9 obrigado a mudar os planos; entenda","robots":{"index":"index","follow":"follow","max-snippet":"max-snippet:-1","max-image-preview":"max-image-preview:large","max-video-preview":"max-video-preview:-1"},"canonical":"https:\/\/www.gaveanews.com\/index.php\/2025\/04\/22\/flamengo-e-obrigado-a-mudar-os-planos-entenda\/","og_locale":"pt_BR","og_type":"article","og_title":"Flamengo \u00e9 obrigado a mudar os planos; entenda","og_description":"Ap\u00f3s a inesperada derrota para o Central C\u00f3rdoba, em pleno Maracan\u00e3, o Flamengo se v\u00ea pressionado a alterar prioridades e colocar a Copa Libertadores no centro de seu planejamento imediato. O confronto contra a LDU, marcado para esta ter\u00e7a-feira (22), \u00e0s 19 horas, em Quito, passou a ser tratado com m\u00e1xima import\u00e2ncia no clube \u2014 [&hellip;]","og_url":"https:\/\/www.gaveanews.com\/index.php\/2025\/04\/22\/flamengo-e-obrigado-a-mudar-os-planos-entenda\/","og_site_name":"G\u00e1vea News","article_publisher":"https:\/\/facebook.com\/gaveaNews\/","article_published_time":"2025-04-22T17:30:00+00:00","og_image":[{"width":805,"height":538,"url":"https:\/\/www.gaveanews.com\/wp-content\/uploads\/Filipe-Luis-e-Jose-Boto-pelo-Flamengo.webp","type":"image\/jpeg"}],"author":"Ana Teixeira","twitter_card":"summary_large_image","twitter_misc":{"Escrito por":"Ana Teixeira","Est. tempo de leitura":"4 minutos"},"schema":{"@context":"https:\/\/schema.org","@graph":[{"@type":"NewsArticle","@id":"https:\/\/www.gaveanews.com\/index.php\/2025\/04\/22\/flamengo-e-obrigado-a-mudar-os-planos-entenda\/#article","isPartOf":{"@id":"https:\/\/www.gaveanews.com\/index.php\/2025\/04\/22\/flamengo-e-obrigado-a-mudar-os-planos-entenda\/"},"author":{"name":"Ana Teixeira","@id":"https:\/\/www.gaveanews.com\/#\/schema\/person\/3b19f7288b0ce20372991275e4f2e6c2"},"headline":"Flamengo \u00e9 obrigado a mudar os planos; entenda","datePublished":"2025-04-22T17:30:00+00:00","mainEntityOfPage":{"@id":"https:\/\/www.gaveanews.com\/index.php\/2025\/04\/22\/flamengo-e-obrigado-a-mudar-os-planos-entenda\/"},"wordCount":615,"commentCount":0,"image":{"@id":"https:\/\/www.gaveanews.com\/index.php\/2025\/04\/22\/flamengo-e-obrigado-a-mudar-os-planos-entenda\/#primaryimage"},"thumbnailUrl":"https:\/\/www.gaveanews.com\/wp-content\/uploads\/Filipe-Luis-e-Jose-Boto-pelo-Flamengo.webp","articleSection":["Flamengo"],"inLanguage":"pt-BR","potentialAction":[{"@type":"CommentAction","name":"Comment","target":["https:\/\/www.gaveanews.com\/index.php\/2025\/04\/22\/flamengo-e-obrigado-a-mudar-os-planos-entenda\/#respond"]}],"copyrightYear":"2025","copyrightHolder":{"@id":"https:\/\/www.gaveanews.com\/#organization"}},{"@type":"WebPage","@id":"https:\/\/www.gaveanews.com\/index.php\/2025\/04\/22\/flamengo-e-obrigado-a-mudar-os-planos-entenda\/","url":"https:\/\/www.gaveanews.com\/index.php\/2025\/04\/22\/flamengo-e-obrigado-a-mudar-os-planos-entenda\/","name":"Flamengo \u00e9 obrigado a mudar os planos; entenda","isPartOf":{"@id":"https:\/\/www.gaveanews.com\/#website"},"primaryImageOfPage":{"@id":"https:\/\/www.gaveanews.com\/index.php\/2025\/04\/22\/flamengo-e-obrigado-a-mudar-os-planos-entenda\/#primaryimage"},"image":{"@id":"https:\/\/www.gaveanews.com\/index.php\/2025\/04\/22\/flamengo-e-obrigado-a-mudar-os-planos-entenda\/#primaryimage"},"thumbnailUrl":"https:\/\/www.gaveanews.com\/wp-content\/uploads\/Filipe-Luis-e-Jose-Boto-pelo-Flamengo.webp","datePublished":"2025-04-22T17:30:00+00:00","author":{"@id":"https:\/\/www.gaveanews.com\/#\/schema\/person\/3b19f7288b0ce20372991275e4f2e6c2"},"breadcrumb":{"@id":"https:\/\/www.gaveanews.com\/index.php\/2025\/04\/22\/flamengo-e-obrigado-a-mudar-os-planos-entenda\/#breadcrumb"},"inLanguage":"pt-BR","potentialAction":[{"@type":"ReadAction","target":["https:\/\/www.gaveanews.com\/index.php\/2025\/04\/22\/flamengo-e-obrigado-a-mudar-os-planos-entenda\/"]}]},{"@type":"ImageObject","inLanguage":"pt-BR","@id":"https:\/\/www.gaveanews.com\/index.php\/2025\/04\/22\/flamengo-e-obrigado-a-mudar-os-planos-entenda\/#primaryimage","url":"https:\/\/www.gaveanews.com\/wp-content\/uploads\/Filipe-Luis-e-Jose-Boto-pelo-Flamengo.webp","contentUrl":"https:\/\/www.gaveanews.com\/wp-content\/uploads\/Filipe-Luis-e-Jose-Boto-pelo-Flamengo.webp","width":805,"height":538,"caption":"Filipe Lu\u00eds e Jos\u00e9 Boto pelo Flamengo (Foto: divulga\u00e7\u00e3o\/Flamengo)"},{"@type":"BreadcrumbList","@id":"https:\/\/www.gaveanews.com\/index.php\/2025\/04\/22\/flamengo-e-obrigado-a-mudar-os-planos-entenda\/#breadcrumb","itemListElement":[{"@type":"ListItem","position":1,"name":"Home","item":"https:\/\/www.gaveanews.com\/"},{"@type":"ListItem","position":2,"name":"Flamengo \u00e9 obrigado a mudar os planos; entenda"}]},{"@type":"WebSite","@id":"https:\/\/www.gaveanews.com\/#website","url":"https:\/\/www.gaveanews.com\/","name":"G\u00e1vea News","description":"Veja todas as not\u00edcias sobre o Flamengo: Contrata\u00e7\u00f5es, categorias de base, resultados das partidas, tabela de classifica\u00e7\u00e3o, pr\u00f3ximos jogos!","potentialAction":[{"@type":"SearchAction","target":{"@type":"EntryPoint","urlTemplate":"https:\/\/www.gaveanews.com\/?s={search_term_string}"},"query-input":{"@type":"PropertyValueSpecification","valueRequired":true,"valueName":"search_term_string"}}],"inLanguage":"pt-BR"},{"@type":"Person","@id":"https:\/\/www.gaveanews.com\/#\/schema\/person\/3b19f7288b0ce20372991275e4f2e6c2","name":"Ana Teixeira","image":{"@type":"ImageObject","inLanguage":"pt-BR","@id":"https:\/\/www.gaveanews.com\/#\/schema\/person\/image\/","url":"https:\/\/secure.gravatar.com\/avatar\/0a73f5a5258f3fed37fc2fa641892f3f7a4748456d4d4792f9bc550e6c19e06c?s=96&d=mm&r=g","contentUrl":"https:\/\/secure.gravatar.com\/avatar\/0a73f5a5258f3fed37fc2fa641892f3f7a4748456d4d4792f9bc550e6c19e06c?s=96&d=mm&r=g","caption":"Ana Teixeira"}}]}},"_links":{"self":[{"href":"https:\/\/www.gaveanews.com\/index.php\/wp-json\/wp\/v2\/posts\/256266","targetHints":{"allow":["GET"]}}],"collection":[{"href":"https:\/\/www.gaveanews.com\/index.php\/wp-json\/wp\/v2\/posts"}],"about":[{"href":"https:\/\/www.gaveanews.com\/index.php\/wp-json\/wp\/v2\/types\/post"}],"author":[{"embeddable":true,"href":"https:\/\/www.gaveanews.com\/index.php\/wp-json\/wp\/v2\/users\/30"}],"replies":[{"embeddable":true,"href":"https:\/\/www.gaveanews.com\/index.php\/wp-json\/wp\/v2\/comments?post=256266"}],"version-history":[{"count":1,"href":"https:\/\/www.gaveanews.com\/index.php\/wp-json\/wp\/v2\/posts\/256266\/revisions"}],"predecessor-version":[{"id":256272,"href":"https:\/\/www.gaveanews.com\/index.php\/wp-json\/wp\/v2\/posts\/256266\/revisions\/256272"}],"wp:featuredmedia":[{"embeddable":true,"href":"https:\/\/www.gaveanews.com\/index.php\/wp-json\/wp\/v2\/media\/249228"}],"wp:attachment":[{"href":"https:\/\/www.gaveanews.com\/index.php\/wp-json\/wp\/v2\/media?parent=256266"}],"wp:term":[{"taxonomy":"category","embeddable":true,"href":"https:\/\/www.gaveanews.com\/index.php\/wp-json\/wp\/v2\/categories?post=256266"},{"taxonomy":"post_tag","embeddable":true,"href":"https:\/\/www.gaveanews.com\/index.php\/wp-json\/wp\/v2\/tags?post=256266"}],"curies":[{"name":"wp","href":"https:\/\/api.w.org\/{rel}","templated":true}]}}