{"id":256267,"date":"2025-04-22T14:35:00","date_gmt":"2025-04-22T17:35:00","guid":{"rendered":"https:\/\/www.gaveanews.com\/?p=256267"},"modified":"2025-04-22T13:52:02","modified_gmt":"2025-04-22T16:52:02","slug":"estadio-de-futebol-recebera-o-nome-de-papa-francisco-veja","status":"publish","type":"post","link":"https:\/\/www.gaveanews.com\/index.php\/2025\/04\/22\/estadio-de-futebol-recebera-o-nome-de-papa-francisco-veja\/","title":{"rendered":"Est\u00e1dio de futebol receber\u00e1 o nome de Papa Francisco; veja"},"content":{"rendered":"\n<p>O San Lorenzo anunciou que seu novo est\u00e1dio, que ser\u00e1 erguido no bairro de Boedo, poder\u00e1 receber o nome de Papa Francisco. A decis\u00e3o, conforme revelado pelo presidente Marcelo Moretti, foi precedida por uma visita ao Vaticano em setembro de 2024, quando o dirigente fez pessoalmente o pedido ao ent\u00e3o pont\u00edfice Jorge Mario Bergoglio, que faleceu nesta segunda-feira (21), aos 88 anos, v\u00edtima de um AVC e insufici\u00eancia card\u00edaca.<\/p>\n\n\n\n<p>\u201c<em>Fui visit\u00e1-lo como representante institucional. Nessa visita, levei muitos presentes do clube e pedi sua autoriza\u00e7\u00e3o para que o novo est\u00e1dio levasse o nome de Papa Francisco. Sua resposta foi aceitar e ele o fez com grande emo\u00e7\u00e3o<\/em>\u201d, declarou Moretti em entrevista reproduzida por ve\u00edculos argentinos. Ali\u00e1s, o dirigente relatou que, durante o encontro, o pont\u00edfice autografou uma camisa simb\u00f3lica do San Lorenzo, pe\u00e7a que ser\u00e1 exposta no hall principal do novo est\u00e1dio ap\u00f3s sua inaugura\u00e7\u00e3o.<\/p>\n\n\n\n<h2 class=\"wp-block-heading\" id=\"h-ligacao-historica-entre-bergoglio-e-o-clube\">Liga\u00e7\u00e3o hist\u00f3rica entre Bergoglio e o clube<\/h2>\n\n\n\n<p>O carinho entre o Papa Francisco e o San Lorenzo era amplamente conhecido na Argentina. Torcedor declarado do clube desde a inf\u00e2ncia, Bergoglio foi introduzido ao ambiente alvirrubro por influ\u00eancia do pai, Mario Giuseppe, que chegou a atuar como jogador de basquete no clube. Criado no bairro de Flores, regi\u00e3o onde o San Lorenzo tem sua atual sede, Jorge Mario desenvolveu v\u00ednculos profundos com o time, acompanhando-o desde os primeiros anos de vida.<\/p>\n\n\n\n<p>Conforme registros hist\u00f3ricos do pr\u00f3prio clube, o futuro Papa n\u00e3o perdeu nenhum jogo da campanha vitoriosa do t\u00edtulo argentino de 1946, quando tinha apenas dez anos de idade. O San Lorenzo, por sua vez, retribuiu o afeto ao enviar, em 2013, uma camisa comemorativa com a imagem do ent\u00e3o rec\u00e9m-eleito Papa e os dizeres: <em>\u201cPapa Francisco, rezamos por ti. Reza por n\u00f3s\u201d<\/em>.<\/p>\n\n\n\n<h2 class=\"wp-block-heading\" id=\"h-coincidencias-e-homenagens\">Coincid\u00eancias e homenagens<\/h2>\n\n\n\n<p>Inesperadamente, detalhes curiosos marcaram a despedida do pont\u00edfice. A morte ocorreu \u00e0s 2h35 (hor\u00e1rio de Bras\u00edlia), e o n\u00famero da carteirinha de s\u00f3cio do Papa no San Lorenzo era 88235 \u2014 jun\u00e7\u00e3o exata de sua idade e o hor\u00e1rio de falecimento no fuso argentino. O clube tamb\u00e9m compartilhou nas redes sociais um v\u00eddeo comovente de despedida, contendo imagens hist\u00f3ricas do Papa com o uniforme do clube e sua carteirinha de s\u00f3cio.<\/p>\n\n\n\n<p>Al\u00e9m disso, \u00e9 digno de nota que o auge da gest\u00e3o de Francisco \u00e0 frente da Igreja Cat\u00f3lica coincidiu com conquistas expressivas tanto do San Lorenzo quanto da sele\u00e7\u00e3o argentina. Em 2014, o clube de Boedo conquistou pela primeira vez a Copa Libertadores da Am\u00e9rica. Como resultado, a delega\u00e7\u00e3o viajou a Roma para apresentar pessoalmente o trof\u00e9u ao Papa. A sele\u00e7\u00e3o nacional, por sua vez, encerrou um jejum de t\u00edtulos que durava desde 1993.<\/p>\n\n\n\n<h2 class=\"wp-block-heading\" id=\"h-ultimos-contatos\">\u00daltimos contatos<\/h2>\n\n\n\n<p>Ainda em vida, Francisco demonstrava aten\u00e7\u00e3o ao clube. Segundo Moretti, um m\u00eas antes de sua morte, o Papa respondeu a uma carta na qual o presidente dizia estar rezando por sua sa\u00fade. \u201c<em>Ele agradeceu pelo gesto e nos emocionou mais uma vez<\/em>\u201d, revelou o dirigente argentino. A cerim\u00f4nia de sepultamento ser\u00e1 realizada na Bas\u00edlica de Santa Maria Maggiore, em Roma, em vez da tradicional Bas\u00edlica de S\u00e3o Pedro.<\/p>\n\n\n\n<p><\/p>\n","protected":false},"excerpt":{"rendered":"<p>O San Lorenzo anunciou que seu novo est\u00e1dio, que ser\u00e1 erguido no bairro de Boedo, poder\u00e1 receber o nome de Papa Francisco. A decis\u00e3o, conforme revelado pelo presidente Marcelo Moretti, foi precedida por uma visita ao Vaticano em setembro de 2024, quando o dirigente fez pessoalmente o pedido ao ent\u00e3o pont\u00edfice Jorge Mario Bergoglio, que [&hellip;]<\/p>\n","protected":false},"author":30,"featured_media":255788,"comment_status":"open","ping_status":"closed","sticky":false,"template":"","format":"standard","meta":{"footnotes":""},"categories":[47,78],"tags":[],"class_list":["post-256267","post","type-post","status-publish","format-standard","has-post-thumbnail","hentry","category-destaques","category-futebol-internacional"],"yoast_head":"<!-- This site is optimized with the Yoast SEO Premium plugin v24.2 (Yoast SEO v26.9) - https:\/\/yoast.com\/product\/yoast-seo-premium-wordpress\/ -->\n<title>Est\u00e1dio de futebol receber\u00e1 o nome de Papa Francisco; veja<\/title>\n<meta name=\"robots\" content=\"index, follow, max-snippet:-1, max-image-preview:large, max-video-preview:-1\" \/>\n<link rel=\"canonical\" href=\"https:\/\/www.gaveanews.com\/index.php\/2025\/04\/22\/estadio-de-futebol-recebera-o-nome-de-papa-francisco-veja\/\" \/>\n<meta property=\"og:locale\" content=\"pt_BR\" \/>\n<meta property=\"og:type\" content=\"article\" \/>\n<meta property=\"og:title\" content=\"Est\u00e1dio de futebol receber\u00e1 o nome de Papa Francisco; veja\" \/>\n<meta property=\"og:description\" content=\"O San Lorenzo anunciou que seu novo est\u00e1dio, que ser\u00e1 erguido no bairro de Boedo, poder\u00e1 receber o nome de Papa Francisco. A decis\u00e3o, conforme revelado pelo presidente Marcelo Moretti, foi precedida por uma visita ao Vaticano em setembro de 2024, quando o dirigente fez pessoalmente o pedido ao ent\u00e3o pont\u00edfice Jorge Mario Bergoglio, que [&hellip;]\" \/>\n<meta property=\"og:url\" content=\"https:\/\/www.gaveanews.com\/index.php\/2025\/04\/22\/estadio-de-futebol-recebera-o-nome-de-papa-francisco-veja\/\" \/>\n<meta property=\"og:site_name\" content=\"G\u00e1vea News\" \/>\n<meta property=\"article:publisher\" content=\"https:\/\/facebook.com\/gaveaNews\/\" \/>\n<meta property=\"article:published_time\" content=\"2025-04-22T17:35:00+00:00\" \/>\n<meta property=\"og:image\" content=\"https:\/\/www.gaveanews.com\/wp-content\/uploads\/Papa-Francisco-em-sua-ultima-aparicao-publica.webp\" \/>\n\t<meta property=\"og:image:width\" content=\"1200\" \/>\n\t<meta property=\"og:image:height\" content=\"800\" \/>\n\t<meta property=\"og:image:type\" content=\"image\/png\" \/>\n<meta name=\"author\" content=\"Ana Teixeira\" \/>\n<meta name=\"twitter:card\" content=\"summary_large_image\" \/>\n<meta name=\"twitter:label1\" content=\"Escrito por\" \/>\n\t<meta name=\"twitter:data1\" content=\"Ana Teixeira\" \/>\n\t<meta name=\"twitter:label2\" content=\"Est. tempo de leitura\" \/>\n\t<meta name=\"twitter:data2\" content=\"3 minutos\" \/>\n<script type=\"application\/ld+json\" class=\"yoast-schema-graph\">{\"@context\":\"https:\/\/schema.org\",\"@graph\":[{\"@type\":\"NewsArticle\",\"@id\":\"https:\/\/www.gaveanews.com\/index.php\/2025\/04\/22\/estadio-de-futebol-recebera-o-nome-de-papa-francisco-veja\/#article\",\"isPartOf\":{\"@id\":\"https:\/\/www.gaveanews.com\/index.php\/2025\/04\/22\/estadio-de-futebol-recebera-o-nome-de-papa-francisco-veja\/\"},\"author\":{\"name\":\"Ana Teixeira\",\"@id\":\"https:\/\/www.gaveanews.com\/#\/schema\/person\/3b19f7288b0ce20372991275e4f2e6c2\"},\"headline\":\"Est\u00e1dio de futebol receber\u00e1 o nome de Papa Francisco; veja\",\"datePublished\":\"2025-04-22T17:35:00+00:00\",\"mainEntityOfPage\":{\"@id\":\"https:\/\/www.gaveanews.com\/index.php\/2025\/04\/22\/estadio-de-futebol-recebera-o-nome-de-papa-francisco-veja\/\"},\"wordCount\":565,\"commentCount\":0,\"image\":{\"@id\":\"https:\/\/www.gaveanews.com\/index.php\/2025\/04\/22\/estadio-de-futebol-recebera-o-nome-de-papa-francisco-veja\/#primaryimage\"},\"thumbnailUrl\":\"https:\/\/www.gaveanews.com\/wp-content\/uploads\/Papa-Francisco-em-sua-ultima-aparicao-publica.webp\",\"articleSection\":[\"Destaques\",\"Futebol Internacional\"],\"inLanguage\":\"pt-BR\",\"potentialAction\":[{\"@type\":\"CommentAction\",\"name\":\"Comment\",\"target\":[\"https:\/\/www.gaveanews.com\/index.php\/2025\/04\/22\/estadio-de-futebol-recebera-o-nome-de-papa-francisco-veja\/#respond\"]}],\"copyrightYear\":\"2025\",\"copyrightHolder\":{\"@id\":\"https:\/\/www.gaveanews.com\/#organization\"}},{\"@type\":\"WebPage\",\"@id\":\"https:\/\/www.gaveanews.com\/index.php\/2025\/04\/22\/estadio-de-futebol-recebera-o-nome-de-papa-francisco-veja\/\",\"url\":\"https:\/\/www.gaveanews.com\/index.php\/2025\/04\/22\/estadio-de-futebol-recebera-o-nome-de-papa-francisco-veja\/\",\"name\":\"Est\u00e1dio de futebol receber\u00e1 o nome de Papa Francisco; veja\",\"isPartOf\":{\"@id\":\"https:\/\/www.gaveanews.com\/#website\"},\"primaryImageOfPage\":{\"@id\":\"https:\/\/www.gaveanews.com\/index.php\/2025\/04\/22\/estadio-de-futebol-recebera-o-nome-de-papa-francisco-veja\/#primaryimage\"},\"image\":{\"@id\":\"https:\/\/www.gaveanews.com\/index.php\/2025\/04\/22\/estadio-de-futebol-recebera-o-nome-de-papa-francisco-veja\/#primaryimage\"},\"thumbnailUrl\":\"https:\/\/www.gaveanews.com\/wp-content\/uploads\/Papa-Francisco-em-sua-ultima-aparicao-publica.webp\",\"datePublished\":\"2025-04-22T17:35:00+00:00\",\"author\":{\"@id\":\"https:\/\/www.gaveanews.com\/#\/schema\/person\/3b19f7288b0ce20372991275e4f2e6c2\"},\"breadcrumb\":{\"@id\":\"https:\/\/www.gaveanews.com\/index.php\/2025\/04\/22\/estadio-de-futebol-recebera-o-nome-de-papa-francisco-veja\/#breadcrumb\"},\"inLanguage\":\"pt-BR\",\"potentialAction\":[{\"@type\":\"ReadAction\",\"target\":[\"https:\/\/www.gaveanews.com\/index.php\/2025\/04\/22\/estadio-de-futebol-recebera-o-nome-de-papa-francisco-veja\/\"]}]},{\"@type\":\"ImageObject\",\"inLanguage\":\"pt-BR\",\"@id\":\"https:\/\/www.gaveanews.com\/index.php\/2025\/04\/22\/estadio-de-futebol-recebera-o-nome-de-papa-francisco-veja\/#primaryimage\",\"url\":\"https:\/\/www.gaveanews.com\/wp-content\/uploads\/Papa-Francisco-em-sua-ultima-aparicao-publica.webp\",\"contentUrl\":\"https:\/\/www.gaveanews.com\/wp-content\/uploads\/Papa-Francisco-em-sua-ultima-aparicao-publica.webp\",\"width\":1200,\"height\":800},{\"@type\":\"BreadcrumbList\",\"@id\":\"https:\/\/www.gaveanews.com\/index.php\/2025\/04\/22\/estadio-de-futebol-recebera-o-nome-de-papa-francisco-veja\/#breadcrumb\",\"itemListElement\":[{\"@type\":\"ListItem\",\"position\":1,\"name\":\"Home\",\"item\":\"https:\/\/www.gaveanews.com\/\"},{\"@type\":\"ListItem\",\"position\":2,\"name\":\"Est\u00e1dio de futebol receber\u00e1 o nome de Papa Francisco; veja\"}]},{\"@type\":\"WebSite\",\"@id\":\"https:\/\/www.gaveanews.com\/#website\",\"url\":\"https:\/\/www.gaveanews.com\/\",\"name\":\"G\u00e1vea News\",\"description\":\"Veja todas as not\u00edcias sobre o Flamengo: Contrata\u00e7\u00f5es, categorias de base, resultados das partidas, tabela de classifica\u00e7\u00e3o, pr\u00f3ximos jogos!\",\"potentialAction\":[{\"@type\":\"SearchAction\",\"target\":{\"@type\":\"EntryPoint\",\"urlTemplate\":\"https:\/\/www.gaveanews.com\/?s={search_term_string}\"},\"query-input\":{\"@type\":\"PropertyValueSpecification\",\"valueRequired\":true,\"valueName\":\"search_term_string\"}}],\"inLanguage\":\"pt-BR\"},{\"@type\":\"Person\",\"@id\":\"https:\/\/www.gaveanews.com\/#\/schema\/person\/3b19f7288b0ce20372991275e4f2e6c2\",\"name\":\"Ana Teixeira\",\"image\":{\"@type\":\"ImageObject\",\"inLanguage\":\"pt-BR\",\"@id\":\"https:\/\/www.gaveanews.com\/#\/schema\/person\/image\/\",\"url\":\"https:\/\/secure.gravatar.com\/avatar\/0a73f5a5258f3fed37fc2fa641892f3f7a4748456d4d4792f9bc550e6c19e06c?s=96&d=mm&r=g\",\"contentUrl\":\"https:\/\/secure.gravatar.com\/avatar\/0a73f5a5258f3fed37fc2fa641892f3f7a4748456d4d4792f9bc550e6c19e06c?s=96&d=mm&r=g\",\"caption\":\"Ana Teixeira\"}}]}<\/script>\n<!-- \/ Yoast SEO Premium plugin. -->","yoast_head_json":{"title":"Est\u00e1dio de futebol receber\u00e1 o nome de Papa Francisco; veja","robots":{"index":"index","follow":"follow","max-snippet":"max-snippet:-1","max-image-preview":"max-image-preview:large","max-video-preview":"max-video-preview:-1"},"canonical":"https:\/\/www.gaveanews.com\/index.php\/2025\/04\/22\/estadio-de-futebol-recebera-o-nome-de-papa-francisco-veja\/","og_locale":"pt_BR","og_type":"article","og_title":"Est\u00e1dio de futebol receber\u00e1 o nome de Papa Francisco; veja","og_description":"O San Lorenzo anunciou que seu novo est\u00e1dio, que ser\u00e1 erguido no bairro de Boedo, poder\u00e1 receber o nome de Papa Francisco. A decis\u00e3o, conforme revelado pelo presidente Marcelo Moretti, foi precedida por uma visita ao Vaticano em setembro de 2024, quando o dirigente fez pessoalmente o pedido ao ent\u00e3o pont\u00edfice Jorge Mario Bergoglio, que [&hellip;]","og_url":"https:\/\/www.gaveanews.com\/index.php\/2025\/04\/22\/estadio-de-futebol-recebera-o-nome-de-papa-francisco-veja\/","og_site_name":"G\u00e1vea News","article_publisher":"https:\/\/facebook.com\/gaveaNews\/","article_published_time":"2025-04-22T17:35:00+00:00","og_image":[{"width":1200,"height":800,"url":"https:\/\/www.gaveanews.com\/wp-content\/uploads\/Papa-Francisco-em-sua-ultima-aparicao-publica.webp","type":"image\/png"}],"author":"Ana Teixeira","twitter_card":"summary_large_image","twitter_misc":{"Escrito por":"Ana Teixeira","Est. tempo de leitura":"3 minutos"},"schema":{"@context":"https:\/\/schema.org","@graph":[{"@type":"NewsArticle","@id":"https:\/\/www.gaveanews.com\/index.php\/2025\/04\/22\/estadio-de-futebol-recebera-o-nome-de-papa-francisco-veja\/#article","isPartOf":{"@id":"https:\/\/www.gaveanews.com\/index.php\/2025\/04\/22\/estadio-de-futebol-recebera-o-nome-de-papa-francisco-veja\/"},"author":{"name":"Ana Teixeira","@id":"https:\/\/www.gaveanews.com\/#\/schema\/person\/3b19f7288b0ce20372991275e4f2e6c2"},"headline":"Est\u00e1dio de futebol receber\u00e1 o nome de Papa Francisco; veja","datePublished":"2025-04-22T17:35:00+00:00","mainEntityOfPage":{"@id":"https:\/\/www.gaveanews.com\/index.php\/2025\/04\/22\/estadio-de-futebol-recebera-o-nome-de-papa-francisco-veja\/"},"wordCount":565,"commentCount":0,"image":{"@id":"https:\/\/www.gaveanews.com\/index.php\/2025\/04\/22\/estadio-de-futebol-recebera-o-nome-de-papa-francisco-veja\/#primaryimage"},"thumbnailUrl":"https:\/\/www.gaveanews.com\/wp-content\/uploads\/Papa-Francisco-em-sua-ultima-aparicao-publica.webp","articleSection":["Destaques","Futebol Internacional"],"inLanguage":"pt-BR","potentialAction":[{"@type":"CommentAction","name":"Comment","target":["https:\/\/www.gaveanews.com\/index.php\/2025\/04\/22\/estadio-de-futebol-recebera-o-nome-de-papa-francisco-veja\/#respond"]}],"copyrightYear":"2025","copyrightHolder":{"@id":"https:\/\/www.gaveanews.com\/#organization"}},{"@type":"WebPage","@id":"https:\/\/www.gaveanews.com\/index.php\/2025\/04\/22\/estadio-de-futebol-recebera-o-nome-de-papa-francisco-veja\/","url":"https:\/\/www.gaveanews.com\/index.php\/2025\/04\/22\/estadio-de-futebol-recebera-o-nome-de-papa-francisco-veja\/","name":"Est\u00e1dio de futebol receber\u00e1 o nome de Papa Francisco; veja","isPartOf":{"@id":"https:\/\/www.gaveanews.com\/#website"},"primaryImageOfPage":{"@id":"https:\/\/www.gaveanews.com\/index.php\/2025\/04\/22\/estadio-de-futebol-recebera-o-nome-de-papa-francisco-veja\/#primaryimage"},"image":{"@id":"https:\/\/www.gaveanews.com\/index.php\/2025\/04\/22\/estadio-de-futebol-recebera-o-nome-de-papa-francisco-veja\/#primaryimage"},"thumbnailUrl":"https:\/\/www.gaveanews.com\/wp-content\/uploads\/Papa-Francisco-em-sua-ultima-aparicao-publica.webp","datePublished":"2025-04-22T17:35:00+00:00","author":{"@id":"https:\/\/www.gaveanews.com\/#\/schema\/person\/3b19f7288b0ce20372991275e4f2e6c2"},"breadcrumb":{"@id":"https:\/\/www.gaveanews.com\/index.php\/2025\/04\/22\/estadio-de-futebol-recebera-o-nome-de-papa-francisco-veja\/#breadcrumb"},"inLanguage":"pt-BR","potentialAction":[{"@type":"ReadAction","target":["https:\/\/www.gaveanews.com\/index.php\/2025\/04\/22\/estadio-de-futebol-recebera-o-nome-de-papa-francisco-veja\/"]}]},{"@type":"ImageObject","inLanguage":"pt-BR","@id":"https:\/\/www.gaveanews.com\/index.php\/2025\/04\/22\/estadio-de-futebol-recebera-o-nome-de-papa-francisco-veja\/#primaryimage","url":"https:\/\/www.gaveanews.com\/wp-content\/uploads\/Papa-Francisco-em-sua-ultima-aparicao-publica.webp","contentUrl":"https:\/\/www.gaveanews.com\/wp-content\/uploads\/Papa-Francisco-em-sua-ultima-aparicao-publica.webp","width":1200,"height":800},{"@type":"BreadcrumbList","@id":"https:\/\/www.gaveanews.com\/index.php\/2025\/04\/22\/estadio-de-futebol-recebera-o-nome-de-papa-francisco-veja\/#breadcrumb","itemListElement":[{"@type":"ListItem","position":1,"name":"Home","item":"https:\/\/www.gaveanews.com\/"},{"@type":"ListItem","position":2,"name":"Est\u00e1dio de futebol receber\u00e1 o nome de Papa Francisco; veja"}]},{"@type":"WebSite","@id":"https:\/\/www.gaveanews.com\/#website","url":"https:\/\/www.gaveanews.com\/","name":"G\u00e1vea News","description":"Veja todas as not\u00edcias sobre o Flamengo: Contrata\u00e7\u00f5es, categorias de base, resultados das partidas, tabela de classifica\u00e7\u00e3o, pr\u00f3ximos jogos!","potentialAction":[{"@type":"SearchAction","target":{"@type":"EntryPoint","urlTemplate":"https:\/\/www.gaveanews.com\/?s={search_term_string}"},"query-input":{"@type":"PropertyValueSpecification","valueRequired":true,"valueName":"search_term_string"}}],"inLanguage":"pt-BR"},{"@type":"Person","@id":"https:\/\/www.gaveanews.com\/#\/schema\/person\/3b19f7288b0ce20372991275e4f2e6c2","name":"Ana Teixeira","image":{"@type":"ImageObject","inLanguage":"pt-BR","@id":"https:\/\/www.gaveanews.com\/#\/schema\/person\/image\/","url":"https:\/\/secure.gravatar.com\/avatar\/0a73f5a5258f3fed37fc2fa641892f3f7a4748456d4d4792f9bc550e6c19e06c?s=96&d=mm&r=g","contentUrl":"https:\/\/secure.gravatar.com\/avatar\/0a73f5a5258f3fed37fc2fa641892f3f7a4748456d4d4792f9bc550e6c19e06c?s=96&d=mm&r=g","caption":"Ana Teixeira"}}]}},"_links":{"self":[{"href":"https:\/\/www.gaveanews.com\/index.php\/wp-json\/wp\/v2\/posts\/256267","targetHints":{"allow":["GET"]}}],"collection":[{"href":"https:\/\/www.gaveanews.com\/index.php\/wp-json\/wp\/v2\/posts"}],"about":[{"href":"https:\/\/www.gaveanews.com\/index.php\/wp-json\/wp\/v2\/types\/post"}],"author":[{"embeddable":true,"href":"https:\/\/www.gaveanews.com\/index.php\/wp-json\/wp\/v2\/users\/30"}],"replies":[{"embeddable":true,"href":"https:\/\/www.gaveanews.com\/index.php\/wp-json\/wp\/v2\/comments?post=256267"}],"version-history":[{"count":1,"href":"https:\/\/www.gaveanews.com\/index.php\/wp-json\/wp\/v2\/posts\/256267\/revisions"}],"predecessor-version":[{"id":256271,"href":"https:\/\/www.gaveanews.com\/index.php\/wp-json\/wp\/v2\/posts\/256267\/revisions\/256271"}],"wp:featuredmedia":[{"embeddable":true,"href":"https:\/\/www.gaveanews.com\/index.php\/wp-json\/wp\/v2\/media\/255788"}],"wp:attachment":[{"href":"https:\/\/www.gaveanews.com\/index.php\/wp-json\/wp\/v2\/media?parent=256267"}],"wp:term":[{"taxonomy":"category","embeddable":true,"href":"https:\/\/www.gaveanews.com\/index.php\/wp-json\/wp\/v2\/categories?post=256267"},{"taxonomy":"post_tag","embeddable":true,"href":"https:\/\/www.gaveanews.com\/index.php\/wp-json\/wp\/v2\/tags?post=256267"}],"curies":[{"name":"wp","href":"https:\/\/api.w.org\/{rel}","templated":true}]}}