{"id":256268,"date":"2025-04-22T14:40:00","date_gmt":"2025-04-22T17:40:00","guid":{"rendered":"https:\/\/www.gaveanews.com\/?p=256268"},"modified":"2025-04-22T13:58:55","modified_gmt":"2025-04-22T16:58:55","slug":"palmeiras-x-bolivar-diretoria-traca-planejamento-para-jogo-da-libertadores","status":"publish","type":"post","link":"https:\/\/www.gaveanews.com\/index.php\/2025\/04\/22\/palmeiras-x-bolivar-diretoria-traca-planejamento-para-jogo-da-libertadores\/","title":{"rendered":"Palmeiras x Bol\u00edvar: diretoria tra\u00e7a planejamento para jogo da Libertadores"},"content":{"rendered":"\n<p>O Palmeiras decidiu antecipar sua viagem \u00e0 Bol\u00edvia para encerrar a prepara\u00e7\u00e3o em La Paz, palco do duelo contra o Bol\u00edvar pela terceira rodada da Conmebol Libertadores. A partida est\u00e1 marcada para quinta-feira (24), \u00e0s 19 horas (de Bras\u00edlia), no est\u00e1dio Hernando Siles \u2014 o mais alto desta edi\u00e7\u00e3o do torneio, situado a 3.637 metros acima do n\u00edvel do mar.<\/p>\n\n\n\n<p>Ap\u00f3s a vit\u00f3ria diante do Fortaleza pelo Campeonato Brasileiro, os jogadores receberam folga na segunda-feira (21) e se reapresentaram na manh\u00e3 desta ter\u00e7a-feira na Academia de Futebol. Logo ap\u00f3s uma atividade leve, a delega\u00e7\u00e3o embarcou rumo \u00e0 capital boliviana. O \u00faltimo treino antes do jogo est\u00e1 programado para ocorrer na quarta-feira (23), no est\u00e1dio do Strongest, tamb\u00e9m localizado em La Paz.<\/p>\n\n\n\n<p>A decis\u00e3o de viajar com dois dias de anteced\u00eancia est\u00e1 diretamente ligada ao planejamento da comiss\u00e3o t\u00e9cnica para mitigar os impactos da altitude extrema, uma das principais dificuldades enfrentadas por equipes brasileiras que atuam na cidade boliviana. Segundo a diretoria, essa prepara\u00e7\u00e3o inclui treinar no local da partida para adaptar o elenco \u00e0 velocidade da bola e \u00e0s altera\u00e7\u00f5es fisiol\u00f3gicas causadas pela menor concentra\u00e7\u00e3o de oxig\u00eanio no ar.<\/p>\n\n\n\n<h2 class=\"wp-block-heading\" id=\"h-retrospecto-do-palmeiras\">Retrospecto do Palmeiras<\/h2>\n\n\n\n<p>Embora La Paz costume representar um desafio hist\u00f3rico para clubes brasileiros, o Palmeiras possui experi\u00eancias recentes relevantes no local. Em 2020, ainda sob o comando de Vanderlei Luxemburgo, a equipe paulista venceu o Bol\u00edvar por 2 a 1, encerrando um longo tabu. O clube boliviano n\u00e3o perdia para times do Brasil em casa h\u00e1 37 anos \u2014 um retrospecto que inclu\u00eda 11 confrontos, com oito vit\u00f3rias e tr\u00eas empates.<\/p>\n\n\n\n<p>Contudo, na edi\u00e7\u00e3o de 2023 da Libertadores, o Verd\u00e3o optou por utilizar uma escala\u00e7\u00e3o alternativa e acabou sendo derrotado pelo mesmo Bol\u00edvar em La Paz, logo na estreia da fase de grupos. Apesar disso, o clube tamb\u00e9m teve \u00eaxito recente em outro cen\u00e1rio de altitude elevada. No ano passado, bateu o Independiente del Valle por 3 a 2, em Quito, capital equatoriana situada a 2.850 metros acima do n\u00edvel do mar.<\/p>\n\n\n\n<p>Portanto, a escolha de repetir a estrat\u00e9gia de adapta\u00e7\u00e3o in loco evidencia o cuidado do Palmeiras com a prepara\u00e7\u00e3o f\u00edsica e t\u00e1tica para enfrentar condi\u00e7\u00f5es adversas. \u201cA atividade em La Paz permitir\u00e1 aos atletas uma ambienta\u00e7\u00e3o essencial antes do jogo decisivo\u201d, indicou a comiss\u00e3o t\u00e9cnica, refor\u00e7ando a import\u00e2ncia da medida para o desempenho em campo.<\/p>\n\n\n\n<p><\/p>\n","protected":false},"excerpt":{"rendered":"<p>O Palmeiras decidiu antecipar sua viagem \u00e0 Bol\u00edvia para encerrar a prepara\u00e7\u00e3o em La Paz, palco do duelo contra o Bol\u00edvar pela terceira rodada da Conmebol Libertadores. A partida est\u00e1 marcada para quinta-feira (24), \u00e0s 19 horas (de Bras\u00edlia), no est\u00e1dio Hernando Siles \u2014 o mais alto desta edi\u00e7\u00e3o do torneio, situado a 3.637 metros [&hellip;]<\/p>\n","protected":false},"author":30,"featured_media":157842,"comment_status":"open","ping_status":"closed","sticky":false,"template":"","format":"standard","meta":{"footnotes":""},"categories":[150],"tags":[],"class_list":["post-256268","post","type-post","status-publish","format-standard","has-post-thumbnail","hentry","category-palmeiras"],"yoast_head":"<!-- This site is optimized with the Yoast SEO Premium plugin v24.2 (Yoast SEO v26.9) - https:\/\/yoast.com\/product\/yoast-seo-premium-wordpress\/ -->\n<title>Palmeiras x Bol\u00edvar: diretoria tra\u00e7a planejamento para jogo da Libertadores<\/title>\n<meta name=\"robots\" content=\"index, follow, max-snippet:-1, max-image-preview:large, max-video-preview:-1\" \/>\n<link rel=\"canonical\" href=\"https:\/\/www.gaveanews.com\/index.php\/2025\/04\/22\/palmeiras-x-bolivar-diretoria-traca-planejamento-para-jogo-da-libertadores\/\" \/>\n<meta property=\"og:locale\" content=\"pt_BR\" \/>\n<meta property=\"og:type\" content=\"article\" \/>\n<meta property=\"og:title\" content=\"Palmeiras x Bol\u00edvar: diretoria tra\u00e7a planejamento para jogo da Libertadores\" \/>\n<meta property=\"og:description\" content=\"O Palmeiras decidiu antecipar sua viagem \u00e0 Bol\u00edvia para encerrar a prepara\u00e7\u00e3o em La Paz, palco do duelo contra o Bol\u00edvar pela terceira rodada da Conmebol Libertadores. A partida est\u00e1 marcada para quinta-feira (24), \u00e0s 19 horas (de Bras\u00edlia), no est\u00e1dio Hernando Siles \u2014 o mais alto desta edi\u00e7\u00e3o do torneio, situado a 3.637 metros [&hellip;]\" \/>\n<meta property=\"og:url\" content=\"https:\/\/www.gaveanews.com\/index.php\/2025\/04\/22\/palmeiras-x-bolivar-diretoria-traca-planejamento-para-jogo-da-libertadores\/\" \/>\n<meta property=\"og:site_name\" content=\"G\u00e1vea News\" \/>\n<meta property=\"article:publisher\" content=\"https:\/\/facebook.com\/gaveaNews\/\" \/>\n<meta property=\"article:published_time\" content=\"2025-04-22T17:40:00+00:00\" \/>\n<meta property=\"og:image\" content=\"https:\/\/www.gaveanews.com\/wp-content\/uploads\/Abel-Ferreira-fazendo-anotacoes-apos-um-treino-do-Palmeiras.webp\" \/>\n\t<meta property=\"og:image:width\" content=\"1500\" \/>\n\t<meta property=\"og:image:height\" content=\"1500\" \/>\n\t<meta property=\"og:image:type\" content=\"image\/jpeg\" \/>\n<meta name=\"author\" content=\"Ana Teixeira\" \/>\n<meta name=\"twitter:card\" content=\"summary_large_image\" \/>\n<meta name=\"twitter:label1\" content=\"Escrito por\" \/>\n\t<meta name=\"twitter:data1\" content=\"Ana Teixeira\" \/>\n\t<meta name=\"twitter:label2\" content=\"Est. tempo de leitura\" \/>\n\t<meta name=\"twitter:data2\" content=\"3 minutos\" \/>\n<script type=\"application\/ld+json\" class=\"yoast-schema-graph\">{\"@context\":\"https:\/\/schema.org\",\"@graph\":[{\"@type\":\"NewsArticle\",\"@id\":\"https:\/\/www.gaveanews.com\/index.php\/2025\/04\/22\/palmeiras-x-bolivar-diretoria-traca-planejamento-para-jogo-da-libertadores\/#article\",\"isPartOf\":{\"@id\":\"https:\/\/www.gaveanews.com\/index.php\/2025\/04\/22\/palmeiras-x-bolivar-diretoria-traca-planejamento-para-jogo-da-libertadores\/\"},\"author\":{\"name\":\"Ana Teixeira\",\"@id\":\"https:\/\/www.gaveanews.com\/#\/schema\/person\/3b19f7288b0ce20372991275e4f2e6c2\"},\"headline\":\"Palmeiras x Bol\u00edvar: diretoria tra\u00e7a planejamento para jogo da Libertadores\",\"datePublished\":\"2025-04-22T17:40:00+00:00\",\"mainEntityOfPage\":{\"@id\":\"https:\/\/www.gaveanews.com\/index.php\/2025\/04\/22\/palmeiras-x-bolivar-diretoria-traca-planejamento-para-jogo-da-libertadores\/\"},\"wordCount\":428,\"commentCount\":0,\"image\":{\"@id\":\"https:\/\/www.gaveanews.com\/index.php\/2025\/04\/22\/palmeiras-x-bolivar-diretoria-traca-planejamento-para-jogo-da-libertadores\/#primaryimage\"},\"thumbnailUrl\":\"https:\/\/www.gaveanews.com\/wp-content\/uploads\/Abel-Ferreira-fazendo-anotacoes-apos-um-treino-do-Palmeiras.webp\",\"articleSection\":[\"Palmeiras\"],\"inLanguage\":\"pt-BR\",\"potentialAction\":[{\"@type\":\"CommentAction\",\"name\":\"Comment\",\"target\":[\"https:\/\/www.gaveanews.com\/index.php\/2025\/04\/22\/palmeiras-x-bolivar-diretoria-traca-planejamento-para-jogo-da-libertadores\/#respond\"]}],\"copyrightYear\":\"2025\",\"copyrightHolder\":{\"@id\":\"https:\/\/www.gaveanews.com\/#organization\"}},{\"@type\":\"WebPage\",\"@id\":\"https:\/\/www.gaveanews.com\/index.php\/2025\/04\/22\/palmeiras-x-bolivar-diretoria-traca-planejamento-para-jogo-da-libertadores\/\",\"url\":\"https:\/\/www.gaveanews.com\/index.php\/2025\/04\/22\/palmeiras-x-bolivar-diretoria-traca-planejamento-para-jogo-da-libertadores\/\",\"name\":\"Palmeiras x Bol\u00edvar: diretoria tra\u00e7a planejamento para jogo da Libertadores\",\"isPartOf\":{\"@id\":\"https:\/\/www.gaveanews.com\/#website\"},\"primaryImageOfPage\":{\"@id\":\"https:\/\/www.gaveanews.com\/index.php\/2025\/04\/22\/palmeiras-x-bolivar-diretoria-traca-planejamento-para-jogo-da-libertadores\/#primaryimage\"},\"image\":{\"@id\":\"https:\/\/www.gaveanews.com\/index.php\/2025\/04\/22\/palmeiras-x-bolivar-diretoria-traca-planejamento-para-jogo-da-libertadores\/#primaryimage\"},\"thumbnailUrl\":\"https:\/\/www.gaveanews.com\/wp-content\/uploads\/Abel-Ferreira-fazendo-anotacoes-apos-um-treino-do-Palmeiras.webp\",\"datePublished\":\"2025-04-22T17:40:00+00:00\",\"author\":{\"@id\":\"https:\/\/www.gaveanews.com\/#\/schema\/person\/3b19f7288b0ce20372991275e4f2e6c2\"},\"breadcrumb\":{\"@id\":\"https:\/\/www.gaveanews.com\/index.php\/2025\/04\/22\/palmeiras-x-bolivar-diretoria-traca-planejamento-para-jogo-da-libertadores\/#breadcrumb\"},\"inLanguage\":\"pt-BR\",\"potentialAction\":[{\"@type\":\"ReadAction\",\"target\":[\"https:\/\/www.gaveanews.com\/index.php\/2025\/04\/22\/palmeiras-x-bolivar-diretoria-traca-planejamento-para-jogo-da-libertadores\/\"]}]},{\"@type\":\"ImageObject\",\"inLanguage\":\"pt-BR\",\"@id\":\"https:\/\/www.gaveanews.com\/index.php\/2025\/04\/22\/palmeiras-x-bolivar-diretoria-traca-planejamento-para-jogo-da-libertadores\/#primaryimage\",\"url\":\"https:\/\/www.gaveanews.com\/wp-content\/uploads\/Abel-Ferreira-fazendo-anotacoes-apos-um-treino-do-Palmeiras.webp\",\"contentUrl\":\"https:\/\/www.gaveanews.com\/wp-content\/uploads\/Abel-Ferreira-fazendo-anotacoes-apos-um-treino-do-Palmeiras.webp\",\"width\":1500,\"height\":1500,\"caption\":\"Abel Ferreira fazendo anota\u00e7\u00f5es ap\u00f3s um treino do Palmeiras (Foto: Cesar Greco\/Palmeiras)\"},{\"@type\":\"BreadcrumbList\",\"@id\":\"https:\/\/www.gaveanews.com\/index.php\/2025\/04\/22\/palmeiras-x-bolivar-diretoria-traca-planejamento-para-jogo-da-libertadores\/#breadcrumb\",\"itemListElement\":[{\"@type\":\"ListItem\",\"position\":1,\"name\":\"Home\",\"item\":\"https:\/\/www.gaveanews.com\/\"},{\"@type\":\"ListItem\",\"position\":2,\"name\":\"Palmeiras x Bol\u00edvar: diretoria tra\u00e7a planejamento para jogo da Libertadores\"}]},{\"@type\":\"WebSite\",\"@id\":\"https:\/\/www.gaveanews.com\/#website\",\"url\":\"https:\/\/www.gaveanews.com\/\",\"name\":\"G\u00e1vea News\",\"description\":\"Veja todas as not\u00edcias sobre o Flamengo: Contrata\u00e7\u00f5es, categorias de base, resultados das partidas, tabela de classifica\u00e7\u00e3o, pr\u00f3ximos jogos!\",\"potentialAction\":[{\"@type\":\"SearchAction\",\"target\":{\"@type\":\"EntryPoint\",\"urlTemplate\":\"https:\/\/www.gaveanews.com\/?s={search_term_string}\"},\"query-input\":{\"@type\":\"PropertyValueSpecification\",\"valueRequired\":true,\"valueName\":\"search_term_string\"}}],\"inLanguage\":\"pt-BR\"},{\"@type\":\"Person\",\"@id\":\"https:\/\/www.gaveanews.com\/#\/schema\/person\/3b19f7288b0ce20372991275e4f2e6c2\",\"name\":\"Ana Teixeira\",\"image\":{\"@type\":\"ImageObject\",\"inLanguage\":\"pt-BR\",\"@id\":\"https:\/\/www.gaveanews.com\/#\/schema\/person\/image\/\",\"url\":\"https:\/\/secure.gravatar.com\/avatar\/0a73f5a5258f3fed37fc2fa641892f3f7a4748456d4d4792f9bc550e6c19e06c?s=96&d=mm&r=g\",\"contentUrl\":\"https:\/\/secure.gravatar.com\/avatar\/0a73f5a5258f3fed37fc2fa641892f3f7a4748456d4d4792f9bc550e6c19e06c?s=96&d=mm&r=g\",\"caption\":\"Ana Teixeira\"}}]}<\/script>\n<!-- \/ Yoast SEO Premium plugin. -->","yoast_head_json":{"title":"Palmeiras x Bol\u00edvar: diretoria tra\u00e7a planejamento para jogo da Libertadores","robots":{"index":"index","follow":"follow","max-snippet":"max-snippet:-1","max-image-preview":"max-image-preview:large","max-video-preview":"max-video-preview:-1"},"canonical":"https:\/\/www.gaveanews.com\/index.php\/2025\/04\/22\/palmeiras-x-bolivar-diretoria-traca-planejamento-para-jogo-da-libertadores\/","og_locale":"pt_BR","og_type":"article","og_title":"Palmeiras x Bol\u00edvar: diretoria tra\u00e7a planejamento para jogo da Libertadores","og_description":"O Palmeiras decidiu antecipar sua viagem \u00e0 Bol\u00edvia para encerrar a prepara\u00e7\u00e3o em La Paz, palco do duelo contra o Bol\u00edvar pela terceira rodada da Conmebol Libertadores. A partida est\u00e1 marcada para quinta-feira (24), \u00e0s 19 horas (de Bras\u00edlia), no est\u00e1dio Hernando Siles \u2014 o mais alto desta edi\u00e7\u00e3o do torneio, situado a 3.637 metros [&hellip;]","og_url":"https:\/\/www.gaveanews.com\/index.php\/2025\/04\/22\/palmeiras-x-bolivar-diretoria-traca-planejamento-para-jogo-da-libertadores\/","og_site_name":"G\u00e1vea News","article_publisher":"https:\/\/facebook.com\/gaveaNews\/","article_published_time":"2025-04-22T17:40:00+00:00","og_image":[{"width":1500,"height":1500,"url":"https:\/\/www.gaveanews.com\/wp-content\/uploads\/Abel-Ferreira-fazendo-anotacoes-apos-um-treino-do-Palmeiras.webp","type":"image\/jpeg"}],"author":"Ana Teixeira","twitter_card":"summary_large_image","twitter_misc":{"Escrito por":"Ana Teixeira","Est. tempo de leitura":"3 minutos"},"schema":{"@context":"https:\/\/schema.org","@graph":[{"@type":"NewsArticle","@id":"https:\/\/www.gaveanews.com\/index.php\/2025\/04\/22\/palmeiras-x-bolivar-diretoria-traca-planejamento-para-jogo-da-libertadores\/#article","isPartOf":{"@id":"https:\/\/www.gaveanews.com\/index.php\/2025\/04\/22\/palmeiras-x-bolivar-diretoria-traca-planejamento-para-jogo-da-libertadores\/"},"author":{"name":"Ana Teixeira","@id":"https:\/\/www.gaveanews.com\/#\/schema\/person\/3b19f7288b0ce20372991275e4f2e6c2"},"headline":"Palmeiras x Bol\u00edvar: diretoria tra\u00e7a planejamento para jogo da Libertadores","datePublished":"2025-04-22T17:40:00+00:00","mainEntityOfPage":{"@id":"https:\/\/www.gaveanews.com\/index.php\/2025\/04\/22\/palmeiras-x-bolivar-diretoria-traca-planejamento-para-jogo-da-libertadores\/"},"wordCount":428,"commentCount":0,"image":{"@id":"https:\/\/www.gaveanews.com\/index.php\/2025\/04\/22\/palmeiras-x-bolivar-diretoria-traca-planejamento-para-jogo-da-libertadores\/#primaryimage"},"thumbnailUrl":"https:\/\/www.gaveanews.com\/wp-content\/uploads\/Abel-Ferreira-fazendo-anotacoes-apos-um-treino-do-Palmeiras.webp","articleSection":["Palmeiras"],"inLanguage":"pt-BR","potentialAction":[{"@type":"CommentAction","name":"Comment","target":["https:\/\/www.gaveanews.com\/index.php\/2025\/04\/22\/palmeiras-x-bolivar-diretoria-traca-planejamento-para-jogo-da-libertadores\/#respond"]}],"copyrightYear":"2025","copyrightHolder":{"@id":"https:\/\/www.gaveanews.com\/#organization"}},{"@type":"WebPage","@id":"https:\/\/www.gaveanews.com\/index.php\/2025\/04\/22\/palmeiras-x-bolivar-diretoria-traca-planejamento-para-jogo-da-libertadores\/","url":"https:\/\/www.gaveanews.com\/index.php\/2025\/04\/22\/palmeiras-x-bolivar-diretoria-traca-planejamento-para-jogo-da-libertadores\/","name":"Palmeiras x Bol\u00edvar: diretoria tra\u00e7a planejamento para jogo da Libertadores","isPartOf":{"@id":"https:\/\/www.gaveanews.com\/#website"},"primaryImageOfPage":{"@id":"https:\/\/www.gaveanews.com\/index.php\/2025\/04\/22\/palmeiras-x-bolivar-diretoria-traca-planejamento-para-jogo-da-libertadores\/#primaryimage"},"image":{"@id":"https:\/\/www.gaveanews.com\/index.php\/2025\/04\/22\/palmeiras-x-bolivar-diretoria-traca-planejamento-para-jogo-da-libertadores\/#primaryimage"},"thumbnailUrl":"https:\/\/www.gaveanews.com\/wp-content\/uploads\/Abel-Ferreira-fazendo-anotacoes-apos-um-treino-do-Palmeiras.webp","datePublished":"2025-04-22T17:40:00+00:00","author":{"@id":"https:\/\/www.gaveanews.com\/#\/schema\/person\/3b19f7288b0ce20372991275e4f2e6c2"},"breadcrumb":{"@id":"https:\/\/www.gaveanews.com\/index.php\/2025\/04\/22\/palmeiras-x-bolivar-diretoria-traca-planejamento-para-jogo-da-libertadores\/#breadcrumb"},"inLanguage":"pt-BR","potentialAction":[{"@type":"ReadAction","target":["https:\/\/www.gaveanews.com\/index.php\/2025\/04\/22\/palmeiras-x-bolivar-diretoria-traca-planejamento-para-jogo-da-libertadores\/"]}]},{"@type":"ImageObject","inLanguage":"pt-BR","@id":"https:\/\/www.gaveanews.com\/index.php\/2025\/04\/22\/palmeiras-x-bolivar-diretoria-traca-planejamento-para-jogo-da-libertadores\/#primaryimage","url":"https:\/\/www.gaveanews.com\/wp-content\/uploads\/Abel-Ferreira-fazendo-anotacoes-apos-um-treino-do-Palmeiras.webp","contentUrl":"https:\/\/www.gaveanews.com\/wp-content\/uploads\/Abel-Ferreira-fazendo-anotacoes-apos-um-treino-do-Palmeiras.webp","width":1500,"height":1500,"caption":"Abel Ferreira fazendo anota\u00e7\u00f5es ap\u00f3s um treino do Palmeiras (Foto: Cesar Greco\/Palmeiras)"},{"@type":"BreadcrumbList","@id":"https:\/\/www.gaveanews.com\/index.php\/2025\/04\/22\/palmeiras-x-bolivar-diretoria-traca-planejamento-para-jogo-da-libertadores\/#breadcrumb","itemListElement":[{"@type":"ListItem","position":1,"name":"Home","item":"https:\/\/www.gaveanews.com\/"},{"@type":"ListItem","position":2,"name":"Palmeiras x Bol\u00edvar: diretoria tra\u00e7a planejamento para jogo da Libertadores"}]},{"@type":"WebSite","@id":"https:\/\/www.gaveanews.com\/#website","url":"https:\/\/www.gaveanews.com\/","name":"G\u00e1vea News","description":"Veja todas as not\u00edcias sobre o Flamengo: Contrata\u00e7\u00f5es, categorias de base, resultados das partidas, tabela de classifica\u00e7\u00e3o, pr\u00f3ximos jogos!","potentialAction":[{"@type":"SearchAction","target":{"@type":"EntryPoint","urlTemplate":"https:\/\/www.gaveanews.com\/?s={search_term_string}"},"query-input":{"@type":"PropertyValueSpecification","valueRequired":true,"valueName":"search_term_string"}}],"inLanguage":"pt-BR"},{"@type":"Person","@id":"https:\/\/www.gaveanews.com\/#\/schema\/person\/3b19f7288b0ce20372991275e4f2e6c2","name":"Ana Teixeira","image":{"@type":"ImageObject","inLanguage":"pt-BR","@id":"https:\/\/www.gaveanews.com\/#\/schema\/person\/image\/","url":"https:\/\/secure.gravatar.com\/avatar\/0a73f5a5258f3fed37fc2fa641892f3f7a4748456d4d4792f9bc550e6c19e06c?s=96&d=mm&r=g","contentUrl":"https:\/\/secure.gravatar.com\/avatar\/0a73f5a5258f3fed37fc2fa641892f3f7a4748456d4d4792f9bc550e6c19e06c?s=96&d=mm&r=g","caption":"Ana Teixeira"}}]}},"_links":{"self":[{"href":"https:\/\/www.gaveanews.com\/index.php\/wp-json\/wp\/v2\/posts\/256268","targetHints":{"allow":["GET"]}}],"collection":[{"href":"https:\/\/www.gaveanews.com\/index.php\/wp-json\/wp\/v2\/posts"}],"about":[{"href":"https:\/\/www.gaveanews.com\/index.php\/wp-json\/wp\/v2\/types\/post"}],"author":[{"embeddable":true,"href":"https:\/\/www.gaveanews.com\/index.php\/wp-json\/wp\/v2\/users\/30"}],"replies":[{"embeddable":true,"href":"https:\/\/www.gaveanews.com\/index.php\/wp-json\/wp\/v2\/comments?post=256268"}],"version-history":[{"count":1,"href":"https:\/\/www.gaveanews.com\/index.php\/wp-json\/wp\/v2\/posts\/256268\/revisions"}],"predecessor-version":[{"id":256276,"href":"https:\/\/www.gaveanews.com\/index.php\/wp-json\/wp\/v2\/posts\/256268\/revisions\/256276"}],"wp:featuredmedia":[{"embeddable":true,"href":"https:\/\/www.gaveanews.com\/index.php\/wp-json\/wp\/v2\/media\/157842"}],"wp:attachment":[{"href":"https:\/\/www.gaveanews.com\/index.php\/wp-json\/wp\/v2\/media?parent=256268"}],"wp:term":[{"taxonomy":"category","embeddable":true,"href":"https:\/\/www.gaveanews.com\/index.php\/wp-json\/wp\/v2\/categories?post=256268"},{"taxonomy":"post_tag","embeddable":true,"href":"https:\/\/www.gaveanews.com\/index.php\/wp-json\/wp\/v2\/tags?post=256268"}],"curies":[{"name":"wp","href":"https:\/\/api.w.org\/{rel}","templated":true}]}}