{"id":256273,"date":"2025-04-22T14:50:00","date_gmt":"2025-04-22T17:50:00","guid":{"rendered":"https:\/\/www.gaveanews.com\/?p=256273"},"modified":"2025-04-22T14:15:39","modified_gmt":"2025-04-22T17:15:39","slug":"filipe-luis-prepara-mudancas-no-time-titular-para-libertadores","status":"publish","type":"post","link":"https:\/\/www.gaveanews.com\/index.php\/2025\/04\/22\/filipe-luis-prepara-mudancas-no-time-titular-para-libertadores\/","title":{"rendered":"Filipe Lu\u00eds prepara mudan\u00e7as no time titular para Libertadores"},"content":{"rendered":"\n<p>A prepara\u00e7\u00e3o do Flamengo para o confronto contra a LDU, pela terceira rodada da fase de grupos da Libertadores, est\u00e1 sendo marcada por um planejamento minucioso diante dos desafios impostos pela altitude de Quito. A partida, marcada para esta ter\u00e7a-feira (22), \u00e0s 19 horas (de Bras\u00edlia), ser\u00e1 disputada a 2.850 metros acima do n\u00edvel do mar \u2014 fator que tradicionalmente afeta o desempenho f\u00edsico dos jogadores.<\/p>\n\n\n\n<p>A comiss\u00e3o t\u00e9cnica, liderada por Filipe Lu\u00eds, e o departamento m\u00e9dico levaram para o Equador equipamentos modernos capazes de monitorar o desgaste dos atletas em tempo real. A inten\u00e7\u00e3o \u00e9 tomar decis\u00f5es embasadas sobre a escala\u00e7\u00e3o apenas horas antes do duelo. <\/p>\n\n\n\n<p>Conforme antecipado internamente, alguns nomes s\u00e3o considerados candidatos a serem preservados, incluindo o uruguaio Arrascaeta, que historicamente apresenta dificuldade de recupera\u00e7\u00e3o ap\u00f3s partidas em altitude elevada.<\/p>\n\n\n\n<p>Ali\u00e1s, outros dois jogadores j\u00e1 foram vetados antes mesmo do embarque: Allan e De la Cruz. Ambos n\u00e3o viajaram por precau\u00e7\u00e3o relacionada \u00e0 mesma condi\u00e7\u00e3o geogr\u00e1fica. J\u00e1 Alex Sandro, por sua vez, est\u00e1 fora por les\u00e3o. A lateral esquerda ainda \u00e9 uma inc\u00f3gnita: Ayrton Lucas surge como substituto natural, embora Varela possa ser improvisado na fun\u00e7\u00e3o, a depender da decis\u00e3o final de Filipe Lu\u00eds.<\/p>\n\n\n\n<h2 class=\"wp-block-heading\" id=\"h-possibilidades-para-o-time-titular\">Possibilidades para o time titular<\/h2>\n\n\n\n<p>A eventual aus\u00eancia de Arrascaeta pode abrir espa\u00e7o para Luiz Ara\u00fajo no meio de campo, ao lado de Gerson e Pulgar. O setor ofensivo tamb\u00e9m pode sofrer altera\u00e7\u00f5es: Michael, Bruno Henrique e Plata s\u00e3o as principais alternativas para compor o ataque, visando manter a intensidade mesmo com eventuais mudan\u00e7as no time titular. <\/p>\n\n\n\n<p>No setor defensivo, a zaga pode ter minutos administrados, com L\u00e9o Pereira e L\u00e9o Ortiz disputando posi\u00e7\u00e3o, enquanto Danilo aparece como op\u00e7\u00e3o vi\u00e1vel para uma poss\u00edvel rota\u00e7\u00e3o.<\/p>\n\n\n\n<p>O treinador pretende, portanto, aguardar os efeitos da \u00faltima atividade realizada em solo equatoriano antes de confirmar a equipe. \u201c\u00c9 uma decis\u00e3o que ser\u00e1 tomada com base em dados precisos do desgaste dos atletas\u201d, explicou um membro da comiss\u00e3o t\u00e9cnica.<\/p>\n\n\n\n<h2 class=\"wp-block-heading\" id=\"h-situacao-na-tabela-e-contexto-da-partida\">Situa\u00e7\u00e3o na tabela e contexto da partida<\/h2>\n\n\n\n<p>Atualmente, o Flamengo ocupa a terceira posi\u00e7\u00e3o do Grupo C, com tr\u00eas pontos conquistados em duas partidas. A equipe estreou com vit\u00f3ria fora de casa sobre o Deportivo T\u00e1chira, mas foi surpreendida no Maracan\u00e3 pelo Central C\u00f3rdoba, perdendo por 2 a 1. Dessa forma, o resultado diante da LDU \u00e9 considerado crucial para a continuidade do planejamento rubro-negro na competi\u00e7\u00e3o continental.<\/p>\n\n\n\n<p>O ambiente fora de campo, por sua vez, tem sido cordial. Antes do jogo, houve um encontro amistoso entre as diretorias dos dois clubes. Conforme divulgado pelo Flamengo nas redes sociais, a recep\u00e7\u00e3o no Equador foi marcada por hospitalidade e respeito m\u00fatuo entre as equipes.<\/p>\n\n\n\n<h2 class=\"wp-block-heading\" id=\"h-provavel-escalacao\">Prov\u00e1vel escala\u00e7\u00e3o<\/h2>\n\n\n\n<p>Com base nas \u00faltimas informa\u00e7\u00f5es e nos testes realizados, a prov\u00e1vel escala\u00e7\u00e3o do Flamengo para enfrentar a LDU \u00e9: <strong>Rossi; Wesley, L\u00e9o Ortiz, L\u00e9o Pereira (Danilo), Ayrton Lucas (Varela); Pulgar, Gerson, Arrascaeta (Luiz Ara\u00fajo); Plata, Michael (Cebolinha) e Bruno Henrique<\/strong>.<\/p>\n\n\n\n<p><\/p>\n","protected":false},"excerpt":{"rendered":"<p>A prepara\u00e7\u00e3o do Flamengo para o confronto contra a LDU, pela terceira rodada da fase de grupos da Libertadores, est\u00e1 sendo marcada por um planejamento minucioso diante dos desafios impostos pela altitude de Quito. A partida, marcada para esta ter\u00e7a-feira (22), \u00e0s 19 horas (de Bras\u00edlia), ser\u00e1 disputada a 2.850 metros acima do n\u00edvel do [&hellip;]<\/p>\n","protected":false},"author":30,"featured_media":255027,"comment_status":"open","ping_status":"closed","sticky":false,"template":"","format":"standard","meta":{"footnotes":""},"categories":[1],"tags":[],"class_list":["post-256273","post","type-post","status-publish","format-standard","has-post-thumbnail","hentry","category-flamengo"],"yoast_head":"<!-- This site is optimized with the Yoast SEO Premium plugin v24.2 (Yoast SEO v26.9) - https:\/\/yoast.com\/product\/yoast-seo-premium-wordpress\/ -->\n<title>Filipe Lu\u00eds prepara mudan\u00e7as no time titular para Libertadores<\/title>\n<meta name=\"robots\" content=\"index, follow, max-snippet:-1, max-image-preview:large, max-video-preview:-1\" \/>\n<link rel=\"canonical\" href=\"https:\/\/www.gaveanews.com\/index.php\/2025\/04\/22\/filipe-luis-prepara-mudancas-no-time-titular-para-libertadores\/\" \/>\n<meta property=\"og:locale\" content=\"pt_BR\" \/>\n<meta property=\"og:type\" content=\"article\" \/>\n<meta property=\"og:title\" content=\"Filipe Lu\u00eds prepara mudan\u00e7as no time titular para Libertadores\" \/>\n<meta property=\"og:description\" content=\"A prepara\u00e7\u00e3o do Flamengo para o confronto contra a LDU, pela terceira rodada da fase de grupos da Libertadores, est\u00e1 sendo marcada por um planejamento minucioso diante dos desafios impostos pela altitude de Quito. A partida, marcada para esta ter\u00e7a-feira (22), \u00e0s 19 horas (de Bras\u00edlia), ser\u00e1 disputada a 2.850 metros acima do n\u00edvel do [&hellip;]\" \/>\n<meta property=\"og:url\" content=\"https:\/\/www.gaveanews.com\/index.php\/2025\/04\/22\/filipe-luis-prepara-mudancas-no-time-titular-para-libertadores\/\" \/>\n<meta property=\"og:site_name\" content=\"G\u00e1vea News\" \/>\n<meta property=\"article:publisher\" content=\"https:\/\/facebook.com\/gaveaNews\/\" \/>\n<meta property=\"article:published_time\" content=\"2025-04-22T17:50:00+00:00\" \/>\n<meta property=\"og:image\" content=\"https:\/\/www.gaveanews.com\/wp-content\/uploads\/Filipe-Luis-dando-treinamento-no-CT-Ninho-do-Urubu.webp\" \/>\n\t<meta property=\"og:image:width\" content=\"1200\" \/>\n\t<meta property=\"og:image:height\" content=\"800\" \/>\n\t<meta property=\"og:image:type\" content=\"image\/png\" \/>\n<meta name=\"author\" content=\"Ana Teixeira\" \/>\n<meta name=\"twitter:card\" content=\"summary_large_image\" \/>\n<meta name=\"twitter:label1\" content=\"Escrito por\" \/>\n\t<meta name=\"twitter:data1\" content=\"Ana Teixeira\" \/>\n\t<meta name=\"twitter:label2\" content=\"Est. tempo de leitura\" \/>\n\t<meta name=\"twitter:data2\" content=\"3 minutos\" \/>\n<script type=\"application\/ld+json\" class=\"yoast-schema-graph\">{\"@context\":\"https:\/\/schema.org\",\"@graph\":[{\"@type\":\"NewsArticle\",\"@id\":\"https:\/\/www.gaveanews.com\/index.php\/2025\/04\/22\/filipe-luis-prepara-mudancas-no-time-titular-para-libertadores\/#article\",\"isPartOf\":{\"@id\":\"https:\/\/www.gaveanews.com\/index.php\/2025\/04\/22\/filipe-luis-prepara-mudancas-no-time-titular-para-libertadores\/\"},\"author\":{\"name\":\"Ana Teixeira\",\"@id\":\"https:\/\/www.gaveanews.com\/#\/schema\/person\/3b19f7288b0ce20372991275e4f2e6c2\"},\"headline\":\"Filipe Lu\u00eds prepara mudan\u00e7as no time titular para Libertadores\",\"datePublished\":\"2025-04-22T17:50:00+00:00\",\"mainEntityOfPage\":{\"@id\":\"https:\/\/www.gaveanews.com\/index.php\/2025\/04\/22\/filipe-luis-prepara-mudancas-no-time-titular-para-libertadores\/\"},\"wordCount\":534,\"commentCount\":0,\"image\":{\"@id\":\"https:\/\/www.gaveanews.com\/index.php\/2025\/04\/22\/filipe-luis-prepara-mudancas-no-time-titular-para-libertadores\/#primaryimage\"},\"thumbnailUrl\":\"https:\/\/www.gaveanews.com\/wp-content\/uploads\/Filipe-Luis-dando-treinamento-no-CT-Ninho-do-Urubu.webp\",\"articleSection\":[\"Flamengo\"],\"inLanguage\":\"pt-BR\",\"potentialAction\":[{\"@type\":\"CommentAction\",\"name\":\"Comment\",\"target\":[\"https:\/\/www.gaveanews.com\/index.php\/2025\/04\/22\/filipe-luis-prepara-mudancas-no-time-titular-para-libertadores\/#respond\"]}],\"copyrightYear\":\"2025\",\"copyrightHolder\":{\"@id\":\"https:\/\/www.gaveanews.com\/#organization\"}},{\"@type\":\"WebPage\",\"@id\":\"https:\/\/www.gaveanews.com\/index.php\/2025\/04\/22\/filipe-luis-prepara-mudancas-no-time-titular-para-libertadores\/\",\"url\":\"https:\/\/www.gaveanews.com\/index.php\/2025\/04\/22\/filipe-luis-prepara-mudancas-no-time-titular-para-libertadores\/\",\"name\":\"Filipe Lu\u00eds prepara mudan\u00e7as no time titular para Libertadores\",\"isPartOf\":{\"@id\":\"https:\/\/www.gaveanews.com\/#website\"},\"primaryImageOfPage\":{\"@id\":\"https:\/\/www.gaveanews.com\/index.php\/2025\/04\/22\/filipe-luis-prepara-mudancas-no-time-titular-para-libertadores\/#primaryimage\"},\"image\":{\"@id\":\"https:\/\/www.gaveanews.com\/index.php\/2025\/04\/22\/filipe-luis-prepara-mudancas-no-time-titular-para-libertadores\/#primaryimage\"},\"thumbnailUrl\":\"https:\/\/www.gaveanews.com\/wp-content\/uploads\/Filipe-Luis-dando-treinamento-no-CT-Ninho-do-Urubu.webp\",\"datePublished\":\"2025-04-22T17:50:00+00:00\",\"author\":{\"@id\":\"https:\/\/www.gaveanews.com\/#\/schema\/person\/3b19f7288b0ce20372991275e4f2e6c2\"},\"breadcrumb\":{\"@id\":\"https:\/\/www.gaveanews.com\/index.php\/2025\/04\/22\/filipe-luis-prepara-mudancas-no-time-titular-para-libertadores\/#breadcrumb\"},\"inLanguage\":\"pt-BR\",\"potentialAction\":[{\"@type\":\"ReadAction\",\"target\":[\"https:\/\/www.gaveanews.com\/index.php\/2025\/04\/22\/filipe-luis-prepara-mudancas-no-time-titular-para-libertadores\/\"]}]},{\"@type\":\"ImageObject\",\"inLanguage\":\"pt-BR\",\"@id\":\"https:\/\/www.gaveanews.com\/index.php\/2025\/04\/22\/filipe-luis-prepara-mudancas-no-time-titular-para-libertadores\/#primaryimage\",\"url\":\"https:\/\/www.gaveanews.com\/wp-content\/uploads\/Filipe-Luis-dando-treinamento-no-CT-Ninho-do-Urubu.webp\",\"contentUrl\":\"https:\/\/www.gaveanews.com\/wp-content\/uploads\/Filipe-Luis-dando-treinamento-no-CT-Ninho-do-Urubu.webp\",\"width\":1200,\"height\":800,\"caption\":\"Filipe Lu\u00eds dando treinamento no CT Ninho do Urubu - Foto: Gilvan de Souza\/CRF\"},{\"@type\":\"BreadcrumbList\",\"@id\":\"https:\/\/www.gaveanews.com\/index.php\/2025\/04\/22\/filipe-luis-prepara-mudancas-no-time-titular-para-libertadores\/#breadcrumb\",\"itemListElement\":[{\"@type\":\"ListItem\",\"position\":1,\"name\":\"Home\",\"item\":\"https:\/\/www.gaveanews.com\/\"},{\"@type\":\"ListItem\",\"position\":2,\"name\":\"Filipe Lu\u00eds prepara mudan\u00e7as no time titular para Libertadores\"}]},{\"@type\":\"WebSite\",\"@id\":\"https:\/\/www.gaveanews.com\/#website\",\"url\":\"https:\/\/www.gaveanews.com\/\",\"name\":\"G\u00e1vea News\",\"description\":\"Veja todas as not\u00edcias sobre o Flamengo: Contrata\u00e7\u00f5es, categorias de base, resultados das partidas, tabela de classifica\u00e7\u00e3o, pr\u00f3ximos jogos!\",\"potentialAction\":[{\"@type\":\"SearchAction\",\"target\":{\"@type\":\"EntryPoint\",\"urlTemplate\":\"https:\/\/www.gaveanews.com\/?s={search_term_string}\"},\"query-input\":{\"@type\":\"PropertyValueSpecification\",\"valueRequired\":true,\"valueName\":\"search_term_string\"}}],\"inLanguage\":\"pt-BR\"},{\"@type\":\"Person\",\"@id\":\"https:\/\/www.gaveanews.com\/#\/schema\/person\/3b19f7288b0ce20372991275e4f2e6c2\",\"name\":\"Ana Teixeira\",\"image\":{\"@type\":\"ImageObject\",\"inLanguage\":\"pt-BR\",\"@id\":\"https:\/\/www.gaveanews.com\/#\/schema\/person\/image\/\",\"url\":\"https:\/\/secure.gravatar.com\/avatar\/0a73f5a5258f3fed37fc2fa641892f3f7a4748456d4d4792f9bc550e6c19e06c?s=96&d=mm&r=g\",\"contentUrl\":\"https:\/\/secure.gravatar.com\/avatar\/0a73f5a5258f3fed37fc2fa641892f3f7a4748456d4d4792f9bc550e6c19e06c?s=96&d=mm&r=g\",\"caption\":\"Ana Teixeira\"}}]}<\/script>\n<!-- \/ Yoast SEO Premium plugin. -->","yoast_head_json":{"title":"Filipe Lu\u00eds prepara mudan\u00e7as no time titular para Libertadores","robots":{"index":"index","follow":"follow","max-snippet":"max-snippet:-1","max-image-preview":"max-image-preview:large","max-video-preview":"max-video-preview:-1"},"canonical":"https:\/\/www.gaveanews.com\/index.php\/2025\/04\/22\/filipe-luis-prepara-mudancas-no-time-titular-para-libertadores\/","og_locale":"pt_BR","og_type":"article","og_title":"Filipe Lu\u00eds prepara mudan\u00e7as no time titular para Libertadores","og_description":"A prepara\u00e7\u00e3o do Flamengo para o confronto contra a LDU, pela terceira rodada da fase de grupos da Libertadores, est\u00e1 sendo marcada por um planejamento minucioso diante dos desafios impostos pela altitude de Quito. A partida, marcada para esta ter\u00e7a-feira (22), \u00e0s 19 horas (de Bras\u00edlia), ser\u00e1 disputada a 2.850 metros acima do n\u00edvel do [&hellip;]","og_url":"https:\/\/www.gaveanews.com\/index.php\/2025\/04\/22\/filipe-luis-prepara-mudancas-no-time-titular-para-libertadores\/","og_site_name":"G\u00e1vea News","article_publisher":"https:\/\/facebook.com\/gaveaNews\/","article_published_time":"2025-04-22T17:50:00+00:00","og_image":[{"width":1200,"height":800,"url":"https:\/\/www.gaveanews.com\/wp-content\/uploads\/Filipe-Luis-dando-treinamento-no-CT-Ninho-do-Urubu.webp","type":"image\/png"}],"author":"Ana Teixeira","twitter_card":"summary_large_image","twitter_misc":{"Escrito por":"Ana Teixeira","Est. tempo de leitura":"3 minutos"},"schema":{"@context":"https:\/\/schema.org","@graph":[{"@type":"NewsArticle","@id":"https:\/\/www.gaveanews.com\/index.php\/2025\/04\/22\/filipe-luis-prepara-mudancas-no-time-titular-para-libertadores\/#article","isPartOf":{"@id":"https:\/\/www.gaveanews.com\/index.php\/2025\/04\/22\/filipe-luis-prepara-mudancas-no-time-titular-para-libertadores\/"},"author":{"name":"Ana Teixeira","@id":"https:\/\/www.gaveanews.com\/#\/schema\/person\/3b19f7288b0ce20372991275e4f2e6c2"},"headline":"Filipe Lu\u00eds prepara mudan\u00e7as no time titular para Libertadores","datePublished":"2025-04-22T17:50:00+00:00","mainEntityOfPage":{"@id":"https:\/\/www.gaveanews.com\/index.php\/2025\/04\/22\/filipe-luis-prepara-mudancas-no-time-titular-para-libertadores\/"},"wordCount":534,"commentCount":0,"image":{"@id":"https:\/\/www.gaveanews.com\/index.php\/2025\/04\/22\/filipe-luis-prepara-mudancas-no-time-titular-para-libertadores\/#primaryimage"},"thumbnailUrl":"https:\/\/www.gaveanews.com\/wp-content\/uploads\/Filipe-Luis-dando-treinamento-no-CT-Ninho-do-Urubu.webp","articleSection":["Flamengo"],"inLanguage":"pt-BR","potentialAction":[{"@type":"CommentAction","name":"Comment","target":["https:\/\/www.gaveanews.com\/index.php\/2025\/04\/22\/filipe-luis-prepara-mudancas-no-time-titular-para-libertadores\/#respond"]}],"copyrightYear":"2025","copyrightHolder":{"@id":"https:\/\/www.gaveanews.com\/#organization"}},{"@type":"WebPage","@id":"https:\/\/www.gaveanews.com\/index.php\/2025\/04\/22\/filipe-luis-prepara-mudancas-no-time-titular-para-libertadores\/","url":"https:\/\/www.gaveanews.com\/index.php\/2025\/04\/22\/filipe-luis-prepara-mudancas-no-time-titular-para-libertadores\/","name":"Filipe Lu\u00eds prepara mudan\u00e7as no time titular para Libertadores","isPartOf":{"@id":"https:\/\/www.gaveanews.com\/#website"},"primaryImageOfPage":{"@id":"https:\/\/www.gaveanews.com\/index.php\/2025\/04\/22\/filipe-luis-prepara-mudancas-no-time-titular-para-libertadores\/#primaryimage"},"image":{"@id":"https:\/\/www.gaveanews.com\/index.php\/2025\/04\/22\/filipe-luis-prepara-mudancas-no-time-titular-para-libertadores\/#primaryimage"},"thumbnailUrl":"https:\/\/www.gaveanews.com\/wp-content\/uploads\/Filipe-Luis-dando-treinamento-no-CT-Ninho-do-Urubu.webp","datePublished":"2025-04-22T17:50:00+00:00","author":{"@id":"https:\/\/www.gaveanews.com\/#\/schema\/person\/3b19f7288b0ce20372991275e4f2e6c2"},"breadcrumb":{"@id":"https:\/\/www.gaveanews.com\/index.php\/2025\/04\/22\/filipe-luis-prepara-mudancas-no-time-titular-para-libertadores\/#breadcrumb"},"inLanguage":"pt-BR","potentialAction":[{"@type":"ReadAction","target":["https:\/\/www.gaveanews.com\/index.php\/2025\/04\/22\/filipe-luis-prepara-mudancas-no-time-titular-para-libertadores\/"]}]},{"@type":"ImageObject","inLanguage":"pt-BR","@id":"https:\/\/www.gaveanews.com\/index.php\/2025\/04\/22\/filipe-luis-prepara-mudancas-no-time-titular-para-libertadores\/#primaryimage","url":"https:\/\/www.gaveanews.com\/wp-content\/uploads\/Filipe-Luis-dando-treinamento-no-CT-Ninho-do-Urubu.webp","contentUrl":"https:\/\/www.gaveanews.com\/wp-content\/uploads\/Filipe-Luis-dando-treinamento-no-CT-Ninho-do-Urubu.webp","width":1200,"height":800,"caption":"Filipe Lu\u00eds dando treinamento no CT Ninho do Urubu - Foto: Gilvan de Souza\/CRF"},{"@type":"BreadcrumbList","@id":"https:\/\/www.gaveanews.com\/index.php\/2025\/04\/22\/filipe-luis-prepara-mudancas-no-time-titular-para-libertadores\/#breadcrumb","itemListElement":[{"@type":"ListItem","position":1,"name":"Home","item":"https:\/\/www.gaveanews.com\/"},{"@type":"ListItem","position":2,"name":"Filipe Lu\u00eds prepara mudan\u00e7as no time titular para Libertadores"}]},{"@type":"WebSite","@id":"https:\/\/www.gaveanews.com\/#website","url":"https:\/\/www.gaveanews.com\/","name":"G\u00e1vea News","description":"Veja todas as not\u00edcias sobre o Flamengo: Contrata\u00e7\u00f5es, categorias de base, resultados das partidas, tabela de classifica\u00e7\u00e3o, pr\u00f3ximos jogos!","potentialAction":[{"@type":"SearchAction","target":{"@type":"EntryPoint","urlTemplate":"https:\/\/www.gaveanews.com\/?s={search_term_string}"},"query-input":{"@type":"PropertyValueSpecification","valueRequired":true,"valueName":"search_term_string"}}],"inLanguage":"pt-BR"},{"@type":"Person","@id":"https:\/\/www.gaveanews.com\/#\/schema\/person\/3b19f7288b0ce20372991275e4f2e6c2","name":"Ana Teixeira","image":{"@type":"ImageObject","inLanguage":"pt-BR","@id":"https:\/\/www.gaveanews.com\/#\/schema\/person\/image\/","url":"https:\/\/secure.gravatar.com\/avatar\/0a73f5a5258f3fed37fc2fa641892f3f7a4748456d4d4792f9bc550e6c19e06c?s=96&d=mm&r=g","contentUrl":"https:\/\/secure.gravatar.com\/avatar\/0a73f5a5258f3fed37fc2fa641892f3f7a4748456d4d4792f9bc550e6c19e06c?s=96&d=mm&r=g","caption":"Ana Teixeira"}}]}},"_links":{"self":[{"href":"https:\/\/www.gaveanews.com\/index.php\/wp-json\/wp\/v2\/posts\/256273","targetHints":{"allow":["GET"]}}],"collection":[{"href":"https:\/\/www.gaveanews.com\/index.php\/wp-json\/wp\/v2\/posts"}],"about":[{"href":"https:\/\/www.gaveanews.com\/index.php\/wp-json\/wp\/v2\/types\/post"}],"author":[{"embeddable":true,"href":"https:\/\/www.gaveanews.com\/index.php\/wp-json\/wp\/v2\/users\/30"}],"replies":[{"embeddable":true,"href":"https:\/\/www.gaveanews.com\/index.php\/wp-json\/wp\/v2\/comments?post=256273"}],"version-history":[{"count":1,"href":"https:\/\/www.gaveanews.com\/index.php\/wp-json\/wp\/v2\/posts\/256273\/revisions"}],"predecessor-version":[{"id":256281,"href":"https:\/\/www.gaveanews.com\/index.php\/wp-json\/wp\/v2\/posts\/256273\/revisions\/256281"}],"wp:featuredmedia":[{"embeddable":true,"href":"https:\/\/www.gaveanews.com\/index.php\/wp-json\/wp\/v2\/media\/255027"}],"wp:attachment":[{"href":"https:\/\/www.gaveanews.com\/index.php\/wp-json\/wp\/v2\/media?parent=256273"}],"wp:term":[{"taxonomy":"category","embeddable":true,"href":"https:\/\/www.gaveanews.com\/index.php\/wp-json\/wp\/v2\/categories?post=256273"},{"taxonomy":"post_tag","embeddable":true,"href":"https:\/\/www.gaveanews.com\/index.php\/wp-json\/wp\/v2\/tags?post=256273"}],"curies":[{"name":"wp","href":"https:\/\/api.w.org\/{rel}","templated":true}]}}