{"id":256274,"date":"2025-04-22T14:45:00","date_gmt":"2025-04-22T17:45:00","guid":{"rendered":"https:\/\/www.gaveanews.com\/?p=256274"},"modified":"2025-04-22T14:13:48","modified_gmt":"2025-04-22T17:13:48","slug":"coutinho-vegetti-rayan-nuno-paulo-henrique-os-jogadores-do-vasco-com-mais-gols-com-fabio-carille-no-comando","status":"publish","type":"post","link":"https:\/\/www.gaveanews.com\/index.php\/2025\/04\/22\/coutinho-vegetti-rayan-nuno-paulo-henrique-os-jogadores-do-vasco-com-mais-gols-com-fabio-carille-no-comando\/","title":{"rendered":"Coutinho, Vegetti, Rayan, Nuno, Paulo Henrique: os jogadores do Vasco com mais gols com F\u00e1bio Carille no comando"},"content":{"rendered":"\n<p>Desde que assumiu o Vasco no in\u00edcio da temporada, F\u00e1bio Carille tem utilizado diversas forma\u00e7\u00f5es ofensivas em busca de um equil\u00edbrio que garanta resultados. Em 20 partidas, alguns jogadores se destacaram pela efetividade no setor ofensivo, com destaque absoluto para o centroavante Vegetti, que lidera com folga a artilharia da equipe neste per\u00edodo.<\/p>\n\n\n\n<p>O argentino balan\u00e7ou as redes <strong>14 vezes<\/strong>, n\u00famero que n\u00e3o apenas o coloca como o principal goleador do clube sob o comando de Carille, mas tamb\u00e9m evidencia sua import\u00e2ncia na estrutura ofensiva vasca\u00edna. Ali\u00e1s, o desempenho de Vegetti \u00e9 amplamente superior ao dos demais jogadores do setor.<\/p>\n\n\n\n<p>Logo atr\u00e1s aparece <strong>Philippe Coutinho<\/strong>, com <strong>5 gols<\/strong>, demonstrando que, apesar de atuar em posi\u00e7\u00e3o mais recuada e criativa, o meia tamb\u00e9m tem contribu\u00eddo diretamente no placar. <strong>Rayan<\/strong>, jovem revelado pelas categorias de base, aparece na terceira coloca\u00e7\u00e3o com <strong>3 gols<\/strong> \u2014 n\u00famero que refor\u00e7a seu potencial e crescente protagonismo.<\/p>\n\n\n\n<p>Outros dois atletas compartilham a quarta posi\u00e7\u00e3o no ranking de artilheiros: <strong>Nuno e Paulo Henrique<\/strong>, ambos com <strong>2 gols<\/strong>. Apesar de n\u00fameros mais modestos, suas contribui\u00e7\u00f5es ocorreram em momentos importantes, consolidando sua presen\u00e7a entre os mais efetivos da equipe.<\/p>\n\n\n\n<p>Esses dados mostram, sobretudo, a depend\u00eancia ofensiva do time em rela\u00e7\u00e3o a Vegetti. A dist\u00e2ncia entre o primeiro e os demais artilheiros indica que o Vasco ainda busca solu\u00e7\u00f5es mais variadas no ataque. Afinal, contar excessivamente com um \u00fanico nome pode gerar dificuldades em jogos nos quais ele est\u00e1 bem marcado ou ausente.<\/p>\n\n\n\n<h2 class=\"wp-block-heading\" id=\"h-o-desempenho-de-carille\">O desempenho de Carille <\/h2>\n\n\n\n<p>F\u00e1bio Carille completar\u00e1 20 jogos no comando do Vasco na noite desta ter\u00e7a-feira (22)<strong>,<\/strong> na partida contra o Lan\u00fas pela Copa Sul-Americana, \u00e0s 21h30, em S\u00e3o Janu\u00e1rio. At\u00e9 aqui, o treinador acumula <strong>9 vit\u00f3rias, 4 empates e 6 derrotas<\/strong>, o que representa um <strong>aproveitamento de 54,3%<\/strong>.<\/p>\n\n\n\n<p>Entre os resultados mais expressivos, est\u00e3o a vit\u00f3ria por <strong>4 a 1 sobre a Portuguesa<\/strong>, no Campeonato Carioca, e os triunfos por <strong>3 a 0<\/strong> sobre Uni\u00e3o de Rondon\u00f3polis e Nova Igua\u00e7u, ambos pela Copa do Brasil. Em contrapartida, o rev\u00e9s mais significativo ocorreu na derrota por <strong>3 a 0 para o Corinthians<\/strong>, na segunda rodada do Campeonato Brasileiro.<\/p>\n\n\n\n<p>O momento atual \u00e9 de <strong>press\u00e3o amenizada<\/strong>, principalmente ap\u00f3s a vit\u00f3ria por <strong>3 a 1 sobre o Sport<\/strong> em S\u00e3o Janu\u00e1rio, h\u00e1 duas semanas. No entanto, a derrota para o Cear\u00e1 e o empate sem gols com o Flamengo acenderam o sinal de alerta. Conforme o pr\u00f3prio Filipe Lu\u00eds, t\u00e9cnico rubro-negro, \u201cn\u00e3o \u00e9 f\u00e1cil entrar na defesa do Vasco\u201d, em refer\u00eancia \u00e0 consist\u00eancia apresentada pela equipe.<\/p>\n\n\n\n<p>Atualmente, o Vasco est\u00e1 na <strong>segunda coloca\u00e7\u00e3o do Grupo G da Sul-Americana<\/strong>, com <strong>quatro pontos<\/strong>, a mesma pontua\u00e7\u00e3o do Lan\u00fas, mas em desvantagem no saldo de gols. Uma vit\u00f3ria simples nesta ter\u00e7a pode colocar o clube na lideran\u00e7a da chave, o que traria certo al\u00edvio para Carille antes de uma sequ\u00eancia de seis partidas fora de S\u00e3o Janu\u00e1rio.<\/p>\n\n\n\n<p><\/p>\n","protected":false},"excerpt":{"rendered":"<p>Desde que assumiu o Vasco no in\u00edcio da temporada, F\u00e1bio Carille tem utilizado diversas forma\u00e7\u00f5es ofensivas em busca de um equil\u00edbrio que garanta resultados. Em 20 partidas, alguns jogadores se destacaram pela efetividade no setor ofensivo, com destaque absoluto para o centroavante Vegetti, que lidera com folga a artilharia da equipe neste per\u00edodo. O argentino [&hellip;]<\/p>\n","protected":false},"author":30,"featured_media":220356,"comment_status":"open","ping_status":"closed","sticky":false,"template":"","format":"standard","meta":{"footnotes":""},"categories":[133,152],"tags":[],"class_list":["post-256274","post","type-post","status-publish","format-standard","has-post-thumbnail","hentry","category-brasileirao","category-vasco"],"yoast_head":"<!-- This site is optimized with the Yoast SEO Premium plugin v24.2 (Yoast SEO v26.9) - https:\/\/yoast.com\/product\/yoast-seo-premium-wordpress\/ -->\n<title>Coutinho, Vegetti, Rayan, Nuno, Paulo Henrique: os jogadores do Vasco com mais gols com F\u00e1bio Carille no comando<\/title>\n<meta name=\"robots\" content=\"index, follow, max-snippet:-1, max-image-preview:large, max-video-preview:-1\" \/>\n<link rel=\"canonical\" href=\"https:\/\/www.gaveanews.com\/index.php\/2025\/04\/22\/coutinho-vegetti-rayan-nuno-paulo-henrique-os-jogadores-do-vasco-com-mais-gols-com-fabio-carille-no-comando\/\" \/>\n<meta property=\"og:locale\" content=\"pt_BR\" \/>\n<meta property=\"og:type\" content=\"article\" \/>\n<meta property=\"og:title\" content=\"Coutinho, Vegetti, Rayan, Nuno, Paulo Henrique: os jogadores do Vasco com mais gols com F\u00e1bio Carille no comando\" \/>\n<meta property=\"og:description\" content=\"Desde que assumiu o Vasco no in\u00edcio da temporada, F\u00e1bio Carille tem utilizado diversas forma\u00e7\u00f5es ofensivas em busca de um equil\u00edbrio que garanta resultados. Em 20 partidas, alguns jogadores se destacaram pela efetividade no setor ofensivo, com destaque absoluto para o centroavante Vegetti, que lidera com folga a artilharia da equipe neste per\u00edodo. O argentino [&hellip;]\" \/>\n<meta property=\"og:url\" content=\"https:\/\/www.gaveanews.com\/index.php\/2025\/04\/22\/coutinho-vegetti-rayan-nuno-paulo-henrique-os-jogadores-do-vasco-com-mais-gols-com-fabio-carille-no-comando\/\" \/>\n<meta property=\"og:site_name\" content=\"G\u00e1vea News\" \/>\n<meta property=\"article:publisher\" content=\"https:\/\/facebook.com\/gaveaNews\/\" \/>\n<meta property=\"article:published_time\" content=\"2025-04-22T17:45:00+00:00\" \/>\n<meta property=\"og:image\" content=\"https:\/\/www.gaveanews.com\/wp-content\/uploads\/Carille-apresentado-pelo-Vasco.webp\" \/>\n\t<meta property=\"og:image:width\" content=\"1501\" \/>\n\t<meta property=\"og:image:height\" content=\"1000\" \/>\n\t<meta property=\"og:image:type\" content=\"image\/jpeg\" \/>\n<meta name=\"author\" content=\"Ana Teixeira\" \/>\n<meta name=\"twitter:card\" content=\"summary_large_image\" \/>\n<meta name=\"twitter:label1\" content=\"Escrito por\" \/>\n\t<meta name=\"twitter:data1\" content=\"Ana Teixeira\" \/>\n\t<meta name=\"twitter:label2\" content=\"Est. tempo de leitura\" \/>\n\t<meta name=\"twitter:data2\" content=\"3 minutos\" \/>\n<script type=\"application\/ld+json\" class=\"yoast-schema-graph\">{\"@context\":\"https:\/\/schema.org\",\"@graph\":[{\"@type\":\"NewsArticle\",\"@id\":\"https:\/\/www.gaveanews.com\/index.php\/2025\/04\/22\/coutinho-vegetti-rayan-nuno-paulo-henrique-os-jogadores-do-vasco-com-mais-gols-com-fabio-carille-no-comando\/#article\",\"isPartOf\":{\"@id\":\"https:\/\/www.gaveanews.com\/index.php\/2025\/04\/22\/coutinho-vegetti-rayan-nuno-paulo-henrique-os-jogadores-do-vasco-com-mais-gols-com-fabio-carille-no-comando\/\"},\"author\":{\"name\":\"Ana Teixeira\",\"@id\":\"https:\/\/www.gaveanews.com\/#\/schema\/person\/3b19f7288b0ce20372991275e4f2e6c2\"},\"headline\":\"Coutinho, Vegetti, Rayan, Nuno, Paulo Henrique: os jogadores do Vasco com mais gols com F\u00e1bio Carille no comando\",\"datePublished\":\"2025-04-22T17:45:00+00:00\",\"mainEntityOfPage\":{\"@id\":\"https:\/\/www.gaveanews.com\/index.php\/2025\/04\/22\/coutinho-vegetti-rayan-nuno-paulo-henrique-os-jogadores-do-vasco-com-mais-gols-com-fabio-carille-no-comando\/\"},\"wordCount\":531,\"commentCount\":0,\"image\":{\"@id\":\"https:\/\/www.gaveanews.com\/index.php\/2025\/04\/22\/coutinho-vegetti-rayan-nuno-paulo-henrique-os-jogadores-do-vasco-com-mais-gols-com-fabio-carille-no-comando\/#primaryimage\"},\"thumbnailUrl\":\"https:\/\/www.gaveanews.com\/wp-content\/uploads\/Carille-apresentado-pelo-Vasco.webp\",\"articleSection\":[\"Brasileir\u00e3o\",\"Vasco\"],\"inLanguage\":\"pt-BR\",\"potentialAction\":[{\"@type\":\"CommentAction\",\"name\":\"Comment\",\"target\":[\"https:\/\/www.gaveanews.com\/index.php\/2025\/04\/22\/coutinho-vegetti-rayan-nuno-paulo-henrique-os-jogadores-do-vasco-com-mais-gols-com-fabio-carille-no-comando\/#respond\"]}],\"copyrightYear\":\"2025\",\"copyrightHolder\":{\"@id\":\"https:\/\/www.gaveanews.com\/#organization\"}},{\"@type\":\"WebPage\",\"@id\":\"https:\/\/www.gaveanews.com\/index.php\/2025\/04\/22\/coutinho-vegetti-rayan-nuno-paulo-henrique-os-jogadores-do-vasco-com-mais-gols-com-fabio-carille-no-comando\/\",\"url\":\"https:\/\/www.gaveanews.com\/index.php\/2025\/04\/22\/coutinho-vegetti-rayan-nuno-paulo-henrique-os-jogadores-do-vasco-com-mais-gols-com-fabio-carille-no-comando\/\",\"name\":\"Coutinho, Vegetti, Rayan, Nuno, Paulo Henrique: os jogadores do Vasco com mais gols com F\u00e1bio Carille no comando\",\"isPartOf\":{\"@id\":\"https:\/\/www.gaveanews.com\/#website\"},\"primaryImageOfPage\":{\"@id\":\"https:\/\/www.gaveanews.com\/index.php\/2025\/04\/22\/coutinho-vegetti-rayan-nuno-paulo-henrique-os-jogadores-do-vasco-com-mais-gols-com-fabio-carille-no-comando\/#primaryimage\"},\"image\":{\"@id\":\"https:\/\/www.gaveanews.com\/index.php\/2025\/04\/22\/coutinho-vegetti-rayan-nuno-paulo-henrique-os-jogadores-do-vasco-com-mais-gols-com-fabio-carille-no-comando\/#primaryimage\"},\"thumbnailUrl\":\"https:\/\/www.gaveanews.com\/wp-content\/uploads\/Carille-apresentado-pelo-Vasco.webp\",\"datePublished\":\"2025-04-22T17:45:00+00:00\",\"author\":{\"@id\":\"https:\/\/www.gaveanews.com\/#\/schema\/person\/3b19f7288b0ce20372991275e4f2e6c2\"},\"breadcrumb\":{\"@id\":\"https:\/\/www.gaveanews.com\/index.php\/2025\/04\/22\/coutinho-vegetti-rayan-nuno-paulo-henrique-os-jogadores-do-vasco-com-mais-gols-com-fabio-carille-no-comando\/#breadcrumb\"},\"inLanguage\":\"pt-BR\",\"potentialAction\":[{\"@type\":\"ReadAction\",\"target\":[\"https:\/\/www.gaveanews.com\/index.php\/2025\/04\/22\/coutinho-vegetti-rayan-nuno-paulo-henrique-os-jogadores-do-vasco-com-mais-gols-com-fabio-carille-no-comando\/\"]}]},{\"@type\":\"ImageObject\",\"inLanguage\":\"pt-BR\",\"@id\":\"https:\/\/www.gaveanews.com\/index.php\/2025\/04\/22\/coutinho-vegetti-rayan-nuno-paulo-henrique-os-jogadores-do-vasco-com-mais-gols-com-fabio-carille-no-comando\/#primaryimage\",\"url\":\"https:\/\/www.gaveanews.com\/wp-content\/uploads\/Carille-apresentado-pelo-Vasco.webp\",\"contentUrl\":\"https:\/\/www.gaveanews.com\/wp-content\/uploads\/Carille-apresentado-pelo-Vasco.webp\",\"width\":1501,\"height\":1000,\"caption\":\"Carille apresentado pelo Vasco (Foto: Divulga\u00e7\u00e3o)\"},{\"@type\":\"BreadcrumbList\",\"@id\":\"https:\/\/www.gaveanews.com\/index.php\/2025\/04\/22\/coutinho-vegetti-rayan-nuno-paulo-henrique-os-jogadores-do-vasco-com-mais-gols-com-fabio-carille-no-comando\/#breadcrumb\",\"itemListElement\":[{\"@type\":\"ListItem\",\"position\":1,\"name\":\"Home\",\"item\":\"https:\/\/www.gaveanews.com\/\"},{\"@type\":\"ListItem\",\"position\":2,\"name\":\"Coutinho, Vegetti, Rayan, Nuno, Paulo Henrique: os jogadores do Vasco com mais gols com F\u00e1bio Carille no comando\"}]},{\"@type\":\"WebSite\",\"@id\":\"https:\/\/www.gaveanews.com\/#website\",\"url\":\"https:\/\/www.gaveanews.com\/\",\"name\":\"G\u00e1vea News\",\"description\":\"Veja todas as not\u00edcias sobre o Flamengo: Contrata\u00e7\u00f5es, categorias de base, resultados das partidas, tabela de classifica\u00e7\u00e3o, pr\u00f3ximos jogos!\",\"potentialAction\":[{\"@type\":\"SearchAction\",\"target\":{\"@type\":\"EntryPoint\",\"urlTemplate\":\"https:\/\/www.gaveanews.com\/?s={search_term_string}\"},\"query-input\":{\"@type\":\"PropertyValueSpecification\",\"valueRequired\":true,\"valueName\":\"search_term_string\"}}],\"inLanguage\":\"pt-BR\"},{\"@type\":\"Person\",\"@id\":\"https:\/\/www.gaveanews.com\/#\/schema\/person\/3b19f7288b0ce20372991275e4f2e6c2\",\"name\":\"Ana Teixeira\",\"image\":{\"@type\":\"ImageObject\",\"inLanguage\":\"pt-BR\",\"@id\":\"https:\/\/www.gaveanews.com\/#\/schema\/person\/image\/\",\"url\":\"https:\/\/secure.gravatar.com\/avatar\/0a73f5a5258f3fed37fc2fa641892f3f7a4748456d4d4792f9bc550e6c19e06c?s=96&d=mm&r=g\",\"contentUrl\":\"https:\/\/secure.gravatar.com\/avatar\/0a73f5a5258f3fed37fc2fa641892f3f7a4748456d4d4792f9bc550e6c19e06c?s=96&d=mm&r=g\",\"caption\":\"Ana Teixeira\"}}]}<\/script>\n<!-- \/ Yoast SEO Premium plugin. -->","yoast_head_json":{"title":"Coutinho, Vegetti, Rayan, Nuno, Paulo Henrique: os jogadores do Vasco com mais gols com F\u00e1bio Carille no comando","robots":{"index":"index","follow":"follow","max-snippet":"max-snippet:-1","max-image-preview":"max-image-preview:large","max-video-preview":"max-video-preview:-1"},"canonical":"https:\/\/www.gaveanews.com\/index.php\/2025\/04\/22\/coutinho-vegetti-rayan-nuno-paulo-henrique-os-jogadores-do-vasco-com-mais-gols-com-fabio-carille-no-comando\/","og_locale":"pt_BR","og_type":"article","og_title":"Coutinho, Vegetti, Rayan, Nuno, Paulo Henrique: os jogadores do Vasco com mais gols com F\u00e1bio Carille no comando","og_description":"Desde que assumiu o Vasco no in\u00edcio da temporada, F\u00e1bio Carille tem utilizado diversas forma\u00e7\u00f5es ofensivas em busca de um equil\u00edbrio que garanta resultados. Em 20 partidas, alguns jogadores se destacaram pela efetividade no setor ofensivo, com destaque absoluto para o centroavante Vegetti, que lidera com folga a artilharia da equipe neste per\u00edodo. O argentino [&hellip;]","og_url":"https:\/\/www.gaveanews.com\/index.php\/2025\/04\/22\/coutinho-vegetti-rayan-nuno-paulo-henrique-os-jogadores-do-vasco-com-mais-gols-com-fabio-carille-no-comando\/","og_site_name":"G\u00e1vea News","article_publisher":"https:\/\/facebook.com\/gaveaNews\/","article_published_time":"2025-04-22T17:45:00+00:00","og_image":[{"width":1501,"height":1000,"url":"https:\/\/www.gaveanews.com\/wp-content\/uploads\/Carille-apresentado-pelo-Vasco.webp","type":"image\/jpeg"}],"author":"Ana Teixeira","twitter_card":"summary_large_image","twitter_misc":{"Escrito por":"Ana Teixeira","Est. tempo de leitura":"3 minutos"},"schema":{"@context":"https:\/\/schema.org","@graph":[{"@type":"NewsArticle","@id":"https:\/\/www.gaveanews.com\/index.php\/2025\/04\/22\/coutinho-vegetti-rayan-nuno-paulo-henrique-os-jogadores-do-vasco-com-mais-gols-com-fabio-carille-no-comando\/#article","isPartOf":{"@id":"https:\/\/www.gaveanews.com\/index.php\/2025\/04\/22\/coutinho-vegetti-rayan-nuno-paulo-henrique-os-jogadores-do-vasco-com-mais-gols-com-fabio-carille-no-comando\/"},"author":{"name":"Ana Teixeira","@id":"https:\/\/www.gaveanews.com\/#\/schema\/person\/3b19f7288b0ce20372991275e4f2e6c2"},"headline":"Coutinho, Vegetti, Rayan, Nuno, Paulo Henrique: os jogadores do Vasco com mais gols com F\u00e1bio Carille no comando","datePublished":"2025-04-22T17:45:00+00:00","mainEntityOfPage":{"@id":"https:\/\/www.gaveanews.com\/index.php\/2025\/04\/22\/coutinho-vegetti-rayan-nuno-paulo-henrique-os-jogadores-do-vasco-com-mais-gols-com-fabio-carille-no-comando\/"},"wordCount":531,"commentCount":0,"image":{"@id":"https:\/\/www.gaveanews.com\/index.php\/2025\/04\/22\/coutinho-vegetti-rayan-nuno-paulo-henrique-os-jogadores-do-vasco-com-mais-gols-com-fabio-carille-no-comando\/#primaryimage"},"thumbnailUrl":"https:\/\/www.gaveanews.com\/wp-content\/uploads\/Carille-apresentado-pelo-Vasco.webp","articleSection":["Brasileir\u00e3o","Vasco"],"inLanguage":"pt-BR","potentialAction":[{"@type":"CommentAction","name":"Comment","target":["https:\/\/www.gaveanews.com\/index.php\/2025\/04\/22\/coutinho-vegetti-rayan-nuno-paulo-henrique-os-jogadores-do-vasco-com-mais-gols-com-fabio-carille-no-comando\/#respond"]}],"copyrightYear":"2025","copyrightHolder":{"@id":"https:\/\/www.gaveanews.com\/#organization"}},{"@type":"WebPage","@id":"https:\/\/www.gaveanews.com\/index.php\/2025\/04\/22\/coutinho-vegetti-rayan-nuno-paulo-henrique-os-jogadores-do-vasco-com-mais-gols-com-fabio-carille-no-comando\/","url":"https:\/\/www.gaveanews.com\/index.php\/2025\/04\/22\/coutinho-vegetti-rayan-nuno-paulo-henrique-os-jogadores-do-vasco-com-mais-gols-com-fabio-carille-no-comando\/","name":"Coutinho, Vegetti, Rayan, Nuno, Paulo Henrique: os jogadores do Vasco com mais gols com F\u00e1bio Carille no comando","isPartOf":{"@id":"https:\/\/www.gaveanews.com\/#website"},"primaryImageOfPage":{"@id":"https:\/\/www.gaveanews.com\/index.php\/2025\/04\/22\/coutinho-vegetti-rayan-nuno-paulo-henrique-os-jogadores-do-vasco-com-mais-gols-com-fabio-carille-no-comando\/#primaryimage"},"image":{"@id":"https:\/\/www.gaveanews.com\/index.php\/2025\/04\/22\/coutinho-vegetti-rayan-nuno-paulo-henrique-os-jogadores-do-vasco-com-mais-gols-com-fabio-carille-no-comando\/#primaryimage"},"thumbnailUrl":"https:\/\/www.gaveanews.com\/wp-content\/uploads\/Carille-apresentado-pelo-Vasco.webp","datePublished":"2025-04-22T17:45:00+00:00","author":{"@id":"https:\/\/www.gaveanews.com\/#\/schema\/person\/3b19f7288b0ce20372991275e4f2e6c2"},"breadcrumb":{"@id":"https:\/\/www.gaveanews.com\/index.php\/2025\/04\/22\/coutinho-vegetti-rayan-nuno-paulo-henrique-os-jogadores-do-vasco-com-mais-gols-com-fabio-carille-no-comando\/#breadcrumb"},"inLanguage":"pt-BR","potentialAction":[{"@type":"ReadAction","target":["https:\/\/www.gaveanews.com\/index.php\/2025\/04\/22\/coutinho-vegetti-rayan-nuno-paulo-henrique-os-jogadores-do-vasco-com-mais-gols-com-fabio-carille-no-comando\/"]}]},{"@type":"ImageObject","inLanguage":"pt-BR","@id":"https:\/\/www.gaveanews.com\/index.php\/2025\/04\/22\/coutinho-vegetti-rayan-nuno-paulo-henrique-os-jogadores-do-vasco-com-mais-gols-com-fabio-carille-no-comando\/#primaryimage","url":"https:\/\/www.gaveanews.com\/wp-content\/uploads\/Carille-apresentado-pelo-Vasco.webp","contentUrl":"https:\/\/www.gaveanews.com\/wp-content\/uploads\/Carille-apresentado-pelo-Vasco.webp","width":1501,"height":1000,"caption":"Carille apresentado pelo Vasco (Foto: Divulga\u00e7\u00e3o)"},{"@type":"BreadcrumbList","@id":"https:\/\/www.gaveanews.com\/index.php\/2025\/04\/22\/coutinho-vegetti-rayan-nuno-paulo-henrique-os-jogadores-do-vasco-com-mais-gols-com-fabio-carille-no-comando\/#breadcrumb","itemListElement":[{"@type":"ListItem","position":1,"name":"Home","item":"https:\/\/www.gaveanews.com\/"},{"@type":"ListItem","position":2,"name":"Coutinho, Vegetti, Rayan, Nuno, Paulo Henrique: os jogadores do Vasco com mais gols com F\u00e1bio Carille no comando"}]},{"@type":"WebSite","@id":"https:\/\/www.gaveanews.com\/#website","url":"https:\/\/www.gaveanews.com\/","name":"G\u00e1vea News","description":"Veja todas as not\u00edcias sobre o Flamengo: Contrata\u00e7\u00f5es, categorias de base, resultados das partidas, tabela de classifica\u00e7\u00e3o, pr\u00f3ximos jogos!","potentialAction":[{"@type":"SearchAction","target":{"@type":"EntryPoint","urlTemplate":"https:\/\/www.gaveanews.com\/?s={search_term_string}"},"query-input":{"@type":"PropertyValueSpecification","valueRequired":true,"valueName":"search_term_string"}}],"inLanguage":"pt-BR"},{"@type":"Person","@id":"https:\/\/www.gaveanews.com\/#\/schema\/person\/3b19f7288b0ce20372991275e4f2e6c2","name":"Ana Teixeira","image":{"@type":"ImageObject","inLanguage":"pt-BR","@id":"https:\/\/www.gaveanews.com\/#\/schema\/person\/image\/","url":"https:\/\/secure.gravatar.com\/avatar\/0a73f5a5258f3fed37fc2fa641892f3f7a4748456d4d4792f9bc550e6c19e06c?s=96&d=mm&r=g","contentUrl":"https:\/\/secure.gravatar.com\/avatar\/0a73f5a5258f3fed37fc2fa641892f3f7a4748456d4d4792f9bc550e6c19e06c?s=96&d=mm&r=g","caption":"Ana Teixeira"}}]}},"_links":{"self":[{"href":"https:\/\/www.gaveanews.com\/index.php\/wp-json\/wp\/v2\/posts\/256274","targetHints":{"allow":["GET"]}}],"collection":[{"href":"https:\/\/www.gaveanews.com\/index.php\/wp-json\/wp\/v2\/posts"}],"about":[{"href":"https:\/\/www.gaveanews.com\/index.php\/wp-json\/wp\/v2\/types\/post"}],"author":[{"embeddable":true,"href":"https:\/\/www.gaveanews.com\/index.php\/wp-json\/wp\/v2\/users\/30"}],"replies":[{"embeddable":true,"href":"https:\/\/www.gaveanews.com\/index.php\/wp-json\/wp\/v2\/comments?post=256274"}],"version-history":[{"count":1,"href":"https:\/\/www.gaveanews.com\/index.php\/wp-json\/wp\/v2\/posts\/256274\/revisions"}],"predecessor-version":[{"id":256278,"href":"https:\/\/www.gaveanews.com\/index.php\/wp-json\/wp\/v2\/posts\/256274\/revisions\/256278"}],"wp:featuredmedia":[{"embeddable":true,"href":"https:\/\/www.gaveanews.com\/index.php\/wp-json\/wp\/v2\/media\/220356"}],"wp:attachment":[{"href":"https:\/\/www.gaveanews.com\/index.php\/wp-json\/wp\/v2\/media?parent=256274"}],"wp:term":[{"taxonomy":"category","embeddable":true,"href":"https:\/\/www.gaveanews.com\/index.php\/wp-json\/wp\/v2\/categories?post=256274"},{"taxonomy":"post_tag","embeddable":true,"href":"https:\/\/www.gaveanews.com\/index.php\/wp-json\/wp\/v2\/tags?post=256274"}],"curies":[{"name":"wp","href":"https:\/\/api.w.org\/{rel}","templated":true}]}}