{"id":256460,"date":"2025-04-22T21:45:00","date_gmt":"2025-04-23T00:45:00","guid":{"rendered":"https:\/\/www.gaveanews.com\/?p=256460"},"modified":"2025-04-22T18:26:02","modified_gmt":"2025-04-22T21:26:02","slug":"a-declaracao-de-mano-menezes-apos-ser-contratado-pelo-gremio","status":"publish","type":"post","link":"https:\/\/www.gaveanews.com\/index.php\/2025\/04\/22\/a-declaracao-de-mano-menezes-apos-ser-contratado-pelo-gremio\/","title":{"rendered":"A declara\u00e7\u00e3o de Mano Menezes ap\u00f3s ser contratado pelo Gr\u00eamio"},"content":{"rendered":"\n<p>Mano Menezes foi oficialmente reapresentado pelo Gr\u00eamio nesta ter\u00e7a-feira (22), no CT Luiz Carvalho, marcando seu retorno ao clube ap\u00f3s duas d\u00e9cadas. Aos 62 anos, o treinador destacou o orgulho de estar novamente \u00e0 frente da equipe que, conforme suas palavras, foi respons\u00e1vel por projet\u00e1-lo nacionalmente. \u201cAchei at\u00e9 que demorou um pouco\u201d, declarou, durante a entrevista coletiva que sucedeu o primeiro treino sob seu comando.<\/p>\n\n\n\n<p>Com contrato v\u00e1lido at\u00e9 dezembro, Mano ter\u00e1 como estreia o confronto contra o Godoy Cruz, marcado para quinta-feira (24), \u00e0s 19 horas (hor\u00e1rio de Bras\u00edlia), pela terceira rodada da Copa Sul-Americana. A equipe ga\u00facha ocupa a segunda coloca\u00e7\u00e3o do grupo, atr\u00e1s justamente do advers\u00e1rio argentino, por conta do saldo de gols. A tend\u00eancia, segundo o t\u00e9cnico, \u00e9 manter a estrutura do time que atuou no Gre-Nal, comandado pelo auxiliar James Freitas.<\/p>\n\n\n\n<p>Mano destacou que o primeiro desafio ser\u00e1 consolidar uma ideia de jogo clara, algo que, segundo ele, ainda n\u00e3o havia sido estabelecido na gest\u00e3o anterior. \u201cMinha primeira miss\u00e3o \u00e9 dar uma ideia de como n\u00f3s vamos jogar para os jogadores, para que eles se sintam confort\u00e1veis\u201d, explicou o treinador, reconhecendo a import\u00e2ncia da confian\u00e7a no processo de retomada.<\/p>\n\n\n\n<p>Em sua primeira passagem, iniciada em 2005, o t\u00e9cnico ga\u00facho levou o Tricolor de volta \u00e0 elite do futebol nacional e conquistou dois Campeonatos Ga\u00fachos, al\u00e9m do vice-campeonato da Libertadores em 2007. Atualmente, al\u00e9m da experi\u00eancia acumulada, carrega tr\u00eas t\u00edtulos de Copa do Brasil e passagens por grandes clubes e pela Sele\u00e7\u00e3o Brasileira.<\/p>\n\n\n\n<p>A diretoria do Gr\u00eamio avalia a contrata\u00e7\u00e3o de um coordenador t\u00e9cnico para refor\u00e7ar a estrutura do departamento de futebol. O nome de Luiz Felipe Scolari, ali\u00e1s, foi citado como possibilidade. Mano comentou que n\u00e3o tratou do assunto com a diretoria, mas afirmou que n\u00e3o teria restri\u00e7\u00f5es em dividir fun\u00e7\u00f5es com Felip\u00e3o, destacando a experi\u00eancia e conhecimento do ex-treinador.<\/p>\n\n\n\n<p>Ao lado de Mano, chegam tamb\u00e9m os auxiliares Sidnei Lobo e Thiago Kosloski, al\u00e9m do preparador f\u00edsico Flavio de Oliveira. Eles se somam \u00e0 comiss\u00e3o t\u00e9cnica fixa do clube, composta por James Freitas e Rog\u00e9rio Dias. O ambiente, segundo o treinador, \u00e9 prop\u00edcio ao trabalho e \u00e0 reconstru\u00e7\u00e3o da equipe.<\/p>\n","protected":false},"excerpt":{"rendered":"<p>Mano Menezes foi oficialmente reapresentado pelo Gr\u00eamio nesta ter\u00e7a-feira (22), no CT Luiz Carvalho, marcando seu retorno ao clube ap\u00f3s duas d\u00e9cadas. Aos 62 anos, o treinador destacou o orgulho de estar novamente \u00e0 frente da equipe que, conforme suas palavras, foi respons\u00e1vel por projet\u00e1-lo nacionalmente. \u201cAchei at\u00e9 que demorou um pouco\u201d, declarou, durante a [&hellip;]<\/p>\n","protected":false},"author":18,"featured_media":256464,"comment_status":"open","ping_status":"closed","sticky":false,"template":"","format":"standard","meta":{"footnotes":""},"categories":[147],"tags":[],"class_list":["post-256460","post","type-post","status-publish","format-standard","has-post-thumbnail","hentry","category-gremio"],"yoast_head":"<!-- This site is optimized with the Yoast SEO Premium plugin v24.2 (Yoast SEO v26.9) - https:\/\/yoast.com\/product\/yoast-seo-premium-wordpress\/ -->\n<title>A declara\u00e7\u00e3o de Mano Menezes ap\u00f3s ser contratado pelo Gr\u00eamio<\/title>\n<meta name=\"robots\" content=\"index, follow, max-snippet:-1, max-image-preview:large, max-video-preview:-1\" \/>\n<link rel=\"canonical\" href=\"https:\/\/www.gaveanews.com\/index.php\/2025\/04\/22\/a-declaracao-de-mano-menezes-apos-ser-contratado-pelo-gremio\/\" \/>\n<meta property=\"og:locale\" content=\"pt_BR\" \/>\n<meta property=\"og:type\" content=\"article\" \/>\n<meta property=\"og:title\" content=\"A declara\u00e7\u00e3o de Mano Menezes ap\u00f3s ser contratado pelo Gr\u00eamio\" \/>\n<meta property=\"og:description\" content=\"Mano Menezes foi oficialmente reapresentado pelo Gr\u00eamio nesta ter\u00e7a-feira (22), no CT Luiz Carvalho, marcando seu retorno ao clube ap\u00f3s duas d\u00e9cadas. Aos 62 anos, o treinador destacou o orgulho de estar novamente \u00e0 frente da equipe que, conforme suas palavras, foi respons\u00e1vel por projet\u00e1-lo nacionalmente. \u201cAchei at\u00e9 que demorou um pouco\u201d, declarou, durante a [&hellip;]\" \/>\n<meta property=\"og:url\" content=\"https:\/\/www.gaveanews.com\/index.php\/2025\/04\/22\/a-declaracao-de-mano-menezes-apos-ser-contratado-pelo-gremio\/\" \/>\n<meta property=\"og:site_name\" content=\"G\u00e1vea News\" \/>\n<meta property=\"article:publisher\" content=\"https:\/\/facebook.com\/gaveaNews\/\" \/>\n<meta property=\"article:published_time\" content=\"2025-04-23T00:45:00+00:00\" \/>\n<meta property=\"og:image\" content=\"https:\/\/www.gaveanews.com\/wp-content\/uploads\/Mano-Menezes-pelo-Gremio.webp\" \/>\n\t<meta property=\"og:image:width\" content=\"787\" \/>\n\t<meta property=\"og:image:height\" content=\"567\" \/>\n\t<meta property=\"og:image:type\" content=\"image\/webp\" \/>\n<meta name=\"author\" content=\"Paula Silva\" \/>\n<meta name=\"twitter:card\" content=\"summary_large_image\" \/>\n<meta name=\"twitter:label1\" content=\"Escrito por\" \/>\n\t<meta name=\"twitter:data1\" content=\"Paula Silva\" \/>\n\t<meta name=\"twitter:label2\" content=\"Est. tempo de leitura\" \/>\n\t<meta name=\"twitter:data2\" content=\"3 minutos\" \/>\n<script type=\"application\/ld+json\" class=\"yoast-schema-graph\">{\"@context\":\"https:\/\/schema.org\",\"@graph\":[{\"@type\":\"NewsArticle\",\"@id\":\"https:\/\/www.gaveanews.com\/index.php\/2025\/04\/22\/a-declaracao-de-mano-menezes-apos-ser-contratado-pelo-gremio\/#article\",\"isPartOf\":{\"@id\":\"https:\/\/www.gaveanews.com\/index.php\/2025\/04\/22\/a-declaracao-de-mano-menezes-apos-ser-contratado-pelo-gremio\/\"},\"author\":{\"name\":\"Paula Silva\",\"@id\":\"https:\/\/www.gaveanews.com\/#\/schema\/person\/daf63eec72e1164eb13dc35096c2b8da\"},\"headline\":\"A declara\u00e7\u00e3o de Mano Menezes ap\u00f3s ser contratado pelo Gr\u00eamio\",\"datePublished\":\"2025-04-23T00:45:00+00:00\",\"mainEntityOfPage\":{\"@id\":\"https:\/\/www.gaveanews.com\/index.php\/2025\/04\/22\/a-declaracao-de-mano-menezes-apos-ser-contratado-pelo-gremio\/\"},\"wordCount\":405,\"commentCount\":0,\"image\":{\"@id\":\"https:\/\/www.gaveanews.com\/index.php\/2025\/04\/22\/a-declaracao-de-mano-menezes-apos-ser-contratado-pelo-gremio\/#primaryimage\"},\"thumbnailUrl\":\"https:\/\/www.gaveanews.com\/wp-content\/uploads\/Mano-Menezes-pelo-Gremio.webp\",\"articleSection\":[\"Gr\u00eamio\"],\"inLanguage\":\"pt-BR\",\"potentialAction\":[{\"@type\":\"CommentAction\",\"name\":\"Comment\",\"target\":[\"https:\/\/www.gaveanews.com\/index.php\/2025\/04\/22\/a-declaracao-de-mano-menezes-apos-ser-contratado-pelo-gremio\/#respond\"]}],\"copyrightYear\":\"2025\",\"copyrightHolder\":{\"@id\":\"https:\/\/www.gaveanews.com\/#organization\"}},{\"@type\":\"WebPage\",\"@id\":\"https:\/\/www.gaveanews.com\/index.php\/2025\/04\/22\/a-declaracao-de-mano-menezes-apos-ser-contratado-pelo-gremio\/\",\"url\":\"https:\/\/www.gaveanews.com\/index.php\/2025\/04\/22\/a-declaracao-de-mano-menezes-apos-ser-contratado-pelo-gremio\/\",\"name\":\"A declara\u00e7\u00e3o de Mano Menezes ap\u00f3s ser contratado pelo Gr\u00eamio\",\"isPartOf\":{\"@id\":\"https:\/\/www.gaveanews.com\/#website\"},\"primaryImageOfPage\":{\"@id\":\"https:\/\/www.gaveanews.com\/index.php\/2025\/04\/22\/a-declaracao-de-mano-menezes-apos-ser-contratado-pelo-gremio\/#primaryimage\"},\"image\":{\"@id\":\"https:\/\/www.gaveanews.com\/index.php\/2025\/04\/22\/a-declaracao-de-mano-menezes-apos-ser-contratado-pelo-gremio\/#primaryimage\"},\"thumbnailUrl\":\"https:\/\/www.gaveanews.com\/wp-content\/uploads\/Mano-Menezes-pelo-Gremio.webp\",\"datePublished\":\"2025-04-23T00:45:00+00:00\",\"author\":{\"@id\":\"https:\/\/www.gaveanews.com\/#\/schema\/person\/daf63eec72e1164eb13dc35096c2b8da\"},\"breadcrumb\":{\"@id\":\"https:\/\/www.gaveanews.com\/index.php\/2025\/04\/22\/a-declaracao-de-mano-menezes-apos-ser-contratado-pelo-gremio\/#breadcrumb\"},\"inLanguage\":\"pt-BR\",\"potentialAction\":[{\"@type\":\"ReadAction\",\"target\":[\"https:\/\/www.gaveanews.com\/index.php\/2025\/04\/22\/a-declaracao-de-mano-menezes-apos-ser-contratado-pelo-gremio\/\"]}]},{\"@type\":\"ImageObject\",\"inLanguage\":\"pt-BR\",\"@id\":\"https:\/\/www.gaveanews.com\/index.php\/2025\/04\/22\/a-declaracao-de-mano-menezes-apos-ser-contratado-pelo-gremio\/#primaryimage\",\"url\":\"https:\/\/www.gaveanews.com\/wp-content\/uploads\/Mano-Menezes-pelo-Gremio.webp\",\"contentUrl\":\"https:\/\/www.gaveanews.com\/wp-content\/uploads\/Mano-Menezes-pelo-Gremio.webp\",\"width\":787,\"height\":567,\"caption\":\"Mano Menezes pelo Gr\u00eamio (FOTO: LUCAS UEBEL\/GREMIO FBPA)\"},{\"@type\":\"BreadcrumbList\",\"@id\":\"https:\/\/www.gaveanews.com\/index.php\/2025\/04\/22\/a-declaracao-de-mano-menezes-apos-ser-contratado-pelo-gremio\/#breadcrumb\",\"itemListElement\":[{\"@type\":\"ListItem\",\"position\":1,\"name\":\"Home\",\"item\":\"https:\/\/www.gaveanews.com\/\"},{\"@type\":\"ListItem\",\"position\":2,\"name\":\"A declara\u00e7\u00e3o de Mano Menezes ap\u00f3s ser contratado pelo Gr\u00eamio\"}]},{\"@type\":\"WebSite\",\"@id\":\"https:\/\/www.gaveanews.com\/#website\",\"url\":\"https:\/\/www.gaveanews.com\/\",\"name\":\"G\u00e1vea News\",\"description\":\"Veja todas as not\u00edcias sobre o Flamengo: Contrata\u00e7\u00f5es, categorias de base, resultados das partidas, tabela de classifica\u00e7\u00e3o, pr\u00f3ximos jogos!\",\"potentialAction\":[{\"@type\":\"SearchAction\",\"target\":{\"@type\":\"EntryPoint\",\"urlTemplate\":\"https:\/\/www.gaveanews.com\/?s={search_term_string}\"},\"query-input\":{\"@type\":\"PropertyValueSpecification\",\"valueRequired\":true,\"valueName\":\"search_term_string\"}}],\"inLanguage\":\"pt-BR\"},{\"@type\":\"Person\",\"@id\":\"https:\/\/www.gaveanews.com\/#\/schema\/person\/daf63eec72e1164eb13dc35096c2b8da\",\"name\":\"Paula Silva\",\"image\":{\"@type\":\"ImageObject\",\"inLanguage\":\"pt-BR\",\"@id\":\"https:\/\/www.gaveanews.com\/#\/schema\/person\/image\/\",\"url\":\"https:\/\/secure.gravatar.com\/avatar\/eda381c845527cc5d64c13b901833cda29d97500ba040d3e6461f76f51d163bb?s=96&d=mm&r=g\",\"contentUrl\":\"https:\/\/secure.gravatar.com\/avatar\/eda381c845527cc5d64c13b901833cda29d97500ba040d3e6461f76f51d163bb?s=96&d=mm&r=g\",\"caption\":\"Paula Silva\"}}]}<\/script>\n<!-- \/ Yoast SEO Premium plugin. -->","yoast_head_json":{"title":"A declara\u00e7\u00e3o de Mano Menezes ap\u00f3s ser contratado pelo Gr\u00eamio","robots":{"index":"index","follow":"follow","max-snippet":"max-snippet:-1","max-image-preview":"max-image-preview:large","max-video-preview":"max-video-preview:-1"},"canonical":"https:\/\/www.gaveanews.com\/index.php\/2025\/04\/22\/a-declaracao-de-mano-menezes-apos-ser-contratado-pelo-gremio\/","og_locale":"pt_BR","og_type":"article","og_title":"A declara\u00e7\u00e3o de Mano Menezes ap\u00f3s ser contratado pelo Gr\u00eamio","og_description":"Mano Menezes foi oficialmente reapresentado pelo Gr\u00eamio nesta ter\u00e7a-feira (22), no CT Luiz Carvalho, marcando seu retorno ao clube ap\u00f3s duas d\u00e9cadas. Aos 62 anos, o treinador destacou o orgulho de estar novamente \u00e0 frente da equipe que, conforme suas palavras, foi respons\u00e1vel por projet\u00e1-lo nacionalmente. \u201cAchei at\u00e9 que demorou um pouco\u201d, declarou, durante a [&hellip;]","og_url":"https:\/\/www.gaveanews.com\/index.php\/2025\/04\/22\/a-declaracao-de-mano-menezes-apos-ser-contratado-pelo-gremio\/","og_site_name":"G\u00e1vea News","article_publisher":"https:\/\/facebook.com\/gaveaNews\/","article_published_time":"2025-04-23T00:45:00+00:00","og_image":[{"width":787,"height":567,"url":"https:\/\/www.gaveanews.com\/wp-content\/uploads\/Mano-Menezes-pelo-Gremio.webp","type":"image\/webp"}],"author":"Paula Silva","twitter_card":"summary_large_image","twitter_misc":{"Escrito por":"Paula Silva","Est. tempo de leitura":"3 minutos"},"schema":{"@context":"https:\/\/schema.org","@graph":[{"@type":"NewsArticle","@id":"https:\/\/www.gaveanews.com\/index.php\/2025\/04\/22\/a-declaracao-de-mano-menezes-apos-ser-contratado-pelo-gremio\/#article","isPartOf":{"@id":"https:\/\/www.gaveanews.com\/index.php\/2025\/04\/22\/a-declaracao-de-mano-menezes-apos-ser-contratado-pelo-gremio\/"},"author":{"name":"Paula Silva","@id":"https:\/\/www.gaveanews.com\/#\/schema\/person\/daf63eec72e1164eb13dc35096c2b8da"},"headline":"A declara\u00e7\u00e3o de Mano Menezes ap\u00f3s ser contratado pelo Gr\u00eamio","datePublished":"2025-04-23T00:45:00+00:00","mainEntityOfPage":{"@id":"https:\/\/www.gaveanews.com\/index.php\/2025\/04\/22\/a-declaracao-de-mano-menezes-apos-ser-contratado-pelo-gremio\/"},"wordCount":405,"commentCount":0,"image":{"@id":"https:\/\/www.gaveanews.com\/index.php\/2025\/04\/22\/a-declaracao-de-mano-menezes-apos-ser-contratado-pelo-gremio\/#primaryimage"},"thumbnailUrl":"https:\/\/www.gaveanews.com\/wp-content\/uploads\/Mano-Menezes-pelo-Gremio.webp","articleSection":["Gr\u00eamio"],"inLanguage":"pt-BR","potentialAction":[{"@type":"CommentAction","name":"Comment","target":["https:\/\/www.gaveanews.com\/index.php\/2025\/04\/22\/a-declaracao-de-mano-menezes-apos-ser-contratado-pelo-gremio\/#respond"]}],"copyrightYear":"2025","copyrightHolder":{"@id":"https:\/\/www.gaveanews.com\/#organization"}},{"@type":"WebPage","@id":"https:\/\/www.gaveanews.com\/index.php\/2025\/04\/22\/a-declaracao-de-mano-menezes-apos-ser-contratado-pelo-gremio\/","url":"https:\/\/www.gaveanews.com\/index.php\/2025\/04\/22\/a-declaracao-de-mano-menezes-apos-ser-contratado-pelo-gremio\/","name":"A declara\u00e7\u00e3o de Mano Menezes ap\u00f3s ser contratado pelo Gr\u00eamio","isPartOf":{"@id":"https:\/\/www.gaveanews.com\/#website"},"primaryImageOfPage":{"@id":"https:\/\/www.gaveanews.com\/index.php\/2025\/04\/22\/a-declaracao-de-mano-menezes-apos-ser-contratado-pelo-gremio\/#primaryimage"},"image":{"@id":"https:\/\/www.gaveanews.com\/index.php\/2025\/04\/22\/a-declaracao-de-mano-menezes-apos-ser-contratado-pelo-gremio\/#primaryimage"},"thumbnailUrl":"https:\/\/www.gaveanews.com\/wp-content\/uploads\/Mano-Menezes-pelo-Gremio.webp","datePublished":"2025-04-23T00:45:00+00:00","author":{"@id":"https:\/\/www.gaveanews.com\/#\/schema\/person\/daf63eec72e1164eb13dc35096c2b8da"},"breadcrumb":{"@id":"https:\/\/www.gaveanews.com\/index.php\/2025\/04\/22\/a-declaracao-de-mano-menezes-apos-ser-contratado-pelo-gremio\/#breadcrumb"},"inLanguage":"pt-BR","potentialAction":[{"@type":"ReadAction","target":["https:\/\/www.gaveanews.com\/index.php\/2025\/04\/22\/a-declaracao-de-mano-menezes-apos-ser-contratado-pelo-gremio\/"]}]},{"@type":"ImageObject","inLanguage":"pt-BR","@id":"https:\/\/www.gaveanews.com\/index.php\/2025\/04\/22\/a-declaracao-de-mano-menezes-apos-ser-contratado-pelo-gremio\/#primaryimage","url":"https:\/\/www.gaveanews.com\/wp-content\/uploads\/Mano-Menezes-pelo-Gremio.webp","contentUrl":"https:\/\/www.gaveanews.com\/wp-content\/uploads\/Mano-Menezes-pelo-Gremio.webp","width":787,"height":567,"caption":"Mano Menezes pelo Gr\u00eamio (FOTO: LUCAS UEBEL\/GREMIO FBPA)"},{"@type":"BreadcrumbList","@id":"https:\/\/www.gaveanews.com\/index.php\/2025\/04\/22\/a-declaracao-de-mano-menezes-apos-ser-contratado-pelo-gremio\/#breadcrumb","itemListElement":[{"@type":"ListItem","position":1,"name":"Home","item":"https:\/\/www.gaveanews.com\/"},{"@type":"ListItem","position":2,"name":"A declara\u00e7\u00e3o de Mano Menezes ap\u00f3s ser contratado pelo Gr\u00eamio"}]},{"@type":"WebSite","@id":"https:\/\/www.gaveanews.com\/#website","url":"https:\/\/www.gaveanews.com\/","name":"G\u00e1vea News","description":"Veja todas as not\u00edcias sobre o Flamengo: Contrata\u00e7\u00f5es, categorias de base, resultados das partidas, tabela de classifica\u00e7\u00e3o, pr\u00f3ximos jogos!","potentialAction":[{"@type":"SearchAction","target":{"@type":"EntryPoint","urlTemplate":"https:\/\/www.gaveanews.com\/?s={search_term_string}"},"query-input":{"@type":"PropertyValueSpecification","valueRequired":true,"valueName":"search_term_string"}}],"inLanguage":"pt-BR"},{"@type":"Person","@id":"https:\/\/www.gaveanews.com\/#\/schema\/person\/daf63eec72e1164eb13dc35096c2b8da","name":"Paula Silva","image":{"@type":"ImageObject","inLanguage":"pt-BR","@id":"https:\/\/www.gaveanews.com\/#\/schema\/person\/image\/","url":"https:\/\/secure.gravatar.com\/avatar\/eda381c845527cc5d64c13b901833cda29d97500ba040d3e6461f76f51d163bb?s=96&d=mm&r=g","contentUrl":"https:\/\/secure.gravatar.com\/avatar\/eda381c845527cc5d64c13b901833cda29d97500ba040d3e6461f76f51d163bb?s=96&d=mm&r=g","caption":"Paula Silva"}}]}},"_links":{"self":[{"href":"https:\/\/www.gaveanews.com\/index.php\/wp-json\/wp\/v2\/posts\/256460","targetHints":{"allow":["GET"]}}],"collection":[{"href":"https:\/\/www.gaveanews.com\/index.php\/wp-json\/wp\/v2\/posts"}],"about":[{"href":"https:\/\/www.gaveanews.com\/index.php\/wp-json\/wp\/v2\/types\/post"}],"author":[{"embeddable":true,"href":"https:\/\/www.gaveanews.com\/index.php\/wp-json\/wp\/v2\/users\/18"}],"replies":[{"embeddable":true,"href":"https:\/\/www.gaveanews.com\/index.php\/wp-json\/wp\/v2\/comments?post=256460"}],"version-history":[{"count":1,"href":"https:\/\/www.gaveanews.com\/index.php\/wp-json\/wp\/v2\/posts\/256460\/revisions"}],"predecessor-version":[{"id":256465,"href":"https:\/\/www.gaveanews.com\/index.php\/wp-json\/wp\/v2\/posts\/256460\/revisions\/256465"}],"wp:featuredmedia":[{"embeddable":true,"href":"https:\/\/www.gaveanews.com\/index.php\/wp-json\/wp\/v2\/media\/256464"}],"wp:attachment":[{"href":"https:\/\/www.gaveanews.com\/index.php\/wp-json\/wp\/v2\/media?parent=256460"}],"wp:term":[{"taxonomy":"category","embeddable":true,"href":"https:\/\/www.gaveanews.com\/index.php\/wp-json\/wp\/v2\/categories?post=256460"},{"taxonomy":"post_tag","embeddable":true,"href":"https:\/\/www.gaveanews.com\/index.php\/wp-json\/wp\/v2\/tags?post=256460"}],"curies":[{"name":"wp","href":"https:\/\/api.w.org\/{rel}","templated":true}]}}