{"id":256595,"date":"2025-04-22T21:49:24","date_gmt":"2025-04-23T00:49:24","guid":{"rendered":"https:\/\/www.gaveanews.com\/?p=256595"},"modified":"2025-04-22T21:49:28","modified_gmt":"2025-04-23T00:49:28","slug":"a-declaracao-de-filipe-luis-apos-empate-do-flamengo-com-a-ldu-na-libertadores","status":"publish","type":"post","link":"https:\/\/www.gaveanews.com\/index.php\/2025\/04\/22\/a-declaracao-de-filipe-luis-apos-empate-do-flamengo-com-a-ldu-na-libertadores\/","title":{"rendered":"A declara\u00e7\u00e3o de Filipe Lu\u00eds ap\u00f3s empate do Flamengo com a LDU na Libertadores"},"content":{"rendered":"\n<p>O Flamengo empatou em 0 a 0 com a LDU nesta ter\u00e7a-feira (22), em jogo v\u00e1lido pela terceira rodada da fase de grupos da Libertadores. O resultado manteve o Rubro-Negro em terceiro na tabela do Grupo C e fora da zona de classifica\u00e7\u00e3o.<\/p>\n\n\n\n<p>Ao final do confronto, como de praxe, Filipe Lu\u00eds analisou a atua\u00e7\u00e3o da equipe. O treinador destacou as dificuldades de jogar em Quito, mas fez quest\u00e3o de elogiar os jogadores pelo empenho na altitude.<\/p>\n\n\n\n<p>&#8220;Eu vim jogar em Quito algumas vezes e sempre \u00e9 muito dif\u00edcil. J\u00e1 tomei goleadas, j\u00e1 venci aqui, mas \u00e9 sempre um jogo complicado. O contexto \u00e9 diferente, a bola \u00e9 mais r\u00e1pida, o dom\u00ednio foge do p\u00e9&#8230; Tivemos oportunidades de finalizar, de chegar perto da \u00e1rea. Pelo que eu vi do jogo do T\u00e1chira, que a LDU dominou todo o segundo tempo, eu acredito que tenha sido um jogo muito bom dos meus jogadores, estou muito orgulhoso porque \u00e9 muito dif\u00edcil jogar aqui&#8221;, iniciou.<\/p>\n\n\n\n<p>Al\u00e9m de avaliar o jogo, Fiipe Lu\u00eds foi questionado sobre a situa\u00e7\u00e3o do Flamengo no torneio continental visto que, como mencionado, est\u00e1 fora da zona de classifica\u00e7\u00e3o. O treinador reconheceu o peso da derrota para o Central C\u00f3rdoba no Maracan\u00e3. <\/p>\n\n\n\n<p>&#8220;A n\u00edvel geral eu fiquei feliz com o desempenho de todos eles&#8230; Quer\u00edamos ter vencido. Era importante essa vit\u00f3ria. N\u00f3s mesmo nos colocamos nessa situa\u00e7\u00e3o, de perder o jogo em casa contra o Central C\u00f3rdoba&#8221;, pontuou.<\/p>\n\n\n\n<p>Com o empate, o Flamengo chegou aos quatro pontos. A LDU \u00e9 l\u00edder do grupo, com cinco, e o Central C\u00f3rdoba aparece em segundo, com quatro, mas um jogo a menos. A equipe enfrenta o Deportivo T\u00e1chira, e o resultado ideal para o Fla seria um empate.<\/p>\n\n\n\n<p>Agora, o Rubro-Negro precisa se concentrar no restante da competi\u00e7\u00e3o e nos pr\u00f3ximos tr\u00eas jogos a serem disputados. O primeiro deles ser\u00e1 contra o Central C\u00f3rdoba, fora de casa, no dia 7 de maio. Depois, o Flamengo joga duas partidas em seus dom\u00ednios, e recebe Deportivo T\u00e1chira e LDU no Maracan\u00e3 em busca da classifica\u00e7\u00e3o.<\/p>\n\n\n\n<p>Sem lamentar a situa\u00e7\u00e3o moment\u00e2nea na Libertadores, o Flamengo se concentra no pr\u00f3ximo desafio e volta a campo no domingo (27), para enfrentar o Corinthians, pelo Brasileir\u00e3o. A partida ser\u00e1 disputada no Maracan\u00e3, \u00e0s 16h (de Bras\u00edlia).<\/p>\n","protected":false},"excerpt":{"rendered":"<p>O Flamengo empatou em 0 a 0 com a LDU nesta ter\u00e7a-feira (22), em jogo v\u00e1lido pela terceira rodada da fase de grupos da Libertadores. O resultado manteve o Rubro-Negro em terceiro na tabela do Grupo C e fora da zona de classifica\u00e7\u00e3o. Ao final do confronto, como de praxe, Filipe Lu\u00eds analisou a atua\u00e7\u00e3o [&hellip;]<\/p>\n","protected":false},"author":18,"featured_media":171957,"comment_status":"open","ping_status":"closed","sticky":false,"template":"","format":"standard","meta":{"footnotes":""},"categories":[1],"tags":[],"class_list":["post-256595","post","type-post","status-publish","format-standard","has-post-thumbnail","hentry","category-flamengo"],"yoast_head":"<!-- This site is optimized with the Yoast SEO Premium plugin v24.2 (Yoast SEO v26.9) - https:\/\/yoast.com\/product\/yoast-seo-premium-wordpress\/ -->\n<title>A declara\u00e7\u00e3o de Filipe Lu\u00eds ap\u00f3s empate do Flamengo com a LDU na Libertadores<\/title>\n<meta name=\"robots\" content=\"index, follow, max-snippet:-1, max-image-preview:large, max-video-preview:-1\" \/>\n<link rel=\"canonical\" href=\"https:\/\/www.gaveanews.com\/index.php\/2025\/04\/22\/a-declaracao-de-filipe-luis-apos-empate-do-flamengo-com-a-ldu-na-libertadores\/\" \/>\n<meta property=\"og:locale\" content=\"pt_BR\" \/>\n<meta property=\"og:type\" content=\"article\" \/>\n<meta property=\"og:title\" content=\"A declara\u00e7\u00e3o de Filipe Lu\u00eds ap\u00f3s empate do Flamengo com a LDU na Libertadores\" \/>\n<meta property=\"og:description\" content=\"O Flamengo empatou em 0 a 0 com a LDU nesta ter\u00e7a-feira (22), em jogo v\u00e1lido pela terceira rodada da fase de grupos da Libertadores. O resultado manteve o Rubro-Negro em terceiro na tabela do Grupo C e fora da zona de classifica\u00e7\u00e3o. Ao final do confronto, como de praxe, Filipe Lu\u00eds analisou a atua\u00e7\u00e3o [&hellip;]\" \/>\n<meta property=\"og:url\" content=\"https:\/\/www.gaveanews.com\/index.php\/2025\/04\/22\/a-declaracao-de-filipe-luis-apos-empate-do-flamengo-com-a-ldu-na-libertadores\/\" \/>\n<meta property=\"og:site_name\" content=\"G\u00e1vea News\" \/>\n<meta property=\"article:publisher\" content=\"https:\/\/facebook.com\/gaveaNews\/\" \/>\n<meta property=\"article:published_time\" content=\"2025-04-23T00:49:24+00:00\" \/>\n<meta property=\"article:modified_time\" content=\"2025-04-23T00:49:28+00:00\" \/>\n<meta property=\"og:image\" content=\"http:\/\/www.gaveanews.com\/wp-content\/uploads\/Filipe-Luis-durante-jogo-entre-o-Flamengo-x-Bahia.webp\" \/>\n\t<meta property=\"og:image:width\" content=\"342\" \/>\n\t<meta property=\"og:image:height\" content=\"338\" \/>\n\t<meta property=\"og:image:type\" content=\"image\/jpeg\" \/>\n<meta name=\"author\" content=\"Paula Silva\" \/>\n<meta name=\"twitter:card\" content=\"summary_large_image\" \/>\n<meta name=\"twitter:label1\" content=\"Escrito por\" \/>\n\t<meta name=\"twitter:data1\" content=\"Paula Silva\" \/>\n\t<meta name=\"twitter:label2\" content=\"Est. tempo de leitura\" \/>\n\t<meta name=\"twitter:data2\" content=\"3 minutos\" \/>\n<script type=\"application\/ld+json\" class=\"yoast-schema-graph\">{\"@context\":\"https:\/\/schema.org\",\"@graph\":[{\"@type\":\"NewsArticle\",\"@id\":\"https:\/\/www.gaveanews.com\/index.php\/2025\/04\/22\/a-declaracao-de-filipe-luis-apos-empate-do-flamengo-com-a-ldu-na-libertadores\/#article\",\"isPartOf\":{\"@id\":\"https:\/\/www.gaveanews.com\/index.php\/2025\/04\/22\/a-declaracao-de-filipe-luis-apos-empate-do-flamengo-com-a-ldu-na-libertadores\/\"},\"author\":{\"name\":\"Paula Silva\",\"@id\":\"https:\/\/www.gaveanews.com\/#\/schema\/person\/daf63eec72e1164eb13dc35096c2b8da\"},\"headline\":\"A declara\u00e7\u00e3o de Filipe Lu\u00eds ap\u00f3s empate do Flamengo com a LDU na Libertadores\",\"datePublished\":\"2025-04-23T00:49:24+00:00\",\"dateModified\":\"2025-04-23T00:49:28+00:00\",\"mainEntityOfPage\":{\"@id\":\"https:\/\/www.gaveanews.com\/index.php\/2025\/04\/22\/a-declaracao-de-filipe-luis-apos-empate-do-flamengo-com-a-ldu-na-libertadores\/\"},\"wordCount\":420,\"commentCount\":0,\"image\":{\"@id\":\"https:\/\/www.gaveanews.com\/index.php\/2025\/04\/22\/a-declaracao-de-filipe-luis-apos-empate-do-flamengo-com-a-ldu-na-libertadores\/#primaryimage\"},\"thumbnailUrl\":\"https:\/\/www.gaveanews.com\/wp-content\/uploads\/Filipe-Luis-durante-jogo-entre-o-Flamengo-x-Bahia.webp\",\"articleSection\":[\"Flamengo\"],\"inLanguage\":\"pt-BR\",\"potentialAction\":[{\"@type\":\"CommentAction\",\"name\":\"Comment\",\"target\":[\"https:\/\/www.gaveanews.com\/index.php\/2025\/04\/22\/a-declaracao-de-filipe-luis-apos-empate-do-flamengo-com-a-ldu-na-libertadores\/#respond\"]}],\"copyrightYear\":\"2025\",\"copyrightHolder\":{\"@id\":\"https:\/\/www.gaveanews.com\/#organization\"}},{\"@type\":\"WebPage\",\"@id\":\"https:\/\/www.gaveanews.com\/index.php\/2025\/04\/22\/a-declaracao-de-filipe-luis-apos-empate-do-flamengo-com-a-ldu-na-libertadores\/\",\"url\":\"https:\/\/www.gaveanews.com\/index.php\/2025\/04\/22\/a-declaracao-de-filipe-luis-apos-empate-do-flamengo-com-a-ldu-na-libertadores\/\",\"name\":\"A declara\u00e7\u00e3o de Filipe Lu\u00eds ap\u00f3s empate do Flamengo com a LDU na Libertadores\",\"isPartOf\":{\"@id\":\"https:\/\/www.gaveanews.com\/#website\"},\"primaryImageOfPage\":{\"@id\":\"https:\/\/www.gaveanews.com\/index.php\/2025\/04\/22\/a-declaracao-de-filipe-luis-apos-empate-do-flamengo-com-a-ldu-na-libertadores\/#primaryimage\"},\"image\":{\"@id\":\"https:\/\/www.gaveanews.com\/index.php\/2025\/04\/22\/a-declaracao-de-filipe-luis-apos-empate-do-flamengo-com-a-ldu-na-libertadores\/#primaryimage\"},\"thumbnailUrl\":\"https:\/\/www.gaveanews.com\/wp-content\/uploads\/Filipe-Luis-durante-jogo-entre-o-Flamengo-x-Bahia.webp\",\"datePublished\":\"2025-04-23T00:49:24+00:00\",\"dateModified\":\"2025-04-23T00:49:28+00:00\",\"author\":{\"@id\":\"https:\/\/www.gaveanews.com\/#\/schema\/person\/daf63eec72e1164eb13dc35096c2b8da\"},\"breadcrumb\":{\"@id\":\"https:\/\/www.gaveanews.com\/index.php\/2025\/04\/22\/a-declaracao-de-filipe-luis-apos-empate-do-flamengo-com-a-ldu-na-libertadores\/#breadcrumb\"},\"inLanguage\":\"pt-BR\",\"potentialAction\":[{\"@type\":\"ReadAction\",\"target\":[\"https:\/\/www.gaveanews.com\/index.php\/2025\/04\/22\/a-declaracao-de-filipe-luis-apos-empate-do-flamengo-com-a-ldu-na-libertadores\/\"]}]},{\"@type\":\"ImageObject\",\"inLanguage\":\"pt-BR\",\"@id\":\"https:\/\/www.gaveanews.com\/index.php\/2025\/04\/22\/a-declaracao-de-filipe-luis-apos-empate-do-flamengo-com-a-ldu-na-libertadores\/#primaryimage\",\"url\":\"https:\/\/www.gaveanews.com\/wp-content\/uploads\/Filipe-Luis-durante-jogo-entre-o-Flamengo-x-Bahia.webp\",\"contentUrl\":\"https:\/\/www.gaveanews.com\/wp-content\/uploads\/Filipe-Luis-durante-jogo-entre-o-Flamengo-x-Bahia.webp\",\"width\":342,\"height\":338,\"caption\":\"Filipe Lu\u00eds durante jogo entre o Flamengo x Bahia (Foto: Gilvan de Souza\/CRF)\"},{\"@type\":\"BreadcrumbList\",\"@id\":\"https:\/\/www.gaveanews.com\/index.php\/2025\/04\/22\/a-declaracao-de-filipe-luis-apos-empate-do-flamengo-com-a-ldu-na-libertadores\/#breadcrumb\",\"itemListElement\":[{\"@type\":\"ListItem\",\"position\":1,\"name\":\"Home\",\"item\":\"https:\/\/www.gaveanews.com\/\"},{\"@type\":\"ListItem\",\"position\":2,\"name\":\"A declara\u00e7\u00e3o de Filipe Lu\u00eds ap\u00f3s empate do Flamengo com a LDU na Libertadores\"}]},{\"@type\":\"WebSite\",\"@id\":\"https:\/\/www.gaveanews.com\/#website\",\"url\":\"https:\/\/www.gaveanews.com\/\",\"name\":\"G\u00e1vea News\",\"description\":\"Veja todas as not\u00edcias sobre o Flamengo: Contrata\u00e7\u00f5es, categorias de base, resultados das partidas, tabela de classifica\u00e7\u00e3o, pr\u00f3ximos jogos!\",\"potentialAction\":[{\"@type\":\"SearchAction\",\"target\":{\"@type\":\"EntryPoint\",\"urlTemplate\":\"https:\/\/www.gaveanews.com\/?s={search_term_string}\"},\"query-input\":{\"@type\":\"PropertyValueSpecification\",\"valueRequired\":true,\"valueName\":\"search_term_string\"}}],\"inLanguage\":\"pt-BR\"},{\"@type\":\"Person\",\"@id\":\"https:\/\/www.gaveanews.com\/#\/schema\/person\/daf63eec72e1164eb13dc35096c2b8da\",\"name\":\"Paula Silva\",\"image\":{\"@type\":\"ImageObject\",\"inLanguage\":\"pt-BR\",\"@id\":\"https:\/\/www.gaveanews.com\/#\/schema\/person\/image\/\",\"url\":\"https:\/\/secure.gravatar.com\/avatar\/eda381c845527cc5d64c13b901833cda29d97500ba040d3e6461f76f51d163bb?s=96&d=mm&r=g\",\"contentUrl\":\"https:\/\/secure.gravatar.com\/avatar\/eda381c845527cc5d64c13b901833cda29d97500ba040d3e6461f76f51d163bb?s=96&d=mm&r=g\",\"caption\":\"Paula Silva\"}}]}<\/script>\n<!-- \/ Yoast SEO Premium plugin. -->","yoast_head_json":{"title":"A declara\u00e7\u00e3o de Filipe Lu\u00eds ap\u00f3s empate do Flamengo com a LDU na Libertadores","robots":{"index":"index","follow":"follow","max-snippet":"max-snippet:-1","max-image-preview":"max-image-preview:large","max-video-preview":"max-video-preview:-1"},"canonical":"https:\/\/www.gaveanews.com\/index.php\/2025\/04\/22\/a-declaracao-de-filipe-luis-apos-empate-do-flamengo-com-a-ldu-na-libertadores\/","og_locale":"pt_BR","og_type":"article","og_title":"A declara\u00e7\u00e3o de Filipe Lu\u00eds ap\u00f3s empate do Flamengo com a LDU na Libertadores","og_description":"O Flamengo empatou em 0 a 0 com a LDU nesta ter\u00e7a-feira (22), em jogo v\u00e1lido pela terceira rodada da fase de grupos da Libertadores. O resultado manteve o Rubro-Negro em terceiro na tabela do Grupo C e fora da zona de classifica\u00e7\u00e3o. Ao final do confronto, como de praxe, Filipe Lu\u00eds analisou a atua\u00e7\u00e3o [&hellip;]","og_url":"https:\/\/www.gaveanews.com\/index.php\/2025\/04\/22\/a-declaracao-de-filipe-luis-apos-empate-do-flamengo-com-a-ldu-na-libertadores\/","og_site_name":"G\u00e1vea News","article_publisher":"https:\/\/facebook.com\/gaveaNews\/","article_published_time":"2025-04-23T00:49:24+00:00","article_modified_time":"2025-04-23T00:49:28+00:00","og_image":[{"width":342,"height":338,"url":"http:\/\/www.gaveanews.com\/wp-content\/uploads\/Filipe-Luis-durante-jogo-entre-o-Flamengo-x-Bahia.webp","type":"image\/jpeg"}],"author":"Paula Silva","twitter_card":"summary_large_image","twitter_misc":{"Escrito por":"Paula Silva","Est. tempo de leitura":"3 minutos"},"schema":{"@context":"https:\/\/schema.org","@graph":[{"@type":"NewsArticle","@id":"https:\/\/www.gaveanews.com\/index.php\/2025\/04\/22\/a-declaracao-de-filipe-luis-apos-empate-do-flamengo-com-a-ldu-na-libertadores\/#article","isPartOf":{"@id":"https:\/\/www.gaveanews.com\/index.php\/2025\/04\/22\/a-declaracao-de-filipe-luis-apos-empate-do-flamengo-com-a-ldu-na-libertadores\/"},"author":{"name":"Paula Silva","@id":"https:\/\/www.gaveanews.com\/#\/schema\/person\/daf63eec72e1164eb13dc35096c2b8da"},"headline":"A declara\u00e7\u00e3o de Filipe Lu\u00eds ap\u00f3s empate do Flamengo com a LDU na Libertadores","datePublished":"2025-04-23T00:49:24+00:00","dateModified":"2025-04-23T00:49:28+00:00","mainEntityOfPage":{"@id":"https:\/\/www.gaveanews.com\/index.php\/2025\/04\/22\/a-declaracao-de-filipe-luis-apos-empate-do-flamengo-com-a-ldu-na-libertadores\/"},"wordCount":420,"commentCount":0,"image":{"@id":"https:\/\/www.gaveanews.com\/index.php\/2025\/04\/22\/a-declaracao-de-filipe-luis-apos-empate-do-flamengo-com-a-ldu-na-libertadores\/#primaryimage"},"thumbnailUrl":"https:\/\/www.gaveanews.com\/wp-content\/uploads\/Filipe-Luis-durante-jogo-entre-o-Flamengo-x-Bahia.webp","articleSection":["Flamengo"],"inLanguage":"pt-BR","potentialAction":[{"@type":"CommentAction","name":"Comment","target":["https:\/\/www.gaveanews.com\/index.php\/2025\/04\/22\/a-declaracao-de-filipe-luis-apos-empate-do-flamengo-com-a-ldu-na-libertadores\/#respond"]}],"copyrightYear":"2025","copyrightHolder":{"@id":"https:\/\/www.gaveanews.com\/#organization"}},{"@type":"WebPage","@id":"https:\/\/www.gaveanews.com\/index.php\/2025\/04\/22\/a-declaracao-de-filipe-luis-apos-empate-do-flamengo-com-a-ldu-na-libertadores\/","url":"https:\/\/www.gaveanews.com\/index.php\/2025\/04\/22\/a-declaracao-de-filipe-luis-apos-empate-do-flamengo-com-a-ldu-na-libertadores\/","name":"A declara\u00e7\u00e3o de Filipe Lu\u00eds ap\u00f3s empate do Flamengo com a LDU na Libertadores","isPartOf":{"@id":"https:\/\/www.gaveanews.com\/#website"},"primaryImageOfPage":{"@id":"https:\/\/www.gaveanews.com\/index.php\/2025\/04\/22\/a-declaracao-de-filipe-luis-apos-empate-do-flamengo-com-a-ldu-na-libertadores\/#primaryimage"},"image":{"@id":"https:\/\/www.gaveanews.com\/index.php\/2025\/04\/22\/a-declaracao-de-filipe-luis-apos-empate-do-flamengo-com-a-ldu-na-libertadores\/#primaryimage"},"thumbnailUrl":"https:\/\/www.gaveanews.com\/wp-content\/uploads\/Filipe-Luis-durante-jogo-entre-o-Flamengo-x-Bahia.webp","datePublished":"2025-04-23T00:49:24+00:00","dateModified":"2025-04-23T00:49:28+00:00","author":{"@id":"https:\/\/www.gaveanews.com\/#\/schema\/person\/daf63eec72e1164eb13dc35096c2b8da"},"breadcrumb":{"@id":"https:\/\/www.gaveanews.com\/index.php\/2025\/04\/22\/a-declaracao-de-filipe-luis-apos-empate-do-flamengo-com-a-ldu-na-libertadores\/#breadcrumb"},"inLanguage":"pt-BR","potentialAction":[{"@type":"ReadAction","target":["https:\/\/www.gaveanews.com\/index.php\/2025\/04\/22\/a-declaracao-de-filipe-luis-apos-empate-do-flamengo-com-a-ldu-na-libertadores\/"]}]},{"@type":"ImageObject","inLanguage":"pt-BR","@id":"https:\/\/www.gaveanews.com\/index.php\/2025\/04\/22\/a-declaracao-de-filipe-luis-apos-empate-do-flamengo-com-a-ldu-na-libertadores\/#primaryimage","url":"https:\/\/www.gaveanews.com\/wp-content\/uploads\/Filipe-Luis-durante-jogo-entre-o-Flamengo-x-Bahia.webp","contentUrl":"https:\/\/www.gaveanews.com\/wp-content\/uploads\/Filipe-Luis-durante-jogo-entre-o-Flamengo-x-Bahia.webp","width":342,"height":338,"caption":"Filipe Lu\u00eds durante jogo entre o Flamengo x Bahia (Foto: Gilvan de Souza\/CRF)"},{"@type":"BreadcrumbList","@id":"https:\/\/www.gaveanews.com\/index.php\/2025\/04\/22\/a-declaracao-de-filipe-luis-apos-empate-do-flamengo-com-a-ldu-na-libertadores\/#breadcrumb","itemListElement":[{"@type":"ListItem","position":1,"name":"Home","item":"https:\/\/www.gaveanews.com\/"},{"@type":"ListItem","position":2,"name":"A declara\u00e7\u00e3o de Filipe Lu\u00eds ap\u00f3s empate do Flamengo com a LDU na Libertadores"}]},{"@type":"WebSite","@id":"https:\/\/www.gaveanews.com\/#website","url":"https:\/\/www.gaveanews.com\/","name":"G\u00e1vea News","description":"Veja todas as not\u00edcias sobre o Flamengo: Contrata\u00e7\u00f5es, categorias de base, resultados das partidas, tabela de classifica\u00e7\u00e3o, pr\u00f3ximos jogos!","potentialAction":[{"@type":"SearchAction","target":{"@type":"EntryPoint","urlTemplate":"https:\/\/www.gaveanews.com\/?s={search_term_string}"},"query-input":{"@type":"PropertyValueSpecification","valueRequired":true,"valueName":"search_term_string"}}],"inLanguage":"pt-BR"},{"@type":"Person","@id":"https:\/\/www.gaveanews.com\/#\/schema\/person\/daf63eec72e1164eb13dc35096c2b8da","name":"Paula Silva","image":{"@type":"ImageObject","inLanguage":"pt-BR","@id":"https:\/\/www.gaveanews.com\/#\/schema\/person\/image\/","url":"https:\/\/secure.gravatar.com\/avatar\/eda381c845527cc5d64c13b901833cda29d97500ba040d3e6461f76f51d163bb?s=96&d=mm&r=g","contentUrl":"https:\/\/secure.gravatar.com\/avatar\/eda381c845527cc5d64c13b901833cda29d97500ba040d3e6461f76f51d163bb?s=96&d=mm&r=g","caption":"Paula Silva"}}]}},"_links":{"self":[{"href":"https:\/\/www.gaveanews.com\/index.php\/wp-json\/wp\/v2\/posts\/256595","targetHints":{"allow":["GET"]}}],"collection":[{"href":"https:\/\/www.gaveanews.com\/index.php\/wp-json\/wp\/v2\/posts"}],"about":[{"href":"https:\/\/www.gaveanews.com\/index.php\/wp-json\/wp\/v2\/types\/post"}],"author":[{"embeddable":true,"href":"https:\/\/www.gaveanews.com\/index.php\/wp-json\/wp\/v2\/users\/18"}],"replies":[{"embeddable":true,"href":"https:\/\/www.gaveanews.com\/index.php\/wp-json\/wp\/v2\/comments?post=256595"}],"version-history":[{"count":1,"href":"https:\/\/www.gaveanews.com\/index.php\/wp-json\/wp\/v2\/posts\/256595\/revisions"}],"predecessor-version":[{"id":256596,"href":"https:\/\/www.gaveanews.com\/index.php\/wp-json\/wp\/v2\/posts\/256595\/revisions\/256596"}],"wp:featuredmedia":[{"embeddable":true,"href":"https:\/\/www.gaveanews.com\/index.php\/wp-json\/wp\/v2\/media\/171957"}],"wp:attachment":[{"href":"https:\/\/www.gaveanews.com\/index.php\/wp-json\/wp\/v2\/media?parent=256595"}],"wp:term":[{"taxonomy":"category","embeddable":true,"href":"https:\/\/www.gaveanews.com\/index.php\/wp-json\/wp\/v2\/categories?post=256595"},{"taxonomy":"post_tag","embeddable":true,"href":"https:\/\/www.gaveanews.com\/index.php\/wp-json\/wp\/v2\/tags?post=256595"}],"curies":[{"name":"wp","href":"https:\/\/api.w.org\/{rel}","templated":true}]}}