{"id":25672,"date":"2019-08-24T00:35:00","date_gmt":"2019-08-24T03:35:00","guid":{"rendered":"http:\/\/www.gaveanews.com\/?p=25672"},"modified":"2019-08-23T23:07:25","modified_gmt":"2019-08-24T02:07:25","slug":"confira-a-provavel-escalacao-do-flamengo-para-a-partida-contra-o-ceara","status":"publish","type":"post","link":"https:\/\/www.gaveanews.com\/index.php\/2019\/08\/24\/confira-a-provavel-escalacao-do-flamengo-para-a-partida-contra-o-ceara\/","title":{"rendered":"Confira a prov\u00e1vel escala\u00e7\u00e3o do Flamengo para a partida contra o Cear\u00e1"},"content":{"rendered":"\n<p>Jorge Jesus realizou na tarde desta sexta-feira, no Ninho do Urubu, o primeiro treino de olho no Cear\u00e1 com o elenco completo. O t\u00e9cnico portugu\u00eas, que encerra a prepara\u00e7\u00e3o para a partida em atividade fechada para a imprensa na manh\u00e3 deste s\u00e1bado, disse que pretende fazer no m\u00e1ximo cinco mudan\u00e7as na equipe. Uma delas j\u00e1 \u00e9 certa: a aus\u00eancia de Cu\u00e9llar.<\/p>\n\n\n\n<p>Afastado pela diretoria ap\u00f3s pedir para n\u00e3o viajar, o volante colombiano deve ser substitu\u00eddo por Piris da Motta. Outros jogadores como Pablo Mar\u00ed, Filipe Lu\u00eds e Bruno Henrique, pela sequ\u00eancia de jogos, aparecem como prov\u00e1veis poupados de olho no jogo contra o Inter na quarta-feira, no Beira-Rio, pela partida de volta das quartas de final da Libertadores.<\/p>\n\n\n\n<p>Gabigol, que se recuperou de dores na coxa esquerda, deve jogar se n\u00e3o sentir mais nada. A prov\u00e1vel escala\u00e7\u00e3o rubro-negra contra o Cear\u00e1 neste domingo, \u00e0s 19h (de Bras\u00edlia), no Castel\u00e3o, tem: Diego Alves, Rafinha, Thuler, Rodrigo Caio e Ren\u00ea; Piris da Motta, Ar\u00e3o, Gerson e Everton Ribeiro (Arrascaeta); Vitinho (Bruno Henrique) e Gabigol.<\/p>\n\n\n\n<p>O Flamengo \u00e9 o segundo colocado do Brasileir\u00e3o com 30 pontos, dois atr\u00e1s do l\u00edder Santos e empatado com Palmeiras e S\u00e3o Paulo, mas com uma vit\u00f3ria a mais no crit\u00e9rio de desempate. Na Libertadores, o Rubro-Negro venceu o jogo de ida por 2 a 0 e pode at\u00e9 perder por um gol de diferen\u00e7a para se classificar. Caso marque um gol fora, s\u00f3 ficar\u00e1 fora se levar quatro.<\/p>\n\n\n\n\n\n<p>Retirado de: Globo Esporte<\/p>\n","protected":false},"excerpt":{"rendered":"<p>Jorge Jesus realizou na tarde desta sexta-feira, no Ninho do Urubu, o primeiro treino de olho no Cear\u00e1 com o elenco completo. O t\u00e9cnico portugu\u00eas, que encerra a prepara\u00e7\u00e3o para a partida em atividade fechada para a imprensa na manh\u00e3 deste s\u00e1bado, disse que pretende fazer no m\u00e1ximo cinco mudan\u00e7as na equipe. Uma delas j\u00e1 [&hellip;]<\/p>\n","protected":false},"author":1,"featured_media":15269,"comment_status":"open","ping_status":"open","sticky":false,"template":"","format":"standard","meta":{"footnotes":""},"categories":[1],"tags":[],"class_list":["post-25672","post","type-post","status-publish","format-standard","has-post-thumbnail","hentry","category-flamengo"],"yoast_head":"<!-- This site is optimized with the Yoast SEO Premium plugin v24.2 (Yoast SEO v26.9) - https:\/\/yoast.com\/product\/yoast-seo-premium-wordpress\/ -->\n<title>Confira a prov\u00e1vel escala\u00e7\u00e3o do Flamengo para a partida contra o Cear\u00e1<\/title>\n<meta name=\"robots\" content=\"index, follow, max-snippet:-1, max-image-preview:large, max-video-preview:-1\" \/>\n<link rel=\"canonical\" href=\"https:\/\/www.gaveanews.com\/index.php\/2019\/08\/24\/confira-a-provavel-escalacao-do-flamengo-para-a-partida-contra-o-ceara\/\" \/>\n<meta property=\"og:locale\" content=\"pt_BR\" \/>\n<meta property=\"og:type\" content=\"article\" \/>\n<meta property=\"og:title\" content=\"Confira a prov\u00e1vel escala\u00e7\u00e3o do Flamengo para a partida contra o Cear\u00e1\" \/>\n<meta property=\"og:description\" content=\"Jorge Jesus realizou na tarde desta sexta-feira, no Ninho do Urubu, o primeiro treino de olho no Cear\u00e1 com o elenco completo. O t\u00e9cnico portugu\u00eas, que encerra a prepara\u00e7\u00e3o para a partida em atividade fechada para a imprensa na manh\u00e3 deste s\u00e1bado, disse que pretende fazer no m\u00e1ximo cinco mudan\u00e7as na equipe. Uma delas j\u00e1 [&hellip;]\" \/>\n<meta property=\"og:url\" content=\"https:\/\/www.gaveanews.com\/index.php\/2019\/08\/24\/confira-a-provavel-escalacao-do-flamengo-para-a-partida-contra-o-ceara\/\" \/>\n<meta property=\"og:site_name\" content=\"G\u00e1vea News\" \/>\n<meta property=\"article:publisher\" content=\"https:\/\/facebook.com\/gaveaNews\/\" \/>\n<meta property=\"article:published_time\" content=\"2019-08-24T03:35:00+00:00\" \/>\n<meta property=\"og:image\" content=\"https:\/\/www.gaveanews.com\/wp-content\/uploads\/2018\/07\/Elenco-do-Flamengo-durante-treinamento-na-Gavea.webp\" \/>\n\t<meta property=\"og:image:width\" content=\"1\" \/>\n\t<meta property=\"og:image:height\" content=\"1\" \/>\n\t<meta property=\"og:image:type\" content=\"image\/jpeg\" \/>\n<meta name=\"author\" content=\"Equipe G\u00e1vea News\" \/>\n<meta name=\"twitter:card\" content=\"summary_large_image\" \/>\n<meta name=\"twitter:label1\" content=\"Escrito por\" \/>\n\t<meta name=\"twitter:data1\" content=\"Equipe G\u00e1vea News\" \/>\n\t<meta name=\"twitter:label2\" content=\"Est. tempo de leitura\" \/>\n\t<meta name=\"twitter:data2\" content=\"1 minuto\" \/>\n<script type=\"application\/ld+json\" class=\"yoast-schema-graph\">{\"@context\":\"https:\/\/schema.org\",\"@graph\":[{\"@type\":\"NewsArticle\",\"@id\":\"https:\/\/www.gaveanews.com\/index.php\/2019\/08\/24\/confira-a-provavel-escalacao-do-flamengo-para-a-partida-contra-o-ceara\/#article\",\"isPartOf\":{\"@id\":\"https:\/\/www.gaveanews.com\/index.php\/2019\/08\/24\/confira-a-provavel-escalacao-do-flamengo-para-a-partida-contra-o-ceara\/\"},\"author\":{\"name\":\"Equipe G\u00e1vea News\",\"@id\":\"https:\/\/www.gaveanews.com\/#\/schema\/person\/2ec14f73fb96be2caf28f91afb14749d\"},\"headline\":\"Confira a prov\u00e1vel escala\u00e7\u00e3o do Flamengo para a partida contra o Cear\u00e1\",\"datePublished\":\"2019-08-24T03:35:00+00:00\",\"mainEntityOfPage\":{\"@id\":\"https:\/\/www.gaveanews.com\/index.php\/2019\/08\/24\/confira-a-provavel-escalacao-do-flamengo-para-a-partida-contra-o-ceara\/\"},\"wordCount\":281,\"commentCount\":0,\"image\":{\"@id\":\"https:\/\/www.gaveanews.com\/index.php\/2019\/08\/24\/confira-a-provavel-escalacao-do-flamengo-para-a-partida-contra-o-ceara\/#primaryimage\"},\"thumbnailUrl\":\"https:\/\/www.gaveanews.com\/wp-content\/uploads\/2018\/07\/Elenco-do-Flamengo-durante-treinamento-na-Gavea.webp\",\"articleSection\":[\"Flamengo\"],\"inLanguage\":\"pt-BR\",\"potentialAction\":[{\"@type\":\"CommentAction\",\"name\":\"Comment\",\"target\":[\"https:\/\/www.gaveanews.com\/index.php\/2019\/08\/24\/confira-a-provavel-escalacao-do-flamengo-para-a-partida-contra-o-ceara\/#respond\"]}],\"copyrightYear\":\"2019\",\"copyrightHolder\":{\"@id\":\"https:\/\/www.gaveanews.com\/#organization\"}},{\"@type\":\"WebPage\",\"@id\":\"https:\/\/www.gaveanews.com\/index.php\/2019\/08\/24\/confira-a-provavel-escalacao-do-flamengo-para-a-partida-contra-o-ceara\/\",\"url\":\"https:\/\/www.gaveanews.com\/index.php\/2019\/08\/24\/confira-a-provavel-escalacao-do-flamengo-para-a-partida-contra-o-ceara\/\",\"name\":\"Confira a prov\u00e1vel escala\u00e7\u00e3o do Flamengo para a partida contra o Cear\u00e1\",\"isPartOf\":{\"@id\":\"https:\/\/www.gaveanews.com\/#website\"},\"primaryImageOfPage\":{\"@id\":\"https:\/\/www.gaveanews.com\/index.php\/2019\/08\/24\/confira-a-provavel-escalacao-do-flamengo-para-a-partida-contra-o-ceara\/#primaryimage\"},\"image\":{\"@id\":\"https:\/\/www.gaveanews.com\/index.php\/2019\/08\/24\/confira-a-provavel-escalacao-do-flamengo-para-a-partida-contra-o-ceara\/#primaryimage\"},\"thumbnailUrl\":\"https:\/\/www.gaveanews.com\/wp-content\/uploads\/2018\/07\/Elenco-do-Flamengo-durante-treinamento-na-Gavea.webp\",\"datePublished\":\"2019-08-24T03:35:00+00:00\",\"author\":{\"@id\":\"https:\/\/www.gaveanews.com\/#\/schema\/person\/2ec14f73fb96be2caf28f91afb14749d\"},\"breadcrumb\":{\"@id\":\"https:\/\/www.gaveanews.com\/index.php\/2019\/08\/24\/confira-a-provavel-escalacao-do-flamengo-para-a-partida-contra-o-ceara\/#breadcrumb\"},\"inLanguage\":\"pt-BR\",\"potentialAction\":[{\"@type\":\"ReadAction\",\"target\":[\"https:\/\/www.gaveanews.com\/index.php\/2019\/08\/24\/confira-a-provavel-escalacao-do-flamengo-para-a-partida-contra-o-ceara\/\"]}]},{\"@type\":\"ImageObject\",\"inLanguage\":\"pt-BR\",\"@id\":\"https:\/\/www.gaveanews.com\/index.php\/2019\/08\/24\/confira-a-provavel-escalacao-do-flamengo-para-a-partida-contra-o-ceara\/#primaryimage\",\"url\":\"https:\/\/www.gaveanews.com\/wp-content\/uploads\/2018\/07\/Elenco-do-Flamengo-durante-treinamento-na-Gavea.webp\",\"contentUrl\":\"https:\/\/www.gaveanews.com\/wp-content\/uploads\/2018\/07\/Elenco-do-Flamengo-durante-treinamento-na-Gavea.webp\",\"width\":900,\"height\":599,\"caption\":\"Elenco do Flamengo durante treinamento na G\u00e1vea (Foto: Alexandre Vidal\/Flamengo)\"},{\"@type\":\"BreadcrumbList\",\"@id\":\"https:\/\/www.gaveanews.com\/index.php\/2019\/08\/24\/confira-a-provavel-escalacao-do-flamengo-para-a-partida-contra-o-ceara\/#breadcrumb\",\"itemListElement\":[{\"@type\":\"ListItem\",\"position\":1,\"name\":\"Home\",\"item\":\"https:\/\/www.gaveanews.com\/\"},{\"@type\":\"ListItem\",\"position\":2,\"name\":\"Confira a prov\u00e1vel escala\u00e7\u00e3o do Flamengo para a partida contra o Cear\u00e1\"}]},{\"@type\":\"WebSite\",\"@id\":\"https:\/\/www.gaveanews.com\/#website\",\"url\":\"https:\/\/www.gaveanews.com\/\",\"name\":\"G\u00e1vea News\",\"description\":\"Veja todas as not\u00edcias sobre o Flamengo: Contrata\u00e7\u00f5es, categorias de base, resultados das partidas, tabela de classifica\u00e7\u00e3o, pr\u00f3ximos jogos!\",\"potentialAction\":[{\"@type\":\"SearchAction\",\"target\":{\"@type\":\"EntryPoint\",\"urlTemplate\":\"https:\/\/www.gaveanews.com\/?s={search_term_string}\"},\"query-input\":{\"@type\":\"PropertyValueSpecification\",\"valueRequired\":true,\"valueName\":\"search_term_string\"}}],\"inLanguage\":\"pt-BR\"},{\"@type\":\"Person\",\"@id\":\"https:\/\/www.gaveanews.com\/#\/schema\/person\/2ec14f73fb96be2caf28f91afb14749d\",\"name\":\"Equipe G\u00e1vea News\",\"image\":{\"@type\":\"ImageObject\",\"inLanguage\":\"pt-BR\",\"@id\":\"https:\/\/www.gaveanews.com\/#\/schema\/person\/image\/\",\"url\":\"https:\/\/secure.gravatar.com\/avatar\/1e1956f1facbffd3f8fa53a326721950116b3b9dc9bd44939c01180fd4a745a9?s=96&d=mm&r=g\",\"contentUrl\":\"https:\/\/secure.gravatar.com\/avatar\/1e1956f1facbffd3f8fa53a326721950116b3b9dc9bd44939c01180fd4a745a9?s=96&d=mm&r=g\",\"caption\":\"Equipe G\u00e1vea News\"}}]}<\/script>\n<!-- \/ Yoast SEO Premium plugin. -->","yoast_head_json":{"title":"Confira a prov\u00e1vel escala\u00e7\u00e3o do Flamengo para a partida contra o Cear\u00e1","robots":{"index":"index","follow":"follow","max-snippet":"max-snippet:-1","max-image-preview":"max-image-preview:large","max-video-preview":"max-video-preview:-1"},"canonical":"https:\/\/www.gaveanews.com\/index.php\/2019\/08\/24\/confira-a-provavel-escalacao-do-flamengo-para-a-partida-contra-o-ceara\/","og_locale":"pt_BR","og_type":"article","og_title":"Confira a prov\u00e1vel escala\u00e7\u00e3o do Flamengo para a partida contra o Cear\u00e1","og_description":"Jorge Jesus realizou na tarde desta sexta-feira, no Ninho do Urubu, o primeiro treino de olho no Cear\u00e1 com o elenco completo. O t\u00e9cnico portugu\u00eas, que encerra a prepara\u00e7\u00e3o para a partida em atividade fechada para a imprensa na manh\u00e3 deste s\u00e1bado, disse que pretende fazer no m\u00e1ximo cinco mudan\u00e7as na equipe. Uma delas j\u00e1 [&hellip;]","og_url":"https:\/\/www.gaveanews.com\/index.php\/2019\/08\/24\/confira-a-provavel-escalacao-do-flamengo-para-a-partida-contra-o-ceara\/","og_site_name":"G\u00e1vea News","article_publisher":"https:\/\/facebook.com\/gaveaNews\/","article_published_time":"2019-08-24T03:35:00+00:00","og_image":[{"url":"https:\/\/www.gaveanews.com\/wp-content\/uploads\/2018\/07\/Elenco-do-Flamengo-durante-treinamento-na-Gavea.webp","width":1,"height":1,"type":"image\/jpeg"}],"author":"Equipe G\u00e1vea News","twitter_card":"summary_large_image","twitter_misc":{"Escrito por":"Equipe G\u00e1vea News","Est. tempo de leitura":"1 minuto"},"schema":{"@context":"https:\/\/schema.org","@graph":[{"@type":"NewsArticle","@id":"https:\/\/www.gaveanews.com\/index.php\/2019\/08\/24\/confira-a-provavel-escalacao-do-flamengo-para-a-partida-contra-o-ceara\/#article","isPartOf":{"@id":"https:\/\/www.gaveanews.com\/index.php\/2019\/08\/24\/confira-a-provavel-escalacao-do-flamengo-para-a-partida-contra-o-ceara\/"},"author":{"name":"Equipe G\u00e1vea News","@id":"https:\/\/www.gaveanews.com\/#\/schema\/person\/2ec14f73fb96be2caf28f91afb14749d"},"headline":"Confira a prov\u00e1vel escala\u00e7\u00e3o do Flamengo para a partida contra o Cear\u00e1","datePublished":"2019-08-24T03:35:00+00:00","mainEntityOfPage":{"@id":"https:\/\/www.gaveanews.com\/index.php\/2019\/08\/24\/confira-a-provavel-escalacao-do-flamengo-para-a-partida-contra-o-ceara\/"},"wordCount":281,"commentCount":0,"image":{"@id":"https:\/\/www.gaveanews.com\/index.php\/2019\/08\/24\/confira-a-provavel-escalacao-do-flamengo-para-a-partida-contra-o-ceara\/#primaryimage"},"thumbnailUrl":"https:\/\/www.gaveanews.com\/wp-content\/uploads\/2018\/07\/Elenco-do-Flamengo-durante-treinamento-na-Gavea.webp","articleSection":["Flamengo"],"inLanguage":"pt-BR","potentialAction":[{"@type":"CommentAction","name":"Comment","target":["https:\/\/www.gaveanews.com\/index.php\/2019\/08\/24\/confira-a-provavel-escalacao-do-flamengo-para-a-partida-contra-o-ceara\/#respond"]}],"copyrightYear":"2019","copyrightHolder":{"@id":"https:\/\/www.gaveanews.com\/#organization"}},{"@type":"WebPage","@id":"https:\/\/www.gaveanews.com\/index.php\/2019\/08\/24\/confira-a-provavel-escalacao-do-flamengo-para-a-partida-contra-o-ceara\/","url":"https:\/\/www.gaveanews.com\/index.php\/2019\/08\/24\/confira-a-provavel-escalacao-do-flamengo-para-a-partida-contra-o-ceara\/","name":"Confira a prov\u00e1vel escala\u00e7\u00e3o do Flamengo para a partida contra o Cear\u00e1","isPartOf":{"@id":"https:\/\/www.gaveanews.com\/#website"},"primaryImageOfPage":{"@id":"https:\/\/www.gaveanews.com\/index.php\/2019\/08\/24\/confira-a-provavel-escalacao-do-flamengo-para-a-partida-contra-o-ceara\/#primaryimage"},"image":{"@id":"https:\/\/www.gaveanews.com\/index.php\/2019\/08\/24\/confira-a-provavel-escalacao-do-flamengo-para-a-partida-contra-o-ceara\/#primaryimage"},"thumbnailUrl":"https:\/\/www.gaveanews.com\/wp-content\/uploads\/2018\/07\/Elenco-do-Flamengo-durante-treinamento-na-Gavea.webp","datePublished":"2019-08-24T03:35:00+00:00","author":{"@id":"https:\/\/www.gaveanews.com\/#\/schema\/person\/2ec14f73fb96be2caf28f91afb14749d"},"breadcrumb":{"@id":"https:\/\/www.gaveanews.com\/index.php\/2019\/08\/24\/confira-a-provavel-escalacao-do-flamengo-para-a-partida-contra-o-ceara\/#breadcrumb"},"inLanguage":"pt-BR","potentialAction":[{"@type":"ReadAction","target":["https:\/\/www.gaveanews.com\/index.php\/2019\/08\/24\/confira-a-provavel-escalacao-do-flamengo-para-a-partida-contra-o-ceara\/"]}]},{"@type":"ImageObject","inLanguage":"pt-BR","@id":"https:\/\/www.gaveanews.com\/index.php\/2019\/08\/24\/confira-a-provavel-escalacao-do-flamengo-para-a-partida-contra-o-ceara\/#primaryimage","url":"https:\/\/www.gaveanews.com\/wp-content\/uploads\/2018\/07\/Elenco-do-Flamengo-durante-treinamento-na-Gavea.webp","contentUrl":"https:\/\/www.gaveanews.com\/wp-content\/uploads\/2018\/07\/Elenco-do-Flamengo-durante-treinamento-na-Gavea.webp","width":900,"height":599,"caption":"Elenco do Flamengo durante treinamento na G\u00e1vea (Foto: Alexandre Vidal\/Flamengo)"},{"@type":"BreadcrumbList","@id":"https:\/\/www.gaveanews.com\/index.php\/2019\/08\/24\/confira-a-provavel-escalacao-do-flamengo-para-a-partida-contra-o-ceara\/#breadcrumb","itemListElement":[{"@type":"ListItem","position":1,"name":"Home","item":"https:\/\/www.gaveanews.com\/"},{"@type":"ListItem","position":2,"name":"Confira a prov\u00e1vel escala\u00e7\u00e3o do Flamengo para a partida contra o Cear\u00e1"}]},{"@type":"WebSite","@id":"https:\/\/www.gaveanews.com\/#website","url":"https:\/\/www.gaveanews.com\/","name":"G\u00e1vea News","description":"Veja todas as not\u00edcias sobre o Flamengo: Contrata\u00e7\u00f5es, categorias de base, resultados das partidas, tabela de classifica\u00e7\u00e3o, pr\u00f3ximos jogos!","potentialAction":[{"@type":"SearchAction","target":{"@type":"EntryPoint","urlTemplate":"https:\/\/www.gaveanews.com\/?s={search_term_string}"},"query-input":{"@type":"PropertyValueSpecification","valueRequired":true,"valueName":"search_term_string"}}],"inLanguage":"pt-BR"},{"@type":"Person","@id":"https:\/\/www.gaveanews.com\/#\/schema\/person\/2ec14f73fb96be2caf28f91afb14749d","name":"Equipe G\u00e1vea News","image":{"@type":"ImageObject","inLanguage":"pt-BR","@id":"https:\/\/www.gaveanews.com\/#\/schema\/person\/image\/","url":"https:\/\/secure.gravatar.com\/avatar\/1e1956f1facbffd3f8fa53a326721950116b3b9dc9bd44939c01180fd4a745a9?s=96&d=mm&r=g","contentUrl":"https:\/\/secure.gravatar.com\/avatar\/1e1956f1facbffd3f8fa53a326721950116b3b9dc9bd44939c01180fd4a745a9?s=96&d=mm&r=g","caption":"Equipe G\u00e1vea News"}}]}},"_links":{"self":[{"href":"https:\/\/www.gaveanews.com\/index.php\/wp-json\/wp\/v2\/posts\/25672","targetHints":{"allow":["GET"]}}],"collection":[{"href":"https:\/\/www.gaveanews.com\/index.php\/wp-json\/wp\/v2\/posts"}],"about":[{"href":"https:\/\/www.gaveanews.com\/index.php\/wp-json\/wp\/v2\/types\/post"}],"author":[{"embeddable":true,"href":"https:\/\/www.gaveanews.com\/index.php\/wp-json\/wp\/v2\/users\/1"}],"replies":[{"embeddable":true,"href":"https:\/\/www.gaveanews.com\/index.php\/wp-json\/wp\/v2\/comments?post=25672"}],"version-history":[{"count":0,"href":"https:\/\/www.gaveanews.com\/index.php\/wp-json\/wp\/v2\/posts\/25672\/revisions"}],"wp:featuredmedia":[{"embeddable":true,"href":"https:\/\/www.gaveanews.com\/index.php\/wp-json\/wp\/v2\/media\/15269"}],"wp:attachment":[{"href":"https:\/\/www.gaveanews.com\/index.php\/wp-json\/wp\/v2\/media?parent=25672"}],"wp:term":[{"taxonomy":"category","embeddable":true,"href":"https:\/\/www.gaveanews.com\/index.php\/wp-json\/wp\/v2\/categories?post=25672"},{"taxonomy":"post_tag","embeddable":true,"href":"https:\/\/www.gaveanews.com\/index.php\/wp-json\/wp\/v2\/tags?post=25672"}],"curies":[{"name":"wp","href":"https:\/\/api.w.org\/{rel}","templated":true}]}}