{"id":256752,"date":"2025-04-23T15:40:00","date_gmt":"2025-04-23T18:40:00","guid":{"rendered":"https:\/\/www.gaveanews.com\/?p=256752"},"modified":"2025-04-23T14:53:23","modified_gmt":"2025-04-23T17:53:23","slug":"apos-decisao-de-tite-matheus-bachi-toma-atitude-importante","status":"publish","type":"post","link":"https:\/\/www.gaveanews.com\/index.php\/2025\/04\/23\/apos-decisao-de-tite-matheus-bachi-toma-atitude-importante\/","title":{"rendered":"Ap\u00f3s decis\u00e3o de Tite, Matheus Bachi toma atitude importante"},"content":{"rendered":"\n<p>Com o an\u00fancio da pausa na carreira de Tite, o seu filho e auxiliar t\u00e9cnico, Matheus Bachi, decidiu seguir um novo rumo profissional. Embora a decis\u00e3o do ex-comandante da Sele\u00e7\u00e3o Brasileira tenha sido motivada por quest\u00f5es de sa\u00fade mental, o assistente optou por continuar sua caminhada no futebol, agora como treinador principal.<\/p>\n\n\n\n<p>Essa separa\u00e7\u00e3o na trajet\u00f3ria de ambos j\u00e1 vinha sendo desenhada nos bastidores. Enquanto acompanhava o pai em compromissos internacionais e di\u00e1logos com clubes, Matheus tamb\u00e9m se envolveu diretamente em conversas com equipes brasileiras. Houve sondagens anteriores do Botafogo e, mais recentemente, do Corinthians. Nessas ocasi\u00f5es, ele participou ativamente dos contatos e demonstrou interesse em projetos pr\u00f3prios, o que j\u00e1 indicava sua inten\u00e7\u00e3o de assumir o protagonismo como t\u00e9cnico.<\/p>\n\n\n\n<h2 class=\"wp-block-heading\" id=\"h-caminho-paralelo-aos-demais-auxiliares\">Caminho paralelo aos demais auxiliares<\/h2>\n\n\n\n<p>A decis\u00e3o de Matheus de seguir sozinho se alinha ao movimento adotado por outros profissionais que integraram a comiss\u00e3o t\u00e9cnica de Tite. Cleber Xavier, por exemplo, j\u00e1 anunciou oficialmente que pretende atuar como treinador principal. Cesar Sampaio, por sua vez, est\u00e1 no Santos, onde assumiu como interino ap\u00f3s a demiss\u00e3o de Pedro Caixinha.<\/p>\n\n\n\n<h2 class=\"wp-block-heading\" id=\"h-oportunidade-de-se-consolidar\">Oportunidade de se consolidar <\/h2>\n\n\n\n<p>Apesar de ter constru\u00eddo uma carreira como auxiliar t\u00e9cnico sob a sombra do pai, Matheus Bachi carrega consigo uma bagagem s\u00f3lida. Al\u00e9m de participa\u00e7\u00f5es em grandes competi\u00e7\u00f5es com a Sele\u00e7\u00e3o Brasileira, ele esteve presente em projetos de grande visibilidade no futebol nacional. <\/p>\n\n\n\n<p>Eventualmente, a trajet\u00f3ria independente pode representar para Matheus a chance de consolidar uma identidade pr\u00f3pria no cen\u00e1rio esportivo. Embora a liga\u00e7\u00e3o com Tite seja ineg\u00e1vel, ele agora poder\u00e1 desenvolver seu pr\u00f3prio estilo, valores e estrat\u00e9gias, sem necessariamente repetir os passos do pai.<\/p>\n\n\n\n<h2 class=\"wp-block-heading\" id=\"h-pausa-de-tite\">Pausa de Tite<\/h2>\n\n\n\n<p>A decis\u00e3o de n\u00e3o seguir apalavrado com o Corinthians foi oficializada na manh\u00e3 dessa ter\u00e7a-feira (22), na reta final da negocia\u00e7\u00e3o. A reuni\u00e3o que estava marcada com o executivo de futebol Fabinho Soldado foi cancelada ap\u00f3s o t\u00e9cnico ga\u00facho reconsiderar sua condi\u00e7\u00e3o emocional e optar por priorizar sua sa\u00fade mental.<\/p>\n\n\n\n<p>Tite, atualmente com 63 anos, vinha mantendo conversas frequentes com a diretoria do Corinthians desde o domingo anterior. Mas uma crise de ansiedade na madrugada de segunda para ter\u00e7a o fez reconsiderar a decis\u00e3o. <\/p>\n\n\n\n<p>\u201cEntendi que existem momentos em que \u00e9 preciso compreender que, como ser humano, posso ser vulner\u00e1vel e admitir isso certamente ir\u00e1 me tornar mais forte\u201d, escreveu. Ainda segundo o comunicado, a decis\u00e3o foi tomada em di\u00e1logo com familiares e observando sinais emitidos pelo pr\u00f3prio corpo. \u201cDecidi que o melhor a fazer agora \u00e9 interromper minha carreira para cuidar de mim pelo tempo que for preciso\u201d, completou.<\/p>\n","protected":false},"excerpt":{"rendered":"<p>Com o an\u00fancio da pausa na carreira de Tite, o seu filho e auxiliar t\u00e9cnico, Matheus Bachi, decidiu seguir um novo rumo profissional. Embora a decis\u00e3o do ex-comandante da Sele\u00e7\u00e3o Brasileira tenha sido motivada por quest\u00f5es de sa\u00fade mental, o assistente optou por continuar sua caminhada no futebol, agora como treinador principal. Essa separa\u00e7\u00e3o na [&hellip;]<\/p>\n","protected":false},"author":30,"featured_media":256773,"comment_status":"open","ping_status":"closed","sticky":false,"template":"","format":"standard","meta":{"footnotes":""},"categories":[478,81,47],"tags":[],"class_list":["post-256752","post","type-post","status-publish","format-standard","has-post-thumbnail","hentry","category-brasil","category-celebridades","category-destaques"],"yoast_head":"<!-- This site is optimized with the Yoast SEO Premium plugin v24.2 (Yoast SEO v26.9) - https:\/\/yoast.com\/product\/yoast-seo-premium-wordpress\/ -->\n<title>Ap\u00f3s decis\u00e3o de Tite, Matheus Bachi toma atitude importante<\/title>\n<meta name=\"robots\" content=\"index, follow, max-snippet:-1, max-image-preview:large, max-video-preview:-1\" \/>\n<link rel=\"canonical\" href=\"https:\/\/www.gaveanews.com\/index.php\/2025\/04\/23\/apos-decisao-de-tite-matheus-bachi-toma-atitude-importante\/\" \/>\n<meta property=\"og:locale\" content=\"pt_BR\" \/>\n<meta property=\"og:type\" content=\"article\" \/>\n<meta property=\"og:title\" content=\"Ap\u00f3s decis\u00e3o de Tite, Matheus Bachi toma atitude importante\" \/>\n<meta property=\"og:description\" content=\"Com o an\u00fancio da pausa na carreira de Tite, o seu filho e auxiliar t\u00e9cnico, Matheus Bachi, decidiu seguir um novo rumo profissional. Embora a decis\u00e3o do ex-comandante da Sele\u00e7\u00e3o Brasileira tenha sido motivada por quest\u00f5es de sa\u00fade mental, o assistente optou por continuar sua caminhada no futebol, agora como treinador principal. Essa separa\u00e7\u00e3o na [&hellip;]\" \/>\n<meta property=\"og:url\" content=\"https:\/\/www.gaveanews.com\/index.php\/2025\/04\/23\/apos-decisao-de-tite-matheus-bachi-toma-atitude-importante\/\" \/>\n<meta property=\"og:site_name\" content=\"G\u00e1vea News\" \/>\n<meta property=\"article:publisher\" content=\"https:\/\/facebook.com\/gaveaNews\/\" \/>\n<meta property=\"article:published_time\" content=\"2025-04-23T18:40:00+00:00\" \/>\n<meta property=\"og:image\" content=\"https:\/\/www.gaveanews.com\/wp-content\/uploads\/Matheus-Bachi-e-Tite-pela-Selecao-Brasileira-Foto-de-Lucas-Figueiredo-l-CBF.webp\" \/>\n\t<meta property=\"og:image:width\" content=\"1200\" \/>\n\t<meta property=\"og:image:height\" content=\"900\" \/>\n\t<meta property=\"og:image:type\" content=\"image\/webp\" \/>\n<meta name=\"author\" content=\"Ana Teixeira\" \/>\n<meta name=\"twitter:card\" content=\"summary_large_image\" \/>\n<meta name=\"twitter:label1\" content=\"Escrito por\" \/>\n\t<meta name=\"twitter:data1\" content=\"Ana Teixeira\" \/>\n\t<meta name=\"twitter:label2\" content=\"Est. tempo de leitura\" \/>\n\t<meta name=\"twitter:data2\" content=\"3 minutos\" \/>\n<script type=\"application\/ld+json\" class=\"yoast-schema-graph\">{\"@context\":\"https:\/\/schema.org\",\"@graph\":[{\"@type\":\"NewsArticle\",\"@id\":\"https:\/\/www.gaveanews.com\/index.php\/2025\/04\/23\/apos-decisao-de-tite-matheus-bachi-toma-atitude-importante\/#article\",\"isPartOf\":{\"@id\":\"https:\/\/www.gaveanews.com\/index.php\/2025\/04\/23\/apos-decisao-de-tite-matheus-bachi-toma-atitude-importante\/\"},\"author\":{\"name\":\"Ana Teixeira\",\"@id\":\"https:\/\/www.gaveanews.com\/#\/schema\/person\/3b19f7288b0ce20372991275e4f2e6c2\"},\"headline\":\"Ap\u00f3s decis\u00e3o de Tite, Matheus Bachi toma atitude importante\",\"datePublished\":\"2025-04-23T18:40:00+00:00\",\"mainEntityOfPage\":{\"@id\":\"https:\/\/www.gaveanews.com\/index.php\/2025\/04\/23\/apos-decisao-de-tite-matheus-bachi-toma-atitude-importante\/\"},\"wordCount\":475,\"commentCount\":0,\"image\":{\"@id\":\"https:\/\/www.gaveanews.com\/index.php\/2025\/04\/23\/apos-decisao-de-tite-matheus-bachi-toma-atitude-importante\/#primaryimage\"},\"thumbnailUrl\":\"https:\/\/www.gaveanews.com\/wp-content\/uploads\/Matheus-Bachi-e-Tite-pela-Selecao-Brasileira-Foto-de-Lucas-Figueiredo-l-CBF.webp\",\"articleSection\":[\"Brasil\",\"Celebridades\",\"Destaques\"],\"inLanguage\":\"pt-BR\",\"potentialAction\":[{\"@type\":\"CommentAction\",\"name\":\"Comment\",\"target\":[\"https:\/\/www.gaveanews.com\/index.php\/2025\/04\/23\/apos-decisao-de-tite-matheus-bachi-toma-atitude-importante\/#respond\"]}],\"copyrightYear\":\"2025\",\"copyrightHolder\":{\"@id\":\"https:\/\/www.gaveanews.com\/#organization\"}},{\"@type\":\"WebPage\",\"@id\":\"https:\/\/www.gaveanews.com\/index.php\/2025\/04\/23\/apos-decisao-de-tite-matheus-bachi-toma-atitude-importante\/\",\"url\":\"https:\/\/www.gaveanews.com\/index.php\/2025\/04\/23\/apos-decisao-de-tite-matheus-bachi-toma-atitude-importante\/\",\"name\":\"Ap\u00f3s decis\u00e3o de Tite, Matheus Bachi toma atitude importante\",\"isPartOf\":{\"@id\":\"https:\/\/www.gaveanews.com\/#website\"},\"primaryImageOfPage\":{\"@id\":\"https:\/\/www.gaveanews.com\/index.php\/2025\/04\/23\/apos-decisao-de-tite-matheus-bachi-toma-atitude-importante\/#primaryimage\"},\"image\":{\"@id\":\"https:\/\/www.gaveanews.com\/index.php\/2025\/04\/23\/apos-decisao-de-tite-matheus-bachi-toma-atitude-importante\/#primaryimage\"},\"thumbnailUrl\":\"https:\/\/www.gaveanews.com\/wp-content\/uploads\/Matheus-Bachi-e-Tite-pela-Selecao-Brasileira-Foto-de-Lucas-Figueiredo-l-CBF.webp\",\"datePublished\":\"2025-04-23T18:40:00+00:00\",\"author\":{\"@id\":\"https:\/\/www.gaveanews.com\/#\/schema\/person\/3b19f7288b0ce20372991275e4f2e6c2\"},\"breadcrumb\":{\"@id\":\"https:\/\/www.gaveanews.com\/index.php\/2025\/04\/23\/apos-decisao-de-tite-matheus-bachi-toma-atitude-importante\/#breadcrumb\"},\"inLanguage\":\"pt-BR\",\"potentialAction\":[{\"@type\":\"ReadAction\",\"target\":[\"https:\/\/www.gaveanews.com\/index.php\/2025\/04\/23\/apos-decisao-de-tite-matheus-bachi-toma-atitude-importante\/\"]}]},{\"@type\":\"ImageObject\",\"inLanguage\":\"pt-BR\",\"@id\":\"https:\/\/www.gaveanews.com\/index.php\/2025\/04\/23\/apos-decisao-de-tite-matheus-bachi-toma-atitude-importante\/#primaryimage\",\"url\":\"https:\/\/www.gaveanews.com\/wp-content\/uploads\/Matheus-Bachi-e-Tite-pela-Selecao-Brasileira-Foto-de-Lucas-Figueiredo-l-CBF.webp\",\"contentUrl\":\"https:\/\/www.gaveanews.com\/wp-content\/uploads\/Matheus-Bachi-e-Tite-pela-Selecao-Brasileira-Foto-de-Lucas-Figueiredo-l-CBF.webp\",\"width\":1200,\"height\":900},{\"@type\":\"BreadcrumbList\",\"@id\":\"https:\/\/www.gaveanews.com\/index.php\/2025\/04\/23\/apos-decisao-de-tite-matheus-bachi-toma-atitude-importante\/#breadcrumb\",\"itemListElement\":[{\"@type\":\"ListItem\",\"position\":1,\"name\":\"Home\",\"item\":\"https:\/\/www.gaveanews.com\/\"},{\"@type\":\"ListItem\",\"position\":2,\"name\":\"Ap\u00f3s decis\u00e3o de Tite, Matheus Bachi toma atitude importante\"}]},{\"@type\":\"WebSite\",\"@id\":\"https:\/\/www.gaveanews.com\/#website\",\"url\":\"https:\/\/www.gaveanews.com\/\",\"name\":\"G\u00e1vea News\",\"description\":\"Veja todas as not\u00edcias sobre o Flamengo: Contrata\u00e7\u00f5es, categorias de base, resultados das partidas, tabela de classifica\u00e7\u00e3o, pr\u00f3ximos jogos!\",\"potentialAction\":[{\"@type\":\"SearchAction\",\"target\":{\"@type\":\"EntryPoint\",\"urlTemplate\":\"https:\/\/www.gaveanews.com\/?s={search_term_string}\"},\"query-input\":{\"@type\":\"PropertyValueSpecification\",\"valueRequired\":true,\"valueName\":\"search_term_string\"}}],\"inLanguage\":\"pt-BR\"},{\"@type\":\"Person\",\"@id\":\"https:\/\/www.gaveanews.com\/#\/schema\/person\/3b19f7288b0ce20372991275e4f2e6c2\",\"name\":\"Ana Teixeira\",\"image\":{\"@type\":\"ImageObject\",\"inLanguage\":\"pt-BR\",\"@id\":\"https:\/\/www.gaveanews.com\/#\/schema\/person\/image\/\",\"url\":\"https:\/\/secure.gravatar.com\/avatar\/0a73f5a5258f3fed37fc2fa641892f3f7a4748456d4d4792f9bc550e6c19e06c?s=96&d=mm&r=g\",\"contentUrl\":\"https:\/\/secure.gravatar.com\/avatar\/0a73f5a5258f3fed37fc2fa641892f3f7a4748456d4d4792f9bc550e6c19e06c?s=96&d=mm&r=g\",\"caption\":\"Ana Teixeira\"}}]}<\/script>\n<!-- \/ Yoast SEO Premium plugin. -->","yoast_head_json":{"title":"Ap\u00f3s decis\u00e3o de Tite, Matheus Bachi toma atitude importante","robots":{"index":"index","follow":"follow","max-snippet":"max-snippet:-1","max-image-preview":"max-image-preview:large","max-video-preview":"max-video-preview:-1"},"canonical":"https:\/\/www.gaveanews.com\/index.php\/2025\/04\/23\/apos-decisao-de-tite-matheus-bachi-toma-atitude-importante\/","og_locale":"pt_BR","og_type":"article","og_title":"Ap\u00f3s decis\u00e3o de Tite, Matheus Bachi toma atitude importante","og_description":"Com o an\u00fancio da pausa na carreira de Tite, o seu filho e auxiliar t\u00e9cnico, Matheus Bachi, decidiu seguir um novo rumo profissional. Embora a decis\u00e3o do ex-comandante da Sele\u00e7\u00e3o Brasileira tenha sido motivada por quest\u00f5es de sa\u00fade mental, o assistente optou por continuar sua caminhada no futebol, agora como treinador principal. Essa separa\u00e7\u00e3o na [&hellip;]","og_url":"https:\/\/www.gaveanews.com\/index.php\/2025\/04\/23\/apos-decisao-de-tite-matheus-bachi-toma-atitude-importante\/","og_site_name":"G\u00e1vea News","article_publisher":"https:\/\/facebook.com\/gaveaNews\/","article_published_time":"2025-04-23T18:40:00+00:00","og_image":[{"width":1200,"height":900,"url":"https:\/\/www.gaveanews.com\/wp-content\/uploads\/Matheus-Bachi-e-Tite-pela-Selecao-Brasileira-Foto-de-Lucas-Figueiredo-l-CBF.webp","type":"image\/webp"}],"author":"Ana Teixeira","twitter_card":"summary_large_image","twitter_misc":{"Escrito por":"Ana Teixeira","Est. tempo de leitura":"3 minutos"},"schema":{"@context":"https:\/\/schema.org","@graph":[{"@type":"NewsArticle","@id":"https:\/\/www.gaveanews.com\/index.php\/2025\/04\/23\/apos-decisao-de-tite-matheus-bachi-toma-atitude-importante\/#article","isPartOf":{"@id":"https:\/\/www.gaveanews.com\/index.php\/2025\/04\/23\/apos-decisao-de-tite-matheus-bachi-toma-atitude-importante\/"},"author":{"name":"Ana Teixeira","@id":"https:\/\/www.gaveanews.com\/#\/schema\/person\/3b19f7288b0ce20372991275e4f2e6c2"},"headline":"Ap\u00f3s decis\u00e3o de Tite, Matheus Bachi toma atitude importante","datePublished":"2025-04-23T18:40:00+00:00","mainEntityOfPage":{"@id":"https:\/\/www.gaveanews.com\/index.php\/2025\/04\/23\/apos-decisao-de-tite-matheus-bachi-toma-atitude-importante\/"},"wordCount":475,"commentCount":0,"image":{"@id":"https:\/\/www.gaveanews.com\/index.php\/2025\/04\/23\/apos-decisao-de-tite-matheus-bachi-toma-atitude-importante\/#primaryimage"},"thumbnailUrl":"https:\/\/www.gaveanews.com\/wp-content\/uploads\/Matheus-Bachi-e-Tite-pela-Selecao-Brasileira-Foto-de-Lucas-Figueiredo-l-CBF.webp","articleSection":["Brasil","Celebridades","Destaques"],"inLanguage":"pt-BR","potentialAction":[{"@type":"CommentAction","name":"Comment","target":["https:\/\/www.gaveanews.com\/index.php\/2025\/04\/23\/apos-decisao-de-tite-matheus-bachi-toma-atitude-importante\/#respond"]}],"copyrightYear":"2025","copyrightHolder":{"@id":"https:\/\/www.gaveanews.com\/#organization"}},{"@type":"WebPage","@id":"https:\/\/www.gaveanews.com\/index.php\/2025\/04\/23\/apos-decisao-de-tite-matheus-bachi-toma-atitude-importante\/","url":"https:\/\/www.gaveanews.com\/index.php\/2025\/04\/23\/apos-decisao-de-tite-matheus-bachi-toma-atitude-importante\/","name":"Ap\u00f3s decis\u00e3o de Tite, Matheus Bachi toma atitude importante","isPartOf":{"@id":"https:\/\/www.gaveanews.com\/#website"},"primaryImageOfPage":{"@id":"https:\/\/www.gaveanews.com\/index.php\/2025\/04\/23\/apos-decisao-de-tite-matheus-bachi-toma-atitude-importante\/#primaryimage"},"image":{"@id":"https:\/\/www.gaveanews.com\/index.php\/2025\/04\/23\/apos-decisao-de-tite-matheus-bachi-toma-atitude-importante\/#primaryimage"},"thumbnailUrl":"https:\/\/www.gaveanews.com\/wp-content\/uploads\/Matheus-Bachi-e-Tite-pela-Selecao-Brasileira-Foto-de-Lucas-Figueiredo-l-CBF.webp","datePublished":"2025-04-23T18:40:00+00:00","author":{"@id":"https:\/\/www.gaveanews.com\/#\/schema\/person\/3b19f7288b0ce20372991275e4f2e6c2"},"breadcrumb":{"@id":"https:\/\/www.gaveanews.com\/index.php\/2025\/04\/23\/apos-decisao-de-tite-matheus-bachi-toma-atitude-importante\/#breadcrumb"},"inLanguage":"pt-BR","potentialAction":[{"@type":"ReadAction","target":["https:\/\/www.gaveanews.com\/index.php\/2025\/04\/23\/apos-decisao-de-tite-matheus-bachi-toma-atitude-importante\/"]}]},{"@type":"ImageObject","inLanguage":"pt-BR","@id":"https:\/\/www.gaveanews.com\/index.php\/2025\/04\/23\/apos-decisao-de-tite-matheus-bachi-toma-atitude-importante\/#primaryimage","url":"https:\/\/www.gaveanews.com\/wp-content\/uploads\/Matheus-Bachi-e-Tite-pela-Selecao-Brasileira-Foto-de-Lucas-Figueiredo-l-CBF.webp","contentUrl":"https:\/\/www.gaveanews.com\/wp-content\/uploads\/Matheus-Bachi-e-Tite-pela-Selecao-Brasileira-Foto-de-Lucas-Figueiredo-l-CBF.webp","width":1200,"height":900},{"@type":"BreadcrumbList","@id":"https:\/\/www.gaveanews.com\/index.php\/2025\/04\/23\/apos-decisao-de-tite-matheus-bachi-toma-atitude-importante\/#breadcrumb","itemListElement":[{"@type":"ListItem","position":1,"name":"Home","item":"https:\/\/www.gaveanews.com\/"},{"@type":"ListItem","position":2,"name":"Ap\u00f3s decis\u00e3o de Tite, Matheus Bachi toma atitude importante"}]},{"@type":"WebSite","@id":"https:\/\/www.gaveanews.com\/#website","url":"https:\/\/www.gaveanews.com\/","name":"G\u00e1vea News","description":"Veja todas as not\u00edcias sobre o Flamengo: Contrata\u00e7\u00f5es, categorias de base, resultados das partidas, tabela de classifica\u00e7\u00e3o, pr\u00f3ximos jogos!","potentialAction":[{"@type":"SearchAction","target":{"@type":"EntryPoint","urlTemplate":"https:\/\/www.gaveanews.com\/?s={search_term_string}"},"query-input":{"@type":"PropertyValueSpecification","valueRequired":true,"valueName":"search_term_string"}}],"inLanguage":"pt-BR"},{"@type":"Person","@id":"https:\/\/www.gaveanews.com\/#\/schema\/person\/3b19f7288b0ce20372991275e4f2e6c2","name":"Ana Teixeira","image":{"@type":"ImageObject","inLanguage":"pt-BR","@id":"https:\/\/www.gaveanews.com\/#\/schema\/person\/image\/","url":"https:\/\/secure.gravatar.com\/avatar\/0a73f5a5258f3fed37fc2fa641892f3f7a4748456d4d4792f9bc550e6c19e06c?s=96&d=mm&r=g","contentUrl":"https:\/\/secure.gravatar.com\/avatar\/0a73f5a5258f3fed37fc2fa641892f3f7a4748456d4d4792f9bc550e6c19e06c?s=96&d=mm&r=g","caption":"Ana Teixeira"}}]}},"_links":{"self":[{"href":"https:\/\/www.gaveanews.com\/index.php\/wp-json\/wp\/v2\/posts\/256752","targetHints":{"allow":["GET"]}}],"collection":[{"href":"https:\/\/www.gaveanews.com\/index.php\/wp-json\/wp\/v2\/posts"}],"about":[{"href":"https:\/\/www.gaveanews.com\/index.php\/wp-json\/wp\/v2\/types\/post"}],"author":[{"embeddable":true,"href":"https:\/\/www.gaveanews.com\/index.php\/wp-json\/wp\/v2\/users\/30"}],"replies":[{"embeddable":true,"href":"https:\/\/www.gaveanews.com\/index.php\/wp-json\/wp\/v2\/comments?post=256752"}],"version-history":[{"count":1,"href":"https:\/\/www.gaveanews.com\/index.php\/wp-json\/wp\/v2\/posts\/256752\/revisions"}],"predecessor-version":[{"id":256774,"href":"https:\/\/www.gaveanews.com\/index.php\/wp-json\/wp\/v2\/posts\/256752\/revisions\/256774"}],"wp:featuredmedia":[{"embeddable":true,"href":"https:\/\/www.gaveanews.com\/index.php\/wp-json\/wp\/v2\/media\/256773"}],"wp:attachment":[{"href":"https:\/\/www.gaveanews.com\/index.php\/wp-json\/wp\/v2\/media?parent=256752"}],"wp:term":[{"taxonomy":"category","embeddable":true,"href":"https:\/\/www.gaveanews.com\/index.php\/wp-json\/wp\/v2\/categories?post=256752"},{"taxonomy":"post_tag","embeddable":true,"href":"https:\/\/www.gaveanews.com\/index.php\/wp-json\/wp\/v2\/tags?post=256752"}],"curies":[{"name":"wp","href":"https:\/\/api.w.org\/{rel}","templated":true}]}}