{"id":256840,"date":"2025-04-23T21:30:00","date_gmt":"2025-04-24T00:30:00","guid":{"rendered":"https:\/\/www.gaveanews.com\/?p=256840"},"modified":"2025-04-23T20:13:39","modified_gmt":"2025-04-23T23:13:39","slug":"a-declaracao-de-benzema-direcionada-a-cristiano-ronaldo","status":"publish","type":"post","link":"https:\/\/www.gaveanews.com\/index.php\/2025\/04\/23\/a-declaracao-de-benzema-direcionada-a-cristiano-ronaldo\/","title":{"rendered":"A declara\u00e7\u00e3o de Benzema direcionada \u00e0 Cristiano Ronaldo"},"content":{"rendered":"\n<h2 class=\"wp-block-heading\" id=\"h-atacante-frances-provocou-astro-portugues\">Atacante franc\u00eas provocou astro portugu\u00eas <\/h2>\n\n\n\n<p>Na \u00faltima segunda-feira (21), o Al-Ittihad venceu o Al-Ettifaq por 3 a 2, em jogo da 29\u00b0 rodada do Campeonato Saudita. Com o triunfo, a equipe de Karim Benzema agora est\u00e1 com seis pontos a mais que o vice-l\u00edder Al Hilal e oito a mais que o Al-Nassr, de Cristiano Ronaldo.<\/p>\n\n\n\n<p>Autor de um dos gols da vit\u00f3ria do time aurinegro, o franc\u00eas foi perguntado sobre a chance de terminar como artilheiro da competi\u00e7\u00e3o. Benzema soma 18 gols, cinco a menos que Cristiano Ronaldo, que lidera com 23. &#8220;Eu n\u00e3o quero saber disso, meu amigo. Mais importante s\u00e3o os trof\u00e9us&#8221;, disse Karim Benzema.<\/p>\n\n\n\n<p>Na pr\u00f3xima rodada do Campeonato Saudita, Al Nassr e Al-Ittihad ir\u00e3o se enfrentar no King Saud University Stadium, em Riade, no dia 7 de maio. A partida certamente pegar\u00e1 ainda mais fogo ap\u00f3s a pol\u00eamica declara\u00e7\u00e3o de Benzema. <\/p>\n\n\n\n<p>Contratado em julho de 2023 com o status de melhor jogador do mundo, Karim Benzema ainda n\u00e3o levantou nenhum trof\u00e9u com o Al-Ittihad. No entanto, entre os quatro clubes que mais investem no futebol \u00e1rabe, a equipe est\u00e1 pr\u00f3xima de conquistar seu primeiro t\u00edtulo nacional em dois anos.<\/p>\n\n\n\n<p>Apesar de ainda n\u00e3o ter sido campe\u00e3o, Benzema quebrou um recorde hist\u00f3rico com a camisa do Al-Ittihad. Com seu gol marcado na \u00faltima segunda-feira (21), o atacante franc\u00eas se isolou como o maior artilheiro da equipe na competi\u00e7\u00e3o, com 27 gols no total. Nas redes sociais, o clube fez quest\u00e3o de postar sobre a grande marca do jogador. <\/p>\n\n\n\n<blockquote class=\"twitter-tweet\"><p lang=\"en\" dir=\"ltr\">Al-Ittihad&#39;s Greatest Goal-Scorer in Saudi Professional League <a href=\"https:\/\/t.co\/GSj4wbqgHT\">pic.twitter.com\/GSj4wbqgHT<\/a><\/p>&mdash; Al-Ittihad Club (@ittihad_en) <a href=\"https:\/\/twitter.com\/ittihad_en\/status\/1914416378548756957?ref_src=twsrc%5Etfw\">April 21, 2025<\/a><\/blockquote> <script async src=\"https:\/\/platform.twitter.com\/widgets.js\" charset=\"utf-8\"><\/script>\n\n\n\n<h2 class=\"wp-block-heading\" id=\"h-historia-feita\">Hist\u00f3ria feita<\/h2>\n\n\n\n<p>Entre 2009\/10 e 2017\/18, Karim Benzema e Cristiano Ronaldo dividiram o gramado vestindo as cores do Real Madrid e fizeram hist\u00f3ria juntos. Com uma grande parceria dentro de campo, eles conquistaram quatro t\u00edtulos da Champions League, tr\u00eas Mundiais de Clubes, tr\u00eas Supercopas da Europa, duas Copas do Rei, duas edi\u00e7\u00f5es do Campeonato Espanhol e duas Supercopas da Espanha. <\/p>\n","protected":false},"excerpt":{"rendered":"<p>Atacante franc\u00eas provocou astro portugu\u00eas Na \u00faltima segunda-feira (21), o Al-Ittihad venceu o Al-Ettifaq por 3 a 2, em jogo da 29\u00b0 rodada do Campeonato Saudita. Com o triunfo, a equipe de Karim Benzema agora est\u00e1 com seis pontos a mais que o vice-l\u00edder Al Hilal e oito a mais que o Al-Nassr, de Cristiano [&hellip;]<\/p>\n","protected":false},"author":21,"featured_media":124462,"comment_status":"open","ping_status":"closed","sticky":false,"template":"","format":"standard","meta":{"footnotes":""},"categories":[246],"tags":[],"class_list":["post-256840","post","type-post","status-publish","format-standard","has-post-thumbnail","hentry","category-al-nassr"],"yoast_head":"<!-- This site is optimized with the Yoast SEO Premium plugin v24.2 (Yoast SEO v26.9) - https:\/\/yoast.com\/product\/yoast-seo-premium-wordpress\/ -->\n<title>A declara\u00e7\u00e3o de Benzema direcionada \u00e0 Cristiano Ronaldo<\/title>\n<meta name=\"robots\" content=\"index, follow, max-snippet:-1, max-image-preview:large, max-video-preview:-1\" \/>\n<link rel=\"canonical\" href=\"https:\/\/www.gaveanews.com\/index.php\/2025\/04\/23\/a-declaracao-de-benzema-direcionada-a-cristiano-ronaldo\/\" \/>\n<meta property=\"og:locale\" content=\"pt_BR\" \/>\n<meta property=\"og:type\" content=\"article\" \/>\n<meta property=\"og:title\" content=\"A declara\u00e7\u00e3o de Benzema direcionada \u00e0 Cristiano Ronaldo\" \/>\n<meta property=\"og:description\" content=\"Atacante franc\u00eas provocou astro portugu\u00eas Na \u00faltima segunda-feira (21), o Al-Ittihad venceu o Al-Ettifaq por 3 a 2, em jogo da 29\u00b0 rodada do Campeonato Saudita. Com o triunfo, a equipe de Karim Benzema agora est\u00e1 com seis pontos a mais que o vice-l\u00edder Al Hilal e oito a mais que o Al-Nassr, de Cristiano [&hellip;]\" \/>\n<meta property=\"og:url\" content=\"https:\/\/www.gaveanews.com\/index.php\/2025\/04\/23\/a-declaracao-de-benzema-direcionada-a-cristiano-ronaldo\/\" \/>\n<meta property=\"og:site_name\" content=\"G\u00e1vea News\" \/>\n<meta property=\"article:publisher\" content=\"https:\/\/facebook.com\/gaveaNews\/\" \/>\n<meta property=\"article:published_time\" content=\"2025-04-24T00:30:00+00:00\" \/>\n<meta property=\"og:image\" content=\"https:\/\/www.gaveanews.com\/wp-content\/uploads\/karim-benzema-e-cristiano-ronaldo-em-jogo-pelo-real-madrid-.webp\" \/>\n\t<meta property=\"og:image:width\" content=\"914\" \/>\n\t<meta property=\"og:image:height\" content=\"686\" \/>\n\t<meta property=\"og:image:type\" content=\"image\/jpeg\" \/>\n<meta name=\"author\" content=\"Andr\u00e9 Serra\" \/>\n<meta name=\"twitter:card\" content=\"summary_large_image\" \/>\n<meta name=\"twitter:label1\" content=\"Escrito por\" \/>\n\t<meta name=\"twitter:data1\" content=\"Andr\u00e9 Serra\" \/>\n\t<meta name=\"twitter:label2\" content=\"Est. tempo de leitura\" \/>\n\t<meta name=\"twitter:data2\" content=\"2 minutos\" \/>\n<script type=\"application\/ld+json\" class=\"yoast-schema-graph\">{\"@context\":\"https:\/\/schema.org\",\"@graph\":[{\"@type\":\"NewsArticle\",\"@id\":\"https:\/\/www.gaveanews.com\/index.php\/2025\/04\/23\/a-declaracao-de-benzema-direcionada-a-cristiano-ronaldo\/#article\",\"isPartOf\":{\"@id\":\"https:\/\/www.gaveanews.com\/index.php\/2025\/04\/23\/a-declaracao-de-benzema-direcionada-a-cristiano-ronaldo\/\"},\"author\":{\"name\":\"Andr\u00e9 Serra\",\"@id\":\"https:\/\/www.gaveanews.com\/#\/schema\/person\/0277a79a1289c451c281ec0411d84f0c\"},\"headline\":\"A declara\u00e7\u00e3o de Benzema direcionada \u00e0 Cristiano Ronaldo\",\"datePublished\":\"2025-04-24T00:30:00+00:00\",\"mainEntityOfPage\":{\"@id\":\"https:\/\/www.gaveanews.com\/index.php\/2025\/04\/23\/a-declaracao-de-benzema-direcionada-a-cristiano-ronaldo\/\"},\"wordCount\":357,\"commentCount\":0,\"image\":{\"@id\":\"https:\/\/www.gaveanews.com\/index.php\/2025\/04\/23\/a-declaracao-de-benzema-direcionada-a-cristiano-ronaldo\/#primaryimage\"},\"thumbnailUrl\":\"https:\/\/www.gaveanews.com\/wp-content\/uploads\/karim-benzema-e-cristiano-ronaldo-em-jogo-pelo-real-madrid-.webp\",\"articleSection\":[\"Al-Nassr\"],\"inLanguage\":\"pt-BR\",\"potentialAction\":[{\"@type\":\"CommentAction\",\"name\":\"Comment\",\"target\":[\"https:\/\/www.gaveanews.com\/index.php\/2025\/04\/23\/a-declaracao-de-benzema-direcionada-a-cristiano-ronaldo\/#respond\"]}],\"copyrightYear\":\"2025\",\"copyrightHolder\":{\"@id\":\"https:\/\/www.gaveanews.com\/#organization\"}},{\"@type\":\"WebPage\",\"@id\":\"https:\/\/www.gaveanews.com\/index.php\/2025\/04\/23\/a-declaracao-de-benzema-direcionada-a-cristiano-ronaldo\/\",\"url\":\"https:\/\/www.gaveanews.com\/index.php\/2025\/04\/23\/a-declaracao-de-benzema-direcionada-a-cristiano-ronaldo\/\",\"name\":\"A declara\u00e7\u00e3o de Benzema direcionada \u00e0 Cristiano Ronaldo\",\"isPartOf\":{\"@id\":\"https:\/\/www.gaveanews.com\/#website\"},\"primaryImageOfPage\":{\"@id\":\"https:\/\/www.gaveanews.com\/index.php\/2025\/04\/23\/a-declaracao-de-benzema-direcionada-a-cristiano-ronaldo\/#primaryimage\"},\"image\":{\"@id\":\"https:\/\/www.gaveanews.com\/index.php\/2025\/04\/23\/a-declaracao-de-benzema-direcionada-a-cristiano-ronaldo\/#primaryimage\"},\"thumbnailUrl\":\"https:\/\/www.gaveanews.com\/wp-content\/uploads\/karim-benzema-e-cristiano-ronaldo-em-jogo-pelo-real-madrid-.webp\",\"datePublished\":\"2025-04-24T00:30:00+00:00\",\"author\":{\"@id\":\"https:\/\/www.gaveanews.com\/#\/schema\/person\/0277a79a1289c451c281ec0411d84f0c\"},\"breadcrumb\":{\"@id\":\"https:\/\/www.gaveanews.com\/index.php\/2025\/04\/23\/a-declaracao-de-benzema-direcionada-a-cristiano-ronaldo\/#breadcrumb\"},\"inLanguage\":\"pt-BR\",\"potentialAction\":[{\"@type\":\"ReadAction\",\"target\":[\"https:\/\/www.gaveanews.com\/index.php\/2025\/04\/23\/a-declaracao-de-benzema-direcionada-a-cristiano-ronaldo\/\"]}]},{\"@type\":\"ImageObject\",\"inLanguage\":\"pt-BR\",\"@id\":\"https:\/\/www.gaveanews.com\/index.php\/2025\/04\/23\/a-declaracao-de-benzema-direcionada-a-cristiano-ronaldo\/#primaryimage\",\"url\":\"https:\/\/www.gaveanews.com\/wp-content\/uploads\/karim-benzema-e-cristiano-ronaldo-em-jogo-pelo-real-madrid-.webp\",\"contentUrl\":\"https:\/\/www.gaveanews.com\/wp-content\/uploads\/karim-benzema-e-cristiano-ronaldo-em-jogo-pelo-real-madrid-.webp\",\"width\":914,\"height\":686,\"caption\":\"Karim Benzema e Cristiano Ronaldo pelo Real Madrid (Foto:AMA\/Getty Images)\"},{\"@type\":\"BreadcrumbList\",\"@id\":\"https:\/\/www.gaveanews.com\/index.php\/2025\/04\/23\/a-declaracao-de-benzema-direcionada-a-cristiano-ronaldo\/#breadcrumb\",\"itemListElement\":[{\"@type\":\"ListItem\",\"position\":1,\"name\":\"Home\",\"item\":\"https:\/\/www.gaveanews.com\/\"},{\"@type\":\"ListItem\",\"position\":2,\"name\":\"A declara\u00e7\u00e3o de Benzema direcionada \u00e0 Cristiano Ronaldo\"}]},{\"@type\":\"WebSite\",\"@id\":\"https:\/\/www.gaveanews.com\/#website\",\"url\":\"https:\/\/www.gaveanews.com\/\",\"name\":\"G\u00e1vea News\",\"description\":\"Veja todas as not\u00edcias sobre o Flamengo: Contrata\u00e7\u00f5es, categorias de base, resultados das partidas, tabela de classifica\u00e7\u00e3o, pr\u00f3ximos jogos!\",\"potentialAction\":[{\"@type\":\"SearchAction\",\"target\":{\"@type\":\"EntryPoint\",\"urlTemplate\":\"https:\/\/www.gaveanews.com\/?s={search_term_string}\"},\"query-input\":{\"@type\":\"PropertyValueSpecification\",\"valueRequired\":true,\"valueName\":\"search_term_string\"}}],\"inLanguage\":\"pt-BR\"},{\"@type\":\"Person\",\"@id\":\"https:\/\/www.gaveanews.com\/#\/schema\/person\/0277a79a1289c451c281ec0411d84f0c\",\"name\":\"Andr\u00e9 Serra\",\"image\":{\"@type\":\"ImageObject\",\"inLanguage\":\"pt-BR\",\"@id\":\"https:\/\/www.gaveanews.com\/#\/schema\/person\/image\/\",\"url\":\"https:\/\/secure.gravatar.com\/avatar\/d7231369fe48db93292b3e88eb2162dbd9a34a47a8437d9ef3bcaca2a86a83d7?s=96&d=mm&r=g\",\"contentUrl\":\"https:\/\/secure.gravatar.com\/avatar\/d7231369fe48db93292b3e88eb2162dbd9a34a47a8437d9ef3bcaca2a86a83d7?s=96&d=mm&r=g\",\"caption\":\"Andr\u00e9 Serra\"}}]}<\/script>\n<!-- \/ Yoast SEO Premium plugin. -->","yoast_head_json":{"title":"A declara\u00e7\u00e3o de Benzema direcionada \u00e0 Cristiano Ronaldo","robots":{"index":"index","follow":"follow","max-snippet":"max-snippet:-1","max-image-preview":"max-image-preview:large","max-video-preview":"max-video-preview:-1"},"canonical":"https:\/\/www.gaveanews.com\/index.php\/2025\/04\/23\/a-declaracao-de-benzema-direcionada-a-cristiano-ronaldo\/","og_locale":"pt_BR","og_type":"article","og_title":"A declara\u00e7\u00e3o de Benzema direcionada \u00e0 Cristiano Ronaldo","og_description":"Atacante franc\u00eas provocou astro portugu\u00eas Na \u00faltima segunda-feira (21), o Al-Ittihad venceu o Al-Ettifaq por 3 a 2, em jogo da 29\u00b0 rodada do Campeonato Saudita. Com o triunfo, a equipe de Karim Benzema agora est\u00e1 com seis pontos a mais que o vice-l\u00edder Al Hilal e oito a mais que o Al-Nassr, de Cristiano [&hellip;]","og_url":"https:\/\/www.gaveanews.com\/index.php\/2025\/04\/23\/a-declaracao-de-benzema-direcionada-a-cristiano-ronaldo\/","og_site_name":"G\u00e1vea News","article_publisher":"https:\/\/facebook.com\/gaveaNews\/","article_published_time":"2025-04-24T00:30:00+00:00","og_image":[{"width":914,"height":686,"url":"https:\/\/www.gaveanews.com\/wp-content\/uploads\/karim-benzema-e-cristiano-ronaldo-em-jogo-pelo-real-madrid-.webp","type":"image\/jpeg"}],"author":"Andr\u00e9 Serra","twitter_card":"summary_large_image","twitter_misc":{"Escrito por":"Andr\u00e9 Serra","Est. tempo de leitura":"2 minutos"},"schema":{"@context":"https:\/\/schema.org","@graph":[{"@type":"NewsArticle","@id":"https:\/\/www.gaveanews.com\/index.php\/2025\/04\/23\/a-declaracao-de-benzema-direcionada-a-cristiano-ronaldo\/#article","isPartOf":{"@id":"https:\/\/www.gaveanews.com\/index.php\/2025\/04\/23\/a-declaracao-de-benzema-direcionada-a-cristiano-ronaldo\/"},"author":{"name":"Andr\u00e9 Serra","@id":"https:\/\/www.gaveanews.com\/#\/schema\/person\/0277a79a1289c451c281ec0411d84f0c"},"headline":"A declara\u00e7\u00e3o de Benzema direcionada \u00e0 Cristiano Ronaldo","datePublished":"2025-04-24T00:30:00+00:00","mainEntityOfPage":{"@id":"https:\/\/www.gaveanews.com\/index.php\/2025\/04\/23\/a-declaracao-de-benzema-direcionada-a-cristiano-ronaldo\/"},"wordCount":357,"commentCount":0,"image":{"@id":"https:\/\/www.gaveanews.com\/index.php\/2025\/04\/23\/a-declaracao-de-benzema-direcionada-a-cristiano-ronaldo\/#primaryimage"},"thumbnailUrl":"https:\/\/www.gaveanews.com\/wp-content\/uploads\/karim-benzema-e-cristiano-ronaldo-em-jogo-pelo-real-madrid-.webp","articleSection":["Al-Nassr"],"inLanguage":"pt-BR","potentialAction":[{"@type":"CommentAction","name":"Comment","target":["https:\/\/www.gaveanews.com\/index.php\/2025\/04\/23\/a-declaracao-de-benzema-direcionada-a-cristiano-ronaldo\/#respond"]}],"copyrightYear":"2025","copyrightHolder":{"@id":"https:\/\/www.gaveanews.com\/#organization"}},{"@type":"WebPage","@id":"https:\/\/www.gaveanews.com\/index.php\/2025\/04\/23\/a-declaracao-de-benzema-direcionada-a-cristiano-ronaldo\/","url":"https:\/\/www.gaveanews.com\/index.php\/2025\/04\/23\/a-declaracao-de-benzema-direcionada-a-cristiano-ronaldo\/","name":"A declara\u00e7\u00e3o de Benzema direcionada \u00e0 Cristiano Ronaldo","isPartOf":{"@id":"https:\/\/www.gaveanews.com\/#website"},"primaryImageOfPage":{"@id":"https:\/\/www.gaveanews.com\/index.php\/2025\/04\/23\/a-declaracao-de-benzema-direcionada-a-cristiano-ronaldo\/#primaryimage"},"image":{"@id":"https:\/\/www.gaveanews.com\/index.php\/2025\/04\/23\/a-declaracao-de-benzema-direcionada-a-cristiano-ronaldo\/#primaryimage"},"thumbnailUrl":"https:\/\/www.gaveanews.com\/wp-content\/uploads\/karim-benzema-e-cristiano-ronaldo-em-jogo-pelo-real-madrid-.webp","datePublished":"2025-04-24T00:30:00+00:00","author":{"@id":"https:\/\/www.gaveanews.com\/#\/schema\/person\/0277a79a1289c451c281ec0411d84f0c"},"breadcrumb":{"@id":"https:\/\/www.gaveanews.com\/index.php\/2025\/04\/23\/a-declaracao-de-benzema-direcionada-a-cristiano-ronaldo\/#breadcrumb"},"inLanguage":"pt-BR","potentialAction":[{"@type":"ReadAction","target":["https:\/\/www.gaveanews.com\/index.php\/2025\/04\/23\/a-declaracao-de-benzema-direcionada-a-cristiano-ronaldo\/"]}]},{"@type":"ImageObject","inLanguage":"pt-BR","@id":"https:\/\/www.gaveanews.com\/index.php\/2025\/04\/23\/a-declaracao-de-benzema-direcionada-a-cristiano-ronaldo\/#primaryimage","url":"https:\/\/www.gaveanews.com\/wp-content\/uploads\/karim-benzema-e-cristiano-ronaldo-em-jogo-pelo-real-madrid-.webp","contentUrl":"https:\/\/www.gaveanews.com\/wp-content\/uploads\/karim-benzema-e-cristiano-ronaldo-em-jogo-pelo-real-madrid-.webp","width":914,"height":686,"caption":"Karim Benzema e Cristiano Ronaldo pelo Real Madrid (Foto:AMA\/Getty Images)"},{"@type":"BreadcrumbList","@id":"https:\/\/www.gaveanews.com\/index.php\/2025\/04\/23\/a-declaracao-de-benzema-direcionada-a-cristiano-ronaldo\/#breadcrumb","itemListElement":[{"@type":"ListItem","position":1,"name":"Home","item":"https:\/\/www.gaveanews.com\/"},{"@type":"ListItem","position":2,"name":"A declara\u00e7\u00e3o de Benzema direcionada \u00e0 Cristiano Ronaldo"}]},{"@type":"WebSite","@id":"https:\/\/www.gaveanews.com\/#website","url":"https:\/\/www.gaveanews.com\/","name":"G\u00e1vea News","description":"Veja todas as not\u00edcias sobre o Flamengo: Contrata\u00e7\u00f5es, categorias de base, resultados das partidas, tabela de classifica\u00e7\u00e3o, pr\u00f3ximos jogos!","potentialAction":[{"@type":"SearchAction","target":{"@type":"EntryPoint","urlTemplate":"https:\/\/www.gaveanews.com\/?s={search_term_string}"},"query-input":{"@type":"PropertyValueSpecification","valueRequired":true,"valueName":"search_term_string"}}],"inLanguage":"pt-BR"},{"@type":"Person","@id":"https:\/\/www.gaveanews.com\/#\/schema\/person\/0277a79a1289c451c281ec0411d84f0c","name":"Andr\u00e9 Serra","image":{"@type":"ImageObject","inLanguage":"pt-BR","@id":"https:\/\/www.gaveanews.com\/#\/schema\/person\/image\/","url":"https:\/\/secure.gravatar.com\/avatar\/d7231369fe48db93292b3e88eb2162dbd9a34a47a8437d9ef3bcaca2a86a83d7?s=96&d=mm&r=g","contentUrl":"https:\/\/secure.gravatar.com\/avatar\/d7231369fe48db93292b3e88eb2162dbd9a34a47a8437d9ef3bcaca2a86a83d7?s=96&d=mm&r=g","caption":"Andr\u00e9 Serra"}}]}},"_links":{"self":[{"href":"https:\/\/www.gaveanews.com\/index.php\/wp-json\/wp\/v2\/posts\/256840","targetHints":{"allow":["GET"]}}],"collection":[{"href":"https:\/\/www.gaveanews.com\/index.php\/wp-json\/wp\/v2\/posts"}],"about":[{"href":"https:\/\/www.gaveanews.com\/index.php\/wp-json\/wp\/v2\/types\/post"}],"author":[{"embeddable":true,"href":"https:\/\/www.gaveanews.com\/index.php\/wp-json\/wp\/v2\/users\/21"}],"replies":[{"embeddable":true,"href":"https:\/\/www.gaveanews.com\/index.php\/wp-json\/wp\/v2\/comments?post=256840"}],"version-history":[{"count":1,"href":"https:\/\/www.gaveanews.com\/index.php\/wp-json\/wp\/v2\/posts\/256840\/revisions"}],"predecessor-version":[{"id":256850,"href":"https:\/\/www.gaveanews.com\/index.php\/wp-json\/wp\/v2\/posts\/256840\/revisions\/256850"}],"wp:featuredmedia":[{"embeddable":true,"href":"https:\/\/www.gaveanews.com\/index.php\/wp-json\/wp\/v2\/media\/124462"}],"wp:attachment":[{"href":"https:\/\/www.gaveanews.com\/index.php\/wp-json\/wp\/v2\/media?parent=256840"}],"wp:term":[{"taxonomy":"category","embeddable":true,"href":"https:\/\/www.gaveanews.com\/index.php\/wp-json\/wp\/v2\/categories?post=256840"},{"taxonomy":"post_tag","embeddable":true,"href":"https:\/\/www.gaveanews.com\/index.php\/wp-json\/wp\/v2\/tags?post=256840"}],"curies":[{"name":"wp","href":"https:\/\/api.w.org\/{rel}","templated":true}]}}