{"id":256893,"date":"2025-04-23T22:30:00","date_gmt":"2025-04-24T01:30:00","guid":{"rendered":"https:\/\/www.gaveanews.com\/?p=256893"},"modified":"2025-04-23T20:50:09","modified_gmt":"2025-04-23T23:50:09","slug":"em-dia-sao-jorge-saiba-como-santo-virou-padroeiro-do-corinthians","status":"publish","type":"post","link":"https:\/\/www.gaveanews.com\/index.php\/2025\/04\/23\/em-dia-sao-jorge-saiba-como-santo-virou-padroeiro-do-corinthians\/","title":{"rendered":"Em dia S\u00e3o Jorge, saiba como santo virou padroeiro do Corinthians"},"content":{"rendered":"\n<p>A rela\u00e7\u00e3o entre o Corinthians e S\u00e3o Jorge transcende a f\u00e9 religiosa, tornando-se parte essencial da identidade cultural e hist\u00f3rica do clube. Desde 2017, o \u201cRitual de S\u00e3o Jorge\u201d \u00e9 realizado antes dos jogos na Neo Qu\u00edmica Arena, quando uma imagem do santo \u00e9 levada ao campo por Fernando Wanner, historiador do clube. Conforme ele explica, trata-se de uma homenagem simb\u00f3lica que busca criar uma aura corintiana, e n\u00e3o um gesto supersticioso: \u201cS\u00e3o Jorge est\u00e1 l\u00e1 para simbolizar uma tradi\u00e7\u00e3o e para homenagear nosso padroeiro\u201d.<\/p>\n\n\n\n<p>A origem dessa devo\u00e7\u00e3o remonta aos anos 1920, quando o clube buscava um novo espa\u00e7o para sua sede. Ant\u00f4nio Pereira, um dos fundadores, sugeriu a compra da Fazenda S\u00e3o Jorge. Ap\u00f3s resist\u00eancias internas, ele levou uma est\u00e1tua do santo \u00e0 mesa do Conselho, o que causou forte como\u00e7\u00e3o. \u201cO clube j\u00e1 tinha uma devo\u00e7\u00e3o guerreira, um time da v\u00e1rzea, de oper\u00e1rios, de supera\u00e7\u00e3o\u201d, contou Wanner. O terreno foi adquirido em 1926 e a rela\u00e7\u00e3o com o santo firmou-se definitivamente.<\/p>\n\n\n\n<p>Atualmente, a sede social do Corinthians preserva essa heran\u00e7a com s\u00edmbolos religiosos. A Capela de S\u00e3o Jorge, inaugurada em 1967, celebra missas dominicais desde 1994. Pr\u00f3xima ao local, h\u00e1 a Fonte de S\u00e3o Jorge, onde, segundo o imagin\u00e1rio popular, quem bebe da \u00e1gua se torna torcedor fiel. O t\u00e9cnico Tite era frequentador ass\u00edduo da capela.<\/p>\n\n\n\n<p>Al\u00e9m do catolicismo, a tradi\u00e7\u00e3o corintiana integra tamb\u00e9m elementos das religi\u00f5es de matriz africana. O escudo moderno do clube, criado por Orfeu Maia nos anos 1980, foi inspirado no \u201cponto riscado de Ogum\u201d. Conforme explica Pai Salum, l\u00edder espiritual da umbanda, Ogum \u00e9 o equivalente a S\u00e3o Jorge no sincretismo afro-brasileiro.<\/p>\n\n\n\n<p>Essa conex\u00e3o religiosa manifesta-se tamb\u00e9m no samba-enredo \u201cVai Corinthians\u201d, da Gavi\u00f5es da Fiel, criado em 1976 e entoado at\u00e9 hoje nos est\u00e1dios. O canto une f\u00e9, sofrimento e esperan\u00e7a, caracter\u00edsticas marcantes da torcida alvinegra. \u201cMesmo quem \u00e9 judeu, mu\u00e7ulmano ou evang\u00e9lico respeita o que significa S\u00e3o Jorge para o Corinthians\u201d, conclui Wanner.<\/p>\n\n\n\n<p>A devo\u00e7\u00e3o, portanto, ultrapassa o campo e refor\u00e7a um senso de pertencimento coletivo. A simbologia do guerreiro, seja ele santo ou orix\u00e1, espelha a resist\u00eancia e a paix\u00e3o que movem o clube e seus torcedores h\u00e1 quase um s\u00e9culo.<\/p>\n","protected":false},"excerpt":{"rendered":"<p>A rela\u00e7\u00e3o entre o Corinthians e S\u00e3o Jorge transcende a f\u00e9 religiosa, tornando-se parte essencial da identidade cultural e hist\u00f3rica do clube. Desde 2017, o \u201cRitual de S\u00e3o Jorge\u201d \u00e9 realizado antes dos jogos na Neo Qu\u00edmica Arena, quando uma imagem do santo \u00e9 levada ao campo por Fernando Wanner, historiador do clube. Conforme ele [&hellip;]<\/p>\n","protected":false},"author":18,"featured_media":256895,"comment_status":"open","ping_status":"closed","sticky":false,"template":"","format":"standard","meta":{"footnotes":""},"categories":[141],"tags":[],"class_list":["post-256893","post","type-post","status-publish","format-standard","has-post-thumbnail","hentry","category-corinthians"],"yoast_head":"<!-- This site is optimized with the Yoast SEO Premium plugin v24.2 (Yoast SEO v26.9) - https:\/\/yoast.com\/product\/yoast-seo-premium-wordpress\/ -->\n<title>Em dia S\u00e3o Jorge, saiba como santo virou padroeiro do Corinthians<\/title>\n<meta name=\"robots\" content=\"index, follow, max-snippet:-1, max-image-preview:large, max-video-preview:-1\" \/>\n<link rel=\"canonical\" href=\"https:\/\/www.gaveanews.com\/index.php\/2025\/04\/23\/em-dia-sao-jorge-saiba-como-santo-virou-padroeiro-do-corinthians\/\" \/>\n<meta property=\"og:locale\" content=\"pt_BR\" \/>\n<meta property=\"og:type\" content=\"article\" \/>\n<meta property=\"og:title\" content=\"Em dia S\u00e3o Jorge, saiba como santo virou padroeiro do Corinthians\" \/>\n<meta property=\"og:description\" content=\"A rela\u00e7\u00e3o entre o Corinthians e S\u00e3o Jorge transcende a f\u00e9 religiosa, tornando-se parte essencial da identidade cultural e hist\u00f3rica do clube. Desde 2017, o \u201cRitual de S\u00e3o Jorge\u201d \u00e9 realizado antes dos jogos na Neo Qu\u00edmica Arena, quando uma imagem do santo \u00e9 levada ao campo por Fernando Wanner, historiador do clube. Conforme ele [&hellip;]\" \/>\n<meta property=\"og:url\" content=\"https:\/\/www.gaveanews.com\/index.php\/2025\/04\/23\/em-dia-sao-jorge-saiba-como-santo-virou-padroeiro-do-corinthians\/\" \/>\n<meta property=\"og:site_name\" content=\"G\u00e1vea News\" \/>\n<meta property=\"article:publisher\" content=\"https:\/\/facebook.com\/gaveaNews\/\" \/>\n<meta property=\"article:published_time\" content=\"2025-04-24T01:30:00+00:00\" \/>\n<meta property=\"og:image\" content=\"https:\/\/www.gaveanews.com\/wp-content\/uploads\/Sao-Jorge-e-padroeiro-do-Corinthians.webp\" \/>\n\t<meta property=\"og:image:width\" content=\"1200\" \/>\n\t<meta property=\"og:image:height\" content=\"688\" \/>\n\t<meta property=\"og:image:type\" content=\"image\/webp\" \/>\n<meta name=\"author\" content=\"Paula Silva\" \/>\n<meta name=\"twitter:card\" content=\"summary_large_image\" \/>\n<meta name=\"twitter:label1\" content=\"Escrito por\" \/>\n\t<meta name=\"twitter:data1\" content=\"Paula Silva\" \/>\n\t<meta name=\"twitter:label2\" content=\"Est. tempo de leitura\" \/>\n\t<meta name=\"twitter:data2\" content=\"3 minutos\" \/>\n<script type=\"application\/ld+json\" class=\"yoast-schema-graph\">{\"@context\":\"https:\/\/schema.org\",\"@graph\":[{\"@type\":\"NewsArticle\",\"@id\":\"https:\/\/www.gaveanews.com\/index.php\/2025\/04\/23\/em-dia-sao-jorge-saiba-como-santo-virou-padroeiro-do-corinthians\/#article\",\"isPartOf\":{\"@id\":\"https:\/\/www.gaveanews.com\/index.php\/2025\/04\/23\/em-dia-sao-jorge-saiba-como-santo-virou-padroeiro-do-corinthians\/\"},\"author\":{\"name\":\"Paula Silva\",\"@id\":\"https:\/\/www.gaveanews.com\/#\/schema\/person\/daf63eec72e1164eb13dc35096c2b8da\"},\"headline\":\"Em dia S\u00e3o Jorge, saiba como santo virou padroeiro do Corinthians\",\"datePublished\":\"2025-04-24T01:30:00+00:00\",\"mainEntityOfPage\":{\"@id\":\"https:\/\/www.gaveanews.com\/index.php\/2025\/04\/23\/em-dia-sao-jorge-saiba-como-santo-virou-padroeiro-do-corinthians\/\"},\"wordCount\":411,\"commentCount\":0,\"image\":{\"@id\":\"https:\/\/www.gaveanews.com\/index.php\/2025\/04\/23\/em-dia-sao-jorge-saiba-como-santo-virou-padroeiro-do-corinthians\/#primaryimage\"},\"thumbnailUrl\":\"https:\/\/www.gaveanews.com\/wp-content\/uploads\/Sao-Jorge-e-padroeiro-do-Corinthians.webp\",\"articleSection\":[\"Corinthians\"],\"inLanguage\":\"pt-BR\",\"potentialAction\":[{\"@type\":\"CommentAction\",\"name\":\"Comment\",\"target\":[\"https:\/\/www.gaveanews.com\/index.php\/2025\/04\/23\/em-dia-sao-jorge-saiba-como-santo-virou-padroeiro-do-corinthians\/#respond\"]}],\"copyrightYear\":\"2025\",\"copyrightHolder\":{\"@id\":\"https:\/\/www.gaveanews.com\/#organization\"}},{\"@type\":\"WebPage\",\"@id\":\"https:\/\/www.gaveanews.com\/index.php\/2025\/04\/23\/em-dia-sao-jorge-saiba-como-santo-virou-padroeiro-do-corinthians\/\",\"url\":\"https:\/\/www.gaveanews.com\/index.php\/2025\/04\/23\/em-dia-sao-jorge-saiba-como-santo-virou-padroeiro-do-corinthians\/\",\"name\":\"Em dia S\u00e3o Jorge, saiba como santo virou padroeiro do Corinthians\",\"isPartOf\":{\"@id\":\"https:\/\/www.gaveanews.com\/#website\"},\"primaryImageOfPage\":{\"@id\":\"https:\/\/www.gaveanews.com\/index.php\/2025\/04\/23\/em-dia-sao-jorge-saiba-como-santo-virou-padroeiro-do-corinthians\/#primaryimage\"},\"image\":{\"@id\":\"https:\/\/www.gaveanews.com\/index.php\/2025\/04\/23\/em-dia-sao-jorge-saiba-como-santo-virou-padroeiro-do-corinthians\/#primaryimage\"},\"thumbnailUrl\":\"https:\/\/www.gaveanews.com\/wp-content\/uploads\/Sao-Jorge-e-padroeiro-do-Corinthians.webp\",\"datePublished\":\"2025-04-24T01:30:00+00:00\",\"author\":{\"@id\":\"https:\/\/www.gaveanews.com\/#\/schema\/person\/daf63eec72e1164eb13dc35096c2b8da\"},\"breadcrumb\":{\"@id\":\"https:\/\/www.gaveanews.com\/index.php\/2025\/04\/23\/em-dia-sao-jorge-saiba-como-santo-virou-padroeiro-do-corinthians\/#breadcrumb\"},\"inLanguage\":\"pt-BR\",\"potentialAction\":[{\"@type\":\"ReadAction\",\"target\":[\"https:\/\/www.gaveanews.com\/index.php\/2025\/04\/23\/em-dia-sao-jorge-saiba-como-santo-virou-padroeiro-do-corinthians\/\"]}]},{\"@type\":\"ImageObject\",\"inLanguage\":\"pt-BR\",\"@id\":\"https:\/\/www.gaveanews.com\/index.php\/2025\/04\/23\/em-dia-sao-jorge-saiba-como-santo-virou-padroeiro-do-corinthians\/#primaryimage\",\"url\":\"https:\/\/www.gaveanews.com\/wp-content\/uploads\/Sao-Jorge-e-padroeiro-do-Corinthians.webp\",\"contentUrl\":\"https:\/\/www.gaveanews.com\/wp-content\/uploads\/Sao-Jorge-e-padroeiro-do-Corinthians.webp\",\"width\":1200,\"height\":688,\"caption\":\"S\u00e3o Jorge \u00e9 padroeiro do Corinthians (Foto: Bruno Teixeira\/ Ag\u00eancia Corinthians)\"},{\"@type\":\"BreadcrumbList\",\"@id\":\"https:\/\/www.gaveanews.com\/index.php\/2025\/04\/23\/em-dia-sao-jorge-saiba-como-santo-virou-padroeiro-do-corinthians\/#breadcrumb\",\"itemListElement\":[{\"@type\":\"ListItem\",\"position\":1,\"name\":\"Home\",\"item\":\"https:\/\/www.gaveanews.com\/\"},{\"@type\":\"ListItem\",\"position\":2,\"name\":\"Em dia S\u00e3o Jorge, saiba como santo virou padroeiro do Corinthians\"}]},{\"@type\":\"WebSite\",\"@id\":\"https:\/\/www.gaveanews.com\/#website\",\"url\":\"https:\/\/www.gaveanews.com\/\",\"name\":\"G\u00e1vea News\",\"description\":\"Veja todas as not\u00edcias sobre o Flamengo: Contrata\u00e7\u00f5es, categorias de base, resultados das partidas, tabela de classifica\u00e7\u00e3o, pr\u00f3ximos jogos!\",\"potentialAction\":[{\"@type\":\"SearchAction\",\"target\":{\"@type\":\"EntryPoint\",\"urlTemplate\":\"https:\/\/www.gaveanews.com\/?s={search_term_string}\"},\"query-input\":{\"@type\":\"PropertyValueSpecification\",\"valueRequired\":true,\"valueName\":\"search_term_string\"}}],\"inLanguage\":\"pt-BR\"},{\"@type\":\"Person\",\"@id\":\"https:\/\/www.gaveanews.com\/#\/schema\/person\/daf63eec72e1164eb13dc35096c2b8da\",\"name\":\"Paula Silva\",\"image\":{\"@type\":\"ImageObject\",\"inLanguage\":\"pt-BR\",\"@id\":\"https:\/\/www.gaveanews.com\/#\/schema\/person\/image\/\",\"url\":\"https:\/\/secure.gravatar.com\/avatar\/eda381c845527cc5d64c13b901833cda29d97500ba040d3e6461f76f51d163bb?s=96&d=mm&r=g\",\"contentUrl\":\"https:\/\/secure.gravatar.com\/avatar\/eda381c845527cc5d64c13b901833cda29d97500ba040d3e6461f76f51d163bb?s=96&d=mm&r=g\",\"caption\":\"Paula Silva\"}}]}<\/script>\n<!-- \/ Yoast SEO Premium plugin. -->","yoast_head_json":{"title":"Em dia S\u00e3o Jorge, saiba como santo virou padroeiro do Corinthians","robots":{"index":"index","follow":"follow","max-snippet":"max-snippet:-1","max-image-preview":"max-image-preview:large","max-video-preview":"max-video-preview:-1"},"canonical":"https:\/\/www.gaveanews.com\/index.php\/2025\/04\/23\/em-dia-sao-jorge-saiba-como-santo-virou-padroeiro-do-corinthians\/","og_locale":"pt_BR","og_type":"article","og_title":"Em dia S\u00e3o Jorge, saiba como santo virou padroeiro do Corinthians","og_description":"A rela\u00e7\u00e3o entre o Corinthians e S\u00e3o Jorge transcende a f\u00e9 religiosa, tornando-se parte essencial da identidade cultural e hist\u00f3rica do clube. Desde 2017, o \u201cRitual de S\u00e3o Jorge\u201d \u00e9 realizado antes dos jogos na Neo Qu\u00edmica Arena, quando uma imagem do santo \u00e9 levada ao campo por Fernando Wanner, historiador do clube. Conforme ele [&hellip;]","og_url":"https:\/\/www.gaveanews.com\/index.php\/2025\/04\/23\/em-dia-sao-jorge-saiba-como-santo-virou-padroeiro-do-corinthians\/","og_site_name":"G\u00e1vea News","article_publisher":"https:\/\/facebook.com\/gaveaNews\/","article_published_time":"2025-04-24T01:30:00+00:00","og_image":[{"width":1200,"height":688,"url":"https:\/\/www.gaveanews.com\/wp-content\/uploads\/Sao-Jorge-e-padroeiro-do-Corinthians.webp","type":"image\/webp"}],"author":"Paula Silva","twitter_card":"summary_large_image","twitter_misc":{"Escrito por":"Paula Silva","Est. tempo de leitura":"3 minutos"},"schema":{"@context":"https:\/\/schema.org","@graph":[{"@type":"NewsArticle","@id":"https:\/\/www.gaveanews.com\/index.php\/2025\/04\/23\/em-dia-sao-jorge-saiba-como-santo-virou-padroeiro-do-corinthians\/#article","isPartOf":{"@id":"https:\/\/www.gaveanews.com\/index.php\/2025\/04\/23\/em-dia-sao-jorge-saiba-como-santo-virou-padroeiro-do-corinthians\/"},"author":{"name":"Paula Silva","@id":"https:\/\/www.gaveanews.com\/#\/schema\/person\/daf63eec72e1164eb13dc35096c2b8da"},"headline":"Em dia S\u00e3o Jorge, saiba como santo virou padroeiro do Corinthians","datePublished":"2025-04-24T01:30:00+00:00","mainEntityOfPage":{"@id":"https:\/\/www.gaveanews.com\/index.php\/2025\/04\/23\/em-dia-sao-jorge-saiba-como-santo-virou-padroeiro-do-corinthians\/"},"wordCount":411,"commentCount":0,"image":{"@id":"https:\/\/www.gaveanews.com\/index.php\/2025\/04\/23\/em-dia-sao-jorge-saiba-como-santo-virou-padroeiro-do-corinthians\/#primaryimage"},"thumbnailUrl":"https:\/\/www.gaveanews.com\/wp-content\/uploads\/Sao-Jorge-e-padroeiro-do-Corinthians.webp","articleSection":["Corinthians"],"inLanguage":"pt-BR","potentialAction":[{"@type":"CommentAction","name":"Comment","target":["https:\/\/www.gaveanews.com\/index.php\/2025\/04\/23\/em-dia-sao-jorge-saiba-como-santo-virou-padroeiro-do-corinthians\/#respond"]}],"copyrightYear":"2025","copyrightHolder":{"@id":"https:\/\/www.gaveanews.com\/#organization"}},{"@type":"WebPage","@id":"https:\/\/www.gaveanews.com\/index.php\/2025\/04\/23\/em-dia-sao-jorge-saiba-como-santo-virou-padroeiro-do-corinthians\/","url":"https:\/\/www.gaveanews.com\/index.php\/2025\/04\/23\/em-dia-sao-jorge-saiba-como-santo-virou-padroeiro-do-corinthians\/","name":"Em dia S\u00e3o Jorge, saiba como santo virou padroeiro do Corinthians","isPartOf":{"@id":"https:\/\/www.gaveanews.com\/#website"},"primaryImageOfPage":{"@id":"https:\/\/www.gaveanews.com\/index.php\/2025\/04\/23\/em-dia-sao-jorge-saiba-como-santo-virou-padroeiro-do-corinthians\/#primaryimage"},"image":{"@id":"https:\/\/www.gaveanews.com\/index.php\/2025\/04\/23\/em-dia-sao-jorge-saiba-como-santo-virou-padroeiro-do-corinthians\/#primaryimage"},"thumbnailUrl":"https:\/\/www.gaveanews.com\/wp-content\/uploads\/Sao-Jorge-e-padroeiro-do-Corinthians.webp","datePublished":"2025-04-24T01:30:00+00:00","author":{"@id":"https:\/\/www.gaveanews.com\/#\/schema\/person\/daf63eec72e1164eb13dc35096c2b8da"},"breadcrumb":{"@id":"https:\/\/www.gaveanews.com\/index.php\/2025\/04\/23\/em-dia-sao-jorge-saiba-como-santo-virou-padroeiro-do-corinthians\/#breadcrumb"},"inLanguage":"pt-BR","potentialAction":[{"@type":"ReadAction","target":["https:\/\/www.gaveanews.com\/index.php\/2025\/04\/23\/em-dia-sao-jorge-saiba-como-santo-virou-padroeiro-do-corinthians\/"]}]},{"@type":"ImageObject","inLanguage":"pt-BR","@id":"https:\/\/www.gaveanews.com\/index.php\/2025\/04\/23\/em-dia-sao-jorge-saiba-como-santo-virou-padroeiro-do-corinthians\/#primaryimage","url":"https:\/\/www.gaveanews.com\/wp-content\/uploads\/Sao-Jorge-e-padroeiro-do-Corinthians.webp","contentUrl":"https:\/\/www.gaveanews.com\/wp-content\/uploads\/Sao-Jorge-e-padroeiro-do-Corinthians.webp","width":1200,"height":688,"caption":"S\u00e3o Jorge \u00e9 padroeiro do Corinthians (Foto: Bruno Teixeira\/ Ag\u00eancia Corinthians)"},{"@type":"BreadcrumbList","@id":"https:\/\/www.gaveanews.com\/index.php\/2025\/04\/23\/em-dia-sao-jorge-saiba-como-santo-virou-padroeiro-do-corinthians\/#breadcrumb","itemListElement":[{"@type":"ListItem","position":1,"name":"Home","item":"https:\/\/www.gaveanews.com\/"},{"@type":"ListItem","position":2,"name":"Em dia S\u00e3o Jorge, saiba como santo virou padroeiro do Corinthians"}]},{"@type":"WebSite","@id":"https:\/\/www.gaveanews.com\/#website","url":"https:\/\/www.gaveanews.com\/","name":"G\u00e1vea News","description":"Veja todas as not\u00edcias sobre o Flamengo: Contrata\u00e7\u00f5es, categorias de base, resultados das partidas, tabela de classifica\u00e7\u00e3o, pr\u00f3ximos jogos!","potentialAction":[{"@type":"SearchAction","target":{"@type":"EntryPoint","urlTemplate":"https:\/\/www.gaveanews.com\/?s={search_term_string}"},"query-input":{"@type":"PropertyValueSpecification","valueRequired":true,"valueName":"search_term_string"}}],"inLanguage":"pt-BR"},{"@type":"Person","@id":"https:\/\/www.gaveanews.com\/#\/schema\/person\/daf63eec72e1164eb13dc35096c2b8da","name":"Paula Silva","image":{"@type":"ImageObject","inLanguage":"pt-BR","@id":"https:\/\/www.gaveanews.com\/#\/schema\/person\/image\/","url":"https:\/\/secure.gravatar.com\/avatar\/eda381c845527cc5d64c13b901833cda29d97500ba040d3e6461f76f51d163bb?s=96&d=mm&r=g","contentUrl":"https:\/\/secure.gravatar.com\/avatar\/eda381c845527cc5d64c13b901833cda29d97500ba040d3e6461f76f51d163bb?s=96&d=mm&r=g","caption":"Paula Silva"}}]}},"_links":{"self":[{"href":"https:\/\/www.gaveanews.com\/index.php\/wp-json\/wp\/v2\/posts\/256893","targetHints":{"allow":["GET"]}}],"collection":[{"href":"https:\/\/www.gaveanews.com\/index.php\/wp-json\/wp\/v2\/posts"}],"about":[{"href":"https:\/\/www.gaveanews.com\/index.php\/wp-json\/wp\/v2\/types\/post"}],"author":[{"embeddable":true,"href":"https:\/\/www.gaveanews.com\/index.php\/wp-json\/wp\/v2\/users\/18"}],"replies":[{"embeddable":true,"href":"https:\/\/www.gaveanews.com\/index.php\/wp-json\/wp\/v2\/comments?post=256893"}],"version-history":[{"count":1,"href":"https:\/\/www.gaveanews.com\/index.php\/wp-json\/wp\/v2\/posts\/256893\/revisions"}],"predecessor-version":[{"id":256896,"href":"https:\/\/www.gaveanews.com\/index.php\/wp-json\/wp\/v2\/posts\/256893\/revisions\/256896"}],"wp:featuredmedia":[{"embeddable":true,"href":"https:\/\/www.gaveanews.com\/index.php\/wp-json\/wp\/v2\/media\/256895"}],"wp:attachment":[{"href":"https:\/\/www.gaveanews.com\/index.php\/wp-json\/wp\/v2\/media?parent=256893"}],"wp:term":[{"taxonomy":"category","embeddable":true,"href":"https:\/\/www.gaveanews.com\/index.php\/wp-json\/wp\/v2\/categories?post=256893"},{"taxonomy":"post_tag","embeddable":true,"href":"https:\/\/www.gaveanews.com\/index.php\/wp-json\/wp\/v2\/tags?post=256893"}],"curies":[{"name":"wp","href":"https:\/\/api.w.org\/{rel}","templated":true}]}}