{"id":257189,"date":"2025-04-24T17:55:00","date_gmt":"2025-04-24T20:55:00","guid":{"rendered":"https:\/\/www.gaveanews.com\/?p=257189"},"modified":"2025-04-24T17:37:12","modified_gmt":"2025-04-24T20:37:12","slug":"reforco-confirmado-sumico-de-paulinho-e-declaracao-de-denilson-as-ultimas-noticias-do-palmeiras","status":"publish","type":"post","link":"https:\/\/www.gaveanews.com\/index.php\/2025\/04\/24\/reforco-confirmado-sumico-de-paulinho-e-declaracao-de-denilson-as-ultimas-noticias-do-palmeiras\/","title":{"rendered":"Refor\u00e7o confirmado, sumi\u00e7o de Paulinho e declara\u00e7\u00e3o de Den\u00edlson: as \u00faltimas not\u00edcias do Palmeiras"},"content":{"rendered":"\n<p>Nas \u00faltimas horas, o foco das not\u00edcias sobre o Palmeiras se concentram nos bastidores do clube, com destaques do dia a dia do time.<\/p>\n\n\n\n<p>Por conta deste contexto, leia abaixo um resumo preparado pela equipe do portal G\u00e1vea News para lhe manter muito bem informado!<\/p>\n\n\n\n<h2 class=\"wp-block-heading\" id=\"h-sumico-de-paulinho\">Sumi\u00e7o de Paulinho<\/h2>\n\n\n\n<p>A aus\u00eancia do atacante Paulinho no treino do Palmeiras, ocorrido na sexta-feira (18), despertou inquieta\u00e7\u00e3o entre os torcedores. Sem uma justificativa oficial do clube, surgiram diversas especula\u00e7\u00f5es nas redes sociais, com f\u00e3s sugerindo uma poss\u00edvel les\u00e3o. Paulinho, que recentemente voltou aos gramados ap\u00f3s um longo per\u00edodo de recupera\u00e7\u00e3o, ainda tenta consolidar sua posi\u00e7\u00e3o no elenco comandado por Abel Ferreira<strong><a href=\"https:\/\/www.gaveanews.com\/index.php\/2025\/04\/20\/torcida-do-palmeiras-repercute-sumico-de-paulinho-no-treino\/\"> (leia a mat\u00e9ria completa).<\/a><\/strong><\/p>\n\n\n\n<figure class=\"wp-block-image size-full\"><img loading=\"lazy\" decoding=\"async\" width=\"1200\" height=\"800\" src=\"http:\/\/www.gaveanews.com\/wp-content\/uploads\/Paulinho-em-sua-apresentacao-no-Palmeiras.webp\" alt=\"\" class=\"wp-image-251808\"\/><figcaption class=\"wp-element-caption\">Foto: Fabio Menotti\/Palmeiras<\/figcaption><\/figure>\n\n\n\n<p>Desde sua chegada, o camisa 10 n\u00e3o emplacou uma sequ\u00eancia de jogos, e sua aus\u00eancia acende um alerta, especialmente diante da boa fase vivida pelo time. <\/p>\n\n\n\n<p>O Palmeiras acumula cinco vit\u00f3rias consecutivas e v\u00ea a concorr\u00eancia por posi\u00e7\u00f5es aumentar, com nomes como Felipe Anderson, Vitor Roque e o jovem Est\u00eav\u00e3o ganhando destaque. Diante de um elenco recheado de op\u00e7\u00f5es, Abel enfrenta o desafio de manter o equil\u00edbrio t\u00e1tico ao integrar os refor\u00e7os gradualmente.<\/p>\n\n\n\n<p>Mesmo com o mist\u00e9rio em torno de Paulinho, a comiss\u00e3o t\u00e9cnica o considera uma pe\u00e7a valiosa para o restante da temporada. O clube ainda n\u00e3o emitiu nota oficial, mas novas informa\u00e7\u00f5es devem surgir nos pr\u00f3ximos treinos, j\u00e1 que o Palmeiras tem compromissos importantes pela frente. Enquanto isso, a torcida segue atenta, aguardando esclarecimentos e torcendo pelo retorno pleno do jogador.<\/p>\n\n\n\n<h2 class=\"wp-block-heading\" id=\"h-declaracao-de-denilson\">Declara\u00e7\u00e3o de Den\u00edlson<\/h2>\n\n\n\n<p>O comentarista Den\u00edlson destacou recentemente a for\u00e7a consolidada do Palmeiras no futebol brasileiro, atribuindo esse prest\u00edgio ao trabalho duradouro e eficaz do t\u00e9cnico Abel Ferreira, que comanda o time desde 2020. Segundo Den\u00edlson, os advers\u00e1rios entram em campo mais tensos ao enfrentar o clube paulista, devido \u00e0 consist\u00eancia e \u00e0 qualidade t\u00e9cnica j\u00e1 demonstradas ao longo dos anos. Essa percep\u00e7\u00e3o foi refor\u00e7ada ap\u00f3s a vit\u00f3ria sobre o Internacional no Beira-Rio, pela quarta rodada do Campeonato Brasileiro<strong><a href=\"https:\/\/www.gaveanews.com\/index.php\/2025\/04\/18\/denilson-aponta-caracteristica-surpreendente-do-palmeiras\/\"> (leia a mat\u00e9ria completa).<\/a><\/strong><\/p>\n\n\n\n<figure class=\"wp-block-image size-full\"><img loading=\"lazy\" decoding=\"async\" width=\"729\" height=\"400\" src=\"http:\/\/www.gaveanews.com\/wp-content\/uploads\/denilson-ex-jogador.webp\" alt=\"\" class=\"wp-image-142066\" srcset=\"https:\/\/www.gaveanews.com\/wp-content\/uploads\/denilson-ex-jogador.webp 729w, https:\/\/www.gaveanews.com\/wp-content\/uploads\/denilson-ex-jogador-300x165.webp 300w, https:\/\/www.gaveanews.com\/wp-content\/uploads\/denilson-ex-jogador-640x350.webp 640w, https:\/\/www.gaveanews.com\/wp-content\/uploads\/denilson-ex-jogador-681x374.webp 681w, https:\/\/www.gaveanews.com\/wp-content\/uploads\/denilson-ex-jogador-100x55.webp 100w\" sizes=\"auto, (max-width: 729px) 100vw, 729px\" \/><figcaption class=\"wp-element-caption\">Den\u00edlson em participa\u00e7\u00e3o no programa Jogo Aberto (Foto: Reprodu\u00e7\u00e3o\/Band)<\/figcaption><\/figure>\n\n\n\n<p>Apesar de ter sofrido uma derrota significativa na final do Campeonato Paulista contra o Corinthians, o Palmeiras reagiu rapidamente. Internamente, o clube trabalhou para conter qualquer instabilidade e engatou uma sequ\u00eancia de quatro jogos invictos no Brasileir\u00e3o. Paralelamente, iniciou com \u00f3timo desempenho a campanha na Copa Libertadores, acumulando duas vit\u00f3rias nos dois primeiros confrontos. A solidez da equipe se reflete tamb\u00e9m na rivalidade com o Flamengo, apontado por Den\u00edlson como outro gigante do futebol nacional.<\/p>\n\n\n\n<p>Abel Ferreira, mesmo alvo de cr\u00edticas pontuais da torcida, mant\u00e9m uma trajet\u00f3ria vitoriosa e segue com o respaldo da diretoria, que jamais cogitou sua sa\u00edda. O treinador tem contrato at\u00e9 o fim de 2025, e a presidente Leila Pereira j\u00e1 manifestou interesse em renovar esse v\u00ednculo. O reconhecimento p\u00fablico do seu trabalho reafirma o protagonismo do Palmeiras, que nos \u00faltimos anos dividiu o topo das competi\u00e7\u00f5es nacionais com clubes igualmente competitivos, mas com menos estabilidade t\u00e9cnica e gerencial.<\/p>\n\n\n\n<h2 class=\"wp-block-heading\" id=\"h-reforco-confirmado\">Refor\u00e7o confirmado<\/h2>\n\n\n\n<p>O meia Maur\u00edcio est\u00e1 de volta ao Palmeiras ap\u00f3s dois meses afastado por les\u00e3o, e fez seu retorno oficial na vit\u00f3ria por 1 a 0 contra o Internacional, no Beira-Rio. Inicialmente destaque da equipe na temporada, o jogador sofreu uma luxa\u00e7\u00e3o no ombro que exigiu cirurgia. Mesmo com a aus\u00eancia, ele se mant\u00e9m entre os principais artilheiros do time em 2025. A reintegra\u00e7\u00e3o do atleta ocorreu de forma gradual durante a Data Fifa, com acompanhamento pr\u00f3ximo do departamento m\u00e9dico <strong><a href=\"https:\/\/www.gaveanews.com\/index.php\/2025\/04\/18\/palmeiras-ganha-reforco-para-os-proximos-compromissos\/\">(leia a mat\u00e9ria completa).<\/a><\/strong><\/p>\n\n\n\n<figure class=\"wp-block-image size-full\"><img loading=\"lazy\" decoding=\"async\" width=\"447\" height=\"570\" src=\"http:\/\/www.gaveanews.com\/wp-content\/uploads\/Mauricio-em-acao-pelo-Palmeiras.webp\" alt=\"\" class=\"wp-image-227508\"\/><figcaption class=\"wp-element-caption\">Maur\u00edcio em a\u00e7\u00e3o pelo Palmeiras (Foto: Cesar Greco\/Palmeiras)<\/figcaption><\/figure>\n\n\n\n<p>A recupera\u00e7\u00e3o foi marcada por desafios f\u00edsicos e emocionais. Maur\u00edcio destacou o apoio que recebeu do clube e da fam\u00edlia, mencionando as dores intensas no ombro e a dificuldade de acompanhar os jogos de fora. Apesar disso, sua disposi\u00e7\u00e3o para retornar ao elenco foi refor\u00e7ada pela boa fase da equipe. Durante sua aus\u00eancia, o t\u00e9cnico Abel Ferreira adaptou o esquema t\u00e1tico com tr\u00eas zagueiros, criando um novo contexto em que Maur\u00edcio pode atuar de maneira vers\u00e1til.<\/p>\n\n\n\n<p>A volta do meia representa uma adi\u00e7\u00e3o importante ao elenco, principalmente pela sua capacidade de desempenhar diferentes fun\u00e7\u00f5es ofensivas. Com 23 anos, ele se mostrou essencial nas partidas do Paulist\u00e3o e agora ter\u00e1 seu tempo de jogo gerenciado pelo departamento t\u00e9cnico. O Palmeiras encara o Fortaleza no pr\u00f3ximo domingo (20), e em seguida enfrenta o Bol\u00edvar pela Libertadores, contando novamente com o talento de Maur\u00edcio para os desafios que vir\u00e3o.<\/p>\n","protected":false},"excerpt":{"rendered":"<p>Nas \u00faltimas horas, o foco das not\u00edcias sobre o Palmeiras se concentram nos bastidores do clube, com destaques do dia a dia do time. Por conta deste contexto, leia abaixo um resumo preparado pela equipe do portal G\u00e1vea News para lhe manter muito bem informado! Sumi\u00e7o de Paulinho A aus\u00eancia do atacante Paulinho no treino [&hellip;]<\/p>\n","protected":false},"author":33,"featured_media":142887,"comment_status":"open","ping_status":"closed","sticky":false,"template":"","format":"standard","meta":{"footnotes":""},"categories":[150],"tags":[],"class_list":["post-257189","post","type-post","status-publish","format-standard","has-post-thumbnail","hentry","category-palmeiras"],"yoast_head":"<!-- This site is optimized with the Yoast SEO Premium plugin v24.2 (Yoast SEO v26.9) - https:\/\/yoast.com\/product\/yoast-seo-premium-wordpress\/ -->\n<title>Refor\u00e7o confirmado, sumi\u00e7o de Paulinho e declara\u00e7\u00e3o de Den\u00edlson: as \u00faltimas not\u00edcias do Palmeiras<\/title>\n<meta name=\"robots\" content=\"index, follow, max-snippet:-1, max-image-preview:large, max-video-preview:-1\" \/>\n<link rel=\"canonical\" href=\"https:\/\/www.gaveanews.com\/index.php\/2025\/04\/24\/reforco-confirmado-sumico-de-paulinho-e-declaracao-de-denilson-as-ultimas-noticias-do-palmeiras\/\" \/>\n<meta property=\"og:locale\" content=\"pt_BR\" \/>\n<meta property=\"og:type\" content=\"article\" \/>\n<meta property=\"og:title\" content=\"Refor\u00e7o confirmado, sumi\u00e7o de Paulinho e declara\u00e7\u00e3o de Den\u00edlson: as \u00faltimas not\u00edcias do Palmeiras\" \/>\n<meta property=\"og:description\" content=\"Nas \u00faltimas horas, o foco das not\u00edcias sobre o Palmeiras se concentram nos bastidores do clube, com destaques do dia a dia do time. Por conta deste contexto, leia abaixo um resumo preparado pela equipe do portal G\u00e1vea News para lhe manter muito bem informado! Sumi\u00e7o de Paulinho A aus\u00eancia do atacante Paulinho no treino [&hellip;]\" \/>\n<meta property=\"og:url\" content=\"https:\/\/www.gaveanews.com\/index.php\/2025\/04\/24\/reforco-confirmado-sumico-de-paulinho-e-declaracao-de-denilson-as-ultimas-noticias-do-palmeiras\/\" \/>\n<meta property=\"og:site_name\" content=\"G\u00e1vea News\" \/>\n<meta property=\"article:publisher\" content=\"https:\/\/facebook.com\/gaveaNews\/\" \/>\n<meta property=\"article:published_time\" content=\"2025-04-24T20:55:00+00:00\" \/>\n<meta property=\"og:image\" content=\"https:\/\/www.gaveanews.com\/wp-content\/uploads\/Escudo-do-Palmeiras.webp\" \/>\n\t<meta property=\"og:image:width\" content=\"680\" \/>\n\t<meta property=\"og:image:height\" content=\"510\" \/>\n\t<meta property=\"og:image:type\" content=\"image\/jpeg\" \/>\n<meta name=\"author\" content=\"Brenda Cezillo\" \/>\n<meta name=\"twitter:card\" content=\"summary_large_image\" \/>\n<meta name=\"twitter:label1\" content=\"Escrito por\" \/>\n\t<meta name=\"twitter:data1\" content=\"Brenda Cezillo\" \/>\n\t<meta name=\"twitter:label2\" content=\"Est. tempo de leitura\" \/>\n\t<meta name=\"twitter:data2\" content=\"5 minutos\" \/>\n<script type=\"application\/ld+json\" class=\"yoast-schema-graph\">{\"@context\":\"https:\/\/schema.org\",\"@graph\":[{\"@type\":\"NewsArticle\",\"@id\":\"https:\/\/www.gaveanews.com\/index.php\/2025\/04\/24\/reforco-confirmado-sumico-de-paulinho-e-declaracao-de-denilson-as-ultimas-noticias-do-palmeiras\/#article\",\"isPartOf\":{\"@id\":\"https:\/\/www.gaveanews.com\/index.php\/2025\/04\/24\/reforco-confirmado-sumico-de-paulinho-e-declaracao-de-denilson-as-ultimas-noticias-do-palmeiras\/\"},\"author\":{\"name\":\"Brenda Cezillo\",\"@id\":\"https:\/\/www.gaveanews.com\/#\/schema\/person\/c79759ca337c40791ae8d08e2923d403\"},\"headline\":\"Refor\u00e7o confirmado, sumi\u00e7o de Paulinho e declara\u00e7\u00e3o de Den\u00edlson: as \u00faltimas not\u00edcias do Palmeiras\",\"datePublished\":\"2025-04-24T20:55:00+00:00\",\"mainEntityOfPage\":{\"@id\":\"https:\/\/www.gaveanews.com\/index.php\/2025\/04\/24\/reforco-confirmado-sumico-de-paulinho-e-declaracao-de-denilson-as-ultimas-noticias-do-palmeiras\/\"},\"wordCount\":840,\"commentCount\":0,\"image\":{\"@id\":\"https:\/\/www.gaveanews.com\/index.php\/2025\/04\/24\/reforco-confirmado-sumico-de-paulinho-e-declaracao-de-denilson-as-ultimas-noticias-do-palmeiras\/#primaryimage\"},\"thumbnailUrl\":\"https:\/\/www.gaveanews.com\/wp-content\/uploads\/Escudo-do-Palmeiras.webp\",\"articleSection\":[\"Palmeiras\"],\"inLanguage\":\"pt-BR\",\"potentialAction\":[{\"@type\":\"CommentAction\",\"name\":\"Comment\",\"target\":[\"https:\/\/www.gaveanews.com\/index.php\/2025\/04\/24\/reforco-confirmado-sumico-de-paulinho-e-declaracao-de-denilson-as-ultimas-noticias-do-palmeiras\/#respond\"]}],\"copyrightYear\":\"2025\",\"copyrightHolder\":{\"@id\":\"https:\/\/www.gaveanews.com\/#organization\"}},{\"@type\":\"WebPage\",\"@id\":\"https:\/\/www.gaveanews.com\/index.php\/2025\/04\/24\/reforco-confirmado-sumico-de-paulinho-e-declaracao-de-denilson-as-ultimas-noticias-do-palmeiras\/\",\"url\":\"https:\/\/www.gaveanews.com\/index.php\/2025\/04\/24\/reforco-confirmado-sumico-de-paulinho-e-declaracao-de-denilson-as-ultimas-noticias-do-palmeiras\/\",\"name\":\"Refor\u00e7o confirmado, sumi\u00e7o de Paulinho e declara\u00e7\u00e3o de Den\u00edlson: as \u00faltimas not\u00edcias do Palmeiras\",\"isPartOf\":{\"@id\":\"https:\/\/www.gaveanews.com\/#website\"},\"primaryImageOfPage\":{\"@id\":\"https:\/\/www.gaveanews.com\/index.php\/2025\/04\/24\/reforco-confirmado-sumico-de-paulinho-e-declaracao-de-denilson-as-ultimas-noticias-do-palmeiras\/#primaryimage\"},\"image\":{\"@id\":\"https:\/\/www.gaveanews.com\/index.php\/2025\/04\/24\/reforco-confirmado-sumico-de-paulinho-e-declaracao-de-denilson-as-ultimas-noticias-do-palmeiras\/#primaryimage\"},\"thumbnailUrl\":\"https:\/\/www.gaveanews.com\/wp-content\/uploads\/Escudo-do-Palmeiras.webp\",\"datePublished\":\"2025-04-24T20:55:00+00:00\",\"author\":{\"@id\":\"https:\/\/www.gaveanews.com\/#\/schema\/person\/c79759ca337c40791ae8d08e2923d403\"},\"breadcrumb\":{\"@id\":\"https:\/\/www.gaveanews.com\/index.php\/2025\/04\/24\/reforco-confirmado-sumico-de-paulinho-e-declaracao-de-denilson-as-ultimas-noticias-do-palmeiras\/#breadcrumb\"},\"inLanguage\":\"pt-BR\",\"potentialAction\":[{\"@type\":\"ReadAction\",\"target\":[\"https:\/\/www.gaveanews.com\/index.php\/2025\/04\/24\/reforco-confirmado-sumico-de-paulinho-e-declaracao-de-denilson-as-ultimas-noticias-do-palmeiras\/\"]}]},{\"@type\":\"ImageObject\",\"inLanguage\":\"pt-BR\",\"@id\":\"https:\/\/www.gaveanews.com\/index.php\/2025\/04\/24\/reforco-confirmado-sumico-de-paulinho-e-declaracao-de-denilson-as-ultimas-noticias-do-palmeiras\/#primaryimage\",\"url\":\"https:\/\/www.gaveanews.com\/wp-content\/uploads\/Escudo-do-Palmeiras.webp\",\"contentUrl\":\"https:\/\/www.gaveanews.com\/wp-content\/uploads\/Escudo-do-Palmeiras.webp\",\"width\":680,\"height\":510,\"caption\":\"Escudo do Palmeiras (Foto Reprodu\u00e7\u00e3o\/Instagram)\"},{\"@type\":\"BreadcrumbList\",\"@id\":\"https:\/\/www.gaveanews.com\/index.php\/2025\/04\/24\/reforco-confirmado-sumico-de-paulinho-e-declaracao-de-denilson-as-ultimas-noticias-do-palmeiras\/#breadcrumb\",\"itemListElement\":[{\"@type\":\"ListItem\",\"position\":1,\"name\":\"Home\",\"item\":\"https:\/\/www.gaveanews.com\/\"},{\"@type\":\"ListItem\",\"position\":2,\"name\":\"Refor\u00e7o confirmado, sumi\u00e7o de Paulinho e declara\u00e7\u00e3o de Den\u00edlson: as \u00faltimas not\u00edcias do Palmeiras\"}]},{\"@type\":\"WebSite\",\"@id\":\"https:\/\/www.gaveanews.com\/#website\",\"url\":\"https:\/\/www.gaveanews.com\/\",\"name\":\"G\u00e1vea News\",\"description\":\"Veja todas as not\u00edcias sobre o Flamengo: Contrata\u00e7\u00f5es, categorias de base, resultados das partidas, tabela de classifica\u00e7\u00e3o, pr\u00f3ximos jogos!\",\"potentialAction\":[{\"@type\":\"SearchAction\",\"target\":{\"@type\":\"EntryPoint\",\"urlTemplate\":\"https:\/\/www.gaveanews.com\/?s={search_term_string}\"},\"query-input\":{\"@type\":\"PropertyValueSpecification\",\"valueRequired\":true,\"valueName\":\"search_term_string\"}}],\"inLanguage\":\"pt-BR\"},{\"@type\":\"Person\",\"@id\":\"https:\/\/www.gaveanews.com\/#\/schema\/person\/c79759ca337c40791ae8d08e2923d403\",\"name\":\"Brenda Cezillo\",\"image\":{\"@type\":\"ImageObject\",\"inLanguage\":\"pt-BR\",\"@id\":\"https:\/\/www.gaveanews.com\/#\/schema\/person\/image\/\",\"url\":\"https:\/\/secure.gravatar.com\/avatar\/1738d75cee7317f9c29ae61dd67620c5883d80a92e42a6fff88ae5d527af217a?s=96&d=mm&r=g\",\"contentUrl\":\"https:\/\/secure.gravatar.com\/avatar\/1738d75cee7317f9c29ae61dd67620c5883d80a92e42a6fff88ae5d527af217a?s=96&d=mm&r=g\",\"caption\":\"Brenda Cezillo\"}}]}<\/script>\n<!-- \/ Yoast SEO Premium plugin. -->","yoast_head_json":{"title":"Refor\u00e7o confirmado, sumi\u00e7o de Paulinho e declara\u00e7\u00e3o de Den\u00edlson: as \u00faltimas not\u00edcias do Palmeiras","robots":{"index":"index","follow":"follow","max-snippet":"max-snippet:-1","max-image-preview":"max-image-preview:large","max-video-preview":"max-video-preview:-1"},"canonical":"https:\/\/www.gaveanews.com\/index.php\/2025\/04\/24\/reforco-confirmado-sumico-de-paulinho-e-declaracao-de-denilson-as-ultimas-noticias-do-palmeiras\/","og_locale":"pt_BR","og_type":"article","og_title":"Refor\u00e7o confirmado, sumi\u00e7o de Paulinho e declara\u00e7\u00e3o de Den\u00edlson: as \u00faltimas not\u00edcias do Palmeiras","og_description":"Nas \u00faltimas horas, o foco das not\u00edcias sobre o Palmeiras se concentram nos bastidores do clube, com destaques do dia a dia do time. Por conta deste contexto, leia abaixo um resumo preparado pela equipe do portal G\u00e1vea News para lhe manter muito bem informado! Sumi\u00e7o de Paulinho A aus\u00eancia do atacante Paulinho no treino [&hellip;]","og_url":"https:\/\/www.gaveanews.com\/index.php\/2025\/04\/24\/reforco-confirmado-sumico-de-paulinho-e-declaracao-de-denilson-as-ultimas-noticias-do-palmeiras\/","og_site_name":"G\u00e1vea News","article_publisher":"https:\/\/facebook.com\/gaveaNews\/","article_published_time":"2025-04-24T20:55:00+00:00","og_image":[{"width":680,"height":510,"url":"https:\/\/www.gaveanews.com\/wp-content\/uploads\/Escudo-do-Palmeiras.webp","type":"image\/jpeg"}],"author":"Brenda Cezillo","twitter_card":"summary_large_image","twitter_misc":{"Escrito por":"Brenda Cezillo","Est. tempo de leitura":"5 minutos"},"schema":{"@context":"https:\/\/schema.org","@graph":[{"@type":"NewsArticle","@id":"https:\/\/www.gaveanews.com\/index.php\/2025\/04\/24\/reforco-confirmado-sumico-de-paulinho-e-declaracao-de-denilson-as-ultimas-noticias-do-palmeiras\/#article","isPartOf":{"@id":"https:\/\/www.gaveanews.com\/index.php\/2025\/04\/24\/reforco-confirmado-sumico-de-paulinho-e-declaracao-de-denilson-as-ultimas-noticias-do-palmeiras\/"},"author":{"name":"Brenda Cezillo","@id":"https:\/\/www.gaveanews.com\/#\/schema\/person\/c79759ca337c40791ae8d08e2923d403"},"headline":"Refor\u00e7o confirmado, sumi\u00e7o de Paulinho e declara\u00e7\u00e3o de Den\u00edlson: as \u00faltimas not\u00edcias do Palmeiras","datePublished":"2025-04-24T20:55:00+00:00","mainEntityOfPage":{"@id":"https:\/\/www.gaveanews.com\/index.php\/2025\/04\/24\/reforco-confirmado-sumico-de-paulinho-e-declaracao-de-denilson-as-ultimas-noticias-do-palmeiras\/"},"wordCount":840,"commentCount":0,"image":{"@id":"https:\/\/www.gaveanews.com\/index.php\/2025\/04\/24\/reforco-confirmado-sumico-de-paulinho-e-declaracao-de-denilson-as-ultimas-noticias-do-palmeiras\/#primaryimage"},"thumbnailUrl":"https:\/\/www.gaveanews.com\/wp-content\/uploads\/Escudo-do-Palmeiras.webp","articleSection":["Palmeiras"],"inLanguage":"pt-BR","potentialAction":[{"@type":"CommentAction","name":"Comment","target":["https:\/\/www.gaveanews.com\/index.php\/2025\/04\/24\/reforco-confirmado-sumico-de-paulinho-e-declaracao-de-denilson-as-ultimas-noticias-do-palmeiras\/#respond"]}],"copyrightYear":"2025","copyrightHolder":{"@id":"https:\/\/www.gaveanews.com\/#organization"}},{"@type":"WebPage","@id":"https:\/\/www.gaveanews.com\/index.php\/2025\/04\/24\/reforco-confirmado-sumico-de-paulinho-e-declaracao-de-denilson-as-ultimas-noticias-do-palmeiras\/","url":"https:\/\/www.gaveanews.com\/index.php\/2025\/04\/24\/reforco-confirmado-sumico-de-paulinho-e-declaracao-de-denilson-as-ultimas-noticias-do-palmeiras\/","name":"Refor\u00e7o confirmado, sumi\u00e7o de Paulinho e declara\u00e7\u00e3o de Den\u00edlson: as \u00faltimas not\u00edcias do Palmeiras","isPartOf":{"@id":"https:\/\/www.gaveanews.com\/#website"},"primaryImageOfPage":{"@id":"https:\/\/www.gaveanews.com\/index.php\/2025\/04\/24\/reforco-confirmado-sumico-de-paulinho-e-declaracao-de-denilson-as-ultimas-noticias-do-palmeiras\/#primaryimage"},"image":{"@id":"https:\/\/www.gaveanews.com\/index.php\/2025\/04\/24\/reforco-confirmado-sumico-de-paulinho-e-declaracao-de-denilson-as-ultimas-noticias-do-palmeiras\/#primaryimage"},"thumbnailUrl":"https:\/\/www.gaveanews.com\/wp-content\/uploads\/Escudo-do-Palmeiras.webp","datePublished":"2025-04-24T20:55:00+00:00","author":{"@id":"https:\/\/www.gaveanews.com\/#\/schema\/person\/c79759ca337c40791ae8d08e2923d403"},"breadcrumb":{"@id":"https:\/\/www.gaveanews.com\/index.php\/2025\/04\/24\/reforco-confirmado-sumico-de-paulinho-e-declaracao-de-denilson-as-ultimas-noticias-do-palmeiras\/#breadcrumb"},"inLanguage":"pt-BR","potentialAction":[{"@type":"ReadAction","target":["https:\/\/www.gaveanews.com\/index.php\/2025\/04\/24\/reforco-confirmado-sumico-de-paulinho-e-declaracao-de-denilson-as-ultimas-noticias-do-palmeiras\/"]}]},{"@type":"ImageObject","inLanguage":"pt-BR","@id":"https:\/\/www.gaveanews.com\/index.php\/2025\/04\/24\/reforco-confirmado-sumico-de-paulinho-e-declaracao-de-denilson-as-ultimas-noticias-do-palmeiras\/#primaryimage","url":"https:\/\/www.gaveanews.com\/wp-content\/uploads\/Escudo-do-Palmeiras.webp","contentUrl":"https:\/\/www.gaveanews.com\/wp-content\/uploads\/Escudo-do-Palmeiras.webp","width":680,"height":510,"caption":"Escudo do Palmeiras (Foto Reprodu\u00e7\u00e3o\/Instagram)"},{"@type":"BreadcrumbList","@id":"https:\/\/www.gaveanews.com\/index.php\/2025\/04\/24\/reforco-confirmado-sumico-de-paulinho-e-declaracao-de-denilson-as-ultimas-noticias-do-palmeiras\/#breadcrumb","itemListElement":[{"@type":"ListItem","position":1,"name":"Home","item":"https:\/\/www.gaveanews.com\/"},{"@type":"ListItem","position":2,"name":"Refor\u00e7o confirmado, sumi\u00e7o de Paulinho e declara\u00e7\u00e3o de Den\u00edlson: as \u00faltimas not\u00edcias do Palmeiras"}]},{"@type":"WebSite","@id":"https:\/\/www.gaveanews.com\/#website","url":"https:\/\/www.gaveanews.com\/","name":"G\u00e1vea News","description":"Veja todas as not\u00edcias sobre o Flamengo: Contrata\u00e7\u00f5es, categorias de base, resultados das partidas, tabela de classifica\u00e7\u00e3o, pr\u00f3ximos jogos!","potentialAction":[{"@type":"SearchAction","target":{"@type":"EntryPoint","urlTemplate":"https:\/\/www.gaveanews.com\/?s={search_term_string}"},"query-input":{"@type":"PropertyValueSpecification","valueRequired":true,"valueName":"search_term_string"}}],"inLanguage":"pt-BR"},{"@type":"Person","@id":"https:\/\/www.gaveanews.com\/#\/schema\/person\/c79759ca337c40791ae8d08e2923d403","name":"Brenda Cezillo","image":{"@type":"ImageObject","inLanguage":"pt-BR","@id":"https:\/\/www.gaveanews.com\/#\/schema\/person\/image\/","url":"https:\/\/secure.gravatar.com\/avatar\/1738d75cee7317f9c29ae61dd67620c5883d80a92e42a6fff88ae5d527af217a?s=96&d=mm&r=g","contentUrl":"https:\/\/secure.gravatar.com\/avatar\/1738d75cee7317f9c29ae61dd67620c5883d80a92e42a6fff88ae5d527af217a?s=96&d=mm&r=g","caption":"Brenda Cezillo"}}]}},"_links":{"self":[{"href":"https:\/\/www.gaveanews.com\/index.php\/wp-json\/wp\/v2\/posts\/257189","targetHints":{"allow":["GET"]}}],"collection":[{"href":"https:\/\/www.gaveanews.com\/index.php\/wp-json\/wp\/v2\/posts"}],"about":[{"href":"https:\/\/www.gaveanews.com\/index.php\/wp-json\/wp\/v2\/types\/post"}],"author":[{"embeddable":true,"href":"https:\/\/www.gaveanews.com\/index.php\/wp-json\/wp\/v2\/users\/33"}],"replies":[{"embeddable":true,"href":"https:\/\/www.gaveanews.com\/index.php\/wp-json\/wp\/v2\/comments?post=257189"}],"version-history":[{"count":1,"href":"https:\/\/www.gaveanews.com\/index.php\/wp-json\/wp\/v2\/posts\/257189\/revisions"}],"predecessor-version":[{"id":257206,"href":"https:\/\/www.gaveanews.com\/index.php\/wp-json\/wp\/v2\/posts\/257189\/revisions\/257206"}],"wp:featuredmedia":[{"embeddable":true,"href":"https:\/\/www.gaveanews.com\/index.php\/wp-json\/wp\/v2\/media\/142887"}],"wp:attachment":[{"href":"https:\/\/www.gaveanews.com\/index.php\/wp-json\/wp\/v2\/media?parent=257189"}],"wp:term":[{"taxonomy":"category","embeddable":true,"href":"https:\/\/www.gaveanews.com\/index.php\/wp-json\/wp\/v2\/categories?post=257189"},{"taxonomy":"post_tag","embeddable":true,"href":"https:\/\/www.gaveanews.com\/index.php\/wp-json\/wp\/v2\/tags?post=257189"}],"curies":[{"name":"wp","href":"https:\/\/api.w.org\/{rel}","templated":true}]}}