{"id":257212,"date":"2025-04-24T18:10:00","date_gmt":"2025-04-24T21:10:00","guid":{"rendered":"https:\/\/www.gaveanews.com\/?p=257212"},"modified":"2025-04-24T18:06:53","modified_gmt":"2025-04-24T21:06:53","slug":"contrato-de-payet-classico-em-sao-januario-e-desabafo-do-vegetti-as-ultimas-noticias-do-vasco","status":"publish","type":"post","link":"https:\/\/www.gaveanews.com\/index.php\/2025\/04\/24\/contrato-de-payet-classico-em-sao-januario-e-desabafo-do-vegetti-as-ultimas-noticias-do-vasco\/","title":{"rendered":"Contrato de Payet, cl\u00e1ssico em S\u00e3o Janu\u00e1rio e desabafo do Vegetti: as \u00faltimas not\u00edcias do Vasco"},"content":{"rendered":"\n<p>Nas \u00faltimas horas, o foco das not\u00edcias sobre o Vasco se concentram nos bastidores do clube, com destaques do dia a dia do time.<\/p>\n\n\n\n<p>Por conta deste contexto, leia abaixo um resumo preparado pela equipe do portal G\u00e1vea News para lhe manter muito bem informado!<\/p>\n\n\n\n<h2 class=\"wp-block-heading\" id=\"h-desabafo-do-vegetti\">Desabafo do Vegetti<\/h2>\n\n\n\n<p>Pablo Vegetti, atacante do Vasco da Gama, manifestou indigna\u00e7\u00e3o nas redes sociais ap\u00f3s a derrota por 2 a 1 contra o Cear\u00e1, v\u00e1lida pela quarta rodada do Campeonato Brasileiro. O jogador ironizou a arbitragem ao compartilhar a imagem do VAR usada para validar o segundo gol do advers\u00e1rio, apontando falta de clareza na refer\u00eancia utilizada para determinar o impedimento. A imagem gerou confus\u00e3o, pois a linha de impedimento parecia ter sido tra\u00e7ada no ombro do atacante cearense, o que levantou d\u00favidas sobre a regularidade do lance<strong><a href=\"https:\/\/www.gaveanews.com\/index.php\/2025\/04\/18\/vegetti-desabafa-nas-redes-sociais-apos-derrota-para-o-ceara\/\"> (leia a mat\u00e9ria completa).<\/a><\/strong><\/p>\n\n\n\n<figure class=\"wp-block-image size-full\"><img loading=\"lazy\" decoding=\"async\" width=\"900\" height=\"600\" src=\"http:\/\/www.gaveanews.com\/wp-content\/uploads\/Pablo-Vegetti-em-acao-pelo-Vasco.avif\" alt=\"\" class=\"wp-image-146070\"\/><figcaption class=\"wp-element-caption\">Pablo Vegetti em a\u00e7\u00e3o pelo Vasco (Foto: Leandro Amorim\/Vasco)<\/figcaption><\/figure>\n\n\n\n<p>Al\u00e9m da pol\u00eamica com a arbitragem, a derrota no Castel\u00e3o evidenciou a fragilidade do Vasco jogando fora de casa \u2014 o time perdeu tamb\u00e9m para o Corinthians como visitante. <\/p>\n\n\n\n<p>Com 6 pontos conquistados, o clube volta a enfrentar press\u00e3o, especialmente sobre o t\u00e9cnico F\u00e1bio Carille, que mesmo ap\u00f3s vit\u00f3rias recentes, voltou a ser duramente criticado por torcedores exigindo sua demiss\u00e3o. A insatisfa\u00e7\u00e3o ganha for\u00e7a diante da perspectiva de uma sequ\u00eancia dif\u00edcil de jogos longe de S\u00e3o Janu\u00e1rio.<\/p>\n\n\n\n<p>O futuro pr\u00f3ximo do Vasco promete ser desafiador. A equipe encara o Flamengo no Maracan\u00e3, seguido de partidas contra Cruzeiro no Mineir\u00e3o e Palmeiras no Man\u00e9 Garrincha. A continuidade de Carille no comando t\u00e9cnico e a resposta do elenco ser\u00e3o cruciais para determinar os rumos do time no campeonato. A crise interna e os maus resultados refor\u00e7am o clima de instabilidade que assombra o clube carioca.<\/p>\n\n\n\n<h2 class=\"wp-block-heading\" id=\"h-classico-em-sao-januario\">Cl\u00e1ssico em S\u00e3o Janu\u00e1rio<\/h2>\n\n\n\n<p>A Justi\u00e7a do Rio de Janeiro proibiu o Vasco de mandar o cl\u00e1ssico contra o Flamengo em S\u00e3o Janu\u00e1rio, mesmo ap\u00f3s a confirma\u00e7\u00e3o pr\u00e9via da realiza\u00e7\u00e3o do jogo no Maracan\u00e3. A decis\u00e3o foi tomada pela 9\u00aa C\u00e2mara de Direito P\u00fablico do TJRJ, que atendeu ao pedido da PGE-RJ. A desembargadora Maria Cristina de Brito e Lima restabeleceu a validade do laudo do BEPE (Batalh\u00e3o Especializado de Policiamento em Est\u00e1dios), que apontou falhas de seguran\u00e7a como justificativa para a medida<strong><a href=\"https:\/\/www.gaveanews.com\/index.php\/2025\/04\/18\/justica-toma-atitude-contra-o-vasco\/\"> (leia a mat\u00e9ria completa).<\/a><\/strong><\/p>\n\n\n\n<figure class=\"wp-block-image size-large\"><img loading=\"lazy\" decoding=\"async\" width=\"1024\" height=\"683\" src=\"http:\/\/www.gaveanews.com\/wp-content\/uploads\/Camisa-do-Vasco-da-Gama-1024x683.webp\" alt=\"\" class=\"wp-image-147443\" srcset=\"https:\/\/www.gaveanews.com\/wp-content\/uploads\/Camisa-do-Vasco-da-Gama-1024x683.webp 1024w, https:\/\/www.gaveanews.com\/wp-content\/uploads\/Camisa-do-Vasco-da-Gama-300x200.webp 300w, https:\/\/www.gaveanews.com\/wp-content\/uploads\/Camisa-do-Vasco-da-Gama-768x512.webp 768w, https:\/\/www.gaveanews.com\/wp-content\/uploads\/Camisa-do-Vasco-da-Gama-630x420.webp 630w, https:\/\/www.gaveanews.com\/wp-content\/uploads\/Camisa-do-Vasco-da-Gama-1260x840.webp 1260w, https:\/\/www.gaveanews.com\/wp-content\/uploads\/Camisa-do-Vasco-da-Gama-640x427.webp 640w, https:\/\/www.gaveanews.com\/wp-content\/uploads\/Camisa-do-Vasco-da-Gama-1280x853.webp 1280w, https:\/\/www.gaveanews.com\/wp-content\/uploads\/Camisa-do-Vasco-da-Gama-681x454.webp 681w, https:\/\/www.gaveanews.com\/wp-content\/uploads\/Camisa-do-Vasco-da-Gama-1362x908.webp 1362w, https:\/\/www.gaveanews.com\/wp-content\/uploads\/Camisa-do-Vasco-da-Gama-100x67.webp 100w, https:\/\/www.gaveanews.com\/wp-content\/uploads\/Camisa-do-Vasco-da-Gama.webp 1440w\" sizes=\"auto, (max-width: 1024px) 100vw, 1024px\" \/><figcaption class=\"wp-element-caption\">Camisa do Vasco da Gama (Foto: Reprodu\u00e7\u00e3o\/Instagram)<\/figcaption><\/figure>\n\n\n\n<p>Segundo o Procurador-Assistente Pedro Assump\u00e7\u00e3o, a liminar anterior foi considerada ilegal por n\u00e3o permitir o contradit\u00f3rio e por desrespeitar a an\u00e1lise t\u00e9cnica do BEPE. A decis\u00e3o refor\u00e7a a import\u00e2ncia de crit\u00e9rios t\u00e9cnicos e seguran\u00e7a p\u00fablica na autoriza\u00e7\u00e3o de eventos esportivos em est\u00e1dios. A principal preocupa\u00e7\u00e3o recai sobre os arredores e as estruturas internas de S\u00e3o Janu\u00e1rio, considerados inadequados para receber partidas de grande porte, como os cl\u00e1ssicos estaduais.<\/p>\n\n\n\n<p>Apesar da resist\u00eancia do presidente Pedrinho, que desejava usar o est\u00e1dio hist\u00f3rico mesmo em confrontos contra rivais, o clube firmou acordo para jogar as partidas contra Flamengo e Fluminense no Maracan\u00e3 nas pr\u00f3ximas duas temporadas. A medida, embora pol\u00eamica, visa garantir a integridade dos torcedores e evitar novos impasses jur\u00eddicos. Com isso, o Vasco continuar\u00e1 atuando em S\u00e3o Janu\u00e1rio em jogos de menor apelo e utilizar\u00e1 o Maracan\u00e3 para confrontos de maior exig\u00eancia log\u00edstica e seguran\u00e7a.<\/p>\n\n\n\n<h2 class=\"wp-block-heading\" id=\"h-contrato-de-payet\">Contrato de Payet<\/h2>\n\n\n\n<p>O contrato de Dimitri Payet com o Vasco da Gama, oficialmente registrado na CBF at\u00e9 5 de maio de 2025, na pr\u00e1tica se estende at\u00e9 o fim de julho devido a um acordo extra firmado entre clube e jogador. A extens\u00e3o informal foi necess\u00e1ria por causa de quest\u00f5es burocr\u00e1ticas com o passaporte do meia franc\u00eas no momento da assinatura, em 2023. Apesar da validade estendida, a diretoria vasca\u00edna n\u00e3o demonstra interesse em uma renova\u00e7\u00e3o al\u00e9m desse prazo <strong><a href=\"https:\/\/www.gaveanews.com\/index.php\/2025\/04\/18\/veja-quando-acaba-o-contrato-de-payet-com-o-vasco\/\">(leia a mat\u00e9ria completa).<\/a><\/strong><\/p>\n\n\n\n<figure class=\"wp-block-image size-full\"><img loading=\"lazy\" decoding=\"async\" width=\"984\" height=\"656\" src=\"http:\/\/www.gaveanews.com\/wp-content\/uploads\/agif23100200212796-1-.webp\" alt=\"\" class=\"wp-image-124623\" srcset=\"https:\/\/www.gaveanews.com\/wp-content\/uploads\/agif23100200212796-1-.webp 984w, https:\/\/www.gaveanews.com\/wp-content\/uploads\/agif23100200212796-1--300x200.webp 300w, https:\/\/www.gaveanews.com\/wp-content\/uploads\/agif23100200212796-1--768x512.webp 768w, https:\/\/www.gaveanews.com\/wp-content\/uploads\/agif23100200212796-1--630x420.webp 630w, https:\/\/www.gaveanews.com\/wp-content\/uploads\/agif23100200212796-1--640x427.webp 640w, https:\/\/www.gaveanews.com\/wp-content\/uploads\/agif23100200212796-1--681x454.webp 681w, https:\/\/www.gaveanews.com\/wp-content\/uploads\/agif23100200212796-1--100x67.webp 100w\" sizes=\"auto, (max-width: 984px) 100vw, 984px\" \/><figcaption class=\"wp-element-caption\">Payet em a\u00e7\u00e3o pelo Vasco (Foto: Abner Dourado\/AGIF)<\/figcaption><\/figure>\n\n\n\n<p>Tentativas de prolongar o v\u00ednculo esbarraram na proposta de dilui\u00e7\u00e3o salarial, que n\u00e3o avan\u00e7ou. Com isso, o clube j\u00e1 considera substitui\u00e7\u00f5es para a posi\u00e7\u00e3o, contando atualmente com Philippe Coutinho, Alex Teixeira e o lesionado Estrella. A reabertura da janela de transfer\u00eancias, entre 10 de julho e 2 de setembro, \u00e9 vista como o per\u00edodo ideal para buscar refor\u00e7os, caso necess\u00e1rio. Payet, contratado em agosto de 2023, soma 75 partidas, sete gols e 13 assist\u00eancias, mas perdeu espa\u00e7o ao longo da temporada passada.<\/p>\n\n\n\n<p>O fim do ciclo do jogador no Vasco \u00e9 ainda marcado por uma pol\u00eamica extrajudicial. Payet est\u00e1 sendo investigado por acusa\u00e7\u00f5es de viol\u00eancia f\u00edsica, moral, psicol\u00f3gica e sexual feitas por Larissa Natalya Ferrari, com quem teria mantido um relacionamento extraconjugal. A advogada solicitou uma medida protetiva, lan\u00e7ando sombras sobre a reta final de sua trajet\u00f3ria no futebol brasileiro. A diretoria do clube trata o caso com discri\u00e7\u00e3o, enquanto avalia os pr\u00f3ximos passos no mercado.<\/p>\n","protected":false},"excerpt":{"rendered":"<p>Nas \u00faltimas horas, o foco das not\u00edcias sobre o Vasco se concentram nos bastidores do clube, com destaques do dia a dia do time. Por conta deste contexto, leia abaixo um resumo preparado pela equipe do portal G\u00e1vea News para lhe manter muito bem informado! Desabafo do Vegetti Pablo Vegetti, atacante do Vasco da Gama, [&hellip;]<\/p>\n","protected":false},"author":33,"featured_media":152090,"comment_status":"open","ping_status":"closed","sticky":false,"template":"","format":"standard","meta":{"footnotes":""},"categories":[152],"tags":[],"class_list":["post-257212","post","type-post","status-publish","format-standard","has-post-thumbnail","hentry","category-vasco"],"yoast_head":"<!-- This site is optimized with the Yoast SEO Premium plugin v24.2 (Yoast SEO v26.9) - https:\/\/yoast.com\/product\/yoast-seo-premium-wordpress\/ -->\n<title>Contrato de Payet, cl\u00e1ssico em S\u00e3o Janu\u00e1rio e desabafo do Vegetti: as \u00faltimas not\u00edcias do Vasco<\/title>\n<meta name=\"robots\" content=\"index, follow, max-snippet:-1, max-image-preview:large, max-video-preview:-1\" \/>\n<link rel=\"canonical\" href=\"https:\/\/www.gaveanews.com\/index.php\/2025\/04\/24\/contrato-de-payet-classico-em-sao-januario-e-desabafo-do-vegetti-as-ultimas-noticias-do-vasco\/\" \/>\n<meta property=\"og:locale\" content=\"pt_BR\" \/>\n<meta property=\"og:type\" content=\"article\" \/>\n<meta property=\"og:title\" content=\"Contrato de Payet, cl\u00e1ssico em S\u00e3o Janu\u00e1rio e desabafo do Vegetti: as \u00faltimas not\u00edcias do Vasco\" \/>\n<meta property=\"og:description\" content=\"Nas \u00faltimas horas, o foco das not\u00edcias sobre o Vasco se concentram nos bastidores do clube, com destaques do dia a dia do time. Por conta deste contexto, leia abaixo um resumo preparado pela equipe do portal G\u00e1vea News para lhe manter muito bem informado! Desabafo do Vegetti Pablo Vegetti, atacante do Vasco da Gama, [&hellip;]\" \/>\n<meta property=\"og:url\" content=\"https:\/\/www.gaveanews.com\/index.php\/2025\/04\/24\/contrato-de-payet-classico-em-sao-januario-e-desabafo-do-vegetti-as-ultimas-noticias-do-vasco\/\" \/>\n<meta property=\"og:site_name\" content=\"G\u00e1vea News\" \/>\n<meta property=\"article:publisher\" content=\"https:\/\/facebook.com\/gaveaNews\/\" \/>\n<meta property=\"article:published_time\" content=\"2025-04-24T21:10:00+00:00\" \/>\n<meta property=\"og:image\" content=\"https:\/\/www.gaveanews.com\/wp-content\/uploads\/Bandeira-do-Vasco-da-Gama.webp\" \/>\n\t<meta property=\"og:image:width\" content=\"1159\" \/>\n\t<meta property=\"og:image:height\" content=\"772\" \/>\n\t<meta property=\"og:image:type\" content=\"image\/webp\" \/>\n<meta name=\"author\" content=\"Brenda Cezillo\" \/>\n<meta name=\"twitter:card\" content=\"summary_large_image\" \/>\n<meta name=\"twitter:label1\" content=\"Escrito por\" \/>\n\t<meta name=\"twitter:data1\" content=\"Brenda Cezillo\" \/>\n\t<meta name=\"twitter:label2\" content=\"Est. tempo de leitura\" \/>\n\t<meta name=\"twitter:data2\" content=\"6 minutos\" \/>\n<script type=\"application\/ld+json\" class=\"yoast-schema-graph\">{\"@context\":\"https:\/\/schema.org\",\"@graph\":[{\"@type\":\"NewsArticle\",\"@id\":\"https:\/\/www.gaveanews.com\/index.php\/2025\/04\/24\/contrato-de-payet-classico-em-sao-januario-e-desabafo-do-vegetti-as-ultimas-noticias-do-vasco\/#article\",\"isPartOf\":{\"@id\":\"https:\/\/www.gaveanews.com\/index.php\/2025\/04\/24\/contrato-de-payet-classico-em-sao-januario-e-desabafo-do-vegetti-as-ultimas-noticias-do-vasco\/\"},\"author\":{\"name\":\"Brenda Cezillo\",\"@id\":\"https:\/\/www.gaveanews.com\/#\/schema\/person\/c79759ca337c40791ae8d08e2923d403\"},\"headline\":\"Contrato de Payet, cl\u00e1ssico em S\u00e3o Janu\u00e1rio e desabafo do Vegetti: as \u00faltimas not\u00edcias do Vasco\",\"datePublished\":\"2025-04-24T21:10:00+00:00\",\"mainEntityOfPage\":{\"@id\":\"https:\/\/www.gaveanews.com\/index.php\/2025\/04\/24\/contrato-de-payet-classico-em-sao-januario-e-desabafo-do-vegetti-as-ultimas-noticias-do-vasco\/\"},\"wordCount\":898,\"commentCount\":0,\"image\":{\"@id\":\"https:\/\/www.gaveanews.com\/index.php\/2025\/04\/24\/contrato-de-payet-classico-em-sao-januario-e-desabafo-do-vegetti-as-ultimas-noticias-do-vasco\/#primaryimage\"},\"thumbnailUrl\":\"https:\/\/www.gaveanews.com\/wp-content\/uploads\/Bandeira-do-Vasco-da-Gama.webp\",\"articleSection\":[\"Vasco\"],\"inLanguage\":\"pt-BR\",\"potentialAction\":[{\"@type\":\"CommentAction\",\"name\":\"Comment\",\"target\":[\"https:\/\/www.gaveanews.com\/index.php\/2025\/04\/24\/contrato-de-payet-classico-em-sao-januario-e-desabafo-do-vegetti-as-ultimas-noticias-do-vasco\/#respond\"]}],\"copyrightYear\":\"2025\",\"copyrightHolder\":{\"@id\":\"https:\/\/www.gaveanews.com\/#organization\"}},{\"@type\":\"WebPage\",\"@id\":\"https:\/\/www.gaveanews.com\/index.php\/2025\/04\/24\/contrato-de-payet-classico-em-sao-januario-e-desabafo-do-vegetti-as-ultimas-noticias-do-vasco\/\",\"url\":\"https:\/\/www.gaveanews.com\/index.php\/2025\/04\/24\/contrato-de-payet-classico-em-sao-januario-e-desabafo-do-vegetti-as-ultimas-noticias-do-vasco\/\",\"name\":\"Contrato de Payet, cl\u00e1ssico em S\u00e3o Janu\u00e1rio e desabafo do Vegetti: as \u00faltimas not\u00edcias do Vasco\",\"isPartOf\":{\"@id\":\"https:\/\/www.gaveanews.com\/#website\"},\"primaryImageOfPage\":{\"@id\":\"https:\/\/www.gaveanews.com\/index.php\/2025\/04\/24\/contrato-de-payet-classico-em-sao-januario-e-desabafo-do-vegetti-as-ultimas-noticias-do-vasco\/#primaryimage\"},\"image\":{\"@id\":\"https:\/\/www.gaveanews.com\/index.php\/2025\/04\/24\/contrato-de-payet-classico-em-sao-januario-e-desabafo-do-vegetti-as-ultimas-noticias-do-vasco\/#primaryimage\"},\"thumbnailUrl\":\"https:\/\/www.gaveanews.com\/wp-content\/uploads\/Bandeira-do-Vasco-da-Gama.webp\",\"datePublished\":\"2025-04-24T21:10:00+00:00\",\"author\":{\"@id\":\"https:\/\/www.gaveanews.com\/#\/schema\/person\/c79759ca337c40791ae8d08e2923d403\"},\"breadcrumb\":{\"@id\":\"https:\/\/www.gaveanews.com\/index.php\/2025\/04\/24\/contrato-de-payet-classico-em-sao-januario-e-desabafo-do-vegetti-as-ultimas-noticias-do-vasco\/#breadcrumb\"},\"inLanguage\":\"pt-BR\",\"potentialAction\":[{\"@type\":\"ReadAction\",\"target\":[\"https:\/\/www.gaveanews.com\/index.php\/2025\/04\/24\/contrato-de-payet-classico-em-sao-januario-e-desabafo-do-vegetti-as-ultimas-noticias-do-vasco\/\"]}]},{\"@type\":\"ImageObject\",\"inLanguage\":\"pt-BR\",\"@id\":\"https:\/\/www.gaveanews.com\/index.php\/2025\/04\/24\/contrato-de-payet-classico-em-sao-januario-e-desabafo-do-vegetti-as-ultimas-noticias-do-vasco\/#primaryimage\",\"url\":\"https:\/\/www.gaveanews.com\/wp-content\/uploads\/Bandeira-do-Vasco-da-Gama.webp\",\"contentUrl\":\"https:\/\/www.gaveanews.com\/wp-content\/uploads\/Bandeira-do-Vasco-da-Gama.webp\",\"width\":1159,\"height\":772,\"caption\":\"Bandeira do Vasco da Gama (Foto: Reprodu\u00e7\u00e3o\/Vasco)\"},{\"@type\":\"BreadcrumbList\",\"@id\":\"https:\/\/www.gaveanews.com\/index.php\/2025\/04\/24\/contrato-de-payet-classico-em-sao-januario-e-desabafo-do-vegetti-as-ultimas-noticias-do-vasco\/#breadcrumb\",\"itemListElement\":[{\"@type\":\"ListItem\",\"position\":1,\"name\":\"Home\",\"item\":\"https:\/\/www.gaveanews.com\/\"},{\"@type\":\"ListItem\",\"position\":2,\"name\":\"Contrato de Payet, cl\u00e1ssico em S\u00e3o Janu\u00e1rio e desabafo do Vegetti: as \u00faltimas not\u00edcias do Vasco\"}]},{\"@type\":\"WebSite\",\"@id\":\"https:\/\/www.gaveanews.com\/#website\",\"url\":\"https:\/\/www.gaveanews.com\/\",\"name\":\"G\u00e1vea News\",\"description\":\"Veja todas as not\u00edcias sobre o Flamengo: Contrata\u00e7\u00f5es, categorias de base, resultados das partidas, tabela de classifica\u00e7\u00e3o, pr\u00f3ximos jogos!\",\"potentialAction\":[{\"@type\":\"SearchAction\",\"target\":{\"@type\":\"EntryPoint\",\"urlTemplate\":\"https:\/\/www.gaveanews.com\/?s={search_term_string}\"},\"query-input\":{\"@type\":\"PropertyValueSpecification\",\"valueRequired\":true,\"valueName\":\"search_term_string\"}}],\"inLanguage\":\"pt-BR\"},{\"@type\":\"Person\",\"@id\":\"https:\/\/www.gaveanews.com\/#\/schema\/person\/c79759ca337c40791ae8d08e2923d403\",\"name\":\"Brenda Cezillo\",\"image\":{\"@type\":\"ImageObject\",\"inLanguage\":\"pt-BR\",\"@id\":\"https:\/\/www.gaveanews.com\/#\/schema\/person\/image\/\",\"url\":\"https:\/\/secure.gravatar.com\/avatar\/1738d75cee7317f9c29ae61dd67620c5883d80a92e42a6fff88ae5d527af217a?s=96&d=mm&r=g\",\"contentUrl\":\"https:\/\/secure.gravatar.com\/avatar\/1738d75cee7317f9c29ae61dd67620c5883d80a92e42a6fff88ae5d527af217a?s=96&d=mm&r=g\",\"caption\":\"Brenda Cezillo\"}}]}<\/script>\n<!-- \/ Yoast SEO Premium plugin. -->","yoast_head_json":{"title":"Contrato de Payet, cl\u00e1ssico em S\u00e3o Janu\u00e1rio e desabafo do Vegetti: as \u00faltimas not\u00edcias do Vasco","robots":{"index":"index","follow":"follow","max-snippet":"max-snippet:-1","max-image-preview":"max-image-preview:large","max-video-preview":"max-video-preview:-1"},"canonical":"https:\/\/www.gaveanews.com\/index.php\/2025\/04\/24\/contrato-de-payet-classico-em-sao-januario-e-desabafo-do-vegetti-as-ultimas-noticias-do-vasco\/","og_locale":"pt_BR","og_type":"article","og_title":"Contrato de Payet, cl\u00e1ssico em S\u00e3o Janu\u00e1rio e desabafo do Vegetti: as \u00faltimas not\u00edcias do Vasco","og_description":"Nas \u00faltimas horas, o foco das not\u00edcias sobre o Vasco se concentram nos bastidores do clube, com destaques do dia a dia do time. Por conta deste contexto, leia abaixo um resumo preparado pela equipe do portal G\u00e1vea News para lhe manter muito bem informado! Desabafo do Vegetti Pablo Vegetti, atacante do Vasco da Gama, [&hellip;]","og_url":"https:\/\/www.gaveanews.com\/index.php\/2025\/04\/24\/contrato-de-payet-classico-em-sao-januario-e-desabafo-do-vegetti-as-ultimas-noticias-do-vasco\/","og_site_name":"G\u00e1vea News","article_publisher":"https:\/\/facebook.com\/gaveaNews\/","article_published_time":"2025-04-24T21:10:00+00:00","og_image":[{"width":1159,"height":772,"url":"https:\/\/www.gaveanews.com\/wp-content\/uploads\/Bandeira-do-Vasco-da-Gama.webp","type":"image\/webp"}],"author":"Brenda Cezillo","twitter_card":"summary_large_image","twitter_misc":{"Escrito por":"Brenda Cezillo","Est. tempo de leitura":"6 minutos"},"schema":{"@context":"https:\/\/schema.org","@graph":[{"@type":"NewsArticle","@id":"https:\/\/www.gaveanews.com\/index.php\/2025\/04\/24\/contrato-de-payet-classico-em-sao-januario-e-desabafo-do-vegetti-as-ultimas-noticias-do-vasco\/#article","isPartOf":{"@id":"https:\/\/www.gaveanews.com\/index.php\/2025\/04\/24\/contrato-de-payet-classico-em-sao-januario-e-desabafo-do-vegetti-as-ultimas-noticias-do-vasco\/"},"author":{"name":"Brenda Cezillo","@id":"https:\/\/www.gaveanews.com\/#\/schema\/person\/c79759ca337c40791ae8d08e2923d403"},"headline":"Contrato de Payet, cl\u00e1ssico em S\u00e3o Janu\u00e1rio e desabafo do Vegetti: as \u00faltimas not\u00edcias do Vasco","datePublished":"2025-04-24T21:10:00+00:00","mainEntityOfPage":{"@id":"https:\/\/www.gaveanews.com\/index.php\/2025\/04\/24\/contrato-de-payet-classico-em-sao-januario-e-desabafo-do-vegetti-as-ultimas-noticias-do-vasco\/"},"wordCount":898,"commentCount":0,"image":{"@id":"https:\/\/www.gaveanews.com\/index.php\/2025\/04\/24\/contrato-de-payet-classico-em-sao-januario-e-desabafo-do-vegetti-as-ultimas-noticias-do-vasco\/#primaryimage"},"thumbnailUrl":"https:\/\/www.gaveanews.com\/wp-content\/uploads\/Bandeira-do-Vasco-da-Gama.webp","articleSection":["Vasco"],"inLanguage":"pt-BR","potentialAction":[{"@type":"CommentAction","name":"Comment","target":["https:\/\/www.gaveanews.com\/index.php\/2025\/04\/24\/contrato-de-payet-classico-em-sao-januario-e-desabafo-do-vegetti-as-ultimas-noticias-do-vasco\/#respond"]}],"copyrightYear":"2025","copyrightHolder":{"@id":"https:\/\/www.gaveanews.com\/#organization"}},{"@type":"WebPage","@id":"https:\/\/www.gaveanews.com\/index.php\/2025\/04\/24\/contrato-de-payet-classico-em-sao-januario-e-desabafo-do-vegetti-as-ultimas-noticias-do-vasco\/","url":"https:\/\/www.gaveanews.com\/index.php\/2025\/04\/24\/contrato-de-payet-classico-em-sao-januario-e-desabafo-do-vegetti-as-ultimas-noticias-do-vasco\/","name":"Contrato de Payet, cl\u00e1ssico em S\u00e3o Janu\u00e1rio e desabafo do Vegetti: as \u00faltimas not\u00edcias do Vasco","isPartOf":{"@id":"https:\/\/www.gaveanews.com\/#website"},"primaryImageOfPage":{"@id":"https:\/\/www.gaveanews.com\/index.php\/2025\/04\/24\/contrato-de-payet-classico-em-sao-januario-e-desabafo-do-vegetti-as-ultimas-noticias-do-vasco\/#primaryimage"},"image":{"@id":"https:\/\/www.gaveanews.com\/index.php\/2025\/04\/24\/contrato-de-payet-classico-em-sao-januario-e-desabafo-do-vegetti-as-ultimas-noticias-do-vasco\/#primaryimage"},"thumbnailUrl":"https:\/\/www.gaveanews.com\/wp-content\/uploads\/Bandeira-do-Vasco-da-Gama.webp","datePublished":"2025-04-24T21:10:00+00:00","author":{"@id":"https:\/\/www.gaveanews.com\/#\/schema\/person\/c79759ca337c40791ae8d08e2923d403"},"breadcrumb":{"@id":"https:\/\/www.gaveanews.com\/index.php\/2025\/04\/24\/contrato-de-payet-classico-em-sao-januario-e-desabafo-do-vegetti-as-ultimas-noticias-do-vasco\/#breadcrumb"},"inLanguage":"pt-BR","potentialAction":[{"@type":"ReadAction","target":["https:\/\/www.gaveanews.com\/index.php\/2025\/04\/24\/contrato-de-payet-classico-em-sao-januario-e-desabafo-do-vegetti-as-ultimas-noticias-do-vasco\/"]}]},{"@type":"ImageObject","inLanguage":"pt-BR","@id":"https:\/\/www.gaveanews.com\/index.php\/2025\/04\/24\/contrato-de-payet-classico-em-sao-januario-e-desabafo-do-vegetti-as-ultimas-noticias-do-vasco\/#primaryimage","url":"https:\/\/www.gaveanews.com\/wp-content\/uploads\/Bandeira-do-Vasco-da-Gama.webp","contentUrl":"https:\/\/www.gaveanews.com\/wp-content\/uploads\/Bandeira-do-Vasco-da-Gama.webp","width":1159,"height":772,"caption":"Bandeira do Vasco da Gama (Foto: Reprodu\u00e7\u00e3o\/Vasco)"},{"@type":"BreadcrumbList","@id":"https:\/\/www.gaveanews.com\/index.php\/2025\/04\/24\/contrato-de-payet-classico-em-sao-januario-e-desabafo-do-vegetti-as-ultimas-noticias-do-vasco\/#breadcrumb","itemListElement":[{"@type":"ListItem","position":1,"name":"Home","item":"https:\/\/www.gaveanews.com\/"},{"@type":"ListItem","position":2,"name":"Contrato de Payet, cl\u00e1ssico em S\u00e3o Janu\u00e1rio e desabafo do Vegetti: as \u00faltimas not\u00edcias do Vasco"}]},{"@type":"WebSite","@id":"https:\/\/www.gaveanews.com\/#website","url":"https:\/\/www.gaveanews.com\/","name":"G\u00e1vea News","description":"Veja todas as not\u00edcias sobre o Flamengo: Contrata\u00e7\u00f5es, categorias de base, resultados das partidas, tabela de classifica\u00e7\u00e3o, pr\u00f3ximos jogos!","potentialAction":[{"@type":"SearchAction","target":{"@type":"EntryPoint","urlTemplate":"https:\/\/www.gaveanews.com\/?s={search_term_string}"},"query-input":{"@type":"PropertyValueSpecification","valueRequired":true,"valueName":"search_term_string"}}],"inLanguage":"pt-BR"},{"@type":"Person","@id":"https:\/\/www.gaveanews.com\/#\/schema\/person\/c79759ca337c40791ae8d08e2923d403","name":"Brenda Cezillo","image":{"@type":"ImageObject","inLanguage":"pt-BR","@id":"https:\/\/www.gaveanews.com\/#\/schema\/person\/image\/","url":"https:\/\/secure.gravatar.com\/avatar\/1738d75cee7317f9c29ae61dd67620c5883d80a92e42a6fff88ae5d527af217a?s=96&d=mm&r=g","contentUrl":"https:\/\/secure.gravatar.com\/avatar\/1738d75cee7317f9c29ae61dd67620c5883d80a92e42a6fff88ae5d527af217a?s=96&d=mm&r=g","caption":"Brenda Cezillo"}}]}},"_links":{"self":[{"href":"https:\/\/www.gaveanews.com\/index.php\/wp-json\/wp\/v2\/posts\/257212","targetHints":{"allow":["GET"]}}],"collection":[{"href":"https:\/\/www.gaveanews.com\/index.php\/wp-json\/wp\/v2\/posts"}],"about":[{"href":"https:\/\/www.gaveanews.com\/index.php\/wp-json\/wp\/v2\/types\/post"}],"author":[{"embeddable":true,"href":"https:\/\/www.gaveanews.com\/index.php\/wp-json\/wp\/v2\/users\/33"}],"replies":[{"embeddable":true,"href":"https:\/\/www.gaveanews.com\/index.php\/wp-json\/wp\/v2\/comments?post=257212"}],"version-history":[{"count":1,"href":"https:\/\/www.gaveanews.com\/index.php\/wp-json\/wp\/v2\/posts\/257212\/revisions"}],"predecessor-version":[{"id":257216,"href":"https:\/\/www.gaveanews.com\/index.php\/wp-json\/wp\/v2\/posts\/257212\/revisions\/257216"}],"wp:featuredmedia":[{"embeddable":true,"href":"https:\/\/www.gaveanews.com\/index.php\/wp-json\/wp\/v2\/media\/152090"}],"wp:attachment":[{"href":"https:\/\/www.gaveanews.com\/index.php\/wp-json\/wp\/v2\/media?parent=257212"}],"wp:term":[{"taxonomy":"category","embeddable":true,"href":"https:\/\/www.gaveanews.com\/index.php\/wp-json\/wp\/v2\/categories?post=257212"},{"taxonomy":"post_tag","embeddable":true,"href":"https:\/\/www.gaveanews.com\/index.php\/wp-json\/wp\/v2\/tags?post=257212"}],"curies":[{"name":"wp","href":"https:\/\/api.w.org\/{rel}","templated":true}]}}